{"id":17554,"date":"2009-04-12T00:10:04","date_gmt":"2009-04-11T22:10:04","guid":{"rendered":"http:\/\/www.visit-ulcinj.com\/blog\/?p=17554"},"modified":"2009-04-12T00:10:04","modified_gmt":"2009-04-11T22:10:04","slug":"koha-javore-per-shqiptaret-eshte-shume-me-teper-se-pobjeda-per-malazezet","status":"publish","type":"post","link":"https:\/\/www.visit-ulcinj.com\/blog\/2009\/04\/12\/koha-javore-per-shqiptaret-eshte-shume-me-teper-se-pobjeda-per-malazezet\/","title":{"rendered":"KOHA JAVORE p\u00ebr shqiptar\u00ebt \u00ebsht\u00eb shum\u00eb m\u00eb tep\u00ebr se POBJEDA p\u00ebr malazez\u00ebt!"},"content":{"rendered":"<p><strong><a href=\"http:\/\/www.visit-ulcinj.com\/blog\/wp-content\/uploads\/2009\/04\/koha-javore_bardhi.jpg\"><img loading=\"lazy\" class=\"alignleft size-full wp-image-17559\" title=\"koha-javore_bardhi\" src=\"http:\/\/www.visit-ulcinj.com\/blog\/wp-content\/uploads\/2009\/04\/koha-javore_bardhi.jpg\" alt=\"koha-javore_bardhi\" width=\"570\" height=\"350\" \/><\/a>KOH\u00cbN JAVORE\u00a0 s\u2019guxon askush ta shuaj\u00eb!<br \/>\nReagim<br \/>\nMehmet Bardhi<\/strong><br \/>\nKur k\u00ebto dit\u00eb, pik\u00ebrisht m\u00eb 4 prill 2009,\u00a0 e gjith\u00eb bota shqiptare\u00a0 po feston an\u00ebtar\u00ebsimin e Shqip\u00ebris\u00eb n\u00eb Aleanc\u00ebn e Veri-Atlantikut, nga redaksia e t\u00eb vetm\u00ebs gazet\u00eb n\u00eb gjuh\u00ebn shqipe n\u00eb MZ, KOHA JAVORE, nga redaktori i saj p\u00ebrgjegj\u00ebs z. Ali Salaj, mor\u00ebm lajmin se qeverisja malazeze (p\u00ebr t\u00eb sat\u00ebn her\u00eb me radh\u00eb n\u00eb k\u00ebsi rastesh) po na p\u00ebrgatit\u00eb p\u00ebrs\u00ebri nj\u00eb befasi\u00a0 \u201ct\u00eb k\u00ebndshme\u201d, shuarjen e t\u00eb vetm\u00ebs gazet\u00eb n\u00eb gjuh\u00ebn shqipe\u00a0 KOH\u00cbS JAVORE!?<br \/>\n\u201cSi\u00a0 pasoj\u00eb e d\u00ebshtimit t\u00eb tenderit p\u00ebr privatizim t\u00eb SHAGBG \u201cPobjeda\u201d dhe p\u00ebr shkak t\u00eb kriz\u00ebs financiare me t\u00eb cil\u00ebn po ballafaqohet kjo kompani, n\u00eb baz\u00eb t\u00eb propozimeve t\u00eb dala nga Qeveria e Malit t\u00eb Zi (Ministria p\u00ebr Financa)\u00a0 mbi masat e kursimit dhe racionalizimit,\u00a0 nd\u00ebrpriten ose reduktohen botimet suplemente\u00a0 (disa shtojca\u00a0 dhe revista \u201cPorodicni magazin\u201d). Ky reduktim e p\u00ebrfshiu edhe gazet\u00ebn e vetme n\u00eb gjuh\u00ebn shqipe \u201cKoha javore\u201d, e cila n\u00eb t\u00eb ardhm\u00ebn do t\u00eb botohen nj\u00eb her\u00eb n\u00eb jav\u00eb n\u00eb form\u00eb shtojce prej 4 faqesh n\u00eb t\u00eb p\u00ebrditshm\u00ebn \u201cPobjeda\u201d&#8230;\u201d, thuhet n\u00eb shkres\u00eb.<br \/>\nLajmi \u00ebsht\u00eb i qart\u00eb Qeveria \u2013 Ministria e Finansave\u00a0 \u201ckursimin e racionalizimin\u201d n\u00eb k\u00ebt\u00eb kriz\u00eb finasiare (vall\u00eb a vet\u00ebm finasiare!?) planifikon ta filloj\u00eb e ta b\u00ebj\u00eb me shqiptar\u00ebt, me t\u00eb vetm\u00ebn javore n\u00eb gjuh\u00ebn shqipe!? Ky \u00ebsht\u00eb vendimi i\u00a0 atyre q\u00eb sa her\u00eb q\u00eb e do puna p\u00ebr interesa e poena politik\u00eb, para faktorit nd\u00ebrkomb\u00ebtar p\u00ebrs\u00ebrisin p\u00ebrmend\u00ebsh \u201c se Mali i Zi \u00ebsht\u00eb shembull i harmonis\u00eb multietnike&#8230;\u201d. Vall\u00eb k\u00ebshtu na qenka \u201charmonia multietnike&#8230;\u201d duke planifikuar reduktimin e privimin e t\u00eb drejt\u00ebs themelore &#8211; t\u00eb drejt\u00ebn e informimit n\u00eb gjuh\u00ebn amtare shqipe, po \u00e7ka q\u00eb ky veprim do t\u00eb jet\u00eb n\u00eb kund\u00ebrshtim edhe me dispozitat e Ligjin p\u00ebr t\u00eb Drejtat dhe Lirit\u00eb e Pakicave po edhe me Kushtetut\u00ebn e Malit t\u00eb Zi, madje ashtu t\u00eb cunguara e diskriminuese, kur \u00ebsht\u00eb fjala t\u00eb te drejtat e pakicave!?<br \/>\nLidhja Demokratike dhe un\u00eb si kryetar e deputet i saj dhe deputet i ardhsh\u00ebm i LIST\u00cbS SHQIPTARE, kund\u00ebrshtojm\u00eb me forc\u00eb k\u00ebt\u00eb planifikim ugurzi t\u00eb mbylljes s\u00eb goj\u00ebs s\u00eb t\u00eb vetm\u00ebs gazet\u00eb n\u00eb gjuh\u00ebn shqipe.<br \/>\nVall\u00eb, athua gjithmon\u00eb ne shqiptar\u00ebt duhet t\u00eb jemi fajtor\u00eb e humb\u00ebsit kujdestar\u00eb kur \u00ebsht\u00eb fjala \u201dp\u00ebr t\u00eb mir\u00ebn e p\u00ebrgjithshme t\u00eb Malit t\u00eb Zi!?\u201d<br \/>\nJo zonja e zot\u00ebrinj pushtetar\u00eb. Kjo k\u00ebsaj radhe nuk guxon t\u00eb ndodh\u00eb. KOHA JAVORE nuk guxon t\u00eb shuhet as t\u00eb reduktohet e t\u00eb b\u00ebhet n\u00ebnflet\u00eb e POBJED\u00cbS.\u00a0 Dalja e saj n\u00eb drit\u00eb me vendim t\u00eb Kuvendit t\u00eb MZ, me pjes\u00ebmarrje e me nj\u00eb pajtim t\u00eb plot\u00eb t\u00eb pozit\u00ebs dhe opozit\u00ebs parlamentare, pas k\u00ebrkes\u00ebs k\u00ebmb\u00ebngul\u00ebse t\u00eb LD-s\u00eb e timin si deputet, ndihm\u00ebsekretarit p\u00ebr informata t\u00eb MZ-s\u00eb, z. Nikoll\u00eb Camaj, e p\u00eblqimit, pjes\u00ebmarrjes dhe p\u00ebrkrahjes s\u00eb plot\u00eb t\u00eb sekretarit D. Jarediq e kryetarit t\u00eb parlamentit S. Maroviq, m\u00eb 20 qershor 1999, \u00ebsht\u00eb nj\u00eb e drejt\u00eb e arritur, q\u00eb pushteti n\u00eb em\u00ebr t\u00eb asnj\u00eb shkaku as arsyeje\u00a0 nuk mund ta v\u00ebj\u00eb n\u00eb pik\u00ebpyetje jet\u00ebn e saj.<br \/>\nPrandaj Lidhja Demokratike n\u00eb Mal t\u00eb Zi\u00a0 dhe un\u00eb si deputet do t\u00eb vem\u00eb n\u00eb dispozicion gjith\u00eb qenj\u00ebn e dijen ton\u00eb, ashtu si\u00e7 e vum\u00eb p\u00ebr ta formuar, tash\u00a0 mos ta lejojm\u00eb q\u00eb ta shuajn\u00eb.<br \/>\nFtoj opinionin demokratik e p\u00ebrparimtar, subjektet politike e t\u00eb tjer\u00eb organizma q\u00eb kultivojn\u00eb demokracin\u00eb q\u00eb ta ngrisin z\u00ebrin kund\u00ebr k\u00ebtij plani asimilues.<br \/>\n<strong>Ulqin, m\u00eb 07 prill 2009<\/p>\n<p><a href=\"http:\/\/www.malesia.org\/index.php?news=3360\">MALESIA.ORG<\/a><\/strong><\/p>\n","protected":false},"excerpt":{"rendered":"<p>KOH\u00cbN JAVORE\u00a0 s\u2019guxon askush ta shuaj\u00eb! Reagim Mehmet Bardhi Kur k\u00ebto dit\u00eb, pik\u00ebrisht m\u00eb 4 prill 2009,\u00a0 e gjith\u00eb bota shqiptare\u00a0 po feston an\u00ebtar\u00ebsimin e Shqip\u00ebris\u00eb n\u00eb Aleanc\u00ebn e Veri-Atlantikut, nga redaksia e t\u00eb vetm\u00ebs gazet\u00eb n\u00eb gjuh\u00ebn shqipe n\u00eb MZ, KOHA JAVORE, nga redaktori i saj p\u00ebrgjegj\u00ebs z. Ali Salaj, mor\u00ebm lajmin se qeverisja [&hellip;]<\/p>\n","protected":false},"author":1,"featured_media":0,"comment_status":"open","ping_status":"closed","sticky":false,"template":"","format":"standard","meta":{"spay_email":"","jetpack_publicize_message":"","jetpack_is_tweetstorm":false,"jetpack_publicize_feature_enabled":true},"categories":[11],"tags":[4995,9026,9033,687,9030,9027,9032,9031],"jetpack_publicize_connections":[],"yoast_head":"<!-- This site is optimized with the Yoast SEO plugin v19.1 - https:\/\/yoast.com\/wordpress\/plugins\/seo\/ -->\n<title>KOHA JAVORE p\u00ebr shqiptar\u00ebt \u00ebsht\u00eb shum\u00eb m\u00eb tep\u00ebr se POBJEDA p\u00ebr malazez\u00ebt! - Lajme nga Ulqini<\/title>\n<meta name=\"description\" content=\"KOH\u00cbN JAVORE\u00a0 s\u2019guxon askush ta shuaj\u00eb! Reagim Mehmet Bardhi Kur k\u00ebto dit\u00eb, pik\u00ebrisht m\u00eb 4 prill 2009,\u00a0 e gjith\u00eb bota shqiptare\u00a0 po feston an\u00ebtar\u00ebsimin e\" \/>\n<meta name=\"robots\" content=\"index, follow, max-snippet:-1, max-image-preview:large, max-video-preview:-1\" \/>\n<link rel=\"canonical\" href=\"https:\/\/www.visit-ulcinj.com\/blog\/2009\/04\/12\/koha-javore-per-shqiptaret-eshte-shume-me-teper-se-pobjeda-per-malazezet\/\" \/>\n<meta property=\"og:locale\" content=\"en_US\" \/>\n<meta property=\"og:type\" content=\"article\" \/>\n<meta property=\"og:title\" content=\"KOHA JAVORE p\u00ebr shqiptar\u00ebt \u00ebsht\u00eb shum\u00eb m\u00eb tep\u00ebr se POBJEDA p\u00ebr malazez\u00ebt! - Lajme nga Ulqini\" \/>\n<meta property=\"og:description\" content=\"KOH\u00cbN JAVORE\u00a0 s\u2019guxon askush ta shuaj\u00eb! Reagim Mehmet Bardhi Kur k\u00ebto dit\u00eb, pik\u00ebrisht m\u00eb 4 prill 2009,\u00a0 e gjith\u00eb bota shqiptare\u00a0 po feston an\u00ebtar\u00ebsimin e\" \/>\n<meta property=\"og:url\" content=\"https:\/\/www.visit-ulcinj.com\/blog\/2009\/04\/12\/koha-javore-per-shqiptaret-eshte-shume-me-teper-se-pobjeda-per-malazezet\/\" \/>\n<meta property=\"og:site_name\" content=\"Lajme nga Ulqini\" \/>\n<meta property=\"article:published_time\" content=\"2009-04-11T22:10:04+00:00\" \/>\n<meta property=\"og:image\" content=\"http:\/\/www.visit-ulcinj.com\/blog\/wp-content\/uploads\/2009\/04\/koha-javore_bardhi.jpg\" \/>\n<meta name=\"twitter:label1\" content=\"Written by\" \/>\n\t<meta name=\"twitter:data1\" content=\"ulqini\" \/>\n\t<meta name=\"twitter:label2\" content=\"Est. reading time\" \/>\n\t<meta name=\"twitter:data2\" content=\"3 minutes\" \/>\n<script type=\"application\/ld+json\" class=\"yoast-schema-graph\">{\"@context\":\"https:\/\/schema.org\",\"@graph\":[{\"@type\":\"WebSite\",\"@id\":\"https:\/\/www.visit-ulcinj.com\/blog\/#website\",\"url\":\"https:\/\/www.visit-ulcinj.com\/blog\/\",\"name\":\"Lajme nga Ulqini\",\"description\":\"Lajme,Vijesti,Ulqini,Ulqin,Crna Gora,Mali i Zi\",\"potentialAction\":[{\"@type\":\"SearchAction\",\"target\":{\"@type\":\"EntryPoint\",\"urlTemplate\":\"https:\/\/www.visit-ulcinj.com\/blog\/?s={search_term_string}\"},\"query-input\":\"required name=search_term_string\"}],\"inLanguage\":\"en-US\"},{\"@type\":\"ImageObject\",\"inLanguage\":\"en-US\",\"@id\":\"https:\/\/www.visit-ulcinj.com\/blog\/2009\/04\/12\/koha-javore-per-shqiptaret-eshte-shume-me-teper-se-pobjeda-per-malazezet\/#primaryimage\",\"url\":\"https:\/\/www.visit-ulcinj.com\/blog\/wp-content\/uploads\/2009\/04\/koha-javore_bardhi.jpg\",\"contentUrl\":\"https:\/\/www.visit-ulcinj.com\/blog\/wp-content\/uploads\/2009\/04\/koha-javore_bardhi.jpg\",\"width\":\"651\",\"height\":\"326\"},{\"@type\":\"WebPage\",\"@id\":\"https:\/\/www.visit-ulcinj.com\/blog\/2009\/04\/12\/koha-javore-per-shqiptaret-eshte-shume-me-teper-se-pobjeda-per-malazezet\/#webpage\",\"url\":\"https:\/\/www.visit-ulcinj.com\/blog\/2009\/04\/12\/koha-javore-per-shqiptaret-eshte-shume-me-teper-se-pobjeda-per-malazezet\/\",\"name\":\"KOHA JAVORE p\u00ebr shqiptar\u00ebt \u00ebsht\u00eb shum\u00eb m\u00eb tep\u00ebr se POBJEDA p\u00ebr malazez\u00ebt! - Lajme nga Ulqini\",\"isPartOf\":{\"@id\":\"https:\/\/www.visit-ulcinj.com\/blog\/#website\"},\"primaryImageOfPage\":{\"@id\":\"https:\/\/www.visit-ulcinj.com\/blog\/2009\/04\/12\/koha-javore-per-shqiptaret-eshte-shume-me-teper-se-pobjeda-per-malazezet\/#primaryimage\"},\"datePublished\":\"2009-04-11T22:10:04+00:00\",\"dateModified\":\"2009-04-11T22:10:04+00:00\",\"author\":{\"@id\":\"https:\/\/www.visit-ulcinj.com\/blog\/#\/schema\/person\/dcab619c614d3038751c63bc2aadc06d\"},\"description\":\"KOH\u00cbN JAVORE\u00a0 s\u2019guxon askush ta shuaj\u00eb! Reagim Mehmet Bardhi Kur k\u00ebto dit\u00eb, pik\u00ebrisht m\u00eb 4 prill 2009,\u00a0 e gjith\u00eb bota shqiptare\u00a0 po feston an\u00ebtar\u00ebsimin e\",\"breadcrumb\":{\"@id\":\"https:\/\/www.visit-ulcinj.com\/blog\/2009\/04\/12\/koha-javore-per-shqiptaret-eshte-shume-me-teper-se-pobjeda-per-malazezet\/#breadcrumb\"},\"inLanguage\":\"en-US\",\"potentialAction\":[{\"@type\":\"ReadAction\",\"target\":[\"https:\/\/www.visit-ulcinj.com\/blog\/2009\/04\/12\/koha-javore-per-shqiptaret-eshte-shume-me-teper-se-pobjeda-per-malazezet\/\"]}]},{\"@type\":\"BreadcrumbList\",\"@id\":\"https:\/\/www.visit-ulcinj.com\/blog\/2009\/04\/12\/koha-javore-per-shqiptaret-eshte-shume-me-teper-se-pobjeda-per-malazezet\/#breadcrumb\",\"itemListElement\":[{\"@type\":\"ListItem\",\"position\":1,\"name\":\"KOHA JAVORE p\u00ebr shqiptar\u00ebt \u00ebsht\u00eb shum\u00eb m\u00eb tep\u00ebr se POBJEDA p\u00ebr malazez\u00ebt!\"}]},{\"@type\":\"Person\",\"@id\":\"https:\/\/www.visit-ulcinj.com\/blog\/#\/schema\/person\/dcab619c614d3038751c63bc2aadc06d\",\"name\":\"ulqini\",\"sameAs\":[\"http:\/\/www.visit-ulcinj.com\"],\"url\":\"https:\/\/www.visit-ulcinj.com\/blog\/author\/admin\/\"}]}<\/script>\n<!-- \/ Yoast SEO plugin. -->","yoast_head_json":{"title":"KOHA JAVORE p\u00ebr shqiptar\u00ebt \u00ebsht\u00eb shum\u00eb m\u00eb tep\u00ebr se POBJEDA p\u00ebr malazez\u00ebt! - Lajme nga Ulqini","description":"KOH\u00cbN JAVORE\u00a0 s\u2019guxon askush ta shuaj\u00eb! Reagim Mehmet Bardhi Kur k\u00ebto dit\u00eb, pik\u00ebrisht m\u00eb 4 prill 2009,\u00a0 e gjith\u00eb bota shqiptare\u00a0 po feston an\u00ebtar\u00ebsimin e","robots":{"index":"index","follow":"follow","max-snippet":"max-snippet:-1","max-image-preview":"max-image-preview:large","max-video-preview":"max-video-preview:-1"},"canonical":"https:\/\/www.visit-ulcinj.com\/blog\/2009\/04\/12\/koha-javore-per-shqiptaret-eshte-shume-me-teper-se-pobjeda-per-malazezet\/","og_locale":"en_US","og_type":"article","og_title":"KOHA JAVORE p\u00ebr shqiptar\u00ebt \u00ebsht\u00eb shum\u00eb m\u00eb tep\u00ebr se POBJEDA p\u00ebr malazez\u00ebt! - Lajme nga Ulqini","og_description":"KOH\u00cbN JAVORE\u00a0 s\u2019guxon askush ta shuaj\u00eb! Reagim Mehmet Bardhi Kur k\u00ebto dit\u00eb, pik\u00ebrisht m\u00eb 4 prill 2009,\u00a0 e gjith\u00eb bota shqiptare\u00a0 po feston an\u00ebtar\u00ebsimin e","og_url":"https:\/\/www.visit-ulcinj.com\/blog\/2009\/04\/12\/koha-javore-per-shqiptaret-eshte-shume-me-teper-se-pobjeda-per-malazezet\/","og_site_name":"Lajme nga Ulqini","article_published_time":"2009-04-11T22:10:04+00:00","og_image":[{"url":"http:\/\/www.visit-ulcinj.com\/blog\/wp-content\/uploads\/2009\/04\/koha-javore_bardhi.jpg"}],"twitter_misc":{"Written by":"ulqini","Est. reading time":"3 minutes"},"schema":{"@context":"https:\/\/schema.org","@graph":[{"@type":"WebSite","@id":"https:\/\/www.visit-ulcinj.com\/blog\/#website","url":"https:\/\/www.visit-ulcinj.com\/blog\/","name":"Lajme nga Ulqini","description":"Lajme,Vijesti,Ulqini,Ulqin,Crna Gora,Mali i Zi","potentialAction":[{"@type":"SearchAction","target":{"@type":"EntryPoint","urlTemplate":"https:\/\/www.visit-ulcinj.com\/blog\/?s={search_term_string}"},"query-input":"required name=search_term_string"}],"inLanguage":"en-US"},{"@type":"ImageObject","inLanguage":"en-US","@id":"https:\/\/www.visit-ulcinj.com\/blog\/2009\/04\/12\/koha-javore-per-shqiptaret-eshte-shume-me-teper-se-pobjeda-per-malazezet\/#primaryimage","url":"https:\/\/www.visit-ulcinj.com\/blog\/wp-content\/uploads\/2009\/04\/koha-javore_bardhi.jpg","contentUrl":"https:\/\/www.visit-ulcinj.com\/blog\/wp-content\/uploads\/2009\/04\/koha-javore_bardhi.jpg","width":"651","height":"326"},{"@type":"WebPage","@id":"https:\/\/www.visit-ulcinj.com\/blog\/2009\/04\/12\/koha-javore-per-shqiptaret-eshte-shume-me-teper-se-pobjeda-per-malazezet\/#webpage","url":"https:\/\/www.visit-ulcinj.com\/blog\/2009\/04\/12\/koha-javore-per-shqiptaret-eshte-shume-me-teper-se-pobjeda-per-malazezet\/","name":"KOHA JAVORE p\u00ebr shqiptar\u00ebt \u00ebsht\u00eb shum\u00eb m\u00eb tep\u00ebr se POBJEDA p\u00ebr malazez\u00ebt! - Lajme nga Ulqini","isPartOf":{"@id":"https:\/\/www.visit-ulcinj.com\/blog\/#website"},"primaryImageOfPage":{"@id":"https:\/\/www.visit-ulcinj.com\/blog\/2009\/04\/12\/koha-javore-per-shqiptaret-eshte-shume-me-teper-se-pobjeda-per-malazezet\/#primaryimage"},"datePublished":"2009-04-11T22:10:04+00:00","dateModified":"2009-04-11T22:10:04+00:00","author":{"@id":"https:\/\/www.visit-ulcinj.com\/blog\/#\/schema\/person\/dcab619c614d3038751c63bc2aadc06d"},"description":"KOH\u00cbN JAVORE\u00a0 s\u2019guxon askush ta shuaj\u00eb! Reagim Mehmet Bardhi Kur k\u00ebto dit\u00eb, pik\u00ebrisht m\u00eb 4 prill 2009,\u00a0 e gjith\u00eb bota shqiptare\u00a0 po feston an\u00ebtar\u00ebsimin e","breadcrumb":{"@id":"https:\/\/www.visit-ulcinj.com\/blog\/2009\/04\/12\/koha-javore-per-shqiptaret-eshte-shume-me-teper-se-pobjeda-per-malazezet\/#breadcrumb"},"inLanguage":"en-US","potentialAction":[{"@type":"ReadAction","target":["https:\/\/www.visit-ulcinj.com\/blog\/2009\/04\/12\/koha-javore-per-shqiptaret-eshte-shume-me-teper-se-pobjeda-per-malazezet\/"]}]},{"@type":"BreadcrumbList","@id":"https:\/\/www.visit-ulcinj.com\/blog\/2009\/04\/12\/koha-javore-per-shqiptaret-eshte-shume-me-teper-se-pobjeda-per-malazezet\/#breadcrumb","itemListElement":[{"@type":"ListItem","position":1,"name":"KOHA JAVORE p\u00ebr shqiptar\u00ebt \u00ebsht\u00eb shum\u00eb m\u00eb tep\u00ebr se POBJEDA p\u00ebr malazez\u00ebt!"}]},{"@type":"Person","@id":"https:\/\/www.visit-ulcinj.com\/blog\/#\/schema\/person\/dcab619c614d3038751c63bc2aadc06d","name":"ulqini","sameAs":["http:\/\/www.visit-ulcinj.com"],"url":"https:\/\/www.visit-ulcinj.com\/blog\/author\/admin\/"}]}},"jetpack_featured_media_url":"","jetpack_sharing_enabled":true,"jetpack_shortlink":"https:\/\/wp.me\/pe6lTn-4z8","_links":{"self":[{"href":"https:\/\/www.visit-ulcinj.com\/blog\/wp-json\/wp\/v2\/posts\/17554"}],"collection":[{"href":"https:\/\/www.visit-ulcinj.com\/blog\/wp-json\/wp\/v2\/posts"}],"about":[{"href":"https:\/\/www.visit-ulcinj.com\/blog\/wp-json\/wp\/v2\/types\/post"}],"author":[{"embeddable":true,"href":"https:\/\/www.visit-ulcinj.com\/blog\/wp-json\/wp\/v2\/users\/1"}],"replies":[{"embeddable":true,"href":"https:\/\/www.visit-ulcinj.com\/blog\/wp-json\/wp\/v2\/comments?post=17554"}],"version-history":[{"count":0,"href":"https:\/\/www.visit-ulcinj.com\/blog\/wp-json\/wp\/v2\/posts\/17554\/revisions"}],"wp:attachment":[{"href":"https:\/\/www.visit-ulcinj.com\/blog\/wp-json\/wp\/v2\/media?parent=17554"}],"wp:term":[{"taxonomy":"category","embeddable":true,"href":"https:\/\/www.visit-ulcinj.com\/blog\/wp-json\/wp\/v2\/categories?post=17554"},{"taxonomy":"post_tag","embeddable":true,"href":"https:\/\/www.visit-ulcinj.com\/blog\/wp-json\/wp\/v2\/tags?post=17554"}],"curies":[{"name":"wp","href":"https:\/\/api.w.org\/{rel}","templated":true}]}}