{"id":17568,"date":"2009-04-12T23:31:41","date_gmt":"2009-04-12T21:31:41","guid":{"rendered":"http:\/\/www.visit-ulcinj.com\/blog\/?p=17568"},"modified":"2009-04-13T21:17:51","modified_gmt":"2009-04-13T19:17:51","slug":"mali-i-zi-delegacioni-i-kosoves-braktis-takimin-e-cefta-s","status":"publish","type":"post","link":"https:\/\/www.visit-ulcinj.com\/blog\/2009\/04\/12\/mali-i-zi-delegacioni-i-kosoves-braktis-takimin-e-cefta-s\/","title":{"rendered":"Mali i Zi: Delegacioni i Kosov\u00ebs braktis takimin e CEFTA-s"},"content":{"rendered":"<p><a href=\"http:\/\/www.visit-ulcinj.com\/blog\/wp-content\/uploads\/2009\/04\/cefta.jpg\"><img loading=\"lazy\" class=\"alignleft size-full wp-image-17569\" title=\"cefta\" src=\"http:\/\/www.visit-ulcinj.com\/blog\/wp-content\/uploads\/2009\/04\/cefta.jpg\" alt=\"cefta\" width=\"370\" height=\"253\" \/><\/a>Delegacioni i Kosov\u00ebs ka braktisur takimin e CEFTA-s q\u00eb po mbahet n\u00eb Podgoric\u00eb t\u00eb Malit t\u00eb Zi. Zyra p\u00ebr Informim e Ministris\u00eb s\u00eb Bujq\u00ebsis\u00eb s\u00eb Kosov\u00ebs njofton se shkak jan\u00eb b\u00ebr\u00eb autoritetet malazeze t\u00eb cilat nuk kan\u00eb pranuar q\u00eb t\u00eb heqin mbishkrimin e UNMIK-ut dhe n\u00eb vend t\u00eb tij t\u00eb vendoset emri i Kosov\u00ebs. N\u00eb takimin e CEFTA-s, merrte pjes\u00eb nj\u00eb delegacion me p\u00ebrfaq\u00ebsues nga Ministris\u00eb s\u00eb Bujq\u00ebsis\u00eb, Ministria e Tregtis\u00eb dhe Industris\u00eb dhe t\u00eb Doganave t\u00eb Kosov\u00ebs. Takimi kishte p\u00ebr q\u00ebllim rishikimin e politikave tregtare bujq\u00ebsore duke p\u00ebrfshir\u00eb edhe masat mbrojt\u00ebse, subvencionet n\u00eb eksport si dhe k\u00ebmbimi i informacioneve p\u00ebr tregtin\u00eb e produkteve bujq\u00ebsore.<br \/>\nKosova gjat\u00eb k\u00ebtij viti ka patur probleme me CEFTA pasi Serbia dhe Bosnja kan\u00eb bllokuar eksportet e saj p\u00ebr shkak t\u00eb vul\u00ebs s\u00eb Republik\u00ebs s\u00eb Kosov\u00ebs, nd\u00ebrsa\u00a0 pranojn\u00eb vet\u00ebm mallrat me vul\u00ebn e UNMIK-ut. Ministri malazez Branimir Gvozdenovi\u00e7 n\u00eb cil\u00ebsin\u00eb e sekretarit t\u00eb CEFTA-s kishte deklaruar dhe m\u00eb par\u00eb se Kosova n\u00eb k\u00ebt\u00eb organizat\u00eb nuk mund t\u00eb prezantohet pa UNMIK-un dhe nuk ka arsye q\u00eb t\u00eb debatohet p\u00ebr bllokad\u00ebn e mallrave kosovare nga Serbia e Bosnja.<br \/>\nMarr\u00ebveshja CEFTA \u00ebsht\u00eb n\u00ebnshkruar dhe pranuar nga t\u00eb gjitha vendet e Europ\u00ebs Juglindore dhe parashikon shk\u00ebmbimin e mallrave pa norma doganore. Ajo ka z\u00ebvend\u00ebsuar marr\u00ebveshjet biletarale t\u00eb tregtis\u00eb s\u00eb lir\u00eb q\u00eb kan\u00eb ekzistuar mes k\u00ebtyre vendeve.<br \/>\n<strong><br \/>\nALSAT<\/strong><\/p>\n<p><strong><!--YouTube Error: bad URL entered--><br \/>\n<\/strong><\/p>\n","protected":false},"excerpt":{"rendered":"<p>Delegacioni i Kosov\u00ebs ka braktisur takimin e CEFTA-s q\u00eb po mbahet n\u00eb Podgoric\u00eb t\u00eb Malit t\u00eb Zi. Zyra p\u00ebr Informim e Ministris\u00eb s\u00eb Bujq\u00ebsis\u00eb s\u00eb Kosov\u00ebs njofton se shkak jan\u00eb b\u00ebr\u00eb autoritetet malazeze t\u00eb cilat nuk kan\u00eb pranuar q\u00eb t\u00eb heqin mbishkrimin e UNMIK-ut dhe n\u00eb vend t\u00eb tij t\u00eb vendoset emri i Kosov\u00ebs. N\u00eb [&hellip;]<\/p>\n","protected":false},"author":1,"featured_media":0,"comment_status":"open","ping_status":"closed","sticky":false,"template":"","format":"standard","meta":{"spay_email":"","jetpack_publicize_message":"","jetpack_is_tweetstorm":false,"jetpack_publicize_feature_enabled":true},"categories":[14],"tags":[9034],"jetpack_publicize_connections":[],"yoast_head":"<!-- This site is optimized with the Yoast SEO plugin v19.1 - https:\/\/yoast.com\/wordpress\/plugins\/seo\/ -->\n<title>Mali i Zi: Delegacioni i Kosov\u00ebs braktis takimin e CEFTA-s - Lajme nga Ulqini<\/title>\n<meta name=\"description\" content=\"Delegacioni i Kosov\u00ebs ka braktisur takimin e CEFTA-s q\u00eb po mbahet n\u00eb Podgoric\u00eb t\u00eb Malit t\u00eb Zi. Zyra p\u00ebr Informim e Ministris\u00eb s\u00eb Bujq\u00ebsis\u00eb s\u00eb Kosov\u00ebs\" \/>\n<meta name=\"robots\" content=\"index, follow, max-snippet:-1, max-image-preview:large, max-video-preview:-1\" \/>\n<link rel=\"canonical\" href=\"https:\/\/www.visit-ulcinj.com\/blog\/2009\/04\/12\/mali-i-zi-delegacioni-i-kosoves-braktis-takimin-e-cefta-s\/\" \/>\n<meta property=\"og:locale\" content=\"en_US\" \/>\n<meta property=\"og:type\" content=\"article\" \/>\n<meta property=\"og:title\" content=\"Mali i Zi: Delegacioni i Kosov\u00ebs braktis takimin e CEFTA-s - Lajme nga Ulqini\" \/>\n<meta property=\"og:description\" content=\"Delegacioni i Kosov\u00ebs ka braktisur takimin e CEFTA-s q\u00eb po mbahet n\u00eb Podgoric\u00eb t\u00eb Malit t\u00eb Zi. Zyra p\u00ebr Informim e Ministris\u00eb s\u00eb Bujq\u00ebsis\u00eb s\u00eb Kosov\u00ebs\" \/>\n<meta property=\"og:url\" content=\"https:\/\/www.visit-ulcinj.com\/blog\/2009\/04\/12\/mali-i-zi-delegacioni-i-kosoves-braktis-takimin-e-cefta-s\/\" \/>\n<meta property=\"og:site_name\" content=\"Lajme nga Ulqini\" \/>\n<meta property=\"article:published_time\" content=\"2009-04-12T21:31:41+00:00\" \/>\n<meta property=\"article:modified_time\" content=\"2009-04-13T19:17:51+00:00\" \/>\n<meta property=\"og:image\" content=\"http:\/\/www.visit-ulcinj.com\/blog\/wp-content\/uploads\/2009\/04\/cefta.jpg\" \/>\n<meta name=\"twitter:label1\" content=\"Written by\" \/>\n\t<meta name=\"twitter:data1\" content=\"ulqini\" \/>\n\t<meta name=\"twitter:label2\" content=\"Est. reading time\" \/>\n\t<meta name=\"twitter:data2\" content=\"1 minute\" \/>\n<script type=\"application\/ld+json\" class=\"yoast-schema-graph\">{\"@context\":\"https:\/\/schema.org\",\"@graph\":[{\"@type\":\"WebSite\",\"@id\":\"https:\/\/www.visit-ulcinj.com\/blog\/#website\",\"url\":\"https:\/\/www.visit-ulcinj.com\/blog\/\",\"name\":\"Lajme nga Ulqini\",\"description\":\"Lajme,Vijesti,Ulqini,Ulqin,Crna Gora,Mali i Zi\",\"potentialAction\":[{\"@type\":\"SearchAction\",\"target\":{\"@type\":\"EntryPoint\",\"urlTemplate\":\"https:\/\/www.visit-ulcinj.com\/blog\/?s={search_term_string}\"},\"query-input\":\"required name=search_term_string\"}],\"inLanguage\":\"en-US\"},{\"@type\":\"ImageObject\",\"inLanguage\":\"en-US\",\"@id\":\"https:\/\/www.visit-ulcinj.com\/blog\/2009\/04\/12\/mali-i-zi-delegacioni-i-kosoves-braktis-takimin-e-cefta-s\/#primaryimage\",\"url\":\"http:\/\/www.visit-ulcinj.com\/blog\/wp-content\/uploads\/2009\/04\/cefta.jpg\",\"contentUrl\":\"http:\/\/www.visit-ulcinj.com\/blog\/wp-content\/uploads\/2009\/04\/cefta.jpg\"},{\"@type\":\"WebPage\",\"@id\":\"https:\/\/www.visit-ulcinj.com\/blog\/2009\/04\/12\/mali-i-zi-delegacioni-i-kosoves-braktis-takimin-e-cefta-s\/#webpage\",\"url\":\"https:\/\/www.visit-ulcinj.com\/blog\/2009\/04\/12\/mali-i-zi-delegacioni-i-kosoves-braktis-takimin-e-cefta-s\/\",\"name\":\"Mali i Zi: Delegacioni i Kosov\u00ebs braktis takimin e CEFTA-s - Lajme nga Ulqini\",\"isPartOf\":{\"@id\":\"https:\/\/www.visit-ulcinj.com\/blog\/#website\"},\"primaryImageOfPage\":{\"@id\":\"https:\/\/www.visit-ulcinj.com\/blog\/2009\/04\/12\/mali-i-zi-delegacioni-i-kosoves-braktis-takimin-e-cefta-s\/#primaryimage\"},\"datePublished\":\"2009-04-12T21:31:41+00:00\",\"dateModified\":\"2009-04-13T19:17:51+00:00\",\"author\":{\"@id\":\"https:\/\/www.visit-ulcinj.com\/blog\/#\/schema\/person\/dcab619c614d3038751c63bc2aadc06d\"},\"description\":\"Delegacioni i Kosov\u00ebs ka braktisur takimin e CEFTA-s q\u00eb po mbahet n\u00eb Podgoric\u00eb t\u00eb Malit t\u00eb Zi. Zyra p\u00ebr Informim e Ministris\u00eb s\u00eb Bujq\u00ebsis\u00eb s\u00eb Kosov\u00ebs\",\"breadcrumb\":{\"@id\":\"https:\/\/www.visit-ulcinj.com\/blog\/2009\/04\/12\/mali-i-zi-delegacioni-i-kosoves-braktis-takimin-e-cefta-s\/#breadcrumb\"},\"inLanguage\":\"en-US\",\"potentialAction\":[{\"@type\":\"ReadAction\",\"target\":[\"https:\/\/www.visit-ulcinj.com\/blog\/2009\/04\/12\/mali-i-zi-delegacioni-i-kosoves-braktis-takimin-e-cefta-s\/\"]}]},{\"@type\":\"BreadcrumbList\",\"@id\":\"https:\/\/www.visit-ulcinj.com\/blog\/2009\/04\/12\/mali-i-zi-delegacioni-i-kosoves-braktis-takimin-e-cefta-s\/#breadcrumb\",\"itemListElement\":[{\"@type\":\"ListItem\",\"position\":1,\"name\":\"Mali i Zi: Delegacioni i Kosov\u00ebs braktis takimin e CEFTA-s\"}]},{\"@type\":\"Person\",\"@id\":\"https:\/\/www.visit-ulcinj.com\/blog\/#\/schema\/person\/dcab619c614d3038751c63bc2aadc06d\",\"name\":\"ulqini\",\"sameAs\":[\"http:\/\/www.visit-ulcinj.com\"],\"url\":\"https:\/\/www.visit-ulcinj.com\/blog\/author\/admin\/\"}]}<\/script>\n<!-- \/ Yoast SEO plugin. -->","yoast_head_json":{"title":"Mali i Zi: Delegacioni i Kosov\u00ebs braktis takimin e CEFTA-s - Lajme nga Ulqini","description":"Delegacioni i Kosov\u00ebs ka braktisur takimin e CEFTA-s q\u00eb po mbahet n\u00eb Podgoric\u00eb t\u00eb Malit t\u00eb Zi. Zyra p\u00ebr Informim e Ministris\u00eb s\u00eb Bujq\u00ebsis\u00eb s\u00eb Kosov\u00ebs","robots":{"index":"index","follow":"follow","max-snippet":"max-snippet:-1","max-image-preview":"max-image-preview:large","max-video-preview":"max-video-preview:-1"},"canonical":"https:\/\/www.visit-ulcinj.com\/blog\/2009\/04\/12\/mali-i-zi-delegacioni-i-kosoves-braktis-takimin-e-cefta-s\/","og_locale":"en_US","og_type":"article","og_title":"Mali i Zi: Delegacioni i Kosov\u00ebs braktis takimin e CEFTA-s - Lajme nga Ulqini","og_description":"Delegacioni i Kosov\u00ebs ka braktisur takimin e CEFTA-s q\u00eb po mbahet n\u00eb Podgoric\u00eb t\u00eb Malit t\u00eb Zi. Zyra p\u00ebr Informim e Ministris\u00eb s\u00eb Bujq\u00ebsis\u00eb s\u00eb Kosov\u00ebs","og_url":"https:\/\/www.visit-ulcinj.com\/blog\/2009\/04\/12\/mali-i-zi-delegacioni-i-kosoves-braktis-takimin-e-cefta-s\/","og_site_name":"Lajme nga Ulqini","article_published_time":"2009-04-12T21:31:41+00:00","article_modified_time":"2009-04-13T19:17:51+00:00","og_image":[{"url":"http:\/\/www.visit-ulcinj.com\/blog\/wp-content\/uploads\/2009\/04\/cefta.jpg"}],"twitter_misc":{"Written by":"ulqini","Est. reading time":"1 minute"},"schema":{"@context":"https:\/\/schema.org","@graph":[{"@type":"WebSite","@id":"https:\/\/www.visit-ulcinj.com\/blog\/#website","url":"https:\/\/www.visit-ulcinj.com\/blog\/","name":"Lajme nga Ulqini","description":"Lajme,Vijesti,Ulqini,Ulqin,Crna Gora,Mali i Zi","potentialAction":[{"@type":"SearchAction","target":{"@type":"EntryPoint","urlTemplate":"https:\/\/www.visit-ulcinj.com\/blog\/?s={search_term_string}"},"query-input":"required name=search_term_string"}],"inLanguage":"en-US"},{"@type":"ImageObject","inLanguage":"en-US","@id":"https:\/\/www.visit-ulcinj.com\/blog\/2009\/04\/12\/mali-i-zi-delegacioni-i-kosoves-braktis-takimin-e-cefta-s\/#primaryimage","url":"http:\/\/www.visit-ulcinj.com\/blog\/wp-content\/uploads\/2009\/04\/cefta.jpg","contentUrl":"http:\/\/www.visit-ulcinj.com\/blog\/wp-content\/uploads\/2009\/04\/cefta.jpg"},{"@type":"WebPage","@id":"https:\/\/www.visit-ulcinj.com\/blog\/2009\/04\/12\/mali-i-zi-delegacioni-i-kosoves-braktis-takimin-e-cefta-s\/#webpage","url":"https:\/\/www.visit-ulcinj.com\/blog\/2009\/04\/12\/mali-i-zi-delegacioni-i-kosoves-braktis-takimin-e-cefta-s\/","name":"Mali i Zi: Delegacioni i Kosov\u00ebs braktis takimin e CEFTA-s - Lajme nga Ulqini","isPartOf":{"@id":"https:\/\/www.visit-ulcinj.com\/blog\/#website"},"primaryImageOfPage":{"@id":"https:\/\/www.visit-ulcinj.com\/blog\/2009\/04\/12\/mali-i-zi-delegacioni-i-kosoves-braktis-takimin-e-cefta-s\/#primaryimage"},"datePublished":"2009-04-12T21:31:41+00:00","dateModified":"2009-04-13T19:17:51+00:00","author":{"@id":"https:\/\/www.visit-ulcinj.com\/blog\/#\/schema\/person\/dcab619c614d3038751c63bc2aadc06d"},"description":"Delegacioni i Kosov\u00ebs ka braktisur takimin e CEFTA-s q\u00eb po mbahet n\u00eb Podgoric\u00eb t\u00eb Malit t\u00eb Zi. Zyra p\u00ebr Informim e Ministris\u00eb s\u00eb Bujq\u00ebsis\u00eb s\u00eb Kosov\u00ebs","breadcrumb":{"@id":"https:\/\/www.visit-ulcinj.com\/blog\/2009\/04\/12\/mali-i-zi-delegacioni-i-kosoves-braktis-takimin-e-cefta-s\/#breadcrumb"},"inLanguage":"en-US","potentialAction":[{"@type":"ReadAction","target":["https:\/\/www.visit-ulcinj.com\/blog\/2009\/04\/12\/mali-i-zi-delegacioni-i-kosoves-braktis-takimin-e-cefta-s\/"]}]},{"@type":"BreadcrumbList","@id":"https:\/\/www.visit-ulcinj.com\/blog\/2009\/04\/12\/mali-i-zi-delegacioni-i-kosoves-braktis-takimin-e-cefta-s\/#breadcrumb","itemListElement":[{"@type":"ListItem","position":1,"name":"Mali i Zi: Delegacioni i Kosov\u00ebs braktis takimin e CEFTA-s"}]},{"@type":"Person","@id":"https:\/\/www.visit-ulcinj.com\/blog\/#\/schema\/person\/dcab619c614d3038751c63bc2aadc06d","name":"ulqini","sameAs":["http:\/\/www.visit-ulcinj.com"],"url":"https:\/\/www.visit-ulcinj.com\/blog\/author\/admin\/"}]}},"jetpack_featured_media_url":"","jetpack_sharing_enabled":true,"jetpack_shortlink":"https:\/\/wp.me\/pe6lTn-4zm","_links":{"self":[{"href":"https:\/\/www.visit-ulcinj.com\/blog\/wp-json\/wp\/v2\/posts\/17568"}],"collection":[{"href":"https:\/\/www.visit-ulcinj.com\/blog\/wp-json\/wp\/v2\/posts"}],"about":[{"href":"https:\/\/www.visit-ulcinj.com\/blog\/wp-json\/wp\/v2\/types\/post"}],"author":[{"embeddable":true,"href":"https:\/\/www.visit-ulcinj.com\/blog\/wp-json\/wp\/v2\/users\/1"}],"replies":[{"embeddable":true,"href":"https:\/\/www.visit-ulcinj.com\/blog\/wp-json\/wp\/v2\/comments?post=17568"}],"version-history":[{"count":0,"href":"https:\/\/www.visit-ulcinj.com\/blog\/wp-json\/wp\/v2\/posts\/17568\/revisions"}],"wp:attachment":[{"href":"https:\/\/www.visit-ulcinj.com\/blog\/wp-json\/wp\/v2\/media?parent=17568"}],"wp:term":[{"taxonomy":"category","embeddable":true,"href":"https:\/\/www.visit-ulcinj.com\/blog\/wp-json\/wp\/v2\/categories?post=17568"},{"taxonomy":"post_tag","embeddable":true,"href":"https:\/\/www.visit-ulcinj.com\/blog\/wp-json\/wp\/v2\/tags?post=17568"}],"curies":[{"name":"wp","href":"https:\/\/api.w.org\/{rel}","templated":true}]}}