{"id":1757,"date":"2008-05-26T15:48:34","date_gmt":"2008-05-26T20:48:34","guid":{"rendered":"http:\/\/www.visit-ulcinj.com\/blog\/?p=1757"},"modified":"2008-06-02T12:33:02","modified_gmt":"2008-06-02T17:33:02","slug":"mali-i-zi-ne-prag-te-bashkimit-evropian","status":"publish","type":"post","link":"https:\/\/www.visit-ulcinj.com\/blog\/2008\/05\/26\/mali-i-zi-ne-prag-te-bashkimit-evropian\/","title":{"rendered":"Mali i Zi n\u00eb prag t\u00eb Bashkimit Evropian"},"content":{"rendered":"<p><a title=\"Jusuf Kalamperovi?_Dragutina Matea\" href=\"http:\/\/www.vlada.cg.yu\/img\/1210363111.jpg\" target=\"_blank\"><img loading=\"lazy\" class=\"alignleft\" style=\"float: left;\" src=\"http:\/\/www.vlada.cg.yu\/img\/1210363110.jpg\" alt=\"Jusuf Kalamperovi?\" width=\"240\" height=\"199\" \/><\/a>Pas shum\u00eb viteve \u201cizolimi\u201d Mali i Zi \u00ebsht\u00eb m\u00eb af\u00ebr se kurr\u00eb p\u00ebr liberalizimin e vizave drejt shteteve t\u00eb Bashkimit Evropian.<br \/>\nBE-ja ia ka dor\u00ebzuar Malit t\u00eb Zi t\u00eb ashtuquajtur\u00ebn \u201cHarta e rrug\u00ebs drejt liberalizimit t\u00eb vizave\u201d, ka deklaruar sot ministri i Pun\u00ebve t\u00eb Brendshme Jusuf Kallamperoviq.<br \/>\nP\u00ebr liberalizimin e vizave me Bashkimin Evropian Mali i Zi duhet t\u00eb p\u00ebrmbush\u00eb kat\u00ebr kritere kryesore, ku kriteri i par\u00eb \u00ebsht\u00eb siguria e dokumenteve personale.<br \/>\nJusuf Kallamperoviq p\u00ebr kushtin e par\u00eb \u00ebsht\u00eb deklaruar se Mali i Zi e ka plot\u00ebsuar k\u00ebt\u00eb q\u00eb nga data 5 maj kur edhe ka filluar t\u00eb l\u00ebshoj\u00eb pasaportat biometrike.<br \/>\nSi kusht i dyt\u00eb n\u00eb t\u00eb shum\u00ebpritur\u00ebn \u201cHart\u00eb e rrug\u00ebs drejt liberalizimit t\u00eb vizave\u201d \u00ebsht\u00eb siguria e kufijve t\u00eb Malit t\u00eb Zi p\u00ebr t\u00eb cil\u00ebn ministri vler\u00ebson s\u00eb \u00ebsht\u00eb n\u00eb nivelin e duhur.<br \/>\nKushti i tret\u00eb q\u00eb duhet plot\u00ebsuar p\u00ebr t\u00eb hapur port\u00ebn drejt BE-s\u00eb \u00ebsht\u00eb bashk\u00ebpunimi me shtetet e rajonit n\u00eb fush\u00ebn e siguris\u00eb , p\u00ebr t\u00eb cil\u00ebn gj\u00eb ai shtoi se Mali i Zi ka raporte t\u00eb shk\u00eblqyera dhe bashk\u00ebpunim t\u00eb mir\u00ebfillt\u00eb.<a title=\"Nata\u0161e Starovlah\" href=\"http:\/\/www.vlada.cg.yu\/img\/1197559424.jpg\" target=\"_blank\"><img loading=\"lazy\" class=\"alignright\" style=\"float: right;\" src=\"http:\/\/www.vlada.cg.yu\/img\/1197559423.jpg\" alt=\"Nata\u0161e Starovlah\" width=\"220\" height=\"152\" \/><\/a><br \/>\nLufta kund\u00ebr korrupsionit dhe krimit t\u00eb organizuar \u00ebsht\u00eb kushti i kat\u00ebrt n\u00eb \u201cHart\u00ebn e rrug\u00ebs drejt liberalizimit t\u00eb vizave\u201d.<br \/>\nN\u00eb lidhje me k\u00ebt\u00eb Kallamperoviq deklaroi se kemi Mali i Zi ka vler\u00ebsime pozitive nga t\u00eb gjith\u00eb e sidomos kur b\u00ebhet fjal\u00eb p\u00ebr krimin e organizuar dhe drog\u00ebn.<br \/>\n\u201cMali i Zi \u00ebsht\u00eb i gatsh\u00ebm q\u00eb t\u2019i plot\u00ebsoj\u00eb t\u00eb gjitha kushtet q\u00eb parashihen p\u00ebr liberalizimin e vizave dhe jam optimist se do t\u00eb realizohet para p\u00ebrfundimit t\u00eb k\u00ebtij viti ose fillimit t\u00eb 2009\u201d, ka p\u00ebrfunduar ministri malazez.<br \/>\n<strong>G\u00ebzim Ibro\u00e7i<br \/>\nAutor \/ Telegrafi<\/strong><br \/>\n<a title=\"Holiday accommodation in Ulcinj, Montenegro\" href=\"http:\/\/www.visit-ulcinj.com\/tourism\/\" target=\"_blank\"><img loading=\"lazy\" style=\"vertical-align: middle;\" src=\"http:\/\/www.visit-ulcinj.com\/blog\/wp-content\/uploads\/2008\/05\/holiday-rental-ulcinj_ulqin_montenegro2.jpg\" alt=\"Holiday accommodation in Ulcinj, Montenegro\" width=\"424\" height=\"110\" \/><\/a><\/p>\n<!--YouTube Error: bad URL entered-->\n","protected":false},"excerpt":{"rendered":"<p><img loading=\"lazy\" class=\"alignleft\" style=\"float: left;\" src=\"http:\/\/www.vlada.cg.yu\/img\/1210363110.jpg\" alt=\"Jusuf Kalamperovi?\" width=\"140\" height=\"140\" \/><\/p>\n","protected":false},"author":1,"featured_media":0,"comment_status":"open","ping_status":"closed","sticky":false,"template":"","format":"standard","meta":{"spay_email":"","jetpack_publicize_message":"","jetpack_is_tweetstorm":false,"jetpack_publicize_feature_enabled":true},"categories":[1,12],"tags":[3482,828,95],"jetpack_publicize_connections":[],"yoast_head":"<!-- This site is optimized with the Yoast SEO plugin v19.1 - https:\/\/yoast.com\/wordpress\/plugins\/seo\/ -->\n<title>Mali i Zi n\u00eb prag t\u00eb Bashkimit Evropian - Lajme nga Ulqini<\/title>\n<meta name=\"robots\" content=\"index, follow, max-snippet:-1, max-image-preview:large, max-video-preview:-1\" \/>\n<link rel=\"canonical\" href=\"https:\/\/www.visit-ulcinj.com\/blog\/2008\/05\/26\/mali-i-zi-ne-prag-te-bashkimit-evropian\/\" \/>\n<meta property=\"og:locale\" content=\"en_US\" \/>\n<meta property=\"og:type\" content=\"article\" \/>\n<meta property=\"og:title\" content=\"Mali i Zi n\u00eb prag t\u00eb Bashkimit Evropian - Lajme nga Ulqini\" \/>\n<meta property=\"og:url\" content=\"https:\/\/www.visit-ulcinj.com\/blog\/2008\/05\/26\/mali-i-zi-ne-prag-te-bashkimit-evropian\/\" \/>\n<meta property=\"og:site_name\" content=\"Lajme nga Ulqini\" \/>\n<meta property=\"article:published_time\" content=\"2008-05-26T20:48:34+00:00\" \/>\n<meta property=\"article:modified_time\" content=\"2008-06-02T17:33:02+00:00\" \/>\n<meta property=\"og:image\" content=\"http:\/\/www.vlada.cg.yu\/img\/1210363110.jpg\" \/>\n<meta name=\"twitter:label1\" content=\"Written by\" \/>\n\t<meta name=\"twitter:data1\" content=\"ulqini\" \/>\n\t<meta name=\"twitter:label2\" content=\"Est. reading time\" \/>\n\t<meta name=\"twitter:data2\" content=\"2 minutes\" \/>\n<script type=\"application\/ld+json\" class=\"yoast-schema-graph\">{\"@context\":\"https:\/\/schema.org\",\"@graph\":[{\"@type\":\"WebSite\",\"@id\":\"https:\/\/www.visit-ulcinj.com\/blog\/#website\",\"url\":\"https:\/\/www.visit-ulcinj.com\/blog\/\",\"name\":\"Lajme nga Ulqini\",\"description\":\"Lajme,Vijesti,Ulqini,Ulqin,Crna Gora,Mali i Zi\",\"potentialAction\":[{\"@type\":\"SearchAction\",\"target\":{\"@type\":\"EntryPoint\",\"urlTemplate\":\"https:\/\/www.visit-ulcinj.com\/blog\/?s={search_term_string}\"},\"query-input\":\"required name=search_term_string\"}],\"inLanguage\":\"en-US\"},{\"@type\":\"ImageObject\",\"inLanguage\":\"en-US\",\"@id\":\"https:\/\/www.visit-ulcinj.com\/blog\/2008\/05\/26\/mali-i-zi-ne-prag-te-bashkimit-evropian\/#primaryimage\",\"url\":\"http:\/\/www.vlada.cg.yu\/img\/1210363110.jpg\",\"contentUrl\":\"http:\/\/www.vlada.cg.yu\/img\/1210363110.jpg\"},{\"@type\":\"WebPage\",\"@id\":\"https:\/\/www.visit-ulcinj.com\/blog\/2008\/05\/26\/mali-i-zi-ne-prag-te-bashkimit-evropian\/#webpage\",\"url\":\"https:\/\/www.visit-ulcinj.com\/blog\/2008\/05\/26\/mali-i-zi-ne-prag-te-bashkimit-evropian\/\",\"name\":\"Mali i Zi n\u00eb prag t\u00eb Bashkimit Evropian - Lajme nga Ulqini\",\"isPartOf\":{\"@id\":\"https:\/\/www.visit-ulcinj.com\/blog\/#website\"},\"primaryImageOfPage\":{\"@id\":\"https:\/\/www.visit-ulcinj.com\/blog\/2008\/05\/26\/mali-i-zi-ne-prag-te-bashkimit-evropian\/#primaryimage\"},\"datePublished\":\"2008-05-26T20:48:34+00:00\",\"dateModified\":\"2008-06-02T17:33:02+00:00\",\"author\":{\"@id\":\"https:\/\/www.visit-ulcinj.com\/blog\/#\/schema\/person\/dcab619c614d3038751c63bc2aadc06d\"},\"breadcrumb\":{\"@id\":\"https:\/\/www.visit-ulcinj.com\/blog\/2008\/05\/26\/mali-i-zi-ne-prag-te-bashkimit-evropian\/#breadcrumb\"},\"inLanguage\":\"en-US\",\"potentialAction\":[{\"@type\":\"ReadAction\",\"target\":[\"https:\/\/www.visit-ulcinj.com\/blog\/2008\/05\/26\/mali-i-zi-ne-prag-te-bashkimit-evropian\/\"]}]},{\"@type\":\"BreadcrumbList\",\"@id\":\"https:\/\/www.visit-ulcinj.com\/blog\/2008\/05\/26\/mali-i-zi-ne-prag-te-bashkimit-evropian\/#breadcrumb\",\"itemListElement\":[{\"@type\":\"ListItem\",\"position\":1,\"name\":\"Mali i Zi n\u00eb prag t\u00eb Bashkimit Evropian\"}]},{\"@type\":\"Person\",\"@id\":\"https:\/\/www.visit-ulcinj.com\/blog\/#\/schema\/person\/dcab619c614d3038751c63bc2aadc06d\",\"name\":\"ulqini\",\"sameAs\":[\"http:\/\/www.visit-ulcinj.com\"],\"url\":\"https:\/\/www.visit-ulcinj.com\/blog\/author\/admin\/\"}]}<\/script>\n<!-- \/ Yoast SEO plugin. -->","yoast_head_json":{"title":"Mali i Zi n\u00eb prag t\u00eb Bashkimit Evropian - Lajme nga Ulqini","robots":{"index":"index","follow":"follow","max-snippet":"max-snippet:-1","max-image-preview":"max-image-preview:large","max-video-preview":"max-video-preview:-1"},"canonical":"https:\/\/www.visit-ulcinj.com\/blog\/2008\/05\/26\/mali-i-zi-ne-prag-te-bashkimit-evropian\/","og_locale":"en_US","og_type":"article","og_title":"Mali i Zi n\u00eb prag t\u00eb Bashkimit Evropian - Lajme nga Ulqini","og_url":"https:\/\/www.visit-ulcinj.com\/blog\/2008\/05\/26\/mali-i-zi-ne-prag-te-bashkimit-evropian\/","og_site_name":"Lajme nga Ulqini","article_published_time":"2008-05-26T20:48:34+00:00","article_modified_time":"2008-06-02T17:33:02+00:00","og_image":[{"url":"http:\/\/www.vlada.cg.yu\/img\/1210363110.jpg"}],"twitter_misc":{"Written by":"ulqini","Est. reading time":"2 minutes"},"schema":{"@context":"https:\/\/schema.org","@graph":[{"@type":"WebSite","@id":"https:\/\/www.visit-ulcinj.com\/blog\/#website","url":"https:\/\/www.visit-ulcinj.com\/blog\/","name":"Lajme nga Ulqini","description":"Lajme,Vijesti,Ulqini,Ulqin,Crna Gora,Mali i Zi","potentialAction":[{"@type":"SearchAction","target":{"@type":"EntryPoint","urlTemplate":"https:\/\/www.visit-ulcinj.com\/blog\/?s={search_term_string}"},"query-input":"required name=search_term_string"}],"inLanguage":"en-US"},{"@type":"ImageObject","inLanguage":"en-US","@id":"https:\/\/www.visit-ulcinj.com\/blog\/2008\/05\/26\/mali-i-zi-ne-prag-te-bashkimit-evropian\/#primaryimage","url":"http:\/\/www.vlada.cg.yu\/img\/1210363110.jpg","contentUrl":"http:\/\/www.vlada.cg.yu\/img\/1210363110.jpg"},{"@type":"WebPage","@id":"https:\/\/www.visit-ulcinj.com\/blog\/2008\/05\/26\/mali-i-zi-ne-prag-te-bashkimit-evropian\/#webpage","url":"https:\/\/www.visit-ulcinj.com\/blog\/2008\/05\/26\/mali-i-zi-ne-prag-te-bashkimit-evropian\/","name":"Mali i Zi n\u00eb prag t\u00eb Bashkimit Evropian - Lajme nga Ulqini","isPartOf":{"@id":"https:\/\/www.visit-ulcinj.com\/blog\/#website"},"primaryImageOfPage":{"@id":"https:\/\/www.visit-ulcinj.com\/blog\/2008\/05\/26\/mali-i-zi-ne-prag-te-bashkimit-evropian\/#primaryimage"},"datePublished":"2008-05-26T20:48:34+00:00","dateModified":"2008-06-02T17:33:02+00:00","author":{"@id":"https:\/\/www.visit-ulcinj.com\/blog\/#\/schema\/person\/dcab619c614d3038751c63bc2aadc06d"},"breadcrumb":{"@id":"https:\/\/www.visit-ulcinj.com\/blog\/2008\/05\/26\/mali-i-zi-ne-prag-te-bashkimit-evropian\/#breadcrumb"},"inLanguage":"en-US","potentialAction":[{"@type":"ReadAction","target":["https:\/\/www.visit-ulcinj.com\/blog\/2008\/05\/26\/mali-i-zi-ne-prag-te-bashkimit-evropian\/"]}]},{"@type":"BreadcrumbList","@id":"https:\/\/www.visit-ulcinj.com\/blog\/2008\/05\/26\/mali-i-zi-ne-prag-te-bashkimit-evropian\/#breadcrumb","itemListElement":[{"@type":"ListItem","position":1,"name":"Mali i Zi n\u00eb prag t\u00eb Bashkimit Evropian"}]},{"@type":"Person","@id":"https:\/\/www.visit-ulcinj.com\/blog\/#\/schema\/person\/dcab619c614d3038751c63bc2aadc06d","name":"ulqini","sameAs":["http:\/\/www.visit-ulcinj.com"],"url":"https:\/\/www.visit-ulcinj.com\/blog\/author\/admin\/"}]}},"jetpack_featured_media_url":"","jetpack_sharing_enabled":true,"jetpack_shortlink":"https:\/\/wp.me\/pe6lTn-sl","_links":{"self":[{"href":"https:\/\/www.visit-ulcinj.com\/blog\/wp-json\/wp\/v2\/posts\/1757"}],"collection":[{"href":"https:\/\/www.visit-ulcinj.com\/blog\/wp-json\/wp\/v2\/posts"}],"about":[{"href":"https:\/\/www.visit-ulcinj.com\/blog\/wp-json\/wp\/v2\/types\/post"}],"author":[{"embeddable":true,"href":"https:\/\/www.visit-ulcinj.com\/blog\/wp-json\/wp\/v2\/users\/1"}],"replies":[{"embeddable":true,"href":"https:\/\/www.visit-ulcinj.com\/blog\/wp-json\/wp\/v2\/comments?post=1757"}],"version-history":[{"count":0,"href":"https:\/\/www.visit-ulcinj.com\/blog\/wp-json\/wp\/v2\/posts\/1757\/revisions"}],"wp:attachment":[{"href":"https:\/\/www.visit-ulcinj.com\/blog\/wp-json\/wp\/v2\/media?parent=1757"}],"wp:term":[{"taxonomy":"category","embeddable":true,"href":"https:\/\/www.visit-ulcinj.com\/blog\/wp-json\/wp\/v2\/categories?post=1757"},{"taxonomy":"post_tag","embeddable":true,"href":"https:\/\/www.visit-ulcinj.com\/blog\/wp-json\/wp\/v2\/tags?post=1757"}],"curies":[{"name":"wp","href":"https:\/\/api.w.org\/{rel}","templated":true}]}}