{"id":17571,"date":"2009-04-12T23:39:27","date_gmt":"2009-04-12T21:39:27","guid":{"rendered":"http:\/\/www.visit-ulcinj.com\/blog\/?p=17571"},"modified":"2009-04-12T23:39:27","modified_gmt":"2009-04-12T21:39:27","slug":"produzen-tender-za-valdanos","status":"publish","type":"post","link":"https:\/\/www.visit-ulcinj.com\/blog\/2009\/04\/12\/produzen-tender-za-valdanos\/","title":{"rendered":"Produ\u017een tender za Valdanos"},"content":{"rendered":"<p><a href=\"http:\/\/www.visit-ulcinj.com\/blog\/wp-content\/uploads\/2009\/04\/valdanos_ulcinj_crna-gora.jpg\"><img loading=\"lazy\" class=\"alignleft size-full wp-image-17572\" title=\"valdanos_ulcinj_crna-gora\" src=\"http:\/\/www.visit-ulcinj.com\/blog\/wp-content\/uploads\/2009\/04\/valdanos_ulcinj_crna-gora.jpg\" alt=\"valdanos_ulcinj_crna-gora\" width=\"570\" height=\"400\" \/><\/a>Podgorica &#8212; Rok za dostavljanje ponuda za dugoro?ni zakup turisti?kog kompleksa Valdanos u Crnoj Gori produ\u017een je do 15. aprila ove godine, saop\u0161tila je Vlada Crne Gore.<br \/>\nSvi ostali uslovi za dostavljanje ponuda nisu promenjeni. U saop\u0161tenju nije navedeno za\u0161to je rok za dostavljanje ponuda po drugi put produ\u017een. Prvobitni rok je bio 3. mart ove godine, ali je on dan uo?i zatvaranja tendera produ\u017een do 6. aprila.<br \/>\nKompleks Valdanos nudi se u zakup na 30 godina sa mogu?no\u0161?u produ\u017eetka. Uvala Valdanos nalazi se ?etiri kilometara od Ulcinja i ubraja se me?u najatraktivnije lokacije u Crnoj Gori.<br \/>\nU?esnik na tenderu mo\u017ee biti me?unarodni hotelski operater i brend koji je poznat po upravljanju turisti?kim kompleksima nivoa ?etiri plus ili pet zvezdica. Ponu?a? mora imati najmanje pet godina neprekidnog iskustva u planiranju, razvoju i upravljanju hotelima visoke kategorije.<br \/>\nNa tender se mo\u017ee prijaviti i kompanija koja doka\u017ee da poseduje finansijsku sposobnost i novac neophodan za realizaciju projekta. Ponu?a? mora dokazati i da je u poslednjoj godini ostvario ukupan promet od najmanje 100 miliona evra.<br \/>\nZa valorizaciju Valdanosa mogu se prijaviti i firme ?ija je vrednost kapitala kojim upravljaju najmanje 100 miliona evra i ako doka\u017eu da su u tri od pet godina ostvarile pozitivan finansijski rezultat.<br \/>\n<strong><br \/>\nIzvor: Beta <\/strong><\/p>\n","protected":false},"excerpt":{"rendered":"<p>Podgorica &#8212; Rok za dostavljanje ponuda za dugoro?ni zakup turisti?kog kompleksa Valdanos u Crnoj Gori produ\u017een je do 15. aprila ove godine, saop\u0161tila je Vlada Crne Gore. Svi ostali uslovi za dostavljanje ponuda nisu promenjeni. U saop\u0161tenju nije navedeno za\u0161to je rok za dostavljanje ponuda po drugi put produ\u017een. Prvobitni rok je bio 3. mart [&hellip;]<\/p>\n","protected":false},"author":1,"featured_media":0,"comment_status":"open","ping_status":"closed","sticky":false,"template":"","format":"standard","meta":{"spay_email":"","jetpack_publicize_message":"","jetpack_is_tweetstorm":false,"jetpack_publicize_feature_enabled":true},"categories":[8337],"tags":[9035,9036,19],"jetpack_publicize_connections":[],"yoast_head":"<!-- This site is optimized with the Yoast SEO plugin v19.1 - https:\/\/yoast.com\/wordpress\/plugins\/seo\/ -->\n<title>Produ\u017een tender za Valdanos - Lajme nga Ulqini<\/title>\n<meta name=\"description\" content=\"Podgorica -- Rok za dostavljanje ponuda za dugoro?ni zakup turisti?kog kompleksa Valdanos u Crnoj Gori produ\u017een je do 15. aprila ove godine, saop\u0161tila je\" \/>\n<meta name=\"robots\" content=\"index, follow, max-snippet:-1, max-image-preview:large, max-video-preview:-1\" \/>\n<link rel=\"canonical\" href=\"https:\/\/www.visit-ulcinj.com\/blog\/2009\/04\/12\/produzen-tender-za-valdanos\/\" \/>\n<meta property=\"og:locale\" content=\"en_US\" \/>\n<meta property=\"og:type\" content=\"article\" \/>\n<meta property=\"og:title\" content=\"Produ\u017een tender za Valdanos - Lajme nga Ulqini\" \/>\n<meta property=\"og:description\" content=\"Podgorica -- Rok za dostavljanje ponuda za dugoro?ni zakup turisti?kog kompleksa Valdanos u Crnoj Gori produ\u017een je do 15. aprila ove godine, saop\u0161tila je\" \/>\n<meta property=\"og:url\" content=\"https:\/\/www.visit-ulcinj.com\/blog\/2009\/04\/12\/produzen-tender-za-valdanos\/\" \/>\n<meta property=\"og:site_name\" content=\"Lajme nga Ulqini\" \/>\n<meta property=\"article:published_time\" content=\"2009-04-12T21:39:27+00:00\" \/>\n<meta property=\"og:image\" content=\"http:\/\/www.visit-ulcinj.com\/blog\/wp-content\/uploads\/2009\/04\/valdanos_ulcinj_crna-gora.jpg\" \/>\n<meta name=\"twitter:label1\" content=\"Written by\" \/>\n\t<meta name=\"twitter:data1\" content=\"ulqini\" \/>\n\t<meta name=\"twitter:label2\" content=\"Est. reading time\" \/>\n\t<meta name=\"twitter:data2\" content=\"1 minute\" \/>\n<script type=\"application\/ld+json\" class=\"yoast-schema-graph\">{\"@context\":\"https:\/\/schema.org\",\"@graph\":[{\"@type\":\"WebSite\",\"@id\":\"https:\/\/www.visit-ulcinj.com\/blog\/#website\",\"url\":\"https:\/\/www.visit-ulcinj.com\/blog\/\",\"name\":\"Lajme nga Ulqini\",\"description\":\"Lajme,Vijesti,Ulqini,Ulqin,Crna Gora,Mali i Zi\",\"potentialAction\":[{\"@type\":\"SearchAction\",\"target\":{\"@type\":\"EntryPoint\",\"urlTemplate\":\"https:\/\/www.visit-ulcinj.com\/blog\/?s={search_term_string}\"},\"query-input\":\"required name=search_term_string\"}],\"inLanguage\":\"en-US\"},{\"@type\":\"ImageObject\",\"inLanguage\":\"en-US\",\"@id\":\"https:\/\/www.visit-ulcinj.com\/blog\/2009\/04\/12\/produzen-tender-za-valdanos\/#primaryimage\",\"url\":\"http:\/\/www.visit-ulcinj.com\/blog\/wp-content\/uploads\/2009\/04\/valdanos_ulcinj_crna-gora.jpg\",\"contentUrl\":\"http:\/\/www.visit-ulcinj.com\/blog\/wp-content\/uploads\/2009\/04\/valdanos_ulcinj_crna-gora.jpg\"},{\"@type\":\"WebPage\",\"@id\":\"https:\/\/www.visit-ulcinj.com\/blog\/2009\/04\/12\/produzen-tender-za-valdanos\/#webpage\",\"url\":\"https:\/\/www.visit-ulcinj.com\/blog\/2009\/04\/12\/produzen-tender-za-valdanos\/\",\"name\":\"Produ\u017een tender za Valdanos - Lajme nga Ulqini\",\"isPartOf\":{\"@id\":\"https:\/\/www.visit-ulcinj.com\/blog\/#website\"},\"primaryImageOfPage\":{\"@id\":\"https:\/\/www.visit-ulcinj.com\/blog\/2009\/04\/12\/produzen-tender-za-valdanos\/#primaryimage\"},\"datePublished\":\"2009-04-12T21:39:27+00:00\",\"dateModified\":\"2009-04-12T21:39:27+00:00\",\"author\":{\"@id\":\"https:\/\/www.visit-ulcinj.com\/blog\/#\/schema\/person\/dcab619c614d3038751c63bc2aadc06d\"},\"description\":\"Podgorica -- Rok za dostavljanje ponuda za dugoro?ni zakup turisti?kog kompleksa Valdanos u Crnoj Gori produ\u017een je do 15. aprila ove godine, saop\u0161tila je\",\"breadcrumb\":{\"@id\":\"https:\/\/www.visit-ulcinj.com\/blog\/2009\/04\/12\/produzen-tender-za-valdanos\/#breadcrumb\"},\"inLanguage\":\"en-US\",\"potentialAction\":[{\"@type\":\"ReadAction\",\"target\":[\"https:\/\/www.visit-ulcinj.com\/blog\/2009\/04\/12\/produzen-tender-za-valdanos\/\"]}]},{\"@type\":\"BreadcrumbList\",\"@id\":\"https:\/\/www.visit-ulcinj.com\/blog\/2009\/04\/12\/produzen-tender-za-valdanos\/#breadcrumb\",\"itemListElement\":[{\"@type\":\"ListItem\",\"position\":1,\"name\":\"Produ\u017een tender za Valdanos\"}]},{\"@type\":\"Person\",\"@id\":\"https:\/\/www.visit-ulcinj.com\/blog\/#\/schema\/person\/dcab619c614d3038751c63bc2aadc06d\",\"name\":\"ulqini\",\"sameAs\":[\"http:\/\/www.visit-ulcinj.com\"],\"url\":\"https:\/\/www.visit-ulcinj.com\/blog\/author\/admin\/\"}]}<\/script>\n<!-- \/ Yoast SEO plugin. -->","yoast_head_json":{"title":"Produ\u017een tender za Valdanos - Lajme nga Ulqini","description":"Podgorica -- Rok za dostavljanje ponuda za dugoro?ni zakup turisti?kog kompleksa Valdanos u Crnoj Gori produ\u017een je do 15. aprila ove godine, saop\u0161tila je","robots":{"index":"index","follow":"follow","max-snippet":"max-snippet:-1","max-image-preview":"max-image-preview:large","max-video-preview":"max-video-preview:-1"},"canonical":"https:\/\/www.visit-ulcinj.com\/blog\/2009\/04\/12\/produzen-tender-za-valdanos\/","og_locale":"en_US","og_type":"article","og_title":"Produ\u017een tender za Valdanos - Lajme nga Ulqini","og_description":"Podgorica -- Rok za dostavljanje ponuda za dugoro?ni zakup turisti?kog kompleksa Valdanos u Crnoj Gori produ\u017een je do 15. aprila ove godine, saop\u0161tila je","og_url":"https:\/\/www.visit-ulcinj.com\/blog\/2009\/04\/12\/produzen-tender-za-valdanos\/","og_site_name":"Lajme nga Ulqini","article_published_time":"2009-04-12T21:39:27+00:00","og_image":[{"url":"http:\/\/www.visit-ulcinj.com\/blog\/wp-content\/uploads\/2009\/04\/valdanos_ulcinj_crna-gora.jpg"}],"twitter_misc":{"Written by":"ulqini","Est. reading time":"1 minute"},"schema":{"@context":"https:\/\/schema.org","@graph":[{"@type":"WebSite","@id":"https:\/\/www.visit-ulcinj.com\/blog\/#website","url":"https:\/\/www.visit-ulcinj.com\/blog\/","name":"Lajme nga Ulqini","description":"Lajme,Vijesti,Ulqini,Ulqin,Crna Gora,Mali i Zi","potentialAction":[{"@type":"SearchAction","target":{"@type":"EntryPoint","urlTemplate":"https:\/\/www.visit-ulcinj.com\/blog\/?s={search_term_string}"},"query-input":"required name=search_term_string"}],"inLanguage":"en-US"},{"@type":"ImageObject","inLanguage":"en-US","@id":"https:\/\/www.visit-ulcinj.com\/blog\/2009\/04\/12\/produzen-tender-za-valdanos\/#primaryimage","url":"http:\/\/www.visit-ulcinj.com\/blog\/wp-content\/uploads\/2009\/04\/valdanos_ulcinj_crna-gora.jpg","contentUrl":"http:\/\/www.visit-ulcinj.com\/blog\/wp-content\/uploads\/2009\/04\/valdanos_ulcinj_crna-gora.jpg"},{"@type":"WebPage","@id":"https:\/\/www.visit-ulcinj.com\/blog\/2009\/04\/12\/produzen-tender-za-valdanos\/#webpage","url":"https:\/\/www.visit-ulcinj.com\/blog\/2009\/04\/12\/produzen-tender-za-valdanos\/","name":"Produ\u017een tender za Valdanos - Lajme nga Ulqini","isPartOf":{"@id":"https:\/\/www.visit-ulcinj.com\/blog\/#website"},"primaryImageOfPage":{"@id":"https:\/\/www.visit-ulcinj.com\/blog\/2009\/04\/12\/produzen-tender-za-valdanos\/#primaryimage"},"datePublished":"2009-04-12T21:39:27+00:00","dateModified":"2009-04-12T21:39:27+00:00","author":{"@id":"https:\/\/www.visit-ulcinj.com\/blog\/#\/schema\/person\/dcab619c614d3038751c63bc2aadc06d"},"description":"Podgorica -- Rok za dostavljanje ponuda za dugoro?ni zakup turisti?kog kompleksa Valdanos u Crnoj Gori produ\u017een je do 15. aprila ove godine, saop\u0161tila je","breadcrumb":{"@id":"https:\/\/www.visit-ulcinj.com\/blog\/2009\/04\/12\/produzen-tender-za-valdanos\/#breadcrumb"},"inLanguage":"en-US","potentialAction":[{"@type":"ReadAction","target":["https:\/\/www.visit-ulcinj.com\/blog\/2009\/04\/12\/produzen-tender-za-valdanos\/"]}]},{"@type":"BreadcrumbList","@id":"https:\/\/www.visit-ulcinj.com\/blog\/2009\/04\/12\/produzen-tender-za-valdanos\/#breadcrumb","itemListElement":[{"@type":"ListItem","position":1,"name":"Produ\u017een tender za Valdanos"}]},{"@type":"Person","@id":"https:\/\/www.visit-ulcinj.com\/blog\/#\/schema\/person\/dcab619c614d3038751c63bc2aadc06d","name":"ulqini","sameAs":["http:\/\/www.visit-ulcinj.com"],"url":"https:\/\/www.visit-ulcinj.com\/blog\/author\/admin\/"}]}},"jetpack_featured_media_url":"","jetpack_sharing_enabled":true,"jetpack_shortlink":"https:\/\/wp.me\/pe6lTn-4zp","_links":{"self":[{"href":"https:\/\/www.visit-ulcinj.com\/blog\/wp-json\/wp\/v2\/posts\/17571"}],"collection":[{"href":"https:\/\/www.visit-ulcinj.com\/blog\/wp-json\/wp\/v2\/posts"}],"about":[{"href":"https:\/\/www.visit-ulcinj.com\/blog\/wp-json\/wp\/v2\/types\/post"}],"author":[{"embeddable":true,"href":"https:\/\/www.visit-ulcinj.com\/blog\/wp-json\/wp\/v2\/users\/1"}],"replies":[{"embeddable":true,"href":"https:\/\/www.visit-ulcinj.com\/blog\/wp-json\/wp\/v2\/comments?post=17571"}],"version-history":[{"count":0,"href":"https:\/\/www.visit-ulcinj.com\/blog\/wp-json\/wp\/v2\/posts\/17571\/revisions"}],"wp:attachment":[{"href":"https:\/\/www.visit-ulcinj.com\/blog\/wp-json\/wp\/v2\/media?parent=17571"}],"wp:term":[{"taxonomy":"category","embeddable":true,"href":"https:\/\/www.visit-ulcinj.com\/blog\/wp-json\/wp\/v2\/categories?post=17571"},{"taxonomy":"post_tag","embeddable":true,"href":"https:\/\/www.visit-ulcinj.com\/blog\/wp-json\/wp\/v2\/tags?post=17571"}],"curies":[{"name":"wp","href":"https:\/\/api.w.org\/{rel}","templated":true}]}}