{"id":17611,"date":"2009-04-13T12:48:45","date_gmt":"2009-04-13T10:48:45","guid":{"rendered":"http:\/\/www.visit-ulcinj.com\/blog\/?p=17611"},"modified":"2009-04-13T12:48:45","modified_gmt":"2009-04-13T10:48:45","slug":"qetsori-e-kemi-armikun-brenda","status":"publish","type":"post","link":"https:\/\/www.visit-ulcinj.com\/blog\/2009\/04\/13\/qetsori-e-kemi-armikun-brenda\/","title":{"rendered":"Qetsori : E kemi armikun brenda"},"content":{"rendered":"<p><em><span class=\"newsdate\"><a href=\"http:\/\/www.visit-ulcinj.com\/blog\/wp-content\/uploads\/2009\/04\/tanisori-103.jpg\"><img loading=\"lazy\" class=\"alignleft size-full wp-image-17612\" title=\"dritan shehaj dhe qetsori ferunaj big brother albania 2\" src=\"http:\/\/www.visit-ulcinj.com\/blog\/wp-content\/uploads\/2009\/04\/tanisori-103.jpg\" alt=\"dritan shehaj dhe qetsori ferunaj big brother albania 2\" width=\"300\" height=\"205\" \/><\/a>10\/04\/09 10:52<\/span><\/em><\/p>\n<p>Sori shprehet se Adi po u prish shum\u00eb pun\u00eb pasi ende nuk po del n\u00eb loj\u00eb. Ai mendon se Adi ka krijuar nj\u00eb aleanc\u00eb t\u00eb fuqishme duke p\u00ebrdorur si mjet batutat dhe shakat\u00eb e tija. Tani mendon se kjo \u00ebsht\u00eb m\u00ebnyra e t\u00eb luajturit e tij, por Sori ia kthen se p\u00ebr Adin kjo \u00ebsht\u00eb gj\u00eb e mir\u00eb, nd\u00ebrsa p\u00ebr t\u00eb jo dhe se ai me k\u00ebt\u00eb sj\u00ebllje e ka v\u00ebn\u00eb n\u00eb mendime se si t\u2019ia prish\u00eb k\u00ebt\u00eb loj\u00eb. Sori i propozon Tanit q\u00eb t\u00eb dy t\u00eb b\u00ebhen bashk\u00eb e t\u00eb luftojn\u00eb Adin, nd\u00ebrsa Tani ia kthen se lufta ndaj t\u00eb rinjve i duket m\u00eb e duhura p\u00ebr momentin. Ai shton se ata gjithmon\u00eb e kan\u00eb th\u00ebn\u00eb se \u00ebsht\u00eb shpejt q\u00eb t\u00eb p\u00ebrballen me njeri-tjetrin, por Sori thot\u00eb se Adi ende nuk po p\u00ebrballet me asnj\u00eb. Tani e pohon se as atij nuk i p\u00eblqen ky pozicionim i Adit dhe Sori i propozon q\u00eb t\u2019i marrin situatat n\u00ebn kontroll me radh\u00eb; nj\u00ebher\u00eb t\u00eb b\u00ebjn\u00eb si thot\u00eb ai, e pastaj si thot\u00eb Tani. Sori k\u00ebrkon aleanc\u00eb me Tanin, por ky i fundit heziton ta krijoj\u00eb k\u00ebt\u00eb. Sori mundohet t\u2019i mbush\u00eb mendjen se ka q\u00eb mbr\u00ebm\u00eb q\u00eb po e mendon mir\u00eb dhe seriozisht k\u00ebt\u00eb pun\u00eb q\u00eb m\u00eb mir\u00eb t\u00eb luaj\u00eb kund\u00ebr Adit sesa ndonj\u00eb tjetri. Tani mendon t\u00eb kund\u00ebrt\u00ebn se nuk \u00ebsht\u00eb ende momenti p\u00ebr t\u00eb luajtur kund\u00ebr Adit, por kund\u00ebr t\u00eb rinjve. Sori i b\u00ebn nj\u00eb krahasim q\u00eb Tani ta kuptoj\u00eb situat\u00ebn m\u00eb mir\u00eb. Ai i thot\u00eb se t\u00eb rinjt\u00eb jan\u00eb kapur pas Adit p\u00ebr t\u00eb hyr\u00eb mir\u00eb n\u00eb loj\u00eb dhe Adi po luan loj\u00ebn e nj\u00eb dege ku jan\u00eb varur k\u00ebto deg\u00ebzat. \u201cUn\u00eb e kam m\u00eb mir\u00eb t\u2019i bie deg\u00ebs sesa deg\u00ebzave\u201d- sqaron ai. Tani e shikon n\u00eb tjet\u00ebr k\u00ebndv\u00ebshtrim. Ai mendon se Adi \u00ebsht\u00eb afruar me t\u00eb rinjt\u00eb, pasi jan\u00eb fytyra t\u00eb para n\u00eb jet\u00ebn jasht\u00eb sht\u00ebpis\u00eb dhe thjesht po iu jep nj\u00eb mb\u00ebshtetje, sikurse do ta b\u00ebnt\u00eb edhe ai t\u00eb nj\u00ebjt\u00ebn gj\u00eb n\u00ebse i vinin disa banor\u00eb nga Gjirokastra q\u00eb mund t\u00eb mos t\u2019i njihte fare. Sori e sheh aleanc\u00ebn e Adit me banor\u00ebt e rinj si nj\u00eb rrezik duke menduar se ata b\u00ebhen n\u00eb num\u00ebr m\u00eb shum\u00eb se t\u00eb tjer\u00ebt. \u201cFaktori num\u00ebr ndikon n\u00eb loj\u00eb dhe n\u00eb nominime duke q\u00ebn\u00eb n\u00eb disfavor p\u00ebr ne\u201d- mendon ai. Ata fillojn\u00eb t\u00eb diskutojn\u00eb p\u00ebr nominimet dhe eleminimet. Sipas tyre nuk \u00ebsht\u00eb e drejt\u00eb q\u00eb t\u00eb vazhdoj\u00eb t\u00eb dali n\u00eb nominim i nj\u00ebjti person gjithmon\u00eb, si p\u00ebrshembull Aida q\u00eb ka dh\u00ebn\u00eb dicka e duke q\u00ebndruar n\u00eb loj\u00eb persona t\u00eb tjer\u00eb q\u00eb nuk japin asgj\u00eb. Dritani mendon se dhe Moza nuk duhet t\u00eb vazhdoj\u00eb t\u00eb q\u00ebndroj\u00eb vet\u00ebm se ka bukurin\u00eb. Sori ia kthen se p\u00ebr aq koh\u00eb sa ka padrejt\u00ebsi n\u00eb m\u00ebnyr\u00ebn se si e konceptojn\u00eb, nuk mund t\u00eb b\u00ebjn\u00eb asgj\u00eb sepse fundja ata luajn\u00eb, por vendimi i takon t\u00eb tjer\u00ebve. P\u00ebr Moz\u00ebn, Sori mendon se ajo po vjen duke u ngritur n\u00eb k\u00ebt\u00eb loj\u00eb. \u201cUn\u00eb e kuptoj q\u00eb t\u2019i nuk do t\u00eb m\u00eb d\u00ebgjosh sepse mendon se do t\u00eb ndikoj te mendimet e tua, por kjo q\u00eb them, \u00ebsht\u00eb me e drejt\u00eb, sepse armikun e kemi brenda\u201d- p\u00ebrfundon Sori bised\u00ebn me Tanin.<\/p>\n","protected":false},"excerpt":{"rendered":"<p>10\/04\/09 10:52 Sori shprehet se Adi po u prish shum\u00eb pun\u00eb pasi ende nuk po del n\u00eb loj\u00eb. Ai mendon se Adi ka krijuar nj\u00eb aleanc\u00eb t\u00eb fuqishme duke p\u00ebrdorur si mjet batutat dhe shakat\u00eb e tija. Tani mendon se kjo \u00ebsht\u00eb m\u00ebnyra e t\u00eb luajturit e tij, por Sori ia kthen se p\u00ebr Adin [&hellip;]<\/p>\n","protected":false},"author":1,"featured_media":0,"comment_status":"open","ping_status":"closed","sticky":false,"template":"","format":"standard","meta":{"spay_email":"","jetpack_publicize_message":"","jetpack_is_tweetstorm":false,"jetpack_publicize_feature_enabled":true},"categories":[6502],"tags":[5057,6506,6516,6712,7129,6521,9055,8276,6891,6693,6887],"jetpack_publicize_connections":[],"yoast_head":"<!-- This site is optimized with the Yoast SEO plugin v19.1 - https:\/\/yoast.com\/wordpress\/plugins\/seo\/ -->\n<title>Qetsori : E kemi armikun brenda | Big Brother Albania 2<\/title>\n<meta name=\"description\" content=\"Big Brother Albania 2 - Sori shprehet se Adi po u prish shum\u00c3\u00ab pun\u00c3\u00ab pasi ende nuk po del n\u00c3\u00ab loj\u00c3\u00ab. Ai mendon se Adi ka krijuar nj\u00c3\u00ab aleanc\u00c3\u00ab t\u00c3\u00ab fuqishme duke p\u00c3\u00abrdorur si mjet batutat dhe shakat\u00c3\u00ab e tija\" \/>\n<meta name=\"robots\" content=\"index, follow, max-snippet:-1, max-image-preview:large, max-video-preview:-1\" \/>\n<link rel=\"canonical\" href=\"https:\/\/www.visit-ulcinj.com\/blog\/2009\/04\/13\/qetsori-e-kemi-armikun-brenda\/\" \/>\n<meta property=\"og:locale\" content=\"en_US\" \/>\n<meta property=\"og:type\" content=\"article\" \/>\n<meta property=\"og:title\" content=\"Qetsori : E kemi armikun brenda | Big Brother Albania 2\" \/>\n<meta property=\"og:description\" content=\"Big Brother Albania 2 - Sori shprehet se Adi po u prish shum\u00c3\u00ab pun\u00c3\u00ab pasi ende nuk po del n\u00c3\u00ab loj\u00c3\u00ab. Ai mendon se Adi ka krijuar nj\u00c3\u00ab aleanc\u00c3\u00ab t\u00c3\u00ab fuqishme duke p\u00c3\u00abrdorur si mjet batutat dhe shakat\u00c3\u00ab e tija\" \/>\n<meta property=\"og:url\" content=\"https:\/\/www.visit-ulcinj.com\/blog\/2009\/04\/13\/qetsori-e-kemi-armikun-brenda\/\" \/>\n<meta property=\"og:site_name\" content=\"Lajme nga Ulqini\" \/>\n<meta property=\"article:published_time\" content=\"2009-04-13T10:48:45+00:00\" \/>\n<meta property=\"og:image\" content=\"http:\/\/www.visit-ulcinj.com\/blog\/wp-content\/uploads\/2009\/04\/tanisori-103.jpg\" \/>\n<meta name=\"twitter:label1\" content=\"Written by\" \/>\n\t<meta name=\"twitter:data1\" content=\"ulqini\" \/>\n\t<meta name=\"twitter:label2\" content=\"Est. reading time\" \/>\n\t<meta name=\"twitter:data2\" content=\"3 minutes\" \/>\n<script type=\"application\/ld+json\" class=\"yoast-schema-graph\">{\"@context\":\"https:\/\/schema.org\",\"@graph\":[{\"@type\":\"WebSite\",\"@id\":\"https:\/\/www.visit-ulcinj.com\/blog\/#website\",\"url\":\"https:\/\/www.visit-ulcinj.com\/blog\/\",\"name\":\"Lajme nga Ulqini\",\"description\":\"Lajme,Vijesti,Ulqini,Ulqin,Crna Gora,Mali i Zi\",\"potentialAction\":[{\"@type\":\"SearchAction\",\"target\":{\"@type\":\"EntryPoint\",\"urlTemplate\":\"https:\/\/www.visit-ulcinj.com\/blog\/?s={search_term_string}\"},\"query-input\":\"required name=search_term_string\"}],\"inLanguage\":\"en-US\"},{\"@type\":\"ImageObject\",\"inLanguage\":\"en-US\",\"@id\":\"https:\/\/www.visit-ulcinj.com\/blog\/2009\/04\/13\/qetsori-e-kemi-armikun-brenda\/#primaryimage\",\"url\":\"http:\/\/www.visit-ulcinj.com\/blog\/wp-content\/uploads\/2009\/04\/tanisori-103.jpg\",\"contentUrl\":\"http:\/\/www.visit-ulcinj.com\/blog\/wp-content\/uploads\/2009\/04\/tanisori-103.jpg\"},{\"@type\":\"WebPage\",\"@id\":\"https:\/\/www.visit-ulcinj.com\/blog\/2009\/04\/13\/qetsori-e-kemi-armikun-brenda\/#webpage\",\"url\":\"https:\/\/www.visit-ulcinj.com\/blog\/2009\/04\/13\/qetsori-e-kemi-armikun-brenda\/\",\"name\":\"Qetsori : E kemi armikun brenda | Big Brother Albania 2\",\"isPartOf\":{\"@id\":\"https:\/\/www.visit-ulcinj.com\/blog\/#website\"},\"primaryImageOfPage\":{\"@id\":\"https:\/\/www.visit-ulcinj.com\/blog\/2009\/04\/13\/qetsori-e-kemi-armikun-brenda\/#primaryimage\"},\"datePublished\":\"2009-04-13T10:48:45+00:00\",\"dateModified\":\"2009-04-13T10:48:45+00:00\",\"author\":{\"@id\":\"https:\/\/www.visit-ulcinj.com\/blog\/#\/schema\/person\/dcab619c614d3038751c63bc2aadc06d\"},\"description\":\"Big Brother Albania 2 - Sori shprehet se Adi po u prish shum\u00c3\u00ab pun\u00c3\u00ab pasi ende nuk po del n\u00c3\u00ab loj\u00c3\u00ab. Ai mendon se Adi ka krijuar nj\u00c3\u00ab aleanc\u00c3\u00ab t\u00c3\u00ab fuqishme duke p\u00c3\u00abrdorur si mjet batutat dhe shakat\u00c3\u00ab e tija\",\"breadcrumb\":{\"@id\":\"https:\/\/www.visit-ulcinj.com\/blog\/2009\/04\/13\/qetsori-e-kemi-armikun-brenda\/#breadcrumb\"},\"inLanguage\":\"en-US\",\"potentialAction\":[{\"@type\":\"ReadAction\",\"target\":[\"https:\/\/www.visit-ulcinj.com\/blog\/2009\/04\/13\/qetsori-e-kemi-armikun-brenda\/\"]}]},{\"@type\":\"BreadcrumbList\",\"@id\":\"https:\/\/www.visit-ulcinj.com\/blog\/2009\/04\/13\/qetsori-e-kemi-armikun-brenda\/#breadcrumb\",\"itemListElement\":[{\"@type\":\"ListItem\",\"position\":1,\"name\":\"Qetsori : E kemi armikun brenda\"}]},{\"@type\":\"Person\",\"@id\":\"https:\/\/www.visit-ulcinj.com\/blog\/#\/schema\/person\/dcab619c614d3038751c63bc2aadc06d\",\"name\":\"ulqini\",\"sameAs\":[\"http:\/\/www.visit-ulcinj.com\"],\"url\":\"https:\/\/www.visit-ulcinj.com\/blog\/author\/admin\/\"}]}<\/script>\n<!-- \/ Yoast SEO plugin. -->","yoast_head_json":{"title":"Qetsori : E kemi armikun brenda | Big Brother Albania 2","description":"Big Brother Albania 2 - Sori shprehet se Adi po u prish shum\u00c3\u00ab pun\u00c3\u00ab pasi ende nuk po del n\u00c3\u00ab loj\u00c3\u00ab. Ai mendon se Adi ka krijuar nj\u00c3\u00ab aleanc\u00c3\u00ab t\u00c3\u00ab fuqishme duke p\u00c3\u00abrdorur si mjet batutat dhe shakat\u00c3\u00ab e tija","robots":{"index":"index","follow":"follow","max-snippet":"max-snippet:-1","max-image-preview":"max-image-preview:large","max-video-preview":"max-video-preview:-1"},"canonical":"https:\/\/www.visit-ulcinj.com\/blog\/2009\/04\/13\/qetsori-e-kemi-armikun-brenda\/","og_locale":"en_US","og_type":"article","og_title":"Qetsori : E kemi armikun brenda | Big Brother Albania 2","og_description":"Big Brother Albania 2 - Sori shprehet se Adi po u prish shum\u00c3\u00ab pun\u00c3\u00ab pasi ende nuk po del n\u00c3\u00ab loj\u00c3\u00ab. Ai mendon se Adi ka krijuar nj\u00c3\u00ab aleanc\u00c3\u00ab t\u00c3\u00ab fuqishme duke p\u00c3\u00abrdorur si mjet batutat dhe shakat\u00c3\u00ab e tija","og_url":"https:\/\/www.visit-ulcinj.com\/blog\/2009\/04\/13\/qetsori-e-kemi-armikun-brenda\/","og_site_name":"Lajme nga Ulqini","article_published_time":"2009-04-13T10:48:45+00:00","og_image":[{"url":"http:\/\/www.visit-ulcinj.com\/blog\/wp-content\/uploads\/2009\/04\/tanisori-103.jpg"}],"twitter_misc":{"Written by":"ulqini","Est. reading time":"3 minutes"},"schema":{"@context":"https:\/\/schema.org","@graph":[{"@type":"WebSite","@id":"https:\/\/www.visit-ulcinj.com\/blog\/#website","url":"https:\/\/www.visit-ulcinj.com\/blog\/","name":"Lajme nga Ulqini","description":"Lajme,Vijesti,Ulqini,Ulqin,Crna Gora,Mali i Zi","potentialAction":[{"@type":"SearchAction","target":{"@type":"EntryPoint","urlTemplate":"https:\/\/www.visit-ulcinj.com\/blog\/?s={search_term_string}"},"query-input":"required name=search_term_string"}],"inLanguage":"en-US"},{"@type":"ImageObject","inLanguage":"en-US","@id":"https:\/\/www.visit-ulcinj.com\/blog\/2009\/04\/13\/qetsori-e-kemi-armikun-brenda\/#primaryimage","url":"http:\/\/www.visit-ulcinj.com\/blog\/wp-content\/uploads\/2009\/04\/tanisori-103.jpg","contentUrl":"http:\/\/www.visit-ulcinj.com\/blog\/wp-content\/uploads\/2009\/04\/tanisori-103.jpg"},{"@type":"WebPage","@id":"https:\/\/www.visit-ulcinj.com\/blog\/2009\/04\/13\/qetsori-e-kemi-armikun-brenda\/#webpage","url":"https:\/\/www.visit-ulcinj.com\/blog\/2009\/04\/13\/qetsori-e-kemi-armikun-brenda\/","name":"Qetsori : E kemi armikun brenda | Big Brother Albania 2","isPartOf":{"@id":"https:\/\/www.visit-ulcinj.com\/blog\/#website"},"primaryImageOfPage":{"@id":"https:\/\/www.visit-ulcinj.com\/blog\/2009\/04\/13\/qetsori-e-kemi-armikun-brenda\/#primaryimage"},"datePublished":"2009-04-13T10:48:45+00:00","dateModified":"2009-04-13T10:48:45+00:00","author":{"@id":"https:\/\/www.visit-ulcinj.com\/blog\/#\/schema\/person\/dcab619c614d3038751c63bc2aadc06d"},"description":"Big Brother Albania 2 - Sori shprehet se Adi po u prish shum\u00c3\u00ab pun\u00c3\u00ab pasi ende nuk po del n\u00c3\u00ab loj\u00c3\u00ab. Ai mendon se Adi ka krijuar nj\u00c3\u00ab aleanc\u00c3\u00ab t\u00c3\u00ab fuqishme duke p\u00c3\u00abrdorur si mjet batutat dhe shakat\u00c3\u00ab e tija","breadcrumb":{"@id":"https:\/\/www.visit-ulcinj.com\/blog\/2009\/04\/13\/qetsori-e-kemi-armikun-brenda\/#breadcrumb"},"inLanguage":"en-US","potentialAction":[{"@type":"ReadAction","target":["https:\/\/www.visit-ulcinj.com\/blog\/2009\/04\/13\/qetsori-e-kemi-armikun-brenda\/"]}]},{"@type":"BreadcrumbList","@id":"https:\/\/www.visit-ulcinj.com\/blog\/2009\/04\/13\/qetsori-e-kemi-armikun-brenda\/#breadcrumb","itemListElement":[{"@type":"ListItem","position":1,"name":"Qetsori : E kemi armikun brenda"}]},{"@type":"Person","@id":"https:\/\/www.visit-ulcinj.com\/blog\/#\/schema\/person\/dcab619c614d3038751c63bc2aadc06d","name":"ulqini","sameAs":["http:\/\/www.visit-ulcinj.com"],"url":"https:\/\/www.visit-ulcinj.com\/blog\/author\/admin\/"}]}},"jetpack_featured_media_url":"","jetpack_sharing_enabled":true,"jetpack_shortlink":"https:\/\/wp.me\/pe6lTn-4A3","_links":{"self":[{"href":"https:\/\/www.visit-ulcinj.com\/blog\/wp-json\/wp\/v2\/posts\/17611"}],"collection":[{"href":"https:\/\/www.visit-ulcinj.com\/blog\/wp-json\/wp\/v2\/posts"}],"about":[{"href":"https:\/\/www.visit-ulcinj.com\/blog\/wp-json\/wp\/v2\/types\/post"}],"author":[{"embeddable":true,"href":"https:\/\/www.visit-ulcinj.com\/blog\/wp-json\/wp\/v2\/users\/1"}],"replies":[{"embeddable":true,"href":"https:\/\/www.visit-ulcinj.com\/blog\/wp-json\/wp\/v2\/comments?post=17611"}],"version-history":[{"count":0,"href":"https:\/\/www.visit-ulcinj.com\/blog\/wp-json\/wp\/v2\/posts\/17611\/revisions"}],"wp:attachment":[{"href":"https:\/\/www.visit-ulcinj.com\/blog\/wp-json\/wp\/v2\/media?parent=17611"}],"wp:term":[{"taxonomy":"category","embeddable":true,"href":"https:\/\/www.visit-ulcinj.com\/blog\/wp-json\/wp\/v2\/categories?post=17611"},{"taxonomy":"post_tag","embeddable":true,"href":"https:\/\/www.visit-ulcinj.com\/blog\/wp-json\/wp\/v2\/tags?post=17611"}],"curies":[{"name":"wp","href":"https:\/\/api.w.org\/{rel}","templated":true}]}}