{"id":17621,"date":"2009-04-13T12:55:25","date_gmt":"2009-04-13T10:55:25","guid":{"rendered":"http:\/\/www.visit-ulcinj.com\/blog\/?p=17621"},"modified":"2009-04-13T12:55:25","modified_gmt":"2009-04-13T10:55:25","slug":"aida-adela-eshte-me-komplekse","status":"publish","type":"post","link":"https:\/\/www.visit-ulcinj.com\/blog\/2009\/04\/13\/aida-adela-eshte-me-komplekse\/","title":{"rendered":"Aida: Adela \u00ebsht\u00eb me komplekse"},"content":{"rendered":"<p><em><span class=\"newsdate\"><a href=\"http:\/\/www.visit-ulcinj.com\/blog\/wp-content\/uploads\/2009\/04\/ani-dhe-aida.jpg\"><img loading=\"lazy\" class=\"alignleft size-full wp-image-17622\" title=\"ani-dhe-aida-big-brother-albania-2\" src=\"http:\/\/www.visit-ulcinj.com\/blog\/wp-content\/uploads\/2009\/04\/ani-dhe-aida.jpg\" alt=\"ani-dhe-aida-big-brother-albania-2\" width=\"300\" height=\"205\" \/><\/a>10\/04\/09 18:11<\/span><\/em><\/p>\n<p>Aida diskuton me Antoninin p\u00ebr Mimoz\u00ebn . Sipas saj ajo ka ardhur p\u00ebr t\u00eb p\u00ebrfaq\u00ebsuar mosh\u00ebn e saj, dhe do sillet si e till\u00eb. Ajo thot\u00eb:-\u201cLufta q\u00eb u b\u00eb p\u00ebr t\u00eb hapur debat ishte p\u00ebr t\u00eb provokuar Mimoz\u00ebn, n\u00ebse ajo do fliste ose jo!\u201d Aida thot\u00eb q\u00eb duke ditur q\u00eb Mimoza nuk merr pjes\u00eb n\u00eb debate, fakti q\u00eb e hap nj\u00eb debat duke e ditur k\u00ebt\u00eb gj\u00eb, do t\u00eb thot\u00eb q\u00eb b\u00ebhet me q\u00ebllim. Ajo fillon diskuton p\u00ebr Adelajd\u00ebn duke th\u00ebn\u00eb:-\u201cKjo q\u00eb thot\u00eb q\u00eb e ka shoqe! Un\u00eb e kam m\u00eb pak se ajo, dhe nuk e l\u00eb njeri ta ngacmoj\u00eb!\u201d Antonini e pyet n\u00eb lidhje me debatin e Arit me Adelajd\u00ebn. Ajo thot\u00eb:-\u201cNjer\u00ebz me komplekse. B\u00ebn si lule mos m\u00eb prek!\u201d<\/p>\n","protected":false},"excerpt":{"rendered":"<p>10\/04\/09 18:11 Aida diskuton me Antoninin p\u00ebr Mimoz\u00ebn . Sipas saj ajo ka ardhur p\u00ebr t\u00eb p\u00ebrfaq\u00ebsuar mosh\u00ebn e saj, dhe do sillet si e till\u00eb. Ajo thot\u00eb:-\u201cLufta q\u00eb u b\u00eb p\u00ebr t\u00eb hapur debat ishte p\u00ebr t\u00eb provokuar Mimoz\u00ebn, n\u00ebse ajo do fliste ose jo!\u201d Aida thot\u00eb q\u00eb duke ditur q\u00eb Mimoza nuk merr [&hellip;]<\/p>\n","protected":false},"author":1,"featured_media":0,"comment_status":"open","ping_status":"closed","sticky":false,"template":"","format":"standard","meta":{"spay_email":"","jetpack_publicize_message":"","jetpack_is_tweetstorm":false,"jetpack_publicize_feature_enabled":true},"categories":[6502],"tags":[6537,8290,8303,5057,6506,6516,6712,7129,6891,6693,6887],"jetpack_publicize_connections":[],"yoast_head":"<!-- This site is optimized with the Yoast SEO plugin v19.1 - https:\/\/yoast.com\/wordpress\/plugins\/seo\/ -->\n<title>Aida: Adela \u00c3\u00absht\u00c3\u00ab me komplekse | Big Brother Albania 2<\/title>\n<meta name=\"description\" content=\"Big Brother Albania 2 - Aida diskuton me Antoninin p\u00c3\u00abr Mimoz\u00c3\u00abn . Sipas saj ajo ka ardhur p\u00c3\u00abr t\u00c3\u00ab p\u00c3\u00abrfaq\u00c3\u00absuar mosh\u00c3\u00abn e saj, dhe do sillet si e till\u00c3\u00ab.\" \/>\n<meta name=\"robots\" content=\"index, follow, max-snippet:-1, max-image-preview:large, max-video-preview:-1\" \/>\n<link rel=\"canonical\" href=\"https:\/\/www.visit-ulcinj.com\/blog\/2009\/04\/13\/aida-adela-eshte-me-komplekse\/\" \/>\n<meta property=\"og:locale\" content=\"en_US\" \/>\n<meta property=\"og:type\" content=\"article\" \/>\n<meta property=\"og:title\" content=\"Aida: Adela \u00c3\u00absht\u00c3\u00ab me komplekse | Big Brother Albania 2\" \/>\n<meta property=\"og:description\" content=\"Big Brother Albania 2 - Aida diskuton me Antoninin p\u00c3\u00abr Mimoz\u00c3\u00abn . Sipas saj ajo ka ardhur p\u00c3\u00abr t\u00c3\u00ab p\u00c3\u00abrfaq\u00c3\u00absuar mosh\u00c3\u00abn e saj, dhe do sillet si e till\u00c3\u00ab.\" \/>\n<meta property=\"og:url\" content=\"https:\/\/www.visit-ulcinj.com\/blog\/2009\/04\/13\/aida-adela-eshte-me-komplekse\/\" \/>\n<meta property=\"og:site_name\" content=\"Lajme nga Ulqini\" \/>\n<meta property=\"article:published_time\" content=\"2009-04-13T10:55:25+00:00\" \/>\n<meta property=\"og:image\" content=\"http:\/\/www.visit-ulcinj.com\/blog\/wp-content\/uploads\/2009\/04\/ani-dhe-aida.jpg\" \/>\n<meta name=\"twitter:label1\" content=\"Written by\" \/>\n\t<meta name=\"twitter:data1\" content=\"ulqini\" \/>\n\t<meta name=\"twitter:label2\" content=\"Est. reading time\" \/>\n\t<meta name=\"twitter:data2\" content=\"1 minute\" \/>\n<script type=\"application\/ld+json\" class=\"yoast-schema-graph\">{\"@context\":\"https:\/\/schema.org\",\"@graph\":[{\"@type\":\"WebSite\",\"@id\":\"https:\/\/www.visit-ulcinj.com\/blog\/#website\",\"url\":\"https:\/\/www.visit-ulcinj.com\/blog\/\",\"name\":\"Lajme nga Ulqini\",\"description\":\"Lajme,Vijesti,Ulqini,Ulqin,Crna Gora,Mali i Zi\",\"potentialAction\":[{\"@type\":\"SearchAction\",\"target\":{\"@type\":\"EntryPoint\",\"urlTemplate\":\"https:\/\/www.visit-ulcinj.com\/blog\/?s={search_term_string}\"},\"query-input\":\"required name=search_term_string\"}],\"inLanguage\":\"en-US\"},{\"@type\":\"ImageObject\",\"inLanguage\":\"en-US\",\"@id\":\"https:\/\/www.visit-ulcinj.com\/blog\/2009\/04\/13\/aida-adela-eshte-me-komplekse\/#primaryimage\",\"url\":\"http:\/\/www.visit-ulcinj.com\/blog\/wp-content\/uploads\/2009\/04\/ani-dhe-aida.jpg\",\"contentUrl\":\"http:\/\/www.visit-ulcinj.com\/blog\/wp-content\/uploads\/2009\/04\/ani-dhe-aida.jpg\"},{\"@type\":\"WebPage\",\"@id\":\"https:\/\/www.visit-ulcinj.com\/blog\/2009\/04\/13\/aida-adela-eshte-me-komplekse\/#webpage\",\"url\":\"https:\/\/www.visit-ulcinj.com\/blog\/2009\/04\/13\/aida-adela-eshte-me-komplekse\/\",\"name\":\"Aida: Adela \u00c3\u00absht\u00c3\u00ab me komplekse | Big Brother Albania 2\",\"isPartOf\":{\"@id\":\"https:\/\/www.visit-ulcinj.com\/blog\/#website\"},\"primaryImageOfPage\":{\"@id\":\"https:\/\/www.visit-ulcinj.com\/blog\/2009\/04\/13\/aida-adela-eshte-me-komplekse\/#primaryimage\"},\"datePublished\":\"2009-04-13T10:55:25+00:00\",\"dateModified\":\"2009-04-13T10:55:25+00:00\",\"author\":{\"@id\":\"https:\/\/www.visit-ulcinj.com\/blog\/#\/schema\/person\/dcab619c614d3038751c63bc2aadc06d\"},\"description\":\"Big Brother Albania 2 - Aida diskuton me Antoninin p\u00c3\u00abr Mimoz\u00c3\u00abn . Sipas saj ajo ka ardhur p\u00c3\u00abr t\u00c3\u00ab p\u00c3\u00abrfaq\u00c3\u00absuar mosh\u00c3\u00abn e saj, dhe do sillet si e till\u00c3\u00ab.\",\"breadcrumb\":{\"@id\":\"https:\/\/www.visit-ulcinj.com\/blog\/2009\/04\/13\/aida-adela-eshte-me-komplekse\/#breadcrumb\"},\"inLanguage\":\"en-US\",\"potentialAction\":[{\"@type\":\"ReadAction\",\"target\":[\"https:\/\/www.visit-ulcinj.com\/blog\/2009\/04\/13\/aida-adela-eshte-me-komplekse\/\"]}]},{\"@type\":\"BreadcrumbList\",\"@id\":\"https:\/\/www.visit-ulcinj.com\/blog\/2009\/04\/13\/aida-adela-eshte-me-komplekse\/#breadcrumb\",\"itemListElement\":[{\"@type\":\"ListItem\",\"position\":1,\"name\":\"Aida: Adela \u00ebsht\u00eb me komplekse\"}]},{\"@type\":\"Person\",\"@id\":\"https:\/\/www.visit-ulcinj.com\/blog\/#\/schema\/person\/dcab619c614d3038751c63bc2aadc06d\",\"name\":\"ulqini\",\"sameAs\":[\"http:\/\/www.visit-ulcinj.com\"],\"url\":\"https:\/\/www.visit-ulcinj.com\/blog\/author\/admin\/\"}]}<\/script>\n<!-- \/ Yoast SEO plugin. -->","yoast_head_json":{"title":"Aida: Adela \u00c3\u00absht\u00c3\u00ab me komplekse | Big Brother Albania 2","description":"Big Brother Albania 2 - Aida diskuton me Antoninin p\u00c3\u00abr Mimoz\u00c3\u00abn . Sipas saj ajo ka ardhur p\u00c3\u00abr t\u00c3\u00ab p\u00c3\u00abrfaq\u00c3\u00absuar mosh\u00c3\u00abn e saj, dhe do sillet si e till\u00c3\u00ab.","robots":{"index":"index","follow":"follow","max-snippet":"max-snippet:-1","max-image-preview":"max-image-preview:large","max-video-preview":"max-video-preview:-1"},"canonical":"https:\/\/www.visit-ulcinj.com\/blog\/2009\/04\/13\/aida-adela-eshte-me-komplekse\/","og_locale":"en_US","og_type":"article","og_title":"Aida: Adela \u00c3\u00absht\u00c3\u00ab me komplekse | Big Brother Albania 2","og_description":"Big Brother Albania 2 - Aida diskuton me Antoninin p\u00c3\u00abr Mimoz\u00c3\u00abn . Sipas saj ajo ka ardhur p\u00c3\u00abr t\u00c3\u00ab p\u00c3\u00abrfaq\u00c3\u00absuar mosh\u00c3\u00abn e saj, dhe do sillet si e till\u00c3\u00ab.","og_url":"https:\/\/www.visit-ulcinj.com\/blog\/2009\/04\/13\/aida-adela-eshte-me-komplekse\/","og_site_name":"Lajme nga Ulqini","article_published_time":"2009-04-13T10:55:25+00:00","og_image":[{"url":"http:\/\/www.visit-ulcinj.com\/blog\/wp-content\/uploads\/2009\/04\/ani-dhe-aida.jpg"}],"twitter_misc":{"Written by":"ulqini","Est. reading time":"1 minute"},"schema":{"@context":"https:\/\/schema.org","@graph":[{"@type":"WebSite","@id":"https:\/\/www.visit-ulcinj.com\/blog\/#website","url":"https:\/\/www.visit-ulcinj.com\/blog\/","name":"Lajme nga Ulqini","description":"Lajme,Vijesti,Ulqini,Ulqin,Crna Gora,Mali i Zi","potentialAction":[{"@type":"SearchAction","target":{"@type":"EntryPoint","urlTemplate":"https:\/\/www.visit-ulcinj.com\/blog\/?s={search_term_string}"},"query-input":"required name=search_term_string"}],"inLanguage":"en-US"},{"@type":"ImageObject","inLanguage":"en-US","@id":"https:\/\/www.visit-ulcinj.com\/blog\/2009\/04\/13\/aida-adela-eshte-me-komplekse\/#primaryimage","url":"http:\/\/www.visit-ulcinj.com\/blog\/wp-content\/uploads\/2009\/04\/ani-dhe-aida.jpg","contentUrl":"http:\/\/www.visit-ulcinj.com\/blog\/wp-content\/uploads\/2009\/04\/ani-dhe-aida.jpg"},{"@type":"WebPage","@id":"https:\/\/www.visit-ulcinj.com\/blog\/2009\/04\/13\/aida-adela-eshte-me-komplekse\/#webpage","url":"https:\/\/www.visit-ulcinj.com\/blog\/2009\/04\/13\/aida-adela-eshte-me-komplekse\/","name":"Aida: Adela \u00c3\u00absht\u00c3\u00ab me komplekse | Big Brother Albania 2","isPartOf":{"@id":"https:\/\/www.visit-ulcinj.com\/blog\/#website"},"primaryImageOfPage":{"@id":"https:\/\/www.visit-ulcinj.com\/blog\/2009\/04\/13\/aida-adela-eshte-me-komplekse\/#primaryimage"},"datePublished":"2009-04-13T10:55:25+00:00","dateModified":"2009-04-13T10:55:25+00:00","author":{"@id":"https:\/\/www.visit-ulcinj.com\/blog\/#\/schema\/person\/dcab619c614d3038751c63bc2aadc06d"},"description":"Big Brother Albania 2 - Aida diskuton me Antoninin p\u00c3\u00abr Mimoz\u00c3\u00abn . Sipas saj ajo ka ardhur p\u00c3\u00abr t\u00c3\u00ab p\u00c3\u00abrfaq\u00c3\u00absuar mosh\u00c3\u00abn e saj, dhe do sillet si e till\u00c3\u00ab.","breadcrumb":{"@id":"https:\/\/www.visit-ulcinj.com\/blog\/2009\/04\/13\/aida-adela-eshte-me-komplekse\/#breadcrumb"},"inLanguage":"en-US","potentialAction":[{"@type":"ReadAction","target":["https:\/\/www.visit-ulcinj.com\/blog\/2009\/04\/13\/aida-adela-eshte-me-komplekse\/"]}]},{"@type":"BreadcrumbList","@id":"https:\/\/www.visit-ulcinj.com\/blog\/2009\/04\/13\/aida-adela-eshte-me-komplekse\/#breadcrumb","itemListElement":[{"@type":"ListItem","position":1,"name":"Aida: Adela \u00ebsht\u00eb me komplekse"}]},{"@type":"Person","@id":"https:\/\/www.visit-ulcinj.com\/blog\/#\/schema\/person\/dcab619c614d3038751c63bc2aadc06d","name":"ulqini","sameAs":["http:\/\/www.visit-ulcinj.com"],"url":"https:\/\/www.visit-ulcinj.com\/blog\/author\/admin\/"}]}},"jetpack_featured_media_url":"","jetpack_sharing_enabled":true,"jetpack_shortlink":"https:\/\/wp.me\/pe6lTn-4Ad","_links":{"self":[{"href":"https:\/\/www.visit-ulcinj.com\/blog\/wp-json\/wp\/v2\/posts\/17621"}],"collection":[{"href":"https:\/\/www.visit-ulcinj.com\/blog\/wp-json\/wp\/v2\/posts"}],"about":[{"href":"https:\/\/www.visit-ulcinj.com\/blog\/wp-json\/wp\/v2\/types\/post"}],"author":[{"embeddable":true,"href":"https:\/\/www.visit-ulcinj.com\/blog\/wp-json\/wp\/v2\/users\/1"}],"replies":[{"embeddable":true,"href":"https:\/\/www.visit-ulcinj.com\/blog\/wp-json\/wp\/v2\/comments?post=17621"}],"version-history":[{"count":0,"href":"https:\/\/www.visit-ulcinj.com\/blog\/wp-json\/wp\/v2\/posts\/17621\/revisions"}],"wp:attachment":[{"href":"https:\/\/www.visit-ulcinj.com\/blog\/wp-json\/wp\/v2\/media?parent=17621"}],"wp:term":[{"taxonomy":"category","embeddable":true,"href":"https:\/\/www.visit-ulcinj.com\/blog\/wp-json\/wp\/v2\/categories?post=17621"},{"taxonomy":"post_tag","embeddable":true,"href":"https:\/\/www.visit-ulcinj.com\/blog\/wp-json\/wp\/v2\/tags?post=17621"}],"curies":[{"name":"wp","href":"https:\/\/api.w.org\/{rel}","templated":true}]}}