{"id":17628,"date":"2009-04-13T13:01:08","date_gmt":"2009-04-13T11:01:08","guid":{"rendered":"http:\/\/www.visit-ulcinj.com\/blog\/?p=17628"},"modified":"2009-04-13T13:01:08","modified_gmt":"2009-04-13T11:01:08","slug":"bjordi-sori-nuk-me-kuptoj","status":"publish","type":"post","link":"https:\/\/www.visit-ulcinj.com\/blog\/2009\/04\/13\/bjordi-sori-nuk-me-kuptoj\/","title":{"rendered":"Bjordi: Sori nuk m\u00eb kuptoj"},"content":{"rendered":"<p><em><span class=\"newsdate\"><a href=\"http:\/\/www.visit-ulcinj.com\/blog\/wp-content\/uploads\/2009\/04\/adela-bjordi-per-sorin.jpg\"><img loading=\"lazy\" class=\"alignleft size-full wp-image-17629\" title=\"adela-bjordi-per-sorin-big-brother-albania-2\" src=\"http:\/\/www.visit-ulcinj.com\/blog\/wp-content\/uploads\/2009\/04\/adela-bjordi-per-sorin.jpg\" alt=\"adela-bjordi-per-sorin-big-brother-albania-2\" width=\"300\" height=\"205\" \/><\/a>11\/04\/09 00:40<\/span><\/em><\/p>\n<p>Adela i thot\u00eb Bjordit se u soll gabim me Sorin dhe n\u00ebse deri tani kishte inate, sot mund t\u00eb ket\u00eb krijuar armiq\u00ebsi. Ajo mendon se nuk duhet q\u00eb p\u00ebr nj\u00eb loj\u00eb, t\u00eb krijohen t\u00eb tilla relata me njer\u00ebzit si armiq\u00ebsi apo urrejtje. Bjordi i thot\u00eb se nuk kishte faj n\u00eb k\u00ebt\u00eb mes sepse tha dicka q\u00eb Sori e mori tjet\u00ebr p\u00ebr tjet\u00ebr e n\u00eb vend q\u00eb ta pyeste p\u00ebr kuptimin, iu kund\u00ebrvu. \u201cUn\u00eb e thash\u00eb p\u00ebr veten time, e jo p\u00ebr t\u00eb tjer\u00ebt\u201d- shprehet ai. Ai tregon se i kishte th\u00ebn\u00eb Sorit q\u00eb t\u00eb mos e merrte n\u00eb t\u00eb till\u00eb m\u00ebnyr\u00eb, por ta kuptonte si po ia thoshte, nd\u00ebrsa Sori ia kishte kthyer se ai e kuptonte si t\u00eb donte.<\/p>\n","protected":false},"excerpt":{"rendered":"<p>11\/04\/09 00:40 Adela i thot\u00eb Bjordit se u soll gabim me Sorin dhe n\u00ebse deri tani kishte inate, sot mund t\u00eb ket\u00eb krijuar armiq\u00ebsi. Ajo mendon se nuk duhet q\u00eb p\u00ebr nj\u00eb loj\u00eb, t\u00eb krijohen t\u00eb tilla relata me njer\u00ebzit si armiq\u00ebsi apo urrejtje. Bjordi i thot\u00eb se nuk kishte faj n\u00eb k\u00ebt\u00eb mes sepse [&hellip;]<\/p>\n","protected":false},"author":1,"featured_media":0,"comment_status":"open","ping_status":"closed","sticky":false,"template":"","format":"standard","meta":{"spay_email":"","jetpack_publicize_message":"","jetpack_is_tweetstorm":false,"jetpack_publicize_feature_enabled":true},"categories":[6502],"tags":[6529,5057,6506,6516,6712,7129,6522,6891,6693,6887],"jetpack_publicize_connections":[],"yoast_head":"<!-- This site is optimized with the Yoast SEO plugin v19.1 - https:\/\/yoast.com\/wordpress\/plugins\/seo\/ -->\n<title>Bjordi: Sori nuk m\u00c3\u00ab kuptoj | Big Brother Albania 2<\/title>\n<meta name=\"description\" content=\"Big Brother Albania 2 - Adela i thot\u00c3\u00ab Bjordit se u soll gabim me Sorin dhe n\u00c3\u00abse deri tani kishte inate, sot mund t\u00c3\u00ab ket\u00c3\u00ab krijuar armiq\u00c3\u00absi. Ajo mendon se nuk duhet q\u00c3\u00ab p\u00c3\u00abr nj\u00c3\u00ab loj\u00c3\u00ab\" \/>\n<meta name=\"robots\" content=\"index, follow, max-snippet:-1, max-image-preview:large, max-video-preview:-1\" \/>\n<link rel=\"canonical\" href=\"https:\/\/www.visit-ulcinj.com\/blog\/2009\/04\/13\/bjordi-sori-nuk-me-kuptoj\/\" \/>\n<meta property=\"og:locale\" content=\"en_US\" \/>\n<meta property=\"og:type\" content=\"article\" \/>\n<meta property=\"og:title\" content=\"Bjordi: Sori nuk m\u00c3\u00ab kuptoj | Big Brother Albania 2\" \/>\n<meta property=\"og:description\" content=\"Big Brother Albania 2 - Adela i thot\u00c3\u00ab Bjordit se u soll gabim me Sorin dhe n\u00c3\u00abse deri tani kishte inate, sot mund t\u00c3\u00ab ket\u00c3\u00ab krijuar armiq\u00c3\u00absi. Ajo mendon se nuk duhet q\u00c3\u00ab p\u00c3\u00abr nj\u00c3\u00ab loj\u00c3\u00ab\" \/>\n<meta property=\"og:url\" content=\"https:\/\/www.visit-ulcinj.com\/blog\/2009\/04\/13\/bjordi-sori-nuk-me-kuptoj\/\" \/>\n<meta property=\"og:site_name\" content=\"Lajme nga Ulqini\" \/>\n<meta property=\"article:published_time\" content=\"2009-04-13T11:01:08+00:00\" \/>\n<meta property=\"og:image\" content=\"http:\/\/www.visit-ulcinj.com\/blog\/wp-content\/uploads\/2009\/04\/adela-bjordi-per-sorin.jpg\" \/>\n<meta name=\"twitter:label1\" content=\"Written by\" \/>\n\t<meta name=\"twitter:data1\" content=\"ulqini\" \/>\n\t<meta name=\"twitter:label2\" content=\"Est. reading time\" \/>\n\t<meta name=\"twitter:data2\" content=\"1 minute\" \/>\n<script type=\"application\/ld+json\" class=\"yoast-schema-graph\">{\"@context\":\"https:\/\/schema.org\",\"@graph\":[{\"@type\":\"WebSite\",\"@id\":\"https:\/\/www.visit-ulcinj.com\/blog\/#website\",\"url\":\"https:\/\/www.visit-ulcinj.com\/blog\/\",\"name\":\"Lajme nga Ulqini\",\"description\":\"Lajme,Vijesti,Ulqini,Ulqin,Crna Gora,Mali i Zi\",\"potentialAction\":[{\"@type\":\"SearchAction\",\"target\":{\"@type\":\"EntryPoint\",\"urlTemplate\":\"https:\/\/www.visit-ulcinj.com\/blog\/?s={search_term_string}\"},\"query-input\":\"required name=search_term_string\"}],\"inLanguage\":\"en-US\"},{\"@type\":\"ImageObject\",\"inLanguage\":\"en-US\",\"@id\":\"https:\/\/www.visit-ulcinj.com\/blog\/2009\/04\/13\/bjordi-sori-nuk-me-kuptoj\/#primaryimage\",\"url\":\"http:\/\/www.visit-ulcinj.com\/blog\/wp-content\/uploads\/2009\/04\/adela-bjordi-per-sorin.jpg\",\"contentUrl\":\"http:\/\/www.visit-ulcinj.com\/blog\/wp-content\/uploads\/2009\/04\/adela-bjordi-per-sorin.jpg\"},{\"@type\":\"WebPage\",\"@id\":\"https:\/\/www.visit-ulcinj.com\/blog\/2009\/04\/13\/bjordi-sori-nuk-me-kuptoj\/#webpage\",\"url\":\"https:\/\/www.visit-ulcinj.com\/blog\/2009\/04\/13\/bjordi-sori-nuk-me-kuptoj\/\",\"name\":\"Bjordi: Sori nuk m\u00c3\u00ab kuptoj | Big Brother Albania 2\",\"isPartOf\":{\"@id\":\"https:\/\/www.visit-ulcinj.com\/blog\/#website\"},\"primaryImageOfPage\":{\"@id\":\"https:\/\/www.visit-ulcinj.com\/blog\/2009\/04\/13\/bjordi-sori-nuk-me-kuptoj\/#primaryimage\"},\"datePublished\":\"2009-04-13T11:01:08+00:00\",\"dateModified\":\"2009-04-13T11:01:08+00:00\",\"author\":{\"@id\":\"https:\/\/www.visit-ulcinj.com\/blog\/#\/schema\/person\/dcab619c614d3038751c63bc2aadc06d\"},\"description\":\"Big Brother Albania 2 - Adela i thot\u00c3\u00ab Bjordit se u soll gabim me Sorin dhe n\u00c3\u00abse deri tani kishte inate, sot mund t\u00c3\u00ab ket\u00c3\u00ab krijuar armiq\u00c3\u00absi. Ajo mendon se nuk duhet q\u00c3\u00ab p\u00c3\u00abr nj\u00c3\u00ab loj\u00c3\u00ab\",\"breadcrumb\":{\"@id\":\"https:\/\/www.visit-ulcinj.com\/blog\/2009\/04\/13\/bjordi-sori-nuk-me-kuptoj\/#breadcrumb\"},\"inLanguage\":\"en-US\",\"potentialAction\":[{\"@type\":\"ReadAction\",\"target\":[\"https:\/\/www.visit-ulcinj.com\/blog\/2009\/04\/13\/bjordi-sori-nuk-me-kuptoj\/\"]}]},{\"@type\":\"BreadcrumbList\",\"@id\":\"https:\/\/www.visit-ulcinj.com\/blog\/2009\/04\/13\/bjordi-sori-nuk-me-kuptoj\/#breadcrumb\",\"itemListElement\":[{\"@type\":\"ListItem\",\"position\":1,\"name\":\"Bjordi: Sori nuk m\u00eb kuptoj\"}]},{\"@type\":\"Person\",\"@id\":\"https:\/\/www.visit-ulcinj.com\/blog\/#\/schema\/person\/dcab619c614d3038751c63bc2aadc06d\",\"name\":\"ulqini\",\"sameAs\":[\"http:\/\/www.visit-ulcinj.com\"],\"url\":\"https:\/\/www.visit-ulcinj.com\/blog\/author\/admin\/\"}]}<\/script>\n<!-- \/ Yoast SEO plugin. -->","yoast_head_json":{"title":"Bjordi: Sori nuk m\u00c3\u00ab kuptoj | Big Brother Albania 2","description":"Big Brother Albania 2 - Adela i thot\u00c3\u00ab Bjordit se u soll gabim me Sorin dhe n\u00c3\u00abse deri tani kishte inate, sot mund t\u00c3\u00ab ket\u00c3\u00ab krijuar armiq\u00c3\u00absi. Ajo mendon se nuk duhet q\u00c3\u00ab p\u00c3\u00abr nj\u00c3\u00ab loj\u00c3\u00ab","robots":{"index":"index","follow":"follow","max-snippet":"max-snippet:-1","max-image-preview":"max-image-preview:large","max-video-preview":"max-video-preview:-1"},"canonical":"https:\/\/www.visit-ulcinj.com\/blog\/2009\/04\/13\/bjordi-sori-nuk-me-kuptoj\/","og_locale":"en_US","og_type":"article","og_title":"Bjordi: Sori nuk m\u00c3\u00ab kuptoj | Big Brother Albania 2","og_description":"Big Brother Albania 2 - Adela i thot\u00c3\u00ab Bjordit se u soll gabim me Sorin dhe n\u00c3\u00abse deri tani kishte inate, sot mund t\u00c3\u00ab ket\u00c3\u00ab krijuar armiq\u00c3\u00absi. Ajo mendon se nuk duhet q\u00c3\u00ab p\u00c3\u00abr nj\u00c3\u00ab loj\u00c3\u00ab","og_url":"https:\/\/www.visit-ulcinj.com\/blog\/2009\/04\/13\/bjordi-sori-nuk-me-kuptoj\/","og_site_name":"Lajme nga Ulqini","article_published_time":"2009-04-13T11:01:08+00:00","og_image":[{"url":"http:\/\/www.visit-ulcinj.com\/blog\/wp-content\/uploads\/2009\/04\/adela-bjordi-per-sorin.jpg"}],"twitter_misc":{"Written by":"ulqini","Est. reading time":"1 minute"},"schema":{"@context":"https:\/\/schema.org","@graph":[{"@type":"WebSite","@id":"https:\/\/www.visit-ulcinj.com\/blog\/#website","url":"https:\/\/www.visit-ulcinj.com\/blog\/","name":"Lajme nga Ulqini","description":"Lajme,Vijesti,Ulqini,Ulqin,Crna Gora,Mali i Zi","potentialAction":[{"@type":"SearchAction","target":{"@type":"EntryPoint","urlTemplate":"https:\/\/www.visit-ulcinj.com\/blog\/?s={search_term_string}"},"query-input":"required name=search_term_string"}],"inLanguage":"en-US"},{"@type":"ImageObject","inLanguage":"en-US","@id":"https:\/\/www.visit-ulcinj.com\/blog\/2009\/04\/13\/bjordi-sori-nuk-me-kuptoj\/#primaryimage","url":"http:\/\/www.visit-ulcinj.com\/blog\/wp-content\/uploads\/2009\/04\/adela-bjordi-per-sorin.jpg","contentUrl":"http:\/\/www.visit-ulcinj.com\/blog\/wp-content\/uploads\/2009\/04\/adela-bjordi-per-sorin.jpg"},{"@type":"WebPage","@id":"https:\/\/www.visit-ulcinj.com\/blog\/2009\/04\/13\/bjordi-sori-nuk-me-kuptoj\/#webpage","url":"https:\/\/www.visit-ulcinj.com\/blog\/2009\/04\/13\/bjordi-sori-nuk-me-kuptoj\/","name":"Bjordi: Sori nuk m\u00c3\u00ab kuptoj | Big Brother Albania 2","isPartOf":{"@id":"https:\/\/www.visit-ulcinj.com\/blog\/#website"},"primaryImageOfPage":{"@id":"https:\/\/www.visit-ulcinj.com\/blog\/2009\/04\/13\/bjordi-sori-nuk-me-kuptoj\/#primaryimage"},"datePublished":"2009-04-13T11:01:08+00:00","dateModified":"2009-04-13T11:01:08+00:00","author":{"@id":"https:\/\/www.visit-ulcinj.com\/blog\/#\/schema\/person\/dcab619c614d3038751c63bc2aadc06d"},"description":"Big Brother Albania 2 - Adela i thot\u00c3\u00ab Bjordit se u soll gabim me Sorin dhe n\u00c3\u00abse deri tani kishte inate, sot mund t\u00c3\u00ab ket\u00c3\u00ab krijuar armiq\u00c3\u00absi. Ajo mendon se nuk duhet q\u00c3\u00ab p\u00c3\u00abr nj\u00c3\u00ab loj\u00c3\u00ab","breadcrumb":{"@id":"https:\/\/www.visit-ulcinj.com\/blog\/2009\/04\/13\/bjordi-sori-nuk-me-kuptoj\/#breadcrumb"},"inLanguage":"en-US","potentialAction":[{"@type":"ReadAction","target":["https:\/\/www.visit-ulcinj.com\/blog\/2009\/04\/13\/bjordi-sori-nuk-me-kuptoj\/"]}]},{"@type":"BreadcrumbList","@id":"https:\/\/www.visit-ulcinj.com\/blog\/2009\/04\/13\/bjordi-sori-nuk-me-kuptoj\/#breadcrumb","itemListElement":[{"@type":"ListItem","position":1,"name":"Bjordi: Sori nuk m\u00eb kuptoj"}]},{"@type":"Person","@id":"https:\/\/www.visit-ulcinj.com\/blog\/#\/schema\/person\/dcab619c614d3038751c63bc2aadc06d","name":"ulqini","sameAs":["http:\/\/www.visit-ulcinj.com"],"url":"https:\/\/www.visit-ulcinj.com\/blog\/author\/admin\/"}]}},"jetpack_featured_media_url":"","jetpack_sharing_enabled":true,"jetpack_shortlink":"https:\/\/wp.me\/pe6lTn-4Ak","_links":{"self":[{"href":"https:\/\/www.visit-ulcinj.com\/blog\/wp-json\/wp\/v2\/posts\/17628"}],"collection":[{"href":"https:\/\/www.visit-ulcinj.com\/blog\/wp-json\/wp\/v2\/posts"}],"about":[{"href":"https:\/\/www.visit-ulcinj.com\/blog\/wp-json\/wp\/v2\/types\/post"}],"author":[{"embeddable":true,"href":"https:\/\/www.visit-ulcinj.com\/blog\/wp-json\/wp\/v2\/users\/1"}],"replies":[{"embeddable":true,"href":"https:\/\/www.visit-ulcinj.com\/blog\/wp-json\/wp\/v2\/comments?post=17628"}],"version-history":[{"count":0,"href":"https:\/\/www.visit-ulcinj.com\/blog\/wp-json\/wp\/v2\/posts\/17628\/revisions"}],"wp:attachment":[{"href":"https:\/\/www.visit-ulcinj.com\/blog\/wp-json\/wp\/v2\/media?parent=17628"}],"wp:term":[{"taxonomy":"category","embeddable":true,"href":"https:\/\/www.visit-ulcinj.com\/blog\/wp-json\/wp\/v2\/categories?post=17628"},{"taxonomy":"post_tag","embeddable":true,"href":"https:\/\/www.visit-ulcinj.com\/blog\/wp-json\/wp\/v2\/tags?post=17628"}],"curies":[{"name":"wp","href":"https:\/\/api.w.org\/{rel}","templated":true}]}}