{"id":17641,"date":"2009-04-13T13:11:24","date_gmt":"2009-04-13T11:11:24","guid":{"rendered":"http:\/\/www.visit-ulcinj.com\/blog\/?p=17641"},"modified":"2009-04-13T13:11:24","modified_gmt":"2009-04-13T11:11:24","slug":"adela-nuk-dua-qe-te-dalesh","status":"publish","type":"post","link":"https:\/\/www.visit-ulcinj.com\/blog\/2009\/04\/13\/adela-nuk-dua-qe-te-dalesh\/","title":{"rendered":"Adela : Nuk dua q\u00eb t\u00eb dal\u00ebsh"},"content":{"rendered":"<p><em><a href=\"http:\/\/www.visit-ulcinj.com\/blog\/wp-content\/uploads\/2009\/04\/adela-bjordi-dalja.jpg\"><img loading=\"lazy\" class=\"alignleft size-full wp-image-17642\" title=\"adela-bjordi-dalja-big-brother-albania-2\" src=\"http:\/\/www.visit-ulcinj.com\/blog\/wp-content\/uploads\/2009\/04\/adela-bjordi-dalja.jpg\" alt=\"adela-bjordi-dalja-big-brother-albania-2\" width=\"300\" height=\"205\" \/><\/a>11\/04\/09 19:39<\/em><br \/>\nAdelajda dhe Bjordi diskutojn\u00eb se cfar\u00eb do veshin n\u00eb spetak\u00ebl. Biseda e tyre kalon tek nominimet. Ajo e pyet:-\u201cKush mendon se do dal\u00eb?\u201d Ai i thot\u00eb q\u00eb ka p\u00ebrshtypjen q\u00eb mund t\u00eb dal\u00eb Tani. Adelajda m\u00ebrzitet, dhe shton:-\u201cP\u00ebr mua Tani \u00ebsht\u00eb i r\u00ebnd\u00ebsish\u00ebm!\u201d Bjordi i thot\u00eb q\u00eb ai e kupton d\u00ebshir\u00ebn e saj q\u00eb mos t\u00eb largohet Dritani. Bjordi diskuton p\u00ebr Anjez\u00ebn dhe afrimin e saj me Arjonin. Adelajda thot\u00eb:-\u201cGj\u00ebrat q\u00eb lindin, lindin!\u201d Bjordi ia kthen:-\u201cSi ne t\u00eb dy!\u201d Sipas saj lidhja e Anjez\u00ebs me Arjonin duket e shtirur, dhe shton:-\u201cDuket sikur e kan\u00eb b\u00ebr\u00eb vet\u00eb!\u201d Duke q\u00ebndruar pran\u00eb nj\u00ebri-tjetrit ajo i thot\u00eb q\u00eb nuk do q\u00eb ai t\u00eb largohet dhe shton:-\u201cDua t\u00eb iki Aida!\u201d Adelajada i thot\u00eb q\u00eb po e p\u00ebrjeton m\u00eb shum\u00eb se ai, nominimin e tij.<\/p>\n","protected":false},"excerpt":{"rendered":"<p>11\/04\/09 19:39 Adelajda dhe Bjordi diskutojn\u00eb se cfar\u00eb do veshin n\u00eb spetak\u00ebl. Biseda e tyre kalon tek nominimet. Ajo e pyet:-\u201cKush mendon se do dal\u00eb?\u201d Ai i thot\u00eb q\u00eb ka p\u00ebrshtypjen q\u00eb mund t\u00eb dal\u00eb Tani. Adelajda m\u00ebrzitet, dhe shton:-\u201cP\u00ebr mua Tani \u00ebsht\u00eb i r\u00ebnd\u00ebsish\u00ebm!\u201d Bjordi i thot\u00eb q\u00eb ai e kupton d\u00ebshir\u00ebn e saj [&hellip;]<\/p>\n","protected":false},"author":1,"featured_media":0,"comment_status":"open","ping_status":"closed","sticky":false,"template":"","format":"standard","meta":{"spay_email":"","jetpack_publicize_message":"","jetpack_is_tweetstorm":false,"jetpack_publicize_feature_enabled":true},"categories":[6502],"tags":[9060,6529,5057,6506,6516,6712,7129,6522,6891,6693,6887],"jetpack_publicize_connections":[],"yoast_head":"<!-- This site is optimized with the Yoast SEO plugin v19.1 - https:\/\/yoast.com\/wordpress\/plugins\/seo\/ -->\n<title>Adela : Nuk dua q\u00c3\u00ab t\u00c3\u00ab dal\u00c3\u00absh | Big Brother Albania 2<\/title>\n<meta name=\"description\" content=\"Big Brother Albania 2 - Adelajda dhe Bjordi diskutojn\u00c3\u00ab se cfar\u00c3\u00ab do veshin n\u00c3\u00ab spetak\u00c3\u00abl. Biseda e tyre kalon tek nominimet. Ajo e pyet:-\u00e2\u20ac\u0153Kush mendon se do dal\u00c3\u00ab?\u00e2\u20ac\u009d\" \/>\n<meta name=\"robots\" content=\"index, follow, max-snippet:-1, max-image-preview:large, max-video-preview:-1\" \/>\n<link rel=\"canonical\" href=\"https:\/\/www.visit-ulcinj.com\/blog\/2009\/04\/13\/adela-nuk-dua-qe-te-dalesh\/\" \/>\n<meta property=\"og:locale\" content=\"en_US\" \/>\n<meta property=\"og:type\" content=\"article\" \/>\n<meta property=\"og:title\" content=\"Adela : Nuk dua q\u00c3\u00ab t\u00c3\u00ab dal\u00c3\u00absh | Big Brother Albania 2\" \/>\n<meta property=\"og:description\" content=\"Big Brother Albania 2 - Adelajda dhe Bjordi diskutojn\u00c3\u00ab se cfar\u00c3\u00ab do veshin n\u00c3\u00ab spetak\u00c3\u00abl. Biseda e tyre kalon tek nominimet. Ajo e pyet:-\u00e2\u20ac\u0153Kush mendon se do dal\u00c3\u00ab?\u00e2\u20ac\u009d\" \/>\n<meta property=\"og:url\" content=\"https:\/\/www.visit-ulcinj.com\/blog\/2009\/04\/13\/adela-nuk-dua-qe-te-dalesh\/\" \/>\n<meta property=\"og:site_name\" content=\"Lajme nga Ulqini\" \/>\n<meta property=\"article:published_time\" content=\"2009-04-13T11:11:24+00:00\" \/>\n<meta property=\"og:image\" content=\"http:\/\/www.visit-ulcinj.com\/blog\/wp-content\/uploads\/2009\/04\/adela-bjordi-dalja.jpg\" \/>\n<meta name=\"twitter:label1\" content=\"Written by\" \/>\n\t<meta name=\"twitter:data1\" content=\"ulqini\" \/>\n\t<meta name=\"twitter:label2\" content=\"Est. reading time\" \/>\n\t<meta name=\"twitter:data2\" content=\"1 minute\" \/>\n<script type=\"application\/ld+json\" class=\"yoast-schema-graph\">{\"@context\":\"https:\/\/schema.org\",\"@graph\":[{\"@type\":\"WebSite\",\"@id\":\"https:\/\/www.visit-ulcinj.com\/blog\/#website\",\"url\":\"https:\/\/www.visit-ulcinj.com\/blog\/\",\"name\":\"Lajme nga Ulqini\",\"description\":\"Lajme,Vijesti,Ulqini,Ulqin,Crna Gora,Mali i Zi\",\"potentialAction\":[{\"@type\":\"SearchAction\",\"target\":{\"@type\":\"EntryPoint\",\"urlTemplate\":\"https:\/\/www.visit-ulcinj.com\/blog\/?s={search_term_string}\"},\"query-input\":\"required name=search_term_string\"}],\"inLanguage\":\"en-US\"},{\"@type\":\"ImageObject\",\"inLanguage\":\"en-US\",\"@id\":\"https:\/\/www.visit-ulcinj.com\/blog\/2009\/04\/13\/adela-nuk-dua-qe-te-dalesh\/#primaryimage\",\"url\":\"http:\/\/www.visit-ulcinj.com\/blog\/wp-content\/uploads\/2009\/04\/adela-bjordi-dalja.jpg\",\"contentUrl\":\"http:\/\/www.visit-ulcinj.com\/blog\/wp-content\/uploads\/2009\/04\/adela-bjordi-dalja.jpg\"},{\"@type\":\"WebPage\",\"@id\":\"https:\/\/www.visit-ulcinj.com\/blog\/2009\/04\/13\/adela-nuk-dua-qe-te-dalesh\/#webpage\",\"url\":\"https:\/\/www.visit-ulcinj.com\/blog\/2009\/04\/13\/adela-nuk-dua-qe-te-dalesh\/\",\"name\":\"Adela : Nuk dua q\u00c3\u00ab t\u00c3\u00ab dal\u00c3\u00absh | Big Brother Albania 2\",\"isPartOf\":{\"@id\":\"https:\/\/www.visit-ulcinj.com\/blog\/#website\"},\"primaryImageOfPage\":{\"@id\":\"https:\/\/www.visit-ulcinj.com\/blog\/2009\/04\/13\/adela-nuk-dua-qe-te-dalesh\/#primaryimage\"},\"datePublished\":\"2009-04-13T11:11:24+00:00\",\"dateModified\":\"2009-04-13T11:11:24+00:00\",\"author\":{\"@id\":\"https:\/\/www.visit-ulcinj.com\/blog\/#\/schema\/person\/dcab619c614d3038751c63bc2aadc06d\"},\"description\":\"Big Brother Albania 2 - Adelajda dhe Bjordi diskutojn\u00c3\u00ab se cfar\u00c3\u00ab do veshin n\u00c3\u00ab spetak\u00c3\u00abl. Biseda e tyre kalon tek nominimet. Ajo e pyet:-\u00e2\u20ac\u0153Kush mendon se do dal\u00c3\u00ab?\u00e2\u20ac\u009d\",\"breadcrumb\":{\"@id\":\"https:\/\/www.visit-ulcinj.com\/blog\/2009\/04\/13\/adela-nuk-dua-qe-te-dalesh\/#breadcrumb\"},\"inLanguage\":\"en-US\",\"potentialAction\":[{\"@type\":\"ReadAction\",\"target\":[\"https:\/\/www.visit-ulcinj.com\/blog\/2009\/04\/13\/adela-nuk-dua-qe-te-dalesh\/\"]}]},{\"@type\":\"BreadcrumbList\",\"@id\":\"https:\/\/www.visit-ulcinj.com\/blog\/2009\/04\/13\/adela-nuk-dua-qe-te-dalesh\/#breadcrumb\",\"itemListElement\":[{\"@type\":\"ListItem\",\"position\":1,\"name\":\"Adela : Nuk dua q\u00eb t\u00eb dal\u00ebsh\"}]},{\"@type\":\"Person\",\"@id\":\"https:\/\/www.visit-ulcinj.com\/blog\/#\/schema\/person\/dcab619c614d3038751c63bc2aadc06d\",\"name\":\"ulqini\",\"sameAs\":[\"http:\/\/www.visit-ulcinj.com\"],\"url\":\"https:\/\/www.visit-ulcinj.com\/blog\/author\/admin\/\"}]}<\/script>\n<!-- \/ Yoast SEO plugin. -->","yoast_head_json":{"title":"Adela : Nuk dua q\u00c3\u00ab t\u00c3\u00ab dal\u00c3\u00absh | Big Brother Albania 2","description":"Big Brother Albania 2 - Adelajda dhe Bjordi diskutojn\u00c3\u00ab se cfar\u00c3\u00ab do veshin n\u00c3\u00ab spetak\u00c3\u00abl. Biseda e tyre kalon tek nominimet. Ajo e pyet:-\u00e2\u20ac\u0153Kush mendon se do dal\u00c3\u00ab?\u00e2\u20ac\u009d","robots":{"index":"index","follow":"follow","max-snippet":"max-snippet:-1","max-image-preview":"max-image-preview:large","max-video-preview":"max-video-preview:-1"},"canonical":"https:\/\/www.visit-ulcinj.com\/blog\/2009\/04\/13\/adela-nuk-dua-qe-te-dalesh\/","og_locale":"en_US","og_type":"article","og_title":"Adela : Nuk dua q\u00c3\u00ab t\u00c3\u00ab dal\u00c3\u00absh | Big Brother Albania 2","og_description":"Big Brother Albania 2 - Adelajda dhe Bjordi diskutojn\u00c3\u00ab se cfar\u00c3\u00ab do veshin n\u00c3\u00ab spetak\u00c3\u00abl. Biseda e tyre kalon tek nominimet. Ajo e pyet:-\u00e2\u20ac\u0153Kush mendon se do dal\u00c3\u00ab?\u00e2\u20ac\u009d","og_url":"https:\/\/www.visit-ulcinj.com\/blog\/2009\/04\/13\/adela-nuk-dua-qe-te-dalesh\/","og_site_name":"Lajme nga Ulqini","article_published_time":"2009-04-13T11:11:24+00:00","og_image":[{"url":"http:\/\/www.visit-ulcinj.com\/blog\/wp-content\/uploads\/2009\/04\/adela-bjordi-dalja.jpg"}],"twitter_misc":{"Written by":"ulqini","Est. reading time":"1 minute"},"schema":{"@context":"https:\/\/schema.org","@graph":[{"@type":"WebSite","@id":"https:\/\/www.visit-ulcinj.com\/blog\/#website","url":"https:\/\/www.visit-ulcinj.com\/blog\/","name":"Lajme nga Ulqini","description":"Lajme,Vijesti,Ulqini,Ulqin,Crna Gora,Mali i Zi","potentialAction":[{"@type":"SearchAction","target":{"@type":"EntryPoint","urlTemplate":"https:\/\/www.visit-ulcinj.com\/blog\/?s={search_term_string}"},"query-input":"required name=search_term_string"}],"inLanguage":"en-US"},{"@type":"ImageObject","inLanguage":"en-US","@id":"https:\/\/www.visit-ulcinj.com\/blog\/2009\/04\/13\/adela-nuk-dua-qe-te-dalesh\/#primaryimage","url":"http:\/\/www.visit-ulcinj.com\/blog\/wp-content\/uploads\/2009\/04\/adela-bjordi-dalja.jpg","contentUrl":"http:\/\/www.visit-ulcinj.com\/blog\/wp-content\/uploads\/2009\/04\/adela-bjordi-dalja.jpg"},{"@type":"WebPage","@id":"https:\/\/www.visit-ulcinj.com\/blog\/2009\/04\/13\/adela-nuk-dua-qe-te-dalesh\/#webpage","url":"https:\/\/www.visit-ulcinj.com\/blog\/2009\/04\/13\/adela-nuk-dua-qe-te-dalesh\/","name":"Adela : Nuk dua q\u00c3\u00ab t\u00c3\u00ab dal\u00c3\u00absh | Big Brother Albania 2","isPartOf":{"@id":"https:\/\/www.visit-ulcinj.com\/blog\/#website"},"primaryImageOfPage":{"@id":"https:\/\/www.visit-ulcinj.com\/blog\/2009\/04\/13\/adela-nuk-dua-qe-te-dalesh\/#primaryimage"},"datePublished":"2009-04-13T11:11:24+00:00","dateModified":"2009-04-13T11:11:24+00:00","author":{"@id":"https:\/\/www.visit-ulcinj.com\/blog\/#\/schema\/person\/dcab619c614d3038751c63bc2aadc06d"},"description":"Big Brother Albania 2 - Adelajda dhe Bjordi diskutojn\u00c3\u00ab se cfar\u00c3\u00ab do veshin n\u00c3\u00ab spetak\u00c3\u00abl. Biseda e tyre kalon tek nominimet. Ajo e pyet:-\u00e2\u20ac\u0153Kush mendon se do dal\u00c3\u00ab?\u00e2\u20ac\u009d","breadcrumb":{"@id":"https:\/\/www.visit-ulcinj.com\/blog\/2009\/04\/13\/adela-nuk-dua-qe-te-dalesh\/#breadcrumb"},"inLanguage":"en-US","potentialAction":[{"@type":"ReadAction","target":["https:\/\/www.visit-ulcinj.com\/blog\/2009\/04\/13\/adela-nuk-dua-qe-te-dalesh\/"]}]},{"@type":"BreadcrumbList","@id":"https:\/\/www.visit-ulcinj.com\/blog\/2009\/04\/13\/adela-nuk-dua-qe-te-dalesh\/#breadcrumb","itemListElement":[{"@type":"ListItem","position":1,"name":"Adela : Nuk dua q\u00eb t\u00eb dal\u00ebsh"}]},{"@type":"Person","@id":"https:\/\/www.visit-ulcinj.com\/blog\/#\/schema\/person\/dcab619c614d3038751c63bc2aadc06d","name":"ulqini","sameAs":["http:\/\/www.visit-ulcinj.com"],"url":"https:\/\/www.visit-ulcinj.com\/blog\/author\/admin\/"}]}},"jetpack_featured_media_url":"","jetpack_sharing_enabled":true,"jetpack_shortlink":"https:\/\/wp.me\/pe6lTn-4Ax","_links":{"self":[{"href":"https:\/\/www.visit-ulcinj.com\/blog\/wp-json\/wp\/v2\/posts\/17641"}],"collection":[{"href":"https:\/\/www.visit-ulcinj.com\/blog\/wp-json\/wp\/v2\/posts"}],"about":[{"href":"https:\/\/www.visit-ulcinj.com\/blog\/wp-json\/wp\/v2\/types\/post"}],"author":[{"embeddable":true,"href":"https:\/\/www.visit-ulcinj.com\/blog\/wp-json\/wp\/v2\/users\/1"}],"replies":[{"embeddable":true,"href":"https:\/\/www.visit-ulcinj.com\/blog\/wp-json\/wp\/v2\/comments?post=17641"}],"version-history":[{"count":0,"href":"https:\/\/www.visit-ulcinj.com\/blog\/wp-json\/wp\/v2\/posts\/17641\/revisions"}],"wp:attachment":[{"href":"https:\/\/www.visit-ulcinj.com\/blog\/wp-json\/wp\/v2\/media?parent=17641"}],"wp:term":[{"taxonomy":"category","embeddable":true,"href":"https:\/\/www.visit-ulcinj.com\/blog\/wp-json\/wp\/v2\/categories?post=17641"},{"taxonomy":"post_tag","embeddable":true,"href":"https:\/\/www.visit-ulcinj.com\/blog\/wp-json\/wp\/v2\/tags?post=17641"}],"curies":[{"name":"wp","href":"https:\/\/api.w.org\/{rel}","templated":true}]}}