{"id":17653,"date":"2009-04-13T13:22:23","date_gmt":"2009-04-13T11:22:23","guid":{"rendered":"http:\/\/www.visit-ulcinj.com\/blog\/?p=17653"},"modified":"2009-04-13T13:22:45","modified_gmt":"2009-04-13T11:22:45","slug":"aida-nuk-zevendesoi-dot-rolin-e-babait","status":"publish","type":"post","link":"https:\/\/www.visit-ulcinj.com\/blog\/2009\/04\/13\/aida-nuk-zevendesoi-dot-rolin-e-babait\/","title":{"rendered":"Aida : Nuk z\u00ebvend\u00ebsoi dot rolin e babait"},"content":{"rendered":"<p><em><span class=\"newsdate\"><a href=\"http:\/\/www.visit-ulcinj.com\/blog\/wp-content\/uploads\/2009\/04\/perballja-me-opinionist.jpg\"><img loading=\"lazy\" class=\"alignleft size-full wp-image-17654\" title=\"perballja-me-opinionist-big-brother-albania-2\" src=\"http:\/\/www.visit-ulcinj.com\/blog\/wp-content\/uploads\/2009\/04\/perballja-me-opinionist.jpg\" alt=\"perballja-me-opinionist-big-brother-albania-2\" width=\"300\" height=\"205\" \/><\/a>11\/04\/09 21:33<\/span><\/em><\/p>\n<p>Banor\u00ebt gjat\u00eb spetaklit jan\u00eb p\u00ebrballur me disa pyetje nga opinionist\u00ebt, t\u00eb cil\u00ebt nuk jan\u00eb treguar shum\u00eb dashamir\u00ebs . Arjani nj\u00eb nga opinionist\u00ebt ka pyetur Aid\u00ebn n\u00eb lidhje me mardh\u00ebnietn e saj me nj\u00eb pjestar t\u00eb familjes s\u00eb saj. Ai tregon q\u00eb ajo me v\u00ebllain e saj nuk kan\u00eb mardh\u00ebnie shum\u00eb t\u00eb mira dhe e pyet se pse ajo nuk flet p\u00ebr k\u00ebt\u00eb gj\u00eb. Pyetjes s\u00eb tij ajo i \u00ebsht\u00eb p\u00ebrgjigjur:-\u201cNuk z\u00ebvend\u00ebsoi dot rolin e babait!\u201d Banor\u00eb t\u00eb tjer\u00eb t\u00eb cil\u00ebt u p\u00ebrball\u00ebn pyetjeve t\u00eb opinionist\u00ebve ishin Anjeza , Bjordi ,Mimoza dhe Dritani. Anjeza \u00ebsht\u00eb pyetur n\u00eb lidhje me afrimin e saj me Arjonin, dhe pse kjo gj\u00eb ndodhi pik\u00ebrisht n\u00eb jav\u00ebn q\u00eb ajo ishte n\u00eb nominim. Ajo u p\u00ebrgjigj :-\u201cE ndjeva dhe e b\u00ebra! Do e b\u00ebja edhe n\u00ebse nuk do isha n\u00eb nominim!\u201d<\/p>\n","protected":false},"excerpt":{"rendered":"<p>11\/04\/09 21:33 Banor\u00ebt gjat\u00eb spetaklit jan\u00eb p\u00ebrballur me disa pyetje nga opinionist\u00ebt, t\u00eb cil\u00ebt nuk jan\u00eb treguar shum\u00eb dashamir\u00ebs . Arjani nj\u00eb nga opinionist\u00ebt ka pyetur Aid\u00ebn n\u00eb lidhje me mardh\u00ebnietn e saj me nj\u00eb pjestar t\u00eb familjes s\u00eb saj. Ai tregon q\u00eb ajo me v\u00ebllain e saj nuk kan\u00eb mardh\u00ebnie shum\u00eb t\u00eb mira dhe [&hellip;]<\/p>\n","protected":false},"author":1,"featured_media":0,"comment_status":"open","ping_status":"closed","sticky":false,"template":"","format":"standard","meta":{"spay_email":"","jetpack_publicize_message":"","jetpack_is_tweetstorm":false,"jetpack_publicize_feature_enabled":true},"categories":[6502],"tags":[6537,5057,6506,6516,6712,7129,7108,6891,6693,6887,865],"jetpack_publicize_connections":[],"yoast_head":"<!-- This site is optimized with the Yoast SEO plugin v19.1 - https:\/\/yoast.com\/wordpress\/plugins\/seo\/ -->\n<title>Aida : Nuk z\u00c3\u00abvend\u00c3\u00absoi dot rolin e babait | Big Brother Albania 2<\/title>\n<meta name=\"description\" content=\"Big Brother Albania 2 - Banor\u00c3\u00abt gjat\u00c3\u00ab spetaklit jan\u00c3\u00ab p\u00c3\u00abrballur me disa pyetje nga opinionist\u00c3\u00abt, t\u00c3\u00ab cil\u00c3\u00abt nuk jan\u00c3\u00ab treguar shum\u00c3\u00ab dashamir\u00c3\u00abs . Arjani nj\u00c3\u00ab nga opinionist\u00c3\u00abt ka pyetur Aid\u00c3\u00ab\" \/>\n<meta name=\"robots\" content=\"index, follow, max-snippet:-1, max-image-preview:large, max-video-preview:-1\" \/>\n<link rel=\"canonical\" href=\"https:\/\/www.visit-ulcinj.com\/blog\/2009\/04\/13\/aida-nuk-zevendesoi-dot-rolin-e-babait\/\" \/>\n<meta property=\"og:locale\" content=\"en_US\" \/>\n<meta property=\"og:type\" content=\"article\" \/>\n<meta property=\"og:title\" content=\"Aida : Nuk z\u00c3\u00abvend\u00c3\u00absoi dot rolin e babait | Big Brother Albania 2\" \/>\n<meta property=\"og:description\" content=\"Big Brother Albania 2 - Banor\u00c3\u00abt gjat\u00c3\u00ab spetaklit jan\u00c3\u00ab p\u00c3\u00abrballur me disa pyetje nga opinionist\u00c3\u00abt, t\u00c3\u00ab cil\u00c3\u00abt nuk jan\u00c3\u00ab treguar shum\u00c3\u00ab dashamir\u00c3\u00abs . Arjani nj\u00c3\u00ab nga opinionist\u00c3\u00abt ka pyetur Aid\u00c3\u00ab\" \/>\n<meta property=\"og:url\" content=\"https:\/\/www.visit-ulcinj.com\/blog\/2009\/04\/13\/aida-nuk-zevendesoi-dot-rolin-e-babait\/\" \/>\n<meta property=\"og:site_name\" content=\"Lajme nga Ulqini\" \/>\n<meta property=\"article:published_time\" content=\"2009-04-13T11:22:23+00:00\" \/>\n<meta property=\"article:modified_time\" content=\"2009-04-13T11:22:45+00:00\" \/>\n<meta property=\"og:image\" content=\"http:\/\/www.visit-ulcinj.com\/blog\/wp-content\/uploads\/2009\/04\/perballja-me-opinionist.jpg\" \/>\n<meta name=\"twitter:label1\" content=\"Written by\" \/>\n\t<meta name=\"twitter:data1\" content=\"ulqini\" \/>\n\t<meta name=\"twitter:label2\" content=\"Est. reading time\" \/>\n\t<meta name=\"twitter:data2\" content=\"1 minute\" \/>\n<script type=\"application\/ld+json\" class=\"yoast-schema-graph\">{\"@context\":\"https:\/\/schema.org\",\"@graph\":[{\"@type\":\"WebSite\",\"@id\":\"https:\/\/www.visit-ulcinj.com\/blog\/#website\",\"url\":\"https:\/\/www.visit-ulcinj.com\/blog\/\",\"name\":\"Lajme nga Ulqini\",\"description\":\"Lajme,Vijesti,Ulqini,Ulqin,Crna Gora,Mali i Zi\",\"potentialAction\":[{\"@type\":\"SearchAction\",\"target\":{\"@type\":\"EntryPoint\",\"urlTemplate\":\"https:\/\/www.visit-ulcinj.com\/blog\/?s={search_term_string}\"},\"query-input\":\"required name=search_term_string\"}],\"inLanguage\":\"en-US\"},{\"@type\":\"ImageObject\",\"inLanguage\":\"en-US\",\"@id\":\"https:\/\/www.visit-ulcinj.com\/blog\/2009\/04\/13\/aida-nuk-zevendesoi-dot-rolin-e-babait\/#primaryimage\",\"url\":\"http:\/\/www.visit-ulcinj.com\/blog\/wp-content\/uploads\/2009\/04\/perballja-me-opinionist.jpg\",\"contentUrl\":\"http:\/\/www.visit-ulcinj.com\/blog\/wp-content\/uploads\/2009\/04\/perballja-me-opinionist.jpg\"},{\"@type\":\"WebPage\",\"@id\":\"https:\/\/www.visit-ulcinj.com\/blog\/2009\/04\/13\/aida-nuk-zevendesoi-dot-rolin-e-babait\/#webpage\",\"url\":\"https:\/\/www.visit-ulcinj.com\/blog\/2009\/04\/13\/aida-nuk-zevendesoi-dot-rolin-e-babait\/\",\"name\":\"Aida : Nuk z\u00c3\u00abvend\u00c3\u00absoi dot rolin e babait | Big Brother Albania 2\",\"isPartOf\":{\"@id\":\"https:\/\/www.visit-ulcinj.com\/blog\/#website\"},\"primaryImageOfPage\":{\"@id\":\"https:\/\/www.visit-ulcinj.com\/blog\/2009\/04\/13\/aida-nuk-zevendesoi-dot-rolin-e-babait\/#primaryimage\"},\"datePublished\":\"2009-04-13T11:22:23+00:00\",\"dateModified\":\"2009-04-13T11:22:45+00:00\",\"author\":{\"@id\":\"https:\/\/www.visit-ulcinj.com\/blog\/#\/schema\/person\/dcab619c614d3038751c63bc2aadc06d\"},\"description\":\"Big Brother Albania 2 - Banor\u00c3\u00abt gjat\u00c3\u00ab spetaklit jan\u00c3\u00ab p\u00c3\u00abrballur me disa pyetje nga opinionist\u00c3\u00abt, t\u00c3\u00ab cil\u00c3\u00abt nuk jan\u00c3\u00ab treguar shum\u00c3\u00ab dashamir\u00c3\u00abs . Arjani nj\u00c3\u00ab nga opinionist\u00c3\u00abt ka pyetur Aid\u00c3\u00ab\",\"breadcrumb\":{\"@id\":\"https:\/\/www.visit-ulcinj.com\/blog\/2009\/04\/13\/aida-nuk-zevendesoi-dot-rolin-e-babait\/#breadcrumb\"},\"inLanguage\":\"en-US\",\"potentialAction\":[{\"@type\":\"ReadAction\",\"target\":[\"https:\/\/www.visit-ulcinj.com\/blog\/2009\/04\/13\/aida-nuk-zevendesoi-dot-rolin-e-babait\/\"]}]},{\"@type\":\"BreadcrumbList\",\"@id\":\"https:\/\/www.visit-ulcinj.com\/blog\/2009\/04\/13\/aida-nuk-zevendesoi-dot-rolin-e-babait\/#breadcrumb\",\"itemListElement\":[{\"@type\":\"ListItem\",\"position\":1,\"name\":\"Aida : Nuk z\u00ebvend\u00ebsoi dot rolin e babait\"}]},{\"@type\":\"Person\",\"@id\":\"https:\/\/www.visit-ulcinj.com\/blog\/#\/schema\/person\/dcab619c614d3038751c63bc2aadc06d\",\"name\":\"ulqini\",\"sameAs\":[\"http:\/\/www.visit-ulcinj.com\"],\"url\":\"https:\/\/www.visit-ulcinj.com\/blog\/author\/admin\/\"}]}<\/script>\n<!-- \/ Yoast SEO plugin. -->","yoast_head_json":{"title":"Aida : Nuk z\u00c3\u00abvend\u00c3\u00absoi dot rolin e babait | Big Brother Albania 2","description":"Big Brother Albania 2 - Banor\u00c3\u00abt gjat\u00c3\u00ab spetaklit jan\u00c3\u00ab p\u00c3\u00abrballur me disa pyetje nga opinionist\u00c3\u00abt, t\u00c3\u00ab cil\u00c3\u00abt nuk jan\u00c3\u00ab treguar shum\u00c3\u00ab dashamir\u00c3\u00abs . Arjani nj\u00c3\u00ab nga opinionist\u00c3\u00abt ka pyetur Aid\u00c3\u00ab","robots":{"index":"index","follow":"follow","max-snippet":"max-snippet:-1","max-image-preview":"max-image-preview:large","max-video-preview":"max-video-preview:-1"},"canonical":"https:\/\/www.visit-ulcinj.com\/blog\/2009\/04\/13\/aida-nuk-zevendesoi-dot-rolin-e-babait\/","og_locale":"en_US","og_type":"article","og_title":"Aida : Nuk z\u00c3\u00abvend\u00c3\u00absoi dot rolin e babait | Big Brother Albania 2","og_description":"Big Brother Albania 2 - Banor\u00c3\u00abt gjat\u00c3\u00ab spetaklit jan\u00c3\u00ab p\u00c3\u00abrballur me disa pyetje nga opinionist\u00c3\u00abt, t\u00c3\u00ab cil\u00c3\u00abt nuk jan\u00c3\u00ab treguar shum\u00c3\u00ab dashamir\u00c3\u00abs . Arjani nj\u00c3\u00ab nga opinionist\u00c3\u00abt ka pyetur Aid\u00c3\u00ab","og_url":"https:\/\/www.visit-ulcinj.com\/blog\/2009\/04\/13\/aida-nuk-zevendesoi-dot-rolin-e-babait\/","og_site_name":"Lajme nga Ulqini","article_published_time":"2009-04-13T11:22:23+00:00","article_modified_time":"2009-04-13T11:22:45+00:00","og_image":[{"url":"http:\/\/www.visit-ulcinj.com\/blog\/wp-content\/uploads\/2009\/04\/perballja-me-opinionist.jpg"}],"twitter_misc":{"Written by":"ulqini","Est. reading time":"1 minute"},"schema":{"@context":"https:\/\/schema.org","@graph":[{"@type":"WebSite","@id":"https:\/\/www.visit-ulcinj.com\/blog\/#website","url":"https:\/\/www.visit-ulcinj.com\/blog\/","name":"Lajme nga Ulqini","description":"Lajme,Vijesti,Ulqini,Ulqin,Crna Gora,Mali i Zi","potentialAction":[{"@type":"SearchAction","target":{"@type":"EntryPoint","urlTemplate":"https:\/\/www.visit-ulcinj.com\/blog\/?s={search_term_string}"},"query-input":"required name=search_term_string"}],"inLanguage":"en-US"},{"@type":"ImageObject","inLanguage":"en-US","@id":"https:\/\/www.visit-ulcinj.com\/blog\/2009\/04\/13\/aida-nuk-zevendesoi-dot-rolin-e-babait\/#primaryimage","url":"http:\/\/www.visit-ulcinj.com\/blog\/wp-content\/uploads\/2009\/04\/perballja-me-opinionist.jpg","contentUrl":"http:\/\/www.visit-ulcinj.com\/blog\/wp-content\/uploads\/2009\/04\/perballja-me-opinionist.jpg"},{"@type":"WebPage","@id":"https:\/\/www.visit-ulcinj.com\/blog\/2009\/04\/13\/aida-nuk-zevendesoi-dot-rolin-e-babait\/#webpage","url":"https:\/\/www.visit-ulcinj.com\/blog\/2009\/04\/13\/aida-nuk-zevendesoi-dot-rolin-e-babait\/","name":"Aida : Nuk z\u00c3\u00abvend\u00c3\u00absoi dot rolin e babait | Big Brother Albania 2","isPartOf":{"@id":"https:\/\/www.visit-ulcinj.com\/blog\/#website"},"primaryImageOfPage":{"@id":"https:\/\/www.visit-ulcinj.com\/blog\/2009\/04\/13\/aida-nuk-zevendesoi-dot-rolin-e-babait\/#primaryimage"},"datePublished":"2009-04-13T11:22:23+00:00","dateModified":"2009-04-13T11:22:45+00:00","author":{"@id":"https:\/\/www.visit-ulcinj.com\/blog\/#\/schema\/person\/dcab619c614d3038751c63bc2aadc06d"},"description":"Big Brother Albania 2 - Banor\u00c3\u00abt gjat\u00c3\u00ab spetaklit jan\u00c3\u00ab p\u00c3\u00abrballur me disa pyetje nga opinionist\u00c3\u00abt, t\u00c3\u00ab cil\u00c3\u00abt nuk jan\u00c3\u00ab treguar shum\u00c3\u00ab dashamir\u00c3\u00abs . Arjani nj\u00c3\u00ab nga opinionist\u00c3\u00abt ka pyetur Aid\u00c3\u00ab","breadcrumb":{"@id":"https:\/\/www.visit-ulcinj.com\/blog\/2009\/04\/13\/aida-nuk-zevendesoi-dot-rolin-e-babait\/#breadcrumb"},"inLanguage":"en-US","potentialAction":[{"@type":"ReadAction","target":["https:\/\/www.visit-ulcinj.com\/blog\/2009\/04\/13\/aida-nuk-zevendesoi-dot-rolin-e-babait\/"]}]},{"@type":"BreadcrumbList","@id":"https:\/\/www.visit-ulcinj.com\/blog\/2009\/04\/13\/aida-nuk-zevendesoi-dot-rolin-e-babait\/#breadcrumb","itemListElement":[{"@type":"ListItem","position":1,"name":"Aida : Nuk z\u00ebvend\u00ebsoi dot rolin e babait"}]},{"@type":"Person","@id":"https:\/\/www.visit-ulcinj.com\/blog\/#\/schema\/person\/dcab619c614d3038751c63bc2aadc06d","name":"ulqini","sameAs":["http:\/\/www.visit-ulcinj.com"],"url":"https:\/\/www.visit-ulcinj.com\/blog\/author\/admin\/"}]}},"jetpack_featured_media_url":"","jetpack_sharing_enabled":true,"jetpack_shortlink":"https:\/\/wp.me\/pe6lTn-4AJ","_links":{"self":[{"href":"https:\/\/www.visit-ulcinj.com\/blog\/wp-json\/wp\/v2\/posts\/17653"}],"collection":[{"href":"https:\/\/www.visit-ulcinj.com\/blog\/wp-json\/wp\/v2\/posts"}],"about":[{"href":"https:\/\/www.visit-ulcinj.com\/blog\/wp-json\/wp\/v2\/types\/post"}],"author":[{"embeddable":true,"href":"https:\/\/www.visit-ulcinj.com\/blog\/wp-json\/wp\/v2\/users\/1"}],"replies":[{"embeddable":true,"href":"https:\/\/www.visit-ulcinj.com\/blog\/wp-json\/wp\/v2\/comments?post=17653"}],"version-history":[{"count":0,"href":"https:\/\/www.visit-ulcinj.com\/blog\/wp-json\/wp\/v2\/posts\/17653\/revisions"}],"wp:attachment":[{"href":"https:\/\/www.visit-ulcinj.com\/blog\/wp-json\/wp\/v2\/media?parent=17653"}],"wp:term":[{"taxonomy":"category","embeddable":true,"href":"https:\/\/www.visit-ulcinj.com\/blog\/wp-json\/wp\/v2\/categories?post=17653"},{"taxonomy":"post_tag","embeddable":true,"href":"https:\/\/www.visit-ulcinj.com\/blog\/wp-json\/wp\/v2\/tags?post=17653"}],"curies":[{"name":"wp","href":"https:\/\/api.w.org\/{rel}","templated":true}]}}