{"id":17661,"date":"2009-04-13T13:55:01","date_gmt":"2009-04-13T11:55:01","guid":{"rendered":"http:\/\/www.visit-ulcinj.com\/blog\/?p=17661"},"modified":"2009-04-13T13:55:01","modified_gmt":"2009-04-13T11:55:01","slug":"eleminim-i-dyfishte","status":"publish","type":"post","link":"https:\/\/www.visit-ulcinj.com\/blog\/2009\/04\/13\/eleminim-i-dyfishte\/","title":{"rendered":"Eleminim i dyfisht\u00eb"},"content":{"rendered":"<p><em><span class=\"newsdate\"><a href=\"http:\/\/www.visit-ulcinj.com\/blog\/wp-content\/uploads\/2009\/04\/ani-largohet.jpg\"><img loading=\"lazy\" class=\"alignleft size-full wp-image-17662\" title=\"ani-largohet-big-brother-albania-2\" src=\"http:\/\/www.visit-ulcinj.com\/blog\/wp-content\/uploads\/2009\/04\/ani-largohet.jpg\" alt=\"ani-largohet-big-brother-albania-2\" width=\"300\" height=\"205\" \/><\/a>11\/04\/09 23:03<\/span><\/em><\/p>\n<p>\u201cBig Brother\u201d ka vendosur p\u00ebr nj\u00eb eleminim t\u00eb dyfisht\u00eb. Banor\u00ebt jan\u00eb takuar me personat e kandiduar, dhe jan\u00eb izoluar n\u00eb nj\u00eb nga dhomat e gjumit. Mimoza dhe Dritani ishin dy personat q\u00eb rrezikonin t\u00eb dilnin. Publiku ka vendosur q\u00eb banori q\u00eb duhet t\u00eb l\u00ebr\u00eb sht\u00ebpin\u00eb e \u201cBig Brother\u201d duke humbur p\u00ebrfundimisht mund\u00ebsin\u00eb p\u00ebr t\u00eb fituar 70 mij\u00eb euro t\u00eb ishte Dritani. Mimoza kishte nj\u00eb tjet\u00ebr funksion n\u00eb eleminim e dyt\u00eb. \u201cBig Brother\u201d kishte vendosur dy zarfe dhe ajo duhet t\u00eb zgjidhte nj\u00ebrin nga to. Banor\u00ebt duhet t\u00eb p\u00ebrzgjidhnin se cilin banor d\u00ebshironin t\u00eb shp\u00ebtonte nga dalja dhe kjo duhej b\u00ebr\u00eb n\u00eb m\u00ebnyr\u00eb zinxhir. Kat\u00ebr personat q\u00eb dol\u00ebn n\u00eb nominim ishin Ari, Juna, Ani dhe Eltoni. Publiku vendosi q\u00eb nga kat\u00ebr t\u00eb nominuarit personi q\u00eb duhej t\u00eb largohej t\u00eb ishte Ani.<\/p>\n","protected":false},"excerpt":{"rendered":"<p>11\/04\/09 23:03 \u201cBig Brother\u201d ka vendosur p\u00ebr nj\u00eb eleminim t\u00eb dyfisht\u00eb. Banor\u00ebt jan\u00eb takuar me personat e kandiduar, dhe jan\u00eb izoluar n\u00eb nj\u00eb nga dhomat e gjumit. Mimoza dhe Dritani ishin dy personat q\u00eb rrezikonin t\u00eb dilnin. Publiku ka vendosur q\u00eb banori q\u00eb duhet t\u00eb l\u00ebr\u00eb sht\u00ebpin\u00eb e \u201cBig Brother\u201d duke humbur p\u00ebrfundimisht mund\u00ebsin\u00eb p\u00ebr [&hellip;]<\/p>\n","protected":false},"author":1,"featured_media":0,"comment_status":"open","ping_status":"closed","sticky":false,"template":"","format":"standard","meta":{"spay_email":"","jetpack_publicize_message":"","jetpack_is_tweetstorm":false,"jetpack_publicize_feature_enabled":true},"categories":[6502],"tags":[6537,8290,8784,5057,6506,6516,6712,7129,6521,9063,8776,1442,9011,6544,6891,6693,6887],"jetpack_publicize_connections":[],"yoast_head":"<!-- This site is optimized with the Yoast SEO plugin v19.1 - https:\/\/yoast.com\/wordpress\/plugins\/seo\/ -->\n<title>Eleminim i dyfisht\u00c3\u00ab | Big Brother Albania 2<\/title>\n<meta name=\"description\" content=\"Big Brother Albania 2 - \u00e2\u20ac\u0153Big Brother\u00e2\u20ac\u009d ka vendosur p\u00c3\u00abr nj\u00c3\u00ab eleminim t\u00c3\u00ab dyfisht\u00c3\u00ab. Banor\u00c3\u00abt jan\u00c3\u00ab takuar me personat e kandiduar, dhe jan\u00c3\u00ab izoluar n\u00c3\u00ab nj\u00c3\u00ab nga dhomat e gjumit.\" \/>\n<meta name=\"robots\" content=\"index, follow, max-snippet:-1, max-image-preview:large, max-video-preview:-1\" \/>\n<link rel=\"canonical\" href=\"https:\/\/www.visit-ulcinj.com\/blog\/2009\/04\/13\/eleminim-i-dyfishte\/\" \/>\n<meta property=\"og:locale\" content=\"en_US\" \/>\n<meta property=\"og:type\" content=\"article\" \/>\n<meta property=\"og:title\" content=\"Eleminim i dyfisht\u00c3\u00ab | Big Brother Albania 2\" \/>\n<meta property=\"og:description\" content=\"Big Brother Albania 2 - \u00e2\u20ac\u0153Big Brother\u00e2\u20ac\u009d ka vendosur p\u00c3\u00abr nj\u00c3\u00ab eleminim t\u00c3\u00ab dyfisht\u00c3\u00ab. Banor\u00c3\u00abt jan\u00c3\u00ab takuar me personat e kandiduar, dhe jan\u00c3\u00ab izoluar n\u00c3\u00ab nj\u00c3\u00ab nga dhomat e gjumit.\" \/>\n<meta property=\"og:url\" content=\"https:\/\/www.visit-ulcinj.com\/blog\/2009\/04\/13\/eleminim-i-dyfishte\/\" \/>\n<meta property=\"og:site_name\" content=\"Lajme nga Ulqini\" \/>\n<meta property=\"article:published_time\" content=\"2009-04-13T11:55:01+00:00\" \/>\n<meta property=\"og:image\" content=\"http:\/\/www.visit-ulcinj.com\/blog\/wp-content\/uploads\/2009\/04\/ani-largohet.jpg\" \/>\n<meta name=\"twitter:label1\" content=\"Written by\" \/>\n\t<meta name=\"twitter:data1\" content=\"ulqini\" \/>\n\t<meta name=\"twitter:label2\" content=\"Est. reading time\" \/>\n\t<meta name=\"twitter:data2\" content=\"1 minute\" \/>\n<script type=\"application\/ld+json\" class=\"yoast-schema-graph\">{\"@context\":\"https:\/\/schema.org\",\"@graph\":[{\"@type\":\"WebSite\",\"@id\":\"https:\/\/www.visit-ulcinj.com\/blog\/#website\",\"url\":\"https:\/\/www.visit-ulcinj.com\/blog\/\",\"name\":\"Lajme nga Ulqini\",\"description\":\"Lajme,Vijesti,Ulqini,Ulqin,Crna Gora,Mali i Zi\",\"potentialAction\":[{\"@type\":\"SearchAction\",\"target\":{\"@type\":\"EntryPoint\",\"urlTemplate\":\"https:\/\/www.visit-ulcinj.com\/blog\/?s={search_term_string}\"},\"query-input\":\"required name=search_term_string\"}],\"inLanguage\":\"en-US\"},{\"@type\":\"ImageObject\",\"inLanguage\":\"en-US\",\"@id\":\"https:\/\/www.visit-ulcinj.com\/blog\/2009\/04\/13\/eleminim-i-dyfishte\/#primaryimage\",\"url\":\"http:\/\/www.visit-ulcinj.com\/blog\/wp-content\/uploads\/2009\/04\/ani-largohet.jpg\",\"contentUrl\":\"http:\/\/www.visit-ulcinj.com\/blog\/wp-content\/uploads\/2009\/04\/ani-largohet.jpg\"},{\"@type\":\"WebPage\",\"@id\":\"https:\/\/www.visit-ulcinj.com\/blog\/2009\/04\/13\/eleminim-i-dyfishte\/#webpage\",\"url\":\"https:\/\/www.visit-ulcinj.com\/blog\/2009\/04\/13\/eleminim-i-dyfishte\/\",\"name\":\"Eleminim i dyfisht\u00c3\u00ab | Big Brother Albania 2\",\"isPartOf\":{\"@id\":\"https:\/\/www.visit-ulcinj.com\/blog\/#website\"},\"primaryImageOfPage\":{\"@id\":\"https:\/\/www.visit-ulcinj.com\/blog\/2009\/04\/13\/eleminim-i-dyfishte\/#primaryimage\"},\"datePublished\":\"2009-04-13T11:55:01+00:00\",\"dateModified\":\"2009-04-13T11:55:01+00:00\",\"author\":{\"@id\":\"https:\/\/www.visit-ulcinj.com\/blog\/#\/schema\/person\/dcab619c614d3038751c63bc2aadc06d\"},\"description\":\"Big Brother Albania 2 - \u00e2\u20ac\u0153Big Brother\u00e2\u20ac\u009d ka vendosur p\u00c3\u00abr nj\u00c3\u00ab eleminim t\u00c3\u00ab dyfisht\u00c3\u00ab. Banor\u00c3\u00abt jan\u00c3\u00ab takuar me personat e kandiduar, dhe jan\u00c3\u00ab izoluar n\u00c3\u00ab nj\u00c3\u00ab nga dhomat e gjumit.\",\"breadcrumb\":{\"@id\":\"https:\/\/www.visit-ulcinj.com\/blog\/2009\/04\/13\/eleminim-i-dyfishte\/#breadcrumb\"},\"inLanguage\":\"en-US\",\"potentialAction\":[{\"@type\":\"ReadAction\",\"target\":[\"https:\/\/www.visit-ulcinj.com\/blog\/2009\/04\/13\/eleminim-i-dyfishte\/\"]}]},{\"@type\":\"BreadcrumbList\",\"@id\":\"https:\/\/www.visit-ulcinj.com\/blog\/2009\/04\/13\/eleminim-i-dyfishte\/#breadcrumb\",\"itemListElement\":[{\"@type\":\"ListItem\",\"position\":1,\"name\":\"Eleminim i dyfisht\u00eb\"}]},{\"@type\":\"Person\",\"@id\":\"https:\/\/www.visit-ulcinj.com\/blog\/#\/schema\/person\/dcab619c614d3038751c63bc2aadc06d\",\"name\":\"ulqini\",\"sameAs\":[\"http:\/\/www.visit-ulcinj.com\"],\"url\":\"https:\/\/www.visit-ulcinj.com\/blog\/author\/admin\/\"}]}<\/script>\n<!-- \/ Yoast SEO plugin. -->","yoast_head_json":{"title":"Eleminim i dyfisht\u00c3\u00ab | Big Brother Albania 2","description":"Big Brother Albania 2 - \u00e2\u20ac\u0153Big Brother\u00e2\u20ac\u009d ka vendosur p\u00c3\u00abr nj\u00c3\u00ab eleminim t\u00c3\u00ab dyfisht\u00c3\u00ab. Banor\u00c3\u00abt jan\u00c3\u00ab takuar me personat e kandiduar, dhe jan\u00c3\u00ab izoluar n\u00c3\u00ab nj\u00c3\u00ab nga dhomat e gjumit.","robots":{"index":"index","follow":"follow","max-snippet":"max-snippet:-1","max-image-preview":"max-image-preview:large","max-video-preview":"max-video-preview:-1"},"canonical":"https:\/\/www.visit-ulcinj.com\/blog\/2009\/04\/13\/eleminim-i-dyfishte\/","og_locale":"en_US","og_type":"article","og_title":"Eleminim i dyfisht\u00c3\u00ab | Big Brother Albania 2","og_description":"Big Brother Albania 2 - \u00e2\u20ac\u0153Big Brother\u00e2\u20ac\u009d ka vendosur p\u00c3\u00abr nj\u00c3\u00ab eleminim t\u00c3\u00ab dyfisht\u00c3\u00ab. Banor\u00c3\u00abt jan\u00c3\u00ab takuar me personat e kandiduar, dhe jan\u00c3\u00ab izoluar n\u00c3\u00ab nj\u00c3\u00ab nga dhomat e gjumit.","og_url":"https:\/\/www.visit-ulcinj.com\/blog\/2009\/04\/13\/eleminim-i-dyfishte\/","og_site_name":"Lajme nga Ulqini","article_published_time":"2009-04-13T11:55:01+00:00","og_image":[{"url":"http:\/\/www.visit-ulcinj.com\/blog\/wp-content\/uploads\/2009\/04\/ani-largohet.jpg"}],"twitter_misc":{"Written by":"ulqini","Est. reading time":"1 minute"},"schema":{"@context":"https:\/\/schema.org","@graph":[{"@type":"WebSite","@id":"https:\/\/www.visit-ulcinj.com\/blog\/#website","url":"https:\/\/www.visit-ulcinj.com\/blog\/","name":"Lajme nga Ulqini","description":"Lajme,Vijesti,Ulqini,Ulqin,Crna Gora,Mali i Zi","potentialAction":[{"@type":"SearchAction","target":{"@type":"EntryPoint","urlTemplate":"https:\/\/www.visit-ulcinj.com\/blog\/?s={search_term_string}"},"query-input":"required name=search_term_string"}],"inLanguage":"en-US"},{"@type":"ImageObject","inLanguage":"en-US","@id":"https:\/\/www.visit-ulcinj.com\/blog\/2009\/04\/13\/eleminim-i-dyfishte\/#primaryimage","url":"http:\/\/www.visit-ulcinj.com\/blog\/wp-content\/uploads\/2009\/04\/ani-largohet.jpg","contentUrl":"http:\/\/www.visit-ulcinj.com\/blog\/wp-content\/uploads\/2009\/04\/ani-largohet.jpg"},{"@type":"WebPage","@id":"https:\/\/www.visit-ulcinj.com\/blog\/2009\/04\/13\/eleminim-i-dyfishte\/#webpage","url":"https:\/\/www.visit-ulcinj.com\/blog\/2009\/04\/13\/eleminim-i-dyfishte\/","name":"Eleminim i dyfisht\u00c3\u00ab | Big Brother Albania 2","isPartOf":{"@id":"https:\/\/www.visit-ulcinj.com\/blog\/#website"},"primaryImageOfPage":{"@id":"https:\/\/www.visit-ulcinj.com\/blog\/2009\/04\/13\/eleminim-i-dyfishte\/#primaryimage"},"datePublished":"2009-04-13T11:55:01+00:00","dateModified":"2009-04-13T11:55:01+00:00","author":{"@id":"https:\/\/www.visit-ulcinj.com\/blog\/#\/schema\/person\/dcab619c614d3038751c63bc2aadc06d"},"description":"Big Brother Albania 2 - \u00e2\u20ac\u0153Big Brother\u00e2\u20ac\u009d ka vendosur p\u00c3\u00abr nj\u00c3\u00ab eleminim t\u00c3\u00ab dyfisht\u00c3\u00ab. Banor\u00c3\u00abt jan\u00c3\u00ab takuar me personat e kandiduar, dhe jan\u00c3\u00ab izoluar n\u00c3\u00ab nj\u00c3\u00ab nga dhomat e gjumit.","breadcrumb":{"@id":"https:\/\/www.visit-ulcinj.com\/blog\/2009\/04\/13\/eleminim-i-dyfishte\/#breadcrumb"},"inLanguage":"en-US","potentialAction":[{"@type":"ReadAction","target":["https:\/\/www.visit-ulcinj.com\/blog\/2009\/04\/13\/eleminim-i-dyfishte\/"]}]},{"@type":"BreadcrumbList","@id":"https:\/\/www.visit-ulcinj.com\/blog\/2009\/04\/13\/eleminim-i-dyfishte\/#breadcrumb","itemListElement":[{"@type":"ListItem","position":1,"name":"Eleminim i dyfisht\u00eb"}]},{"@type":"Person","@id":"https:\/\/www.visit-ulcinj.com\/blog\/#\/schema\/person\/dcab619c614d3038751c63bc2aadc06d","name":"ulqini","sameAs":["http:\/\/www.visit-ulcinj.com"],"url":"https:\/\/www.visit-ulcinj.com\/blog\/author\/admin\/"}]}},"jetpack_featured_media_url":"","jetpack_sharing_enabled":true,"jetpack_shortlink":"https:\/\/wp.me\/pe6lTn-4AR","_links":{"self":[{"href":"https:\/\/www.visit-ulcinj.com\/blog\/wp-json\/wp\/v2\/posts\/17661"}],"collection":[{"href":"https:\/\/www.visit-ulcinj.com\/blog\/wp-json\/wp\/v2\/posts"}],"about":[{"href":"https:\/\/www.visit-ulcinj.com\/blog\/wp-json\/wp\/v2\/types\/post"}],"author":[{"embeddable":true,"href":"https:\/\/www.visit-ulcinj.com\/blog\/wp-json\/wp\/v2\/users\/1"}],"replies":[{"embeddable":true,"href":"https:\/\/www.visit-ulcinj.com\/blog\/wp-json\/wp\/v2\/comments?post=17661"}],"version-history":[{"count":0,"href":"https:\/\/www.visit-ulcinj.com\/blog\/wp-json\/wp\/v2\/posts\/17661\/revisions"}],"wp:attachment":[{"href":"https:\/\/www.visit-ulcinj.com\/blog\/wp-json\/wp\/v2\/media?parent=17661"}],"wp:term":[{"taxonomy":"category","embeddable":true,"href":"https:\/\/www.visit-ulcinj.com\/blog\/wp-json\/wp\/v2\/categories?post=17661"},{"taxonomy":"post_tag","embeddable":true,"href":"https:\/\/www.visit-ulcinj.com\/blog\/wp-json\/wp\/v2\/tags?post=17661"}],"curies":[{"name":"wp","href":"https:\/\/api.w.org\/{rel}","templated":true}]}}