{"id":17680,"date":"2009-04-13T14:12:34","date_gmt":"2009-04-13T12:12:34","guid":{"rendered":"http:\/\/www.visit-ulcinj.com\/blog\/?p=17680"},"modified":"2009-04-13T14:12:34","modified_gmt":"2009-04-13T12:12:34","slug":"adela-dhe-moza-si-tani-ketu-nuk-ka-tjeter","status":"publish","type":"post","link":"https:\/\/www.visit-ulcinj.com\/blog\/2009\/04\/13\/adela-dhe-moza-si-tani-ketu-nuk-ka-tjeter\/","title":{"rendered":"Adela dhe moza : Si Tani, k\u00ebtu, nuk ka tjet\u00ebr"},"content":{"rendered":"<p><em><span class=\"newsdate\"><a href=\"http:\/\/www.visit-ulcinj.com\/blog\/wp-content\/uploads\/2009\/04\/adela-dhe-moza12-prill-copy.jpg\"><img loading=\"lazy\" class=\"alignleft size-full wp-image-17681\" title=\"adela-dhe-moza-big-brother-albania-2\" src=\"http:\/\/www.visit-ulcinj.com\/blog\/wp-content\/uploads\/2009\/04\/adela-dhe-moza12-prill-copy.jpg\" alt=\"adela-dhe-moza-big-brother-albania-2\" width=\"300\" height=\"205\" \/><\/a>12\/04\/09 01.35<\/span><\/em><\/p>\n<p>Adelajda dhe Mimoza kan\u00eb biseduar n\u00eb lidhje me daljen e Dritanit nga sht\u00ebpia dhe momentet kur prisnin t\u00eb m\u00ebsonin n\u00ebse do t\u00eb ishte ai apo Mimoza. Kjo e fundit ka th\u00ebn\u00eb se kishte provuar emocione q\u00eb nuk i kishte provuar asnj\u00ebher\u00eb tjet\u00ebr. Adelajda ka th\u00ebn\u00eb se priste t\u00eb dilte Aida ose Anjeza dhe kushdo t\u00eb do t\u00eb dilte m\u00eb pas prej Tani apo Moz\u00ebs, ajo nj\u00ebsoj do t\u00eb m\u00ebrzitej. Ajo ka th\u00ebn\u00eb p\u00ebr Dritanin se ishte i ve\u00e7ant\u00eb dhe se p\u00ebr t\u00eb asnj\u00eb n\u00eb sht\u00ebpi nuk ishte si ai. \u201cSi Tani, k\u00ebtu, nuk ka tjet\u00ebr!\u201d \u2013 ka th\u00ebn\u00eb Adela. Sipas saj, ai nuk e meritonte t\u00eb dilte e aq m\u00eb tep\u00ebr n\u00eb nominimin e par\u00eb. \u201cTani ishte \u00e7un me vlera, &#8211; ka th\u00ebn\u00eb Adela, &#8211; un\u00eb kam respekt t\u00eb jasht\u00ebzakonsh\u00ebm, e dua me t\u00eb v\u00ebrtet\u00eb shum\u00eb!\u201d.<\/p>\n","protected":false},"excerpt":{"rendered":"<p>12\/04\/09 01.35 Adelajda dhe Mimoza kan\u00eb biseduar n\u00eb lidhje me daljen e Dritanit nga sht\u00ebpia dhe momentet kur prisnin t\u00eb m\u00ebsonin n\u00ebse do t\u00eb ishte ai apo Mimoza. Kjo e fundit ka th\u00ebn\u00eb se kishte provuar emocione q\u00eb nuk i kishte provuar asnj\u00ebher\u00eb tjet\u00ebr. Adelajda ka th\u00ebn\u00eb se priste t\u00eb dilte Aida ose Anjeza dhe [&hellip;]<\/p>\n","protected":false},"author":1,"featured_media":0,"comment_status":"open","ping_status":"closed","sticky":false,"template":"","format":"standard","meta":{"spay_email":"","jetpack_publicize_message":"","jetpack_is_tweetstorm":false,"jetpack_publicize_feature_enabled":true},"categories":[6502],"tags":[6529,5057,6506,6516,6712,7129,6521,6544,6891,6693,6887],"jetpack_publicize_connections":[],"yoast_head":"<!-- This site is optimized with the Yoast SEO plugin v19.1 - https:\/\/yoast.com\/wordpress\/plugins\/seo\/ -->\n<title>Adela dhe moza : Si Tani, k\u00c3\u00abtu, nuk ka tjet\u00c3\u00abr | Big Brother Albania 2<\/title>\n<meta name=\"description\" content=\"Big Brother Albania 2 - Adelajda dhe Mimoza kan\u00c3\u00ab biseduar n\u00c3\u00ab lidhje me daljen e Dritanit nga sht\u00c3\u00abpia dhe momentet kur prisnin t\u00c3\u00ab m\u00c3\u00absonin n\u00c3\u00abse do t\u00c3\u00ab ishte ai apo Mimoza.\" \/>\n<meta name=\"robots\" content=\"index, follow, max-snippet:-1, max-image-preview:large, max-video-preview:-1\" \/>\n<link rel=\"canonical\" href=\"https:\/\/www.visit-ulcinj.com\/blog\/2009\/04\/13\/adela-dhe-moza-si-tani-ketu-nuk-ka-tjeter\/\" \/>\n<meta property=\"og:locale\" content=\"en_US\" \/>\n<meta property=\"og:type\" content=\"article\" \/>\n<meta property=\"og:title\" content=\"Adela dhe moza : Si Tani, k\u00c3\u00abtu, nuk ka tjet\u00c3\u00abr | Big Brother Albania 2\" \/>\n<meta property=\"og:description\" content=\"Big Brother Albania 2 - Adelajda dhe Mimoza kan\u00c3\u00ab biseduar n\u00c3\u00ab lidhje me daljen e Dritanit nga sht\u00c3\u00abpia dhe momentet kur prisnin t\u00c3\u00ab m\u00c3\u00absonin n\u00c3\u00abse do t\u00c3\u00ab ishte ai apo Mimoza.\" \/>\n<meta property=\"og:url\" content=\"https:\/\/www.visit-ulcinj.com\/blog\/2009\/04\/13\/adela-dhe-moza-si-tani-ketu-nuk-ka-tjeter\/\" \/>\n<meta property=\"og:site_name\" content=\"Lajme nga Ulqini\" \/>\n<meta property=\"article:published_time\" content=\"2009-04-13T12:12:34+00:00\" \/>\n<meta property=\"og:image\" content=\"http:\/\/www.visit-ulcinj.com\/blog\/wp-content\/uploads\/2009\/04\/adela-dhe-moza12-prill-copy.jpg\" \/>\n<meta name=\"twitter:label1\" content=\"Written by\" \/>\n\t<meta name=\"twitter:data1\" content=\"ulqini\" \/>\n\t<meta name=\"twitter:label2\" content=\"Est. reading time\" \/>\n\t<meta name=\"twitter:data2\" content=\"1 minute\" \/>\n<script type=\"application\/ld+json\" class=\"yoast-schema-graph\">{\"@context\":\"https:\/\/schema.org\",\"@graph\":[{\"@type\":\"WebSite\",\"@id\":\"https:\/\/www.visit-ulcinj.com\/blog\/#website\",\"url\":\"https:\/\/www.visit-ulcinj.com\/blog\/\",\"name\":\"Lajme nga Ulqini\",\"description\":\"Lajme,Vijesti,Ulqini,Ulqin,Crna Gora,Mali i Zi\",\"potentialAction\":[{\"@type\":\"SearchAction\",\"target\":{\"@type\":\"EntryPoint\",\"urlTemplate\":\"https:\/\/www.visit-ulcinj.com\/blog\/?s={search_term_string}\"},\"query-input\":\"required name=search_term_string\"}],\"inLanguage\":\"en-US\"},{\"@type\":\"ImageObject\",\"inLanguage\":\"en-US\",\"@id\":\"https:\/\/www.visit-ulcinj.com\/blog\/2009\/04\/13\/adela-dhe-moza-si-tani-ketu-nuk-ka-tjeter\/#primaryimage\",\"url\":\"http:\/\/www.visit-ulcinj.com\/blog\/wp-content\/uploads\/2009\/04\/adela-dhe-moza12-prill-copy.jpg\",\"contentUrl\":\"http:\/\/www.visit-ulcinj.com\/blog\/wp-content\/uploads\/2009\/04\/adela-dhe-moza12-prill-copy.jpg\"},{\"@type\":\"WebPage\",\"@id\":\"https:\/\/www.visit-ulcinj.com\/blog\/2009\/04\/13\/adela-dhe-moza-si-tani-ketu-nuk-ka-tjeter\/#webpage\",\"url\":\"https:\/\/www.visit-ulcinj.com\/blog\/2009\/04\/13\/adela-dhe-moza-si-tani-ketu-nuk-ka-tjeter\/\",\"name\":\"Adela dhe moza : Si Tani, k\u00c3\u00abtu, nuk ka tjet\u00c3\u00abr | Big Brother Albania 2\",\"isPartOf\":{\"@id\":\"https:\/\/www.visit-ulcinj.com\/blog\/#website\"},\"primaryImageOfPage\":{\"@id\":\"https:\/\/www.visit-ulcinj.com\/blog\/2009\/04\/13\/adela-dhe-moza-si-tani-ketu-nuk-ka-tjeter\/#primaryimage\"},\"datePublished\":\"2009-04-13T12:12:34+00:00\",\"dateModified\":\"2009-04-13T12:12:34+00:00\",\"author\":{\"@id\":\"https:\/\/www.visit-ulcinj.com\/blog\/#\/schema\/person\/dcab619c614d3038751c63bc2aadc06d\"},\"description\":\"Big Brother Albania 2 - Adelajda dhe Mimoza kan\u00c3\u00ab biseduar n\u00c3\u00ab lidhje me daljen e Dritanit nga sht\u00c3\u00abpia dhe momentet kur prisnin t\u00c3\u00ab m\u00c3\u00absonin n\u00c3\u00abse do t\u00c3\u00ab ishte ai apo Mimoza.\",\"breadcrumb\":{\"@id\":\"https:\/\/www.visit-ulcinj.com\/blog\/2009\/04\/13\/adela-dhe-moza-si-tani-ketu-nuk-ka-tjeter\/#breadcrumb\"},\"inLanguage\":\"en-US\",\"potentialAction\":[{\"@type\":\"ReadAction\",\"target\":[\"https:\/\/www.visit-ulcinj.com\/blog\/2009\/04\/13\/adela-dhe-moza-si-tani-ketu-nuk-ka-tjeter\/\"]}]},{\"@type\":\"BreadcrumbList\",\"@id\":\"https:\/\/www.visit-ulcinj.com\/blog\/2009\/04\/13\/adela-dhe-moza-si-tani-ketu-nuk-ka-tjeter\/#breadcrumb\",\"itemListElement\":[{\"@type\":\"ListItem\",\"position\":1,\"name\":\"Adela dhe moza : Si Tani, k\u00ebtu, nuk ka tjet\u00ebr\"}]},{\"@type\":\"Person\",\"@id\":\"https:\/\/www.visit-ulcinj.com\/blog\/#\/schema\/person\/dcab619c614d3038751c63bc2aadc06d\",\"name\":\"ulqini\",\"sameAs\":[\"http:\/\/www.visit-ulcinj.com\"],\"url\":\"https:\/\/www.visit-ulcinj.com\/blog\/author\/admin\/\"}]}<\/script>\n<!-- \/ Yoast SEO plugin. -->","yoast_head_json":{"title":"Adela dhe moza : Si Tani, k\u00c3\u00abtu, nuk ka tjet\u00c3\u00abr | Big Brother Albania 2","description":"Big Brother Albania 2 - Adelajda dhe Mimoza kan\u00c3\u00ab biseduar n\u00c3\u00ab lidhje me daljen e Dritanit nga sht\u00c3\u00abpia dhe momentet kur prisnin t\u00c3\u00ab m\u00c3\u00absonin n\u00c3\u00abse do t\u00c3\u00ab ishte ai apo Mimoza.","robots":{"index":"index","follow":"follow","max-snippet":"max-snippet:-1","max-image-preview":"max-image-preview:large","max-video-preview":"max-video-preview:-1"},"canonical":"https:\/\/www.visit-ulcinj.com\/blog\/2009\/04\/13\/adela-dhe-moza-si-tani-ketu-nuk-ka-tjeter\/","og_locale":"en_US","og_type":"article","og_title":"Adela dhe moza : Si Tani, k\u00c3\u00abtu, nuk ka tjet\u00c3\u00abr | Big Brother Albania 2","og_description":"Big Brother Albania 2 - Adelajda dhe Mimoza kan\u00c3\u00ab biseduar n\u00c3\u00ab lidhje me daljen e Dritanit nga sht\u00c3\u00abpia dhe momentet kur prisnin t\u00c3\u00ab m\u00c3\u00absonin n\u00c3\u00abse do t\u00c3\u00ab ishte ai apo Mimoza.","og_url":"https:\/\/www.visit-ulcinj.com\/blog\/2009\/04\/13\/adela-dhe-moza-si-tani-ketu-nuk-ka-tjeter\/","og_site_name":"Lajme nga Ulqini","article_published_time":"2009-04-13T12:12:34+00:00","og_image":[{"url":"http:\/\/www.visit-ulcinj.com\/blog\/wp-content\/uploads\/2009\/04\/adela-dhe-moza12-prill-copy.jpg"}],"twitter_misc":{"Written by":"ulqini","Est. reading time":"1 minute"},"schema":{"@context":"https:\/\/schema.org","@graph":[{"@type":"WebSite","@id":"https:\/\/www.visit-ulcinj.com\/blog\/#website","url":"https:\/\/www.visit-ulcinj.com\/blog\/","name":"Lajme nga Ulqini","description":"Lajme,Vijesti,Ulqini,Ulqin,Crna Gora,Mali i Zi","potentialAction":[{"@type":"SearchAction","target":{"@type":"EntryPoint","urlTemplate":"https:\/\/www.visit-ulcinj.com\/blog\/?s={search_term_string}"},"query-input":"required name=search_term_string"}],"inLanguage":"en-US"},{"@type":"ImageObject","inLanguage":"en-US","@id":"https:\/\/www.visit-ulcinj.com\/blog\/2009\/04\/13\/adela-dhe-moza-si-tani-ketu-nuk-ka-tjeter\/#primaryimage","url":"http:\/\/www.visit-ulcinj.com\/blog\/wp-content\/uploads\/2009\/04\/adela-dhe-moza12-prill-copy.jpg","contentUrl":"http:\/\/www.visit-ulcinj.com\/blog\/wp-content\/uploads\/2009\/04\/adela-dhe-moza12-prill-copy.jpg"},{"@type":"WebPage","@id":"https:\/\/www.visit-ulcinj.com\/blog\/2009\/04\/13\/adela-dhe-moza-si-tani-ketu-nuk-ka-tjeter\/#webpage","url":"https:\/\/www.visit-ulcinj.com\/blog\/2009\/04\/13\/adela-dhe-moza-si-tani-ketu-nuk-ka-tjeter\/","name":"Adela dhe moza : Si Tani, k\u00c3\u00abtu, nuk ka tjet\u00c3\u00abr | Big Brother Albania 2","isPartOf":{"@id":"https:\/\/www.visit-ulcinj.com\/blog\/#website"},"primaryImageOfPage":{"@id":"https:\/\/www.visit-ulcinj.com\/blog\/2009\/04\/13\/adela-dhe-moza-si-tani-ketu-nuk-ka-tjeter\/#primaryimage"},"datePublished":"2009-04-13T12:12:34+00:00","dateModified":"2009-04-13T12:12:34+00:00","author":{"@id":"https:\/\/www.visit-ulcinj.com\/blog\/#\/schema\/person\/dcab619c614d3038751c63bc2aadc06d"},"description":"Big Brother Albania 2 - Adelajda dhe Mimoza kan\u00c3\u00ab biseduar n\u00c3\u00ab lidhje me daljen e Dritanit nga sht\u00c3\u00abpia dhe momentet kur prisnin t\u00c3\u00ab m\u00c3\u00absonin n\u00c3\u00abse do t\u00c3\u00ab ishte ai apo Mimoza.","breadcrumb":{"@id":"https:\/\/www.visit-ulcinj.com\/blog\/2009\/04\/13\/adela-dhe-moza-si-tani-ketu-nuk-ka-tjeter\/#breadcrumb"},"inLanguage":"en-US","potentialAction":[{"@type":"ReadAction","target":["https:\/\/www.visit-ulcinj.com\/blog\/2009\/04\/13\/adela-dhe-moza-si-tani-ketu-nuk-ka-tjeter\/"]}]},{"@type":"BreadcrumbList","@id":"https:\/\/www.visit-ulcinj.com\/blog\/2009\/04\/13\/adela-dhe-moza-si-tani-ketu-nuk-ka-tjeter\/#breadcrumb","itemListElement":[{"@type":"ListItem","position":1,"name":"Adela dhe moza : Si Tani, k\u00ebtu, nuk ka tjet\u00ebr"}]},{"@type":"Person","@id":"https:\/\/www.visit-ulcinj.com\/blog\/#\/schema\/person\/dcab619c614d3038751c63bc2aadc06d","name":"ulqini","sameAs":["http:\/\/www.visit-ulcinj.com"],"url":"https:\/\/www.visit-ulcinj.com\/blog\/author\/admin\/"}]}},"jetpack_featured_media_url":"","jetpack_sharing_enabled":true,"jetpack_shortlink":"https:\/\/wp.me\/pe6lTn-4Ba","_links":{"self":[{"href":"https:\/\/www.visit-ulcinj.com\/blog\/wp-json\/wp\/v2\/posts\/17680"}],"collection":[{"href":"https:\/\/www.visit-ulcinj.com\/blog\/wp-json\/wp\/v2\/posts"}],"about":[{"href":"https:\/\/www.visit-ulcinj.com\/blog\/wp-json\/wp\/v2\/types\/post"}],"author":[{"embeddable":true,"href":"https:\/\/www.visit-ulcinj.com\/blog\/wp-json\/wp\/v2\/users\/1"}],"replies":[{"embeddable":true,"href":"https:\/\/www.visit-ulcinj.com\/blog\/wp-json\/wp\/v2\/comments?post=17680"}],"version-history":[{"count":0,"href":"https:\/\/www.visit-ulcinj.com\/blog\/wp-json\/wp\/v2\/posts\/17680\/revisions"}],"wp:attachment":[{"href":"https:\/\/www.visit-ulcinj.com\/blog\/wp-json\/wp\/v2\/media?parent=17680"}],"wp:term":[{"taxonomy":"category","embeddable":true,"href":"https:\/\/www.visit-ulcinj.com\/blog\/wp-json\/wp\/v2\/categories?post=17680"},{"taxonomy":"post_tag","embeddable":true,"href":"https:\/\/www.visit-ulcinj.com\/blog\/wp-json\/wp\/v2\/tags?post=17680"}],"curies":[{"name":"wp","href":"https:\/\/api.w.org\/{rel}","templated":true}]}}