{"id":17687,"date":"2009-04-13T14:27:38","date_gmt":"2009-04-13T12:27:38","guid":{"rendered":"http:\/\/www.visit-ulcinj.com\/blog\/?p=17687"},"modified":"2009-04-13T14:27:38","modified_gmt":"2009-04-13T12:27:38","slug":"adelajda-dhe-bjordi-publiku-vlereson-spektaklin","status":"publish","type":"post","link":"https:\/\/www.visit-ulcinj.com\/blog\/2009\/04\/13\/adelajda-dhe-bjordi-publiku-vlereson-spektaklin\/","title":{"rendered":"Adelajda dhe Bjordi : Publiku vler\u00ebson spektaklin"},"content":{"rendered":"<p><em><span class=\"newsdate\"><a href=\"http:\/\/www.visit-ulcinj.com\/blog\/wp-content\/uploads\/2009\/04\/bjordi-dhe-adela-spektakli.jpg\"><img loading=\"lazy\" class=\"alignleft size-full wp-image-17688\" title=\"bjordi-dhe-adela-spektakli-big-brother-albania-2\" src=\"http:\/\/www.visit-ulcinj.com\/blog\/wp-content\/uploads\/2009\/04\/bjordi-dhe-adela-spektakli.jpg\" alt=\"bjordi-dhe-adela-spektakli-big-brother-albania-2\" width=\"300\" height=\"205\" \/><\/a>12\/04\/09 01.56<\/span><\/em><\/p>\n<p>\u201cNuk ka nevoj\u00eb t\u00eb t\u00eb them q\u00eb \u00ebsht\u00eb nj\u00eb loj\u00eb!\u201d \u2013 i ka th\u00ebn\u00eb Bjordi Adel\u00ebs, q\u00eb qante p\u00ebr daljen e Dritanit nga sht\u00ebpia. \u201cNuk e meritonte Tani!\u201d \u2013 ka th\u00ebn\u00eb ajo, &#8211; M\u00eb shum\u00eb e meritoja un\u00eb!\u201d. M\u00eb pas ajo ka shtuar se e donte shum\u00eb Anjez\u00ebn, por nuk i vinte mir\u00eb q\u00eb t\u00eb rrinte ajo dhe t\u00eb dilte Dritani. Ai i ka th\u00ebn\u00eb se t\u00eb nj\u00ebjtat gj\u00ebra q\u00eb ajo po thoshte tani p\u00ebr Dritanin, ai i kishte th\u00ebn\u00eb p\u00ebr Lirit\u00ebn, kur kjo e fundit kishte l\u00ebn\u00eb sht\u00ebpin\u00eb e Big Brother. Sipas Adel\u00ebs, n\u00eb sht\u00ebpi do t\u00eb ngelen vet\u00ebm llafazan\u00ebt dhe ngatrestar\u00ebt. Sipas Bjordit, publikut i interesonin m\u00eb shum\u00eb k\u00ebta t\u00eb fundit. \u201cI miri nuk fiton kurr\u00eb!\u201d \u2013 ka th\u00ebn\u00eb Bjordi. \u201cAt\u00ebher\u00eb i bie q\u00eb jav\u00ebs tjet\u00ebr t\u00eb dal un\u00eb!\u201d \u2013 ka th\u00ebn\u00eb Adela. \u201cTi p\u00ebrsa koh\u00eb do t\u00eb rrish af\u00ebr meje, nuk ke p\u00ebr t\u00eb dal\u00eb!\u201d- i ka th\u00ebn\u00eb Bjordi. Sipas tij, publiku vler\u00ebsonte ata q\u00eb jepnin spektak\u00ebl, Qetsorin, Aid\u00ebn e po ashtu edhe ata t\u00eb dy.<\/p>\n","protected":false},"excerpt":{"rendered":"<p>12\/04\/09 01.56 \u201cNuk ka nevoj\u00eb t\u00eb t\u00eb them q\u00eb \u00ebsht\u00eb nj\u00eb loj\u00eb!\u201d \u2013 i ka th\u00ebn\u00eb Bjordi Adel\u00ebs, q\u00eb qante p\u00ebr daljen e Dritanit nga sht\u00ebpia. \u201cNuk e meritonte Tani!\u201d \u2013 ka th\u00ebn\u00eb ajo, &#8211; M\u00eb shum\u00eb e meritoja un\u00eb!\u201d. M\u00eb pas ajo ka shtuar se e donte shum\u00eb Anjez\u00ebn, por nuk i vinte mir\u00eb [&hellip;]<\/p>\n","protected":false},"author":1,"featured_media":0,"comment_status":"open","ping_status":"closed","sticky":false,"template":"","format":"standard","meta":{"spay_email":"","jetpack_publicize_message":"","jetpack_is_tweetstorm":false,"jetpack_publicize_feature_enabled":true},"categories":[6502],"tags":[6529,6537,5057,6506,6516,6712,7129,6522,6544,8276,8278,6891,6693,6887],"jetpack_publicize_connections":[],"yoast_head":"<!-- This site is optimized with the Yoast SEO plugin v19.1 - https:\/\/yoast.com\/wordpress\/plugins\/seo\/ -->\n<title>Adelajda dhe Bjordi : Publiku vler\u00c3\u00abson spektaklin | Big Brother Albania 2<\/title>\n<meta name=\"description\" content=\"Big Brother Albania 2 - \u00e2\u20ac\u0153Nuk ka nevoj\u00c3\u00ab t\u00c3\u00ab t\u00c3\u00ab them q\u00c3\u00ab \u00c3\u00absht\u00c3\u00ab nj\u00c3\u00ab loj\u00c3\u00ab!\u00e2\u20ac\u009d \u00e2\u20ac\u201c i ka th\u00c3\u00abn\u00c3\u00ab Bjordi Adel\u00c3\u00abs, q\u00c3\u00ab qante p\u00c3\u00abr daljen e Dritanit nga sht\u00c3\u00abpia. \u00e2\u20ac\u0153Nuk e meritonte Tani!\u00e2\u20ac\u009d\" \/>\n<meta name=\"robots\" content=\"index, follow, max-snippet:-1, max-image-preview:large, max-video-preview:-1\" \/>\n<link rel=\"canonical\" href=\"https:\/\/www.visit-ulcinj.com\/blog\/2009\/04\/13\/adelajda-dhe-bjordi-publiku-vlereson-spektaklin\/\" \/>\n<meta property=\"og:locale\" content=\"en_US\" \/>\n<meta property=\"og:type\" content=\"article\" \/>\n<meta property=\"og:title\" content=\"Adelajda dhe Bjordi : Publiku vler\u00c3\u00abson spektaklin | Big Brother Albania 2\" \/>\n<meta property=\"og:description\" content=\"Big Brother Albania 2 - \u00e2\u20ac\u0153Nuk ka nevoj\u00c3\u00ab t\u00c3\u00ab t\u00c3\u00ab them q\u00c3\u00ab \u00c3\u00absht\u00c3\u00ab nj\u00c3\u00ab loj\u00c3\u00ab!\u00e2\u20ac\u009d \u00e2\u20ac\u201c i ka th\u00c3\u00abn\u00c3\u00ab Bjordi Adel\u00c3\u00abs, q\u00c3\u00ab qante p\u00c3\u00abr daljen e Dritanit nga sht\u00c3\u00abpia. \u00e2\u20ac\u0153Nuk e meritonte Tani!\u00e2\u20ac\u009d\" \/>\n<meta property=\"og:url\" content=\"https:\/\/www.visit-ulcinj.com\/blog\/2009\/04\/13\/adelajda-dhe-bjordi-publiku-vlereson-spektaklin\/\" \/>\n<meta property=\"og:site_name\" content=\"Lajme nga Ulqini\" \/>\n<meta property=\"article:published_time\" content=\"2009-04-13T12:27:38+00:00\" \/>\n<meta property=\"og:image\" content=\"http:\/\/www.visit-ulcinj.com\/blog\/wp-content\/uploads\/2009\/04\/bjordi-dhe-adela-spektakli.jpg\" \/>\n<meta name=\"twitter:label1\" content=\"Written by\" \/>\n\t<meta name=\"twitter:data1\" content=\"ulqini\" \/>\n\t<meta name=\"twitter:label2\" content=\"Est. reading time\" \/>\n\t<meta name=\"twitter:data2\" content=\"1 minute\" \/>\n<script type=\"application\/ld+json\" class=\"yoast-schema-graph\">{\"@context\":\"https:\/\/schema.org\",\"@graph\":[{\"@type\":\"WebSite\",\"@id\":\"https:\/\/www.visit-ulcinj.com\/blog\/#website\",\"url\":\"https:\/\/www.visit-ulcinj.com\/blog\/\",\"name\":\"Lajme nga Ulqini\",\"description\":\"Lajme,Vijesti,Ulqini,Ulqin,Crna Gora,Mali i Zi\",\"potentialAction\":[{\"@type\":\"SearchAction\",\"target\":{\"@type\":\"EntryPoint\",\"urlTemplate\":\"https:\/\/www.visit-ulcinj.com\/blog\/?s={search_term_string}\"},\"query-input\":\"required name=search_term_string\"}],\"inLanguage\":\"en-US\"},{\"@type\":\"ImageObject\",\"inLanguage\":\"en-US\",\"@id\":\"https:\/\/www.visit-ulcinj.com\/blog\/2009\/04\/13\/adelajda-dhe-bjordi-publiku-vlereson-spektaklin\/#primaryimage\",\"url\":\"http:\/\/www.visit-ulcinj.com\/blog\/wp-content\/uploads\/2009\/04\/bjordi-dhe-adela-spektakli.jpg\",\"contentUrl\":\"http:\/\/www.visit-ulcinj.com\/blog\/wp-content\/uploads\/2009\/04\/bjordi-dhe-adela-spektakli.jpg\"},{\"@type\":\"WebPage\",\"@id\":\"https:\/\/www.visit-ulcinj.com\/blog\/2009\/04\/13\/adelajda-dhe-bjordi-publiku-vlereson-spektaklin\/#webpage\",\"url\":\"https:\/\/www.visit-ulcinj.com\/blog\/2009\/04\/13\/adelajda-dhe-bjordi-publiku-vlereson-spektaklin\/\",\"name\":\"Adelajda dhe Bjordi : Publiku vler\u00c3\u00abson spektaklin | Big Brother Albania 2\",\"isPartOf\":{\"@id\":\"https:\/\/www.visit-ulcinj.com\/blog\/#website\"},\"primaryImageOfPage\":{\"@id\":\"https:\/\/www.visit-ulcinj.com\/blog\/2009\/04\/13\/adelajda-dhe-bjordi-publiku-vlereson-spektaklin\/#primaryimage\"},\"datePublished\":\"2009-04-13T12:27:38+00:00\",\"dateModified\":\"2009-04-13T12:27:38+00:00\",\"author\":{\"@id\":\"https:\/\/www.visit-ulcinj.com\/blog\/#\/schema\/person\/dcab619c614d3038751c63bc2aadc06d\"},\"description\":\"Big Brother Albania 2 - \u00e2\u20ac\u0153Nuk ka nevoj\u00c3\u00ab t\u00c3\u00ab t\u00c3\u00ab them q\u00c3\u00ab \u00c3\u00absht\u00c3\u00ab nj\u00c3\u00ab loj\u00c3\u00ab!\u00e2\u20ac\u009d \u00e2\u20ac\u201c i ka th\u00c3\u00abn\u00c3\u00ab Bjordi Adel\u00c3\u00abs, q\u00c3\u00ab qante p\u00c3\u00abr daljen e Dritanit nga sht\u00c3\u00abpia. \u00e2\u20ac\u0153Nuk e meritonte Tani!\u00e2\u20ac\u009d\",\"breadcrumb\":{\"@id\":\"https:\/\/www.visit-ulcinj.com\/blog\/2009\/04\/13\/adelajda-dhe-bjordi-publiku-vlereson-spektaklin\/#breadcrumb\"},\"inLanguage\":\"en-US\",\"potentialAction\":[{\"@type\":\"ReadAction\",\"target\":[\"https:\/\/www.visit-ulcinj.com\/blog\/2009\/04\/13\/adelajda-dhe-bjordi-publiku-vlereson-spektaklin\/\"]}]},{\"@type\":\"BreadcrumbList\",\"@id\":\"https:\/\/www.visit-ulcinj.com\/blog\/2009\/04\/13\/adelajda-dhe-bjordi-publiku-vlereson-spektaklin\/#breadcrumb\",\"itemListElement\":[{\"@type\":\"ListItem\",\"position\":1,\"name\":\"Adelajda dhe Bjordi : Publiku vler\u00ebson spektaklin\"}]},{\"@type\":\"Person\",\"@id\":\"https:\/\/www.visit-ulcinj.com\/blog\/#\/schema\/person\/dcab619c614d3038751c63bc2aadc06d\",\"name\":\"ulqini\",\"sameAs\":[\"http:\/\/www.visit-ulcinj.com\"],\"url\":\"https:\/\/www.visit-ulcinj.com\/blog\/author\/admin\/\"}]}<\/script>\n<!-- \/ Yoast SEO plugin. -->","yoast_head_json":{"title":"Adelajda dhe Bjordi : Publiku vler\u00c3\u00abson spektaklin | Big Brother Albania 2","description":"Big Brother Albania 2 - \u00e2\u20ac\u0153Nuk ka nevoj\u00c3\u00ab t\u00c3\u00ab t\u00c3\u00ab them q\u00c3\u00ab \u00c3\u00absht\u00c3\u00ab nj\u00c3\u00ab loj\u00c3\u00ab!\u00e2\u20ac\u009d \u00e2\u20ac\u201c i ka th\u00c3\u00abn\u00c3\u00ab Bjordi Adel\u00c3\u00abs, q\u00c3\u00ab qante p\u00c3\u00abr daljen e Dritanit nga sht\u00c3\u00abpia. \u00e2\u20ac\u0153Nuk e meritonte Tani!\u00e2\u20ac\u009d","robots":{"index":"index","follow":"follow","max-snippet":"max-snippet:-1","max-image-preview":"max-image-preview:large","max-video-preview":"max-video-preview:-1"},"canonical":"https:\/\/www.visit-ulcinj.com\/blog\/2009\/04\/13\/adelajda-dhe-bjordi-publiku-vlereson-spektaklin\/","og_locale":"en_US","og_type":"article","og_title":"Adelajda dhe Bjordi : Publiku vler\u00c3\u00abson spektaklin | Big Brother Albania 2","og_description":"Big Brother Albania 2 - \u00e2\u20ac\u0153Nuk ka nevoj\u00c3\u00ab t\u00c3\u00ab t\u00c3\u00ab them q\u00c3\u00ab \u00c3\u00absht\u00c3\u00ab nj\u00c3\u00ab loj\u00c3\u00ab!\u00e2\u20ac\u009d \u00e2\u20ac\u201c i ka th\u00c3\u00abn\u00c3\u00ab Bjordi Adel\u00c3\u00abs, q\u00c3\u00ab qante p\u00c3\u00abr daljen e Dritanit nga sht\u00c3\u00abpia. \u00e2\u20ac\u0153Nuk e meritonte Tani!\u00e2\u20ac\u009d","og_url":"https:\/\/www.visit-ulcinj.com\/blog\/2009\/04\/13\/adelajda-dhe-bjordi-publiku-vlereson-spektaklin\/","og_site_name":"Lajme nga Ulqini","article_published_time":"2009-04-13T12:27:38+00:00","og_image":[{"url":"http:\/\/www.visit-ulcinj.com\/blog\/wp-content\/uploads\/2009\/04\/bjordi-dhe-adela-spektakli.jpg"}],"twitter_misc":{"Written by":"ulqini","Est. reading time":"1 minute"},"schema":{"@context":"https:\/\/schema.org","@graph":[{"@type":"WebSite","@id":"https:\/\/www.visit-ulcinj.com\/blog\/#website","url":"https:\/\/www.visit-ulcinj.com\/blog\/","name":"Lajme nga Ulqini","description":"Lajme,Vijesti,Ulqini,Ulqin,Crna Gora,Mali i Zi","potentialAction":[{"@type":"SearchAction","target":{"@type":"EntryPoint","urlTemplate":"https:\/\/www.visit-ulcinj.com\/blog\/?s={search_term_string}"},"query-input":"required name=search_term_string"}],"inLanguage":"en-US"},{"@type":"ImageObject","inLanguage":"en-US","@id":"https:\/\/www.visit-ulcinj.com\/blog\/2009\/04\/13\/adelajda-dhe-bjordi-publiku-vlereson-spektaklin\/#primaryimage","url":"http:\/\/www.visit-ulcinj.com\/blog\/wp-content\/uploads\/2009\/04\/bjordi-dhe-adela-spektakli.jpg","contentUrl":"http:\/\/www.visit-ulcinj.com\/blog\/wp-content\/uploads\/2009\/04\/bjordi-dhe-adela-spektakli.jpg"},{"@type":"WebPage","@id":"https:\/\/www.visit-ulcinj.com\/blog\/2009\/04\/13\/adelajda-dhe-bjordi-publiku-vlereson-spektaklin\/#webpage","url":"https:\/\/www.visit-ulcinj.com\/blog\/2009\/04\/13\/adelajda-dhe-bjordi-publiku-vlereson-spektaklin\/","name":"Adelajda dhe Bjordi : Publiku vler\u00c3\u00abson spektaklin | Big Brother Albania 2","isPartOf":{"@id":"https:\/\/www.visit-ulcinj.com\/blog\/#website"},"primaryImageOfPage":{"@id":"https:\/\/www.visit-ulcinj.com\/blog\/2009\/04\/13\/adelajda-dhe-bjordi-publiku-vlereson-spektaklin\/#primaryimage"},"datePublished":"2009-04-13T12:27:38+00:00","dateModified":"2009-04-13T12:27:38+00:00","author":{"@id":"https:\/\/www.visit-ulcinj.com\/blog\/#\/schema\/person\/dcab619c614d3038751c63bc2aadc06d"},"description":"Big Brother Albania 2 - \u00e2\u20ac\u0153Nuk ka nevoj\u00c3\u00ab t\u00c3\u00ab t\u00c3\u00ab them q\u00c3\u00ab \u00c3\u00absht\u00c3\u00ab nj\u00c3\u00ab loj\u00c3\u00ab!\u00e2\u20ac\u009d \u00e2\u20ac\u201c i ka th\u00c3\u00abn\u00c3\u00ab Bjordi Adel\u00c3\u00abs, q\u00c3\u00ab qante p\u00c3\u00abr daljen e Dritanit nga sht\u00c3\u00abpia. \u00e2\u20ac\u0153Nuk e meritonte Tani!\u00e2\u20ac\u009d","breadcrumb":{"@id":"https:\/\/www.visit-ulcinj.com\/blog\/2009\/04\/13\/adelajda-dhe-bjordi-publiku-vlereson-spektaklin\/#breadcrumb"},"inLanguage":"en-US","potentialAction":[{"@type":"ReadAction","target":["https:\/\/www.visit-ulcinj.com\/blog\/2009\/04\/13\/adelajda-dhe-bjordi-publiku-vlereson-spektaklin\/"]}]},{"@type":"BreadcrumbList","@id":"https:\/\/www.visit-ulcinj.com\/blog\/2009\/04\/13\/adelajda-dhe-bjordi-publiku-vlereson-spektaklin\/#breadcrumb","itemListElement":[{"@type":"ListItem","position":1,"name":"Adelajda dhe Bjordi : Publiku vler\u00ebson spektaklin"}]},{"@type":"Person","@id":"https:\/\/www.visit-ulcinj.com\/blog\/#\/schema\/person\/dcab619c614d3038751c63bc2aadc06d","name":"ulqini","sameAs":["http:\/\/www.visit-ulcinj.com"],"url":"https:\/\/www.visit-ulcinj.com\/blog\/author\/admin\/"}]}},"jetpack_featured_media_url":"","jetpack_sharing_enabled":true,"jetpack_shortlink":"https:\/\/wp.me\/pe6lTn-4Bh","_links":{"self":[{"href":"https:\/\/www.visit-ulcinj.com\/blog\/wp-json\/wp\/v2\/posts\/17687"}],"collection":[{"href":"https:\/\/www.visit-ulcinj.com\/blog\/wp-json\/wp\/v2\/posts"}],"about":[{"href":"https:\/\/www.visit-ulcinj.com\/blog\/wp-json\/wp\/v2\/types\/post"}],"author":[{"embeddable":true,"href":"https:\/\/www.visit-ulcinj.com\/blog\/wp-json\/wp\/v2\/users\/1"}],"replies":[{"embeddable":true,"href":"https:\/\/www.visit-ulcinj.com\/blog\/wp-json\/wp\/v2\/comments?post=17687"}],"version-history":[{"count":0,"href":"https:\/\/www.visit-ulcinj.com\/blog\/wp-json\/wp\/v2\/posts\/17687\/revisions"}],"wp:attachment":[{"href":"https:\/\/www.visit-ulcinj.com\/blog\/wp-json\/wp\/v2\/media?parent=17687"}],"wp:term":[{"taxonomy":"category","embeddable":true,"href":"https:\/\/www.visit-ulcinj.com\/blog\/wp-json\/wp\/v2\/categories?post=17687"},{"taxonomy":"post_tag","embeddable":true,"href":"https:\/\/www.visit-ulcinj.com\/blog\/wp-json\/wp\/v2\/tags?post=17687"}],"curies":[{"name":"wp","href":"https:\/\/api.w.org\/{rel}","templated":true}]}}