{"id":17693,"date":"2009-04-13T14:35:41","date_gmt":"2009-04-13T12:35:41","guid":{"rendered":"http:\/\/www.visit-ulcinj.com\/blog\/?p=17693"},"modified":"2009-04-13T14:35:41","modified_gmt":"2009-04-13T12:35:41","slug":"adelajda-ndoshta-juna-te-pelqen","status":"publish","type":"post","link":"https:\/\/www.visit-ulcinj.com\/blog\/2009\/04\/13\/adelajda-ndoshta-juna-te-pelqen\/","title":{"rendered":"Adelajda : Ndoshta Juna t\u00eb p\u00eblqen"},"content":{"rendered":"<p><em><span class=\"newsdate\"><a href=\"http:\/\/www.visit-ulcinj.com\/blog\/wp-content\/uploads\/2009\/04\/adiadelaper-junen-12.jpg\"><img loading=\"lazy\" class=\"alignleft size-full wp-image-17694\" title=\"adiadelaper-junen-bigbrother-albania-2\" src=\"http:\/\/www.visit-ulcinj.com\/blog\/wp-content\/uploads\/2009\/04\/adiadelaper-junen-12.jpg\" alt=\"adiadelaper-junen-bigbrother-albania-2\" width=\"300\" height=\"205\" \/><\/a>12\/04\/09 12:02<\/span><\/em><\/p>\n<p>Adela pyet Adin p\u00ebr raportin q\u00eb ka krijuar ai me Jun\u00ebn brenda n\u00eb sht\u00ebpi. Ajo shprehet se ka v\u00ebn\u00eb re se ajo \u00ebsht\u00eb duke ndenjur shum\u00eb af\u00ebr me Adin dhe e k\u00ebshillon q\u00eb t\u00eb mbaj\u00eb pak distanc\u00eb me t\u00eb. Adi ia kthen se ai nuk mund t\u00eb reagoj\u00eb keq me t\u00eb sepse ajo ka nj\u00eb m\u00ebnyr\u00eb t\u00eb sjelluri ashtu sic i kupton gj\u00ebrat, ka jetuar n\u00eb nj\u00eb vend tjet\u00ebr ku njer\u00ebzit sillen ndryshe dhe se fundja edhe ajo nuk po sillet keq me t\u00eb. Adela i thot\u00eb se ajo po sillet k\u00ebshtu vet\u00ebm me t\u00eb, nd\u00ebrsa me djemt\u00eb e tjer\u00eb jo. Ajo mendon se ndoshta Jun\u00ebs i p\u00eblqen v\u00ebrtet\u00eb Adi.<\/p>\n","protected":false},"excerpt":{"rendered":"<p>12\/04\/09 12:02 Adela pyet Adin p\u00ebr raportin q\u00eb ka krijuar ai me Jun\u00ebn brenda n\u00eb sht\u00ebpi. Ajo shprehet se ka v\u00ebn\u00eb re se ajo \u00ebsht\u00eb duke ndenjur shum\u00eb af\u00ebr me Adin dhe e k\u00ebshillon q\u00eb t\u00eb mbaj\u00eb pak distanc\u00eb me t\u00eb. Adi ia kthen se ai nuk mund t\u00eb reagoj\u00eb keq me t\u00eb sepse ajo [&hellip;]<\/p>\n","protected":false},"author":1,"featured_media":0,"comment_status":"open","ping_status":"closed","sticky":false,"template":"","format":"standard","meta":{"spay_email":"","jetpack_publicize_message":"","jetpack_is_tweetstorm":false,"jetpack_publicize_feature_enabled":true},"categories":[6502],"tags":[6529,1414,5057,6506,6516,6712,7129,1442,9011,6891,6693,6887],"jetpack_publicize_connections":[],"yoast_head":"<!-- This site is optimized with the Yoast SEO plugin v19.1 - https:\/\/yoast.com\/wordpress\/plugins\/seo\/ -->\n<title>Adelajda : Ndoshta Juna t\u00c3\u00ab p\u00c3\u00ablqen | Big Brother Albania 2<\/title>\n<meta name=\"description\" content=\"Big Brother Albania 2 - dela pyet Adin p\u00c3\u00abr raportin q\u00c3\u00ab ka krijuar ai me Jun\u00c3\u00abn brenda n\u00c3\u00ab sht\u00c3\u00abpi. Ajo shprehet se ka v\u00c3\u00abn\u00c3\u00ab re se ajo \u00c3\u00absht\u00c3\u00ab duke ndenjur shum\u00c3\u00ab af\u00c3\u00abr me Adin dhe e k\u00c3\u00abshillon q\u00c3\u00ab t\u00c3\u00ab mbaj\u00c3\u00ab pak distanc\u00c3\u00ab me t\u00c3\u00ab.\" \/>\n<meta name=\"robots\" content=\"index, follow, max-snippet:-1, max-image-preview:large, max-video-preview:-1\" \/>\n<link rel=\"canonical\" href=\"https:\/\/www.visit-ulcinj.com\/blog\/2009\/04\/13\/adelajda-ndoshta-juna-te-pelqen\/\" \/>\n<meta property=\"og:locale\" content=\"en_US\" \/>\n<meta property=\"og:type\" content=\"article\" \/>\n<meta property=\"og:title\" content=\"Adelajda : Ndoshta Juna t\u00c3\u00ab p\u00c3\u00ablqen | Big Brother Albania 2\" \/>\n<meta property=\"og:description\" content=\"Big Brother Albania 2 - dela pyet Adin p\u00c3\u00abr raportin q\u00c3\u00ab ka krijuar ai me Jun\u00c3\u00abn brenda n\u00c3\u00ab sht\u00c3\u00abpi. Ajo shprehet se ka v\u00c3\u00abn\u00c3\u00ab re se ajo \u00c3\u00absht\u00c3\u00ab duke ndenjur shum\u00c3\u00ab af\u00c3\u00abr me Adin dhe e k\u00c3\u00abshillon q\u00c3\u00ab t\u00c3\u00ab mbaj\u00c3\u00ab pak distanc\u00c3\u00ab me t\u00c3\u00ab.\" \/>\n<meta property=\"og:url\" content=\"https:\/\/www.visit-ulcinj.com\/blog\/2009\/04\/13\/adelajda-ndoshta-juna-te-pelqen\/\" \/>\n<meta property=\"og:site_name\" content=\"Lajme nga Ulqini\" \/>\n<meta property=\"article:published_time\" content=\"2009-04-13T12:35:41+00:00\" \/>\n<meta property=\"og:image\" content=\"http:\/\/www.visit-ulcinj.com\/blog\/wp-content\/uploads\/2009\/04\/adiadelaper-junen-12.jpg\" \/>\n<meta name=\"twitter:label1\" content=\"Written by\" \/>\n\t<meta name=\"twitter:data1\" content=\"ulqini\" \/>\n\t<meta name=\"twitter:label2\" content=\"Est. reading time\" \/>\n\t<meta name=\"twitter:data2\" content=\"1 minute\" \/>\n<script type=\"application\/ld+json\" class=\"yoast-schema-graph\">{\"@context\":\"https:\/\/schema.org\",\"@graph\":[{\"@type\":\"WebSite\",\"@id\":\"https:\/\/www.visit-ulcinj.com\/blog\/#website\",\"url\":\"https:\/\/www.visit-ulcinj.com\/blog\/\",\"name\":\"Lajme nga Ulqini\",\"description\":\"Lajme,Vijesti,Ulqini,Ulqin,Crna Gora,Mali i Zi\",\"potentialAction\":[{\"@type\":\"SearchAction\",\"target\":{\"@type\":\"EntryPoint\",\"urlTemplate\":\"https:\/\/www.visit-ulcinj.com\/blog\/?s={search_term_string}\"},\"query-input\":\"required name=search_term_string\"}],\"inLanguage\":\"en-US\"},{\"@type\":\"ImageObject\",\"inLanguage\":\"en-US\",\"@id\":\"https:\/\/www.visit-ulcinj.com\/blog\/2009\/04\/13\/adelajda-ndoshta-juna-te-pelqen\/#primaryimage\",\"url\":\"http:\/\/www.visit-ulcinj.com\/blog\/wp-content\/uploads\/2009\/04\/adiadelaper-junen-12.jpg\",\"contentUrl\":\"http:\/\/www.visit-ulcinj.com\/blog\/wp-content\/uploads\/2009\/04\/adiadelaper-junen-12.jpg\"},{\"@type\":\"WebPage\",\"@id\":\"https:\/\/www.visit-ulcinj.com\/blog\/2009\/04\/13\/adelajda-ndoshta-juna-te-pelqen\/#webpage\",\"url\":\"https:\/\/www.visit-ulcinj.com\/blog\/2009\/04\/13\/adelajda-ndoshta-juna-te-pelqen\/\",\"name\":\"Adelajda : Ndoshta Juna t\u00c3\u00ab p\u00c3\u00ablqen | Big Brother Albania 2\",\"isPartOf\":{\"@id\":\"https:\/\/www.visit-ulcinj.com\/blog\/#website\"},\"primaryImageOfPage\":{\"@id\":\"https:\/\/www.visit-ulcinj.com\/blog\/2009\/04\/13\/adelajda-ndoshta-juna-te-pelqen\/#primaryimage\"},\"datePublished\":\"2009-04-13T12:35:41+00:00\",\"dateModified\":\"2009-04-13T12:35:41+00:00\",\"author\":{\"@id\":\"https:\/\/www.visit-ulcinj.com\/blog\/#\/schema\/person\/dcab619c614d3038751c63bc2aadc06d\"},\"description\":\"Big Brother Albania 2 - dela pyet Adin p\u00c3\u00abr raportin q\u00c3\u00ab ka krijuar ai me Jun\u00c3\u00abn brenda n\u00c3\u00ab sht\u00c3\u00abpi. Ajo shprehet se ka v\u00c3\u00abn\u00c3\u00ab re se ajo \u00c3\u00absht\u00c3\u00ab duke ndenjur shum\u00c3\u00ab af\u00c3\u00abr me Adin dhe e k\u00c3\u00abshillon q\u00c3\u00ab t\u00c3\u00ab mbaj\u00c3\u00ab pak distanc\u00c3\u00ab me t\u00c3\u00ab.\",\"breadcrumb\":{\"@id\":\"https:\/\/www.visit-ulcinj.com\/blog\/2009\/04\/13\/adelajda-ndoshta-juna-te-pelqen\/#breadcrumb\"},\"inLanguage\":\"en-US\",\"potentialAction\":[{\"@type\":\"ReadAction\",\"target\":[\"https:\/\/www.visit-ulcinj.com\/blog\/2009\/04\/13\/adelajda-ndoshta-juna-te-pelqen\/\"]}]},{\"@type\":\"BreadcrumbList\",\"@id\":\"https:\/\/www.visit-ulcinj.com\/blog\/2009\/04\/13\/adelajda-ndoshta-juna-te-pelqen\/#breadcrumb\",\"itemListElement\":[{\"@type\":\"ListItem\",\"position\":1,\"name\":\"Adelajda : Ndoshta Juna t\u00eb p\u00eblqen\"}]},{\"@type\":\"Person\",\"@id\":\"https:\/\/www.visit-ulcinj.com\/blog\/#\/schema\/person\/dcab619c614d3038751c63bc2aadc06d\",\"name\":\"ulqini\",\"sameAs\":[\"http:\/\/www.visit-ulcinj.com\"],\"url\":\"https:\/\/www.visit-ulcinj.com\/blog\/author\/admin\/\"}]}<\/script>\n<!-- \/ Yoast SEO plugin. -->","yoast_head_json":{"title":"Adelajda : Ndoshta Juna t\u00c3\u00ab p\u00c3\u00ablqen | Big Brother Albania 2","description":"Big Brother Albania 2 - dela pyet Adin p\u00c3\u00abr raportin q\u00c3\u00ab ka krijuar ai me Jun\u00c3\u00abn brenda n\u00c3\u00ab sht\u00c3\u00abpi. Ajo shprehet se ka v\u00c3\u00abn\u00c3\u00ab re se ajo \u00c3\u00absht\u00c3\u00ab duke ndenjur shum\u00c3\u00ab af\u00c3\u00abr me Adin dhe e k\u00c3\u00abshillon q\u00c3\u00ab t\u00c3\u00ab mbaj\u00c3\u00ab pak distanc\u00c3\u00ab me t\u00c3\u00ab.","robots":{"index":"index","follow":"follow","max-snippet":"max-snippet:-1","max-image-preview":"max-image-preview:large","max-video-preview":"max-video-preview:-1"},"canonical":"https:\/\/www.visit-ulcinj.com\/blog\/2009\/04\/13\/adelajda-ndoshta-juna-te-pelqen\/","og_locale":"en_US","og_type":"article","og_title":"Adelajda : Ndoshta Juna t\u00c3\u00ab p\u00c3\u00ablqen | Big Brother Albania 2","og_description":"Big Brother Albania 2 - dela pyet Adin p\u00c3\u00abr raportin q\u00c3\u00ab ka krijuar ai me Jun\u00c3\u00abn brenda n\u00c3\u00ab sht\u00c3\u00abpi. Ajo shprehet se ka v\u00c3\u00abn\u00c3\u00ab re se ajo \u00c3\u00absht\u00c3\u00ab duke ndenjur shum\u00c3\u00ab af\u00c3\u00abr me Adin dhe e k\u00c3\u00abshillon q\u00c3\u00ab t\u00c3\u00ab mbaj\u00c3\u00ab pak distanc\u00c3\u00ab me t\u00c3\u00ab.","og_url":"https:\/\/www.visit-ulcinj.com\/blog\/2009\/04\/13\/adelajda-ndoshta-juna-te-pelqen\/","og_site_name":"Lajme nga Ulqini","article_published_time":"2009-04-13T12:35:41+00:00","og_image":[{"url":"http:\/\/www.visit-ulcinj.com\/blog\/wp-content\/uploads\/2009\/04\/adiadelaper-junen-12.jpg"}],"twitter_misc":{"Written by":"ulqini","Est. reading time":"1 minute"},"schema":{"@context":"https:\/\/schema.org","@graph":[{"@type":"WebSite","@id":"https:\/\/www.visit-ulcinj.com\/blog\/#website","url":"https:\/\/www.visit-ulcinj.com\/blog\/","name":"Lajme nga Ulqini","description":"Lajme,Vijesti,Ulqini,Ulqin,Crna Gora,Mali i Zi","potentialAction":[{"@type":"SearchAction","target":{"@type":"EntryPoint","urlTemplate":"https:\/\/www.visit-ulcinj.com\/blog\/?s={search_term_string}"},"query-input":"required name=search_term_string"}],"inLanguage":"en-US"},{"@type":"ImageObject","inLanguage":"en-US","@id":"https:\/\/www.visit-ulcinj.com\/blog\/2009\/04\/13\/adelajda-ndoshta-juna-te-pelqen\/#primaryimage","url":"http:\/\/www.visit-ulcinj.com\/blog\/wp-content\/uploads\/2009\/04\/adiadelaper-junen-12.jpg","contentUrl":"http:\/\/www.visit-ulcinj.com\/blog\/wp-content\/uploads\/2009\/04\/adiadelaper-junen-12.jpg"},{"@type":"WebPage","@id":"https:\/\/www.visit-ulcinj.com\/blog\/2009\/04\/13\/adelajda-ndoshta-juna-te-pelqen\/#webpage","url":"https:\/\/www.visit-ulcinj.com\/blog\/2009\/04\/13\/adelajda-ndoshta-juna-te-pelqen\/","name":"Adelajda : Ndoshta Juna t\u00c3\u00ab p\u00c3\u00ablqen | Big Brother Albania 2","isPartOf":{"@id":"https:\/\/www.visit-ulcinj.com\/blog\/#website"},"primaryImageOfPage":{"@id":"https:\/\/www.visit-ulcinj.com\/blog\/2009\/04\/13\/adelajda-ndoshta-juna-te-pelqen\/#primaryimage"},"datePublished":"2009-04-13T12:35:41+00:00","dateModified":"2009-04-13T12:35:41+00:00","author":{"@id":"https:\/\/www.visit-ulcinj.com\/blog\/#\/schema\/person\/dcab619c614d3038751c63bc2aadc06d"},"description":"Big Brother Albania 2 - dela pyet Adin p\u00c3\u00abr raportin q\u00c3\u00ab ka krijuar ai me Jun\u00c3\u00abn brenda n\u00c3\u00ab sht\u00c3\u00abpi. Ajo shprehet se ka v\u00c3\u00abn\u00c3\u00ab re se ajo \u00c3\u00absht\u00c3\u00ab duke ndenjur shum\u00c3\u00ab af\u00c3\u00abr me Adin dhe e k\u00c3\u00abshillon q\u00c3\u00ab t\u00c3\u00ab mbaj\u00c3\u00ab pak distanc\u00c3\u00ab me t\u00c3\u00ab.","breadcrumb":{"@id":"https:\/\/www.visit-ulcinj.com\/blog\/2009\/04\/13\/adelajda-ndoshta-juna-te-pelqen\/#breadcrumb"},"inLanguage":"en-US","potentialAction":[{"@type":"ReadAction","target":["https:\/\/www.visit-ulcinj.com\/blog\/2009\/04\/13\/adelajda-ndoshta-juna-te-pelqen\/"]}]},{"@type":"BreadcrumbList","@id":"https:\/\/www.visit-ulcinj.com\/blog\/2009\/04\/13\/adelajda-ndoshta-juna-te-pelqen\/#breadcrumb","itemListElement":[{"@type":"ListItem","position":1,"name":"Adelajda : Ndoshta Juna t\u00eb p\u00eblqen"}]},{"@type":"Person","@id":"https:\/\/www.visit-ulcinj.com\/blog\/#\/schema\/person\/dcab619c614d3038751c63bc2aadc06d","name":"ulqini","sameAs":["http:\/\/www.visit-ulcinj.com"],"url":"https:\/\/www.visit-ulcinj.com\/blog\/author\/admin\/"}]}},"jetpack_featured_media_url":"","jetpack_sharing_enabled":true,"jetpack_shortlink":"https:\/\/wp.me\/pe6lTn-4Bn","_links":{"self":[{"href":"https:\/\/www.visit-ulcinj.com\/blog\/wp-json\/wp\/v2\/posts\/17693"}],"collection":[{"href":"https:\/\/www.visit-ulcinj.com\/blog\/wp-json\/wp\/v2\/posts"}],"about":[{"href":"https:\/\/www.visit-ulcinj.com\/blog\/wp-json\/wp\/v2\/types\/post"}],"author":[{"embeddable":true,"href":"https:\/\/www.visit-ulcinj.com\/blog\/wp-json\/wp\/v2\/users\/1"}],"replies":[{"embeddable":true,"href":"https:\/\/www.visit-ulcinj.com\/blog\/wp-json\/wp\/v2\/comments?post=17693"}],"version-history":[{"count":0,"href":"https:\/\/www.visit-ulcinj.com\/blog\/wp-json\/wp\/v2\/posts\/17693\/revisions"}],"wp:attachment":[{"href":"https:\/\/www.visit-ulcinj.com\/blog\/wp-json\/wp\/v2\/media?parent=17693"}],"wp:term":[{"taxonomy":"category","embeddable":true,"href":"https:\/\/www.visit-ulcinj.com\/blog\/wp-json\/wp\/v2\/categories?post=17693"},{"taxonomy":"post_tag","embeddable":true,"href":"https:\/\/www.visit-ulcinj.com\/blog\/wp-json\/wp\/v2\/tags?post=17693"}],"curies":[{"name":"wp","href":"https:\/\/api.w.org\/{rel}","templated":true}]}}