{"id":17696,"date":"2009-04-13T14:38:08","date_gmt":"2009-04-13T12:38:08","guid":{"rendered":"http:\/\/www.visit-ulcinj.com\/blog\/?p=17696"},"modified":"2009-04-13T14:38:08","modified_gmt":"2009-04-13T12:38:08","slug":"zgjodhem-ne-baze-te-ndjenjese-logjikes","status":"publish","type":"post","link":"https:\/\/www.visit-ulcinj.com\/blog\/2009\/04\/13\/zgjodhem-ne-baze-te-ndjenjese-logjikes\/","title":{"rendered":"Zgjodh\u00ebm n\u00eb baz\u00eb t\u00eb ndjenj\u00ebse logjik\u00ebs"},"content":{"rendered":"<p><em><span class=\"newsdate\"><a href=\"http:\/\/www.visit-ulcinj.com\/blog\/wp-content\/uploads\/2009\/04\/per-eleminimin-dyfishte.jpg\"><img loading=\"lazy\" class=\"alignleft size-full wp-image-17697\" title=\"per-eleminimin-dyfishte-big-brother-albania-2\" src=\"http:\/\/www.visit-ulcinj.com\/blog\/wp-content\/uploads\/2009\/04\/per-eleminimin-dyfishte.jpg\" alt=\"per-eleminimin-dyfishte-big-brother-albania-2\" width=\"300\" height=\"205\" \/><\/a>12\/04\/09 12:50<\/span><\/em><\/p>\n<p>Banor\u00ebt diskutojn\u00eb p\u00ebr eleminimin e dyfisht\u00eb q\u00eb ndodhi nj\u00eb nat\u00eb m\u00eb par\u00eb. Ata flasin p\u00ebr m\u00ebnyr\u00ebn se si shp\u00ebtuan zinxhir nga nj\u00eb banor deri sa n\u00eb fund ngel\u00ebn vet\u00ebm kat\u00ebr. Sori mendon se hallka lidh\u00ebse e k\u00ebtij zinxhiri ishte Adela e cila zgjodhi pik\u00ebrisht at\u00eb. Ai mendon se n\u00ebse Adela nuk do kisht\u00eb zgjedhur at\u00eb, at\u00ebher\u00eb zgjedhjet do t\u00eb ishin ndryshe dhe n\u00eb nominim do t\u00eb ishin t\u00eb tjer\u00eb banor\u00eb duke ndryshuar k\u00ebshtu t\u00eb gjitha ekuilibrat e loj\u00ebs. Adela tregon se ishte n\u00eb m\u00ebdyshje nd\u00ebrmjet tij dhe Arjonit. Sori mendon se ajo e zgjodhi pik\u00ebrisht at\u00eb duke menduar se ai do t\u00eb zgjidhte Arjonin. Adela e pohon k\u00ebt\u00eb fakt dhe thot\u00eb se e mendoi v\u00ebrtet\u00eb ashtu duke u nisur nga miq\u00ebsia e tij me Arjonin. Arjoni mendon se kjo \u00ebsht\u00eb nj\u00eb loj\u00eb dhe se Sori mund t\u00eb mos e kishte zgjedhur at\u00eb sepse mund t\u00eb mos i duhej m\u00eb si lojtar n\u00eb sht\u00ebpi. Aida tregon se n\u00ebse nj\u00eb banor do ishte ndjer\u00eb n\u00eb siklet p\u00ebr t\u00eb zgjedhur nd\u00ebrmjet saj dhe dikujt tjet\u00ebr dhe do t\u00eb zgjidhte at\u00eb, n\u00eb momentin q\u00eb asaj do t\u2019i vinte radha, do t\u00eb zgjidhte pik\u00ebrisht at\u00eb banor q\u00eb ishte kandidat si ajo. Ari shprehet se ajo loj\u00eb b\u00ebhet shum\u00eb shpejt duke mos t\u00eb t\u00eb l\u00ebn\u00eb koh\u00eb t\u00eb mendohesh shum\u00eb. Sipas tij, Arjoni e kishte zgjedhjen m\u00eb t\u00eb leht\u00eb, por ai ia kthen se n\u00eb radh\u00eb t\u00eb par\u00eb mendojn\u00eb si lojtar\u00eb e m\u00eb pas me ndjenja dhe mund t\u00eb ndodhte q\u00eb mund t\u00eb mos zgjidhte Anjez\u00ebn. Ata diskutojn\u00eb se edhe Moza q\u00eb ishte e para, e kishte v\u00ebrtet\u00eb t\u00eb v\u00ebshtir\u00eb se k\u00eb t\u00eb zgjidhte dhe kjo u vu re n\u00eb hezitimin e saj p\u00ebr pak caste. Aida thot\u00eb se n\u00eb ato momente, e ktheu kok\u00ebn n\u00eb an\u00ebn tjet\u00ebr pik\u00ebrisht p\u00ebr t\u00eb mos e v\u00ebn\u00eb n\u00eb siklet Moz\u00ebn. Ajo mendon se Moza mund ta kishte zgjedhur, por nuk do ishte e drejt\u00eb sepse do t\u2019i ngelte hatri Adel\u00ebs. Adela e pohon k\u00ebt\u00eb gj\u00eb dhe Aida shton se edhe n\u00ebse Moza zgjidhte Adel\u00ebn, asaj do t\u2019i ngelte hatri. Sipas banor\u00ebve, Moza ka b\u00ebr\u00eb zgjedhjen e duhur. Ata mendojn\u00eb se zgjedhjet u b\u00ebn\u00eb n\u00eb baz\u00eb t\u00eb ndjenjave personale dhe q\u00eb do t\u00eb dominonin gjith\u00ebsesi ndaj banor\u00ebve t\u00eb rinj, edhe pse nd\u00ebrmjet banor\u00ebve t\u00eb vjet\u00ebr ka konflikte.<\/p>\n","protected":false},"excerpt":{"rendered":"<p>12\/04\/09 12:50 Banor\u00ebt diskutojn\u00eb p\u00ebr eleminimin e dyfisht\u00eb q\u00eb ndodhi nj\u00eb nat\u00eb m\u00eb par\u00eb. Ata flasin p\u00ebr m\u00ebnyr\u00ebn se si shp\u00ebtuan zinxhir nga nj\u00eb banor deri sa n\u00eb fund ngel\u00ebn vet\u00ebm kat\u00ebr. Sori mendon se hallka lidh\u00ebse e k\u00ebtij zinxhiri ishte Adela e cila zgjodhi pik\u00ebrisht at\u00eb. Ai mendon se n\u00ebse Adela nuk do kisht\u00eb [&hellip;]<\/p>\n","protected":false},"author":1,"featured_media":0,"comment_status":"open","ping_status":"closed","sticky":false,"template":"","format":"standard","meta":{"spay_email":"","jetpack_publicize_message":"","jetpack_is_tweetstorm":false,"jetpack_publicize_feature_enabled":true},"categories":[6502],"tags":[1414,6537,8289,5057,6506,6516,6712,7129,6521,9012,7523,6757,6891,6693,6887],"jetpack_publicize_connections":[],"yoast_head":"<!-- This site is optimized with the Yoast SEO plugin v19.1 - https:\/\/yoast.com\/wordpress\/plugins\/seo\/ -->\n<title>Zgjodh\u00c3\u00abm n\u00c3\u00ab baz\u00c3\u00ab t\u00c3\u00ab ndjenj\u00c3\u00abse logjik\u00c3\u00abs | Big Brother Albania 2<\/title>\n<meta name=\"description\" content=\"Big Brother Albania 2 - Banor\u00c3\u00abt diskutojn\u00c3\u00ab p\u00c3\u00abr eleminimin e dyfisht\u00c3\u00ab q\u00c3\u00ab ndodhi nj\u00c3\u00ab nat\u00c3\u00ab m\u00c3\u00ab par\u00c3\u00ab. Ata flasin p\u00c3\u00abr m\u00c3\u00abnyr\u00c3\u00abn se si shp\u00c3\u00abtuan zinxhir nga nj\u00c3\u00ab banor deri sa n\u00c3\u00ab fund ngel\u00c3\u00abn vet\u00c3\u00abm kat\u00c3\u00abr.\" \/>\n<meta name=\"robots\" content=\"index, follow, max-snippet:-1, max-image-preview:large, max-video-preview:-1\" \/>\n<link rel=\"canonical\" href=\"https:\/\/www.visit-ulcinj.com\/blog\/2009\/04\/13\/zgjodhem-ne-baze-te-ndjenjese-logjikes\/\" \/>\n<meta property=\"og:locale\" content=\"en_US\" \/>\n<meta property=\"og:type\" content=\"article\" \/>\n<meta property=\"og:title\" content=\"Zgjodh\u00c3\u00abm n\u00c3\u00ab baz\u00c3\u00ab t\u00c3\u00ab ndjenj\u00c3\u00abse logjik\u00c3\u00abs | Big Brother Albania 2\" \/>\n<meta property=\"og:description\" content=\"Big Brother Albania 2 - Banor\u00c3\u00abt diskutojn\u00c3\u00ab p\u00c3\u00abr eleminimin e dyfisht\u00c3\u00ab q\u00c3\u00ab ndodhi nj\u00c3\u00ab nat\u00c3\u00ab m\u00c3\u00ab par\u00c3\u00ab. Ata flasin p\u00c3\u00abr m\u00c3\u00abnyr\u00c3\u00abn se si shp\u00c3\u00abtuan zinxhir nga nj\u00c3\u00ab banor deri sa n\u00c3\u00ab fund ngel\u00c3\u00abn vet\u00c3\u00abm kat\u00c3\u00abr.\" \/>\n<meta property=\"og:url\" content=\"https:\/\/www.visit-ulcinj.com\/blog\/2009\/04\/13\/zgjodhem-ne-baze-te-ndjenjese-logjikes\/\" \/>\n<meta property=\"og:site_name\" content=\"Lajme nga Ulqini\" \/>\n<meta property=\"article:published_time\" content=\"2009-04-13T12:38:08+00:00\" \/>\n<meta property=\"og:image\" content=\"http:\/\/www.visit-ulcinj.com\/blog\/wp-content\/uploads\/2009\/04\/per-eleminimin-dyfishte.jpg\" \/>\n<meta name=\"twitter:label1\" content=\"Written by\" \/>\n\t<meta name=\"twitter:data1\" content=\"ulqini\" \/>\n\t<meta name=\"twitter:label2\" content=\"Est. reading time\" \/>\n\t<meta name=\"twitter:data2\" content=\"2 minutes\" \/>\n<script type=\"application\/ld+json\" class=\"yoast-schema-graph\">{\"@context\":\"https:\/\/schema.org\",\"@graph\":[{\"@type\":\"WebSite\",\"@id\":\"https:\/\/www.visit-ulcinj.com\/blog\/#website\",\"url\":\"https:\/\/www.visit-ulcinj.com\/blog\/\",\"name\":\"Lajme nga Ulqini\",\"description\":\"Lajme,Vijesti,Ulqini,Ulqin,Crna Gora,Mali i Zi\",\"potentialAction\":[{\"@type\":\"SearchAction\",\"target\":{\"@type\":\"EntryPoint\",\"urlTemplate\":\"https:\/\/www.visit-ulcinj.com\/blog\/?s={search_term_string}\"},\"query-input\":\"required name=search_term_string\"}],\"inLanguage\":\"en-US\"},{\"@type\":\"ImageObject\",\"inLanguage\":\"en-US\",\"@id\":\"https:\/\/www.visit-ulcinj.com\/blog\/2009\/04\/13\/zgjodhem-ne-baze-te-ndjenjese-logjikes\/#primaryimage\",\"url\":\"http:\/\/www.visit-ulcinj.com\/blog\/wp-content\/uploads\/2009\/04\/per-eleminimin-dyfishte.jpg\",\"contentUrl\":\"http:\/\/www.visit-ulcinj.com\/blog\/wp-content\/uploads\/2009\/04\/per-eleminimin-dyfishte.jpg\"},{\"@type\":\"WebPage\",\"@id\":\"https:\/\/www.visit-ulcinj.com\/blog\/2009\/04\/13\/zgjodhem-ne-baze-te-ndjenjese-logjikes\/#webpage\",\"url\":\"https:\/\/www.visit-ulcinj.com\/blog\/2009\/04\/13\/zgjodhem-ne-baze-te-ndjenjese-logjikes\/\",\"name\":\"Zgjodh\u00c3\u00abm n\u00c3\u00ab baz\u00c3\u00ab t\u00c3\u00ab ndjenj\u00c3\u00abse logjik\u00c3\u00abs | Big Brother Albania 2\",\"isPartOf\":{\"@id\":\"https:\/\/www.visit-ulcinj.com\/blog\/#website\"},\"primaryImageOfPage\":{\"@id\":\"https:\/\/www.visit-ulcinj.com\/blog\/2009\/04\/13\/zgjodhem-ne-baze-te-ndjenjese-logjikes\/#primaryimage\"},\"datePublished\":\"2009-04-13T12:38:08+00:00\",\"dateModified\":\"2009-04-13T12:38:08+00:00\",\"author\":{\"@id\":\"https:\/\/www.visit-ulcinj.com\/blog\/#\/schema\/person\/dcab619c614d3038751c63bc2aadc06d\"},\"description\":\"Big Brother Albania 2 - Banor\u00c3\u00abt diskutojn\u00c3\u00ab p\u00c3\u00abr eleminimin e dyfisht\u00c3\u00ab q\u00c3\u00ab ndodhi nj\u00c3\u00ab nat\u00c3\u00ab m\u00c3\u00ab par\u00c3\u00ab. Ata flasin p\u00c3\u00abr m\u00c3\u00abnyr\u00c3\u00abn se si shp\u00c3\u00abtuan zinxhir nga nj\u00c3\u00ab banor deri sa n\u00c3\u00ab fund ngel\u00c3\u00abn vet\u00c3\u00abm kat\u00c3\u00abr.\",\"breadcrumb\":{\"@id\":\"https:\/\/www.visit-ulcinj.com\/blog\/2009\/04\/13\/zgjodhem-ne-baze-te-ndjenjese-logjikes\/#breadcrumb\"},\"inLanguage\":\"en-US\",\"potentialAction\":[{\"@type\":\"ReadAction\",\"target\":[\"https:\/\/www.visit-ulcinj.com\/blog\/2009\/04\/13\/zgjodhem-ne-baze-te-ndjenjese-logjikes\/\"]}]},{\"@type\":\"BreadcrumbList\",\"@id\":\"https:\/\/www.visit-ulcinj.com\/blog\/2009\/04\/13\/zgjodhem-ne-baze-te-ndjenjese-logjikes\/#breadcrumb\",\"itemListElement\":[{\"@type\":\"ListItem\",\"position\":1,\"name\":\"Zgjodh\u00ebm n\u00eb baz\u00eb t\u00eb ndjenj\u00ebse logjik\u00ebs\"}]},{\"@type\":\"Person\",\"@id\":\"https:\/\/www.visit-ulcinj.com\/blog\/#\/schema\/person\/dcab619c614d3038751c63bc2aadc06d\",\"name\":\"ulqini\",\"sameAs\":[\"http:\/\/www.visit-ulcinj.com\"],\"url\":\"https:\/\/www.visit-ulcinj.com\/blog\/author\/admin\/\"}]}<\/script>\n<!-- \/ Yoast SEO plugin. -->","yoast_head_json":{"title":"Zgjodh\u00c3\u00abm n\u00c3\u00ab baz\u00c3\u00ab t\u00c3\u00ab ndjenj\u00c3\u00abse logjik\u00c3\u00abs | Big Brother Albania 2","description":"Big Brother Albania 2 - Banor\u00c3\u00abt diskutojn\u00c3\u00ab p\u00c3\u00abr eleminimin e dyfisht\u00c3\u00ab q\u00c3\u00ab ndodhi nj\u00c3\u00ab nat\u00c3\u00ab m\u00c3\u00ab par\u00c3\u00ab. Ata flasin p\u00c3\u00abr m\u00c3\u00abnyr\u00c3\u00abn se si shp\u00c3\u00abtuan zinxhir nga nj\u00c3\u00ab banor deri sa n\u00c3\u00ab fund ngel\u00c3\u00abn vet\u00c3\u00abm kat\u00c3\u00abr.","robots":{"index":"index","follow":"follow","max-snippet":"max-snippet:-1","max-image-preview":"max-image-preview:large","max-video-preview":"max-video-preview:-1"},"canonical":"https:\/\/www.visit-ulcinj.com\/blog\/2009\/04\/13\/zgjodhem-ne-baze-te-ndjenjese-logjikes\/","og_locale":"en_US","og_type":"article","og_title":"Zgjodh\u00c3\u00abm n\u00c3\u00ab baz\u00c3\u00ab t\u00c3\u00ab ndjenj\u00c3\u00abse logjik\u00c3\u00abs | Big Brother Albania 2","og_description":"Big Brother Albania 2 - Banor\u00c3\u00abt diskutojn\u00c3\u00ab p\u00c3\u00abr eleminimin e dyfisht\u00c3\u00ab q\u00c3\u00ab ndodhi nj\u00c3\u00ab nat\u00c3\u00ab m\u00c3\u00ab par\u00c3\u00ab. Ata flasin p\u00c3\u00abr m\u00c3\u00abnyr\u00c3\u00abn se si shp\u00c3\u00abtuan zinxhir nga nj\u00c3\u00ab banor deri sa n\u00c3\u00ab fund ngel\u00c3\u00abn vet\u00c3\u00abm kat\u00c3\u00abr.","og_url":"https:\/\/www.visit-ulcinj.com\/blog\/2009\/04\/13\/zgjodhem-ne-baze-te-ndjenjese-logjikes\/","og_site_name":"Lajme nga Ulqini","article_published_time":"2009-04-13T12:38:08+00:00","og_image":[{"url":"http:\/\/www.visit-ulcinj.com\/blog\/wp-content\/uploads\/2009\/04\/per-eleminimin-dyfishte.jpg"}],"twitter_misc":{"Written by":"ulqini","Est. reading time":"2 minutes"},"schema":{"@context":"https:\/\/schema.org","@graph":[{"@type":"WebSite","@id":"https:\/\/www.visit-ulcinj.com\/blog\/#website","url":"https:\/\/www.visit-ulcinj.com\/blog\/","name":"Lajme nga Ulqini","description":"Lajme,Vijesti,Ulqini,Ulqin,Crna Gora,Mali i Zi","potentialAction":[{"@type":"SearchAction","target":{"@type":"EntryPoint","urlTemplate":"https:\/\/www.visit-ulcinj.com\/blog\/?s={search_term_string}"},"query-input":"required name=search_term_string"}],"inLanguage":"en-US"},{"@type":"ImageObject","inLanguage":"en-US","@id":"https:\/\/www.visit-ulcinj.com\/blog\/2009\/04\/13\/zgjodhem-ne-baze-te-ndjenjese-logjikes\/#primaryimage","url":"http:\/\/www.visit-ulcinj.com\/blog\/wp-content\/uploads\/2009\/04\/per-eleminimin-dyfishte.jpg","contentUrl":"http:\/\/www.visit-ulcinj.com\/blog\/wp-content\/uploads\/2009\/04\/per-eleminimin-dyfishte.jpg"},{"@type":"WebPage","@id":"https:\/\/www.visit-ulcinj.com\/blog\/2009\/04\/13\/zgjodhem-ne-baze-te-ndjenjese-logjikes\/#webpage","url":"https:\/\/www.visit-ulcinj.com\/blog\/2009\/04\/13\/zgjodhem-ne-baze-te-ndjenjese-logjikes\/","name":"Zgjodh\u00c3\u00abm n\u00c3\u00ab baz\u00c3\u00ab t\u00c3\u00ab ndjenj\u00c3\u00abse logjik\u00c3\u00abs | Big Brother Albania 2","isPartOf":{"@id":"https:\/\/www.visit-ulcinj.com\/blog\/#website"},"primaryImageOfPage":{"@id":"https:\/\/www.visit-ulcinj.com\/blog\/2009\/04\/13\/zgjodhem-ne-baze-te-ndjenjese-logjikes\/#primaryimage"},"datePublished":"2009-04-13T12:38:08+00:00","dateModified":"2009-04-13T12:38:08+00:00","author":{"@id":"https:\/\/www.visit-ulcinj.com\/blog\/#\/schema\/person\/dcab619c614d3038751c63bc2aadc06d"},"description":"Big Brother Albania 2 - Banor\u00c3\u00abt diskutojn\u00c3\u00ab p\u00c3\u00abr eleminimin e dyfisht\u00c3\u00ab q\u00c3\u00ab ndodhi nj\u00c3\u00ab nat\u00c3\u00ab m\u00c3\u00ab par\u00c3\u00ab. Ata flasin p\u00c3\u00abr m\u00c3\u00abnyr\u00c3\u00abn se si shp\u00c3\u00abtuan zinxhir nga nj\u00c3\u00ab banor deri sa n\u00c3\u00ab fund ngel\u00c3\u00abn vet\u00c3\u00abm kat\u00c3\u00abr.","breadcrumb":{"@id":"https:\/\/www.visit-ulcinj.com\/blog\/2009\/04\/13\/zgjodhem-ne-baze-te-ndjenjese-logjikes\/#breadcrumb"},"inLanguage":"en-US","potentialAction":[{"@type":"ReadAction","target":["https:\/\/www.visit-ulcinj.com\/blog\/2009\/04\/13\/zgjodhem-ne-baze-te-ndjenjese-logjikes\/"]}]},{"@type":"BreadcrumbList","@id":"https:\/\/www.visit-ulcinj.com\/blog\/2009\/04\/13\/zgjodhem-ne-baze-te-ndjenjese-logjikes\/#breadcrumb","itemListElement":[{"@type":"ListItem","position":1,"name":"Zgjodh\u00ebm n\u00eb baz\u00eb t\u00eb ndjenj\u00ebse logjik\u00ebs"}]},{"@type":"Person","@id":"https:\/\/www.visit-ulcinj.com\/blog\/#\/schema\/person\/dcab619c614d3038751c63bc2aadc06d","name":"ulqini","sameAs":["http:\/\/www.visit-ulcinj.com"],"url":"https:\/\/www.visit-ulcinj.com\/blog\/author\/admin\/"}]}},"jetpack_featured_media_url":"","jetpack_sharing_enabled":true,"jetpack_shortlink":"https:\/\/wp.me\/pe6lTn-4Bq","_links":{"self":[{"href":"https:\/\/www.visit-ulcinj.com\/blog\/wp-json\/wp\/v2\/posts\/17696"}],"collection":[{"href":"https:\/\/www.visit-ulcinj.com\/blog\/wp-json\/wp\/v2\/posts"}],"about":[{"href":"https:\/\/www.visit-ulcinj.com\/blog\/wp-json\/wp\/v2\/types\/post"}],"author":[{"embeddable":true,"href":"https:\/\/www.visit-ulcinj.com\/blog\/wp-json\/wp\/v2\/users\/1"}],"replies":[{"embeddable":true,"href":"https:\/\/www.visit-ulcinj.com\/blog\/wp-json\/wp\/v2\/comments?post=17696"}],"version-history":[{"count":0,"href":"https:\/\/www.visit-ulcinj.com\/blog\/wp-json\/wp\/v2\/posts\/17696\/revisions"}],"wp:attachment":[{"href":"https:\/\/www.visit-ulcinj.com\/blog\/wp-json\/wp\/v2\/media?parent=17696"}],"wp:term":[{"taxonomy":"category","embeddable":true,"href":"https:\/\/www.visit-ulcinj.com\/blog\/wp-json\/wp\/v2\/categories?post=17696"},{"taxonomy":"post_tag","embeddable":true,"href":"https:\/\/www.visit-ulcinj.com\/blog\/wp-json\/wp\/v2\/tags?post=17696"}],"curies":[{"name":"wp","href":"https:\/\/api.w.org\/{rel}","templated":true}]}}