{"id":1770,"date":"2008-05-27T06:31:51","date_gmt":"2008-05-27T11:31:51","guid":{"rendered":"http:\/\/www.visit-ulcinj.com\/blog\/?p=1770"},"modified":"2008-05-27T15:44:33","modified_gmt":"2008-05-27T20:44:33","slug":"sjednica-so-ulcinj-usvojen-poslovnik","status":"publish","type":"post","link":"https:\/\/www.visit-ulcinj.com\/blog\/2008\/05\/27\/sjednica-so-ulcinj-usvojen-poslovnik\/","title":{"rendered":"Sjednica SO Ulcinj &#8211; Usvojen poslovnik"},"content":{"rendered":"<p><a href=\"http:\/\/www.visit-ulcinj.com\/blog\/wp-content\/uploads\/2008\/05\/skupstina-ulcinj.jpg\"><img loading=\"lazy\" class=\"alignleft attachment wp-att-1771\" style=\"float: left;\" src=\"http:\/\/www.visit-ulcinj.com\/blog\/wp-content\/uploads\/2008\/05\/skupstina-ulcinj.thumbnail.jpg\" alt=\"skupstina ulcinj\" width=\"200\" height=\"140\" \/><\/a>Ulcinj &#8211; Odbornici u ulcinjskom parlamentu ju?e su, nakon petosatne rasprave, usvojili poslovnik o radu Skup\u0161tine op\u0161tine. Prethodno su usvojili zapisnike sa II sjednice redovnog zasjedanja odr\u017eane polovinom decembra pro\u0161le i vanredne sjednice iz februara ove godine.<br \/>\nPo?etak sjednice kasnio je gotovo sat i po, a zasjedanje je obilje\u017eila rasprava o poslovniku. Odbor za statut i propise ranije je prihvatio dva amandmana \u201cForce\u201d i jedan DS, ali su odbornici te partije imali ozbiljne zamjerke zbog neta?nog prevoda tog dokumenta sa crnogorskog na albanski jezik.<a href=\"http:\/\/www.visit-ulcinj.com\/blog\/wp-content\/uploads\/2008\/05\/nazif-cungu-_ulqin_ulcinj.jpg\"><img loading=\"lazy\" class=\"alignright attachment wp-att-1772\" style=\"float: right;\" src=\"http:\/\/www.visit-ulcinj.com\/blog\/wp-content\/uploads\/2008\/05\/nazif-cungu-_ulqin_ulcinj.thumbnail.jpg\" alt=\"Nazif Cungu _ulqin_ulcinj\" width=\"180\" height=\"149\" \/><\/a><br \/>\nPoslije serije replika koje uglavnom nijesu imale veze sa dnevnim redom, odbornik \u201cForce\u201d Nazif Cungu predlo\u017eio je da se prekine rasprava o toj ta?ki i da odbor sa predlaga?ima amandmana obavi dodatne konsultacije, \u201ebudu?i da je rije? o neslaganju u 4-5 ?lanova cijelog dokumenta\u201c. Njegov predlog podr\u017eao je Lui? \u0160krelja (DPS), pa je predsjednik SO Muhamet Nika odredio jednostanu pauzu.<br \/>\nNakon pauze, predsjednik odbora Borislav Ba\u0161ovi? (DPS) saop\u0161tio je da je postignut dogovor i da su u tekst poslovnika inkorponirani i preostali amandmani \u201cForce\u201d.<br \/>\n<a href=\"http:\/\/www.visit-ulcinj.com\/blog\/wp-content\/uploads\/2008\/05\/skupstina-ulcinj_kuvendi-i-ulqinit.jpg\"><img loading=\"lazy\" class=\"alignleft attachment wp-att-1773\" style=\"float: left;\" src=\"http:\/\/www.visit-ulcinj.com\/blog\/wp-content\/uploads\/2008\/05\/skupstina-ulcinj_kuvendi-i-ulqinit.thumbnail.jpg\" alt=\"skupstina ulcinj_kuvendi i ulqinit\" width=\"200\" height=\"140\" \/><\/a>Odbornici DS tvrdili su da ih niko nije pozvao na konsultacije tra\u017ee?i novu pauzu i dodatni dogovor. \u0160efovi klubova koji ?ine parlamentarnu ve?inu odbili su taj predlog, dok su predstavnici \u201cForce\u201d i DJA bili voljni da udovolje kolegama iz DS. \u201ePrelomio\u201c je Ba\u0161ovi? koji je kazao da su svi amandmani DS, koji su podnijeti na vrijeme, detaljno razmatarni, a potom i odbijeni na sjednici Odbora, te da su se stekli uslovi da se stave na glasanje. SO je, ve?inom glasova, odbila svih \u0161est amandmana DS i bez glasova tih odbornika usvojila poslovnik, na koji se ?ekalo 12 godina. Skup\u0161tina rad nastavlja danas.<br \/>\n<strong>S.A<br \/>\nIzvor \/ Vijesti<\/strong><\/p>\n<!--YouTube Error: bad URL entered-->\n","protected":false},"excerpt":{"rendered":"<p><img loading=\"lazy\" class=\"attachment wp-att-1771 alignleft\" src=\"http:\/\/www.visit-ulcinj.com\/blog\/wp-content\/uploads\/2008\/05\/skupstina-ulcinj.thumbnail.jpg\" alt=\"skupstina ulcinj\" width=\"140\" height=\"140\" \/><\/p>\n","protected":false},"author":1,"featured_media":0,"comment_status":"open","ping_status":"closed","sticky":false,"template":"","format":"standard","meta":{"spay_email":"","jetpack_publicize_message":"","jetpack_is_tweetstorm":false,"jetpack_publicize_feature_enabled":true},"categories":[6,12],"tags":[3517,117,3519,118,3518],"jetpack_publicize_connections":[],"yoast_head":"<!-- This site is optimized with the Yoast SEO plugin v19.1 - https:\/\/yoast.com\/wordpress\/plugins\/seo\/ -->\n<title>Sjednica SO Ulcinj - Usvojen poslovnik - Lajme nga Ulqini<\/title>\n<meta name=\"robots\" content=\"index, follow, max-snippet:-1, max-image-preview:large, max-video-preview:-1\" \/>\n<link rel=\"canonical\" href=\"https:\/\/www.visit-ulcinj.com\/blog\/2008\/05\/27\/sjednica-so-ulcinj-usvojen-poslovnik\/\" \/>\n<meta property=\"og:locale\" content=\"en_US\" \/>\n<meta property=\"og:type\" content=\"article\" \/>\n<meta property=\"og:title\" content=\"Sjednica SO Ulcinj - Usvojen poslovnik - Lajme nga Ulqini\" \/>\n<meta property=\"og:url\" content=\"https:\/\/www.visit-ulcinj.com\/blog\/2008\/05\/27\/sjednica-so-ulcinj-usvojen-poslovnik\/\" \/>\n<meta property=\"og:site_name\" content=\"Lajme nga Ulqini\" \/>\n<meta property=\"article:published_time\" content=\"2008-05-27T11:31:51+00:00\" \/>\n<meta property=\"article:modified_time\" content=\"2008-05-27T20:44:33+00:00\" \/>\n<meta property=\"og:image\" content=\"http:\/\/www.visit-ulcinj.com\/blog\/wp-content\/uploads\/2008\/05\/skupstina-ulcinj.thumbnail.jpg\" \/>\n<meta name=\"twitter:label1\" content=\"Written by\" \/>\n\t<meta name=\"twitter:data1\" content=\"ulqini\" \/>\n\t<meta name=\"twitter:label2\" content=\"Est. reading time\" \/>\n\t<meta name=\"twitter:data2\" content=\"2 minutes\" \/>\n<script type=\"application\/ld+json\" class=\"yoast-schema-graph\">{\"@context\":\"https:\/\/schema.org\",\"@graph\":[{\"@type\":\"WebSite\",\"@id\":\"https:\/\/www.visit-ulcinj.com\/blog\/#website\",\"url\":\"https:\/\/www.visit-ulcinj.com\/blog\/\",\"name\":\"Lajme nga Ulqini\",\"description\":\"Lajme,Vijesti,Ulqini,Ulqin,Crna Gora,Mali i Zi\",\"potentialAction\":[{\"@type\":\"SearchAction\",\"target\":{\"@type\":\"EntryPoint\",\"urlTemplate\":\"https:\/\/www.visit-ulcinj.com\/blog\/?s={search_term_string}\"},\"query-input\":\"required name=search_term_string\"}],\"inLanguage\":\"en-US\"},{\"@type\":\"ImageObject\",\"inLanguage\":\"en-US\",\"@id\":\"https:\/\/www.visit-ulcinj.com\/blog\/2008\/05\/27\/sjednica-so-ulcinj-usvojen-poslovnik\/#primaryimage\",\"url\":\"http:\/\/www.visit-ulcinj.com\/blog\/wp-content\/uploads\/2008\/05\/skupstina-ulcinj.thumbnail.jpg\",\"contentUrl\":\"http:\/\/www.visit-ulcinj.com\/blog\/wp-content\/uploads\/2008\/05\/skupstina-ulcinj.thumbnail.jpg\"},{\"@type\":\"WebPage\",\"@id\":\"https:\/\/www.visit-ulcinj.com\/blog\/2008\/05\/27\/sjednica-so-ulcinj-usvojen-poslovnik\/#webpage\",\"url\":\"https:\/\/www.visit-ulcinj.com\/blog\/2008\/05\/27\/sjednica-so-ulcinj-usvojen-poslovnik\/\",\"name\":\"Sjednica SO Ulcinj - Usvojen poslovnik - Lajme nga Ulqini\",\"isPartOf\":{\"@id\":\"https:\/\/www.visit-ulcinj.com\/blog\/#website\"},\"primaryImageOfPage\":{\"@id\":\"https:\/\/www.visit-ulcinj.com\/blog\/2008\/05\/27\/sjednica-so-ulcinj-usvojen-poslovnik\/#primaryimage\"},\"datePublished\":\"2008-05-27T11:31:51+00:00\",\"dateModified\":\"2008-05-27T20:44:33+00:00\",\"author\":{\"@id\":\"https:\/\/www.visit-ulcinj.com\/blog\/#\/schema\/person\/dcab619c614d3038751c63bc2aadc06d\"},\"breadcrumb\":{\"@id\":\"https:\/\/www.visit-ulcinj.com\/blog\/2008\/05\/27\/sjednica-so-ulcinj-usvojen-poslovnik\/#breadcrumb\"},\"inLanguage\":\"en-US\",\"potentialAction\":[{\"@type\":\"ReadAction\",\"target\":[\"https:\/\/www.visit-ulcinj.com\/blog\/2008\/05\/27\/sjednica-so-ulcinj-usvojen-poslovnik\/\"]}]},{\"@type\":\"BreadcrumbList\",\"@id\":\"https:\/\/www.visit-ulcinj.com\/blog\/2008\/05\/27\/sjednica-so-ulcinj-usvojen-poslovnik\/#breadcrumb\",\"itemListElement\":[{\"@type\":\"ListItem\",\"position\":1,\"name\":\"Sjednica SO Ulcinj &#8211; Usvojen poslovnik\"}]},{\"@type\":\"Person\",\"@id\":\"https:\/\/www.visit-ulcinj.com\/blog\/#\/schema\/person\/dcab619c614d3038751c63bc2aadc06d\",\"name\":\"ulqini\",\"sameAs\":[\"http:\/\/www.visit-ulcinj.com\"],\"url\":\"https:\/\/www.visit-ulcinj.com\/blog\/author\/admin\/\"}]}<\/script>\n<!-- \/ Yoast SEO plugin. -->","yoast_head_json":{"title":"Sjednica SO Ulcinj - Usvojen poslovnik - Lajme nga Ulqini","robots":{"index":"index","follow":"follow","max-snippet":"max-snippet:-1","max-image-preview":"max-image-preview:large","max-video-preview":"max-video-preview:-1"},"canonical":"https:\/\/www.visit-ulcinj.com\/blog\/2008\/05\/27\/sjednica-so-ulcinj-usvojen-poslovnik\/","og_locale":"en_US","og_type":"article","og_title":"Sjednica SO Ulcinj - Usvojen poslovnik - Lajme nga Ulqini","og_url":"https:\/\/www.visit-ulcinj.com\/blog\/2008\/05\/27\/sjednica-so-ulcinj-usvojen-poslovnik\/","og_site_name":"Lajme nga Ulqini","article_published_time":"2008-05-27T11:31:51+00:00","article_modified_time":"2008-05-27T20:44:33+00:00","og_image":[{"url":"http:\/\/www.visit-ulcinj.com\/blog\/wp-content\/uploads\/2008\/05\/skupstina-ulcinj.thumbnail.jpg"}],"twitter_misc":{"Written by":"ulqini","Est. reading time":"2 minutes"},"schema":{"@context":"https:\/\/schema.org","@graph":[{"@type":"WebSite","@id":"https:\/\/www.visit-ulcinj.com\/blog\/#website","url":"https:\/\/www.visit-ulcinj.com\/blog\/","name":"Lajme nga Ulqini","description":"Lajme,Vijesti,Ulqini,Ulqin,Crna Gora,Mali i Zi","potentialAction":[{"@type":"SearchAction","target":{"@type":"EntryPoint","urlTemplate":"https:\/\/www.visit-ulcinj.com\/blog\/?s={search_term_string}"},"query-input":"required name=search_term_string"}],"inLanguage":"en-US"},{"@type":"ImageObject","inLanguage":"en-US","@id":"https:\/\/www.visit-ulcinj.com\/blog\/2008\/05\/27\/sjednica-so-ulcinj-usvojen-poslovnik\/#primaryimage","url":"http:\/\/www.visit-ulcinj.com\/blog\/wp-content\/uploads\/2008\/05\/skupstina-ulcinj.thumbnail.jpg","contentUrl":"http:\/\/www.visit-ulcinj.com\/blog\/wp-content\/uploads\/2008\/05\/skupstina-ulcinj.thumbnail.jpg"},{"@type":"WebPage","@id":"https:\/\/www.visit-ulcinj.com\/blog\/2008\/05\/27\/sjednica-so-ulcinj-usvojen-poslovnik\/#webpage","url":"https:\/\/www.visit-ulcinj.com\/blog\/2008\/05\/27\/sjednica-so-ulcinj-usvojen-poslovnik\/","name":"Sjednica SO Ulcinj - Usvojen poslovnik - Lajme nga Ulqini","isPartOf":{"@id":"https:\/\/www.visit-ulcinj.com\/blog\/#website"},"primaryImageOfPage":{"@id":"https:\/\/www.visit-ulcinj.com\/blog\/2008\/05\/27\/sjednica-so-ulcinj-usvojen-poslovnik\/#primaryimage"},"datePublished":"2008-05-27T11:31:51+00:00","dateModified":"2008-05-27T20:44:33+00:00","author":{"@id":"https:\/\/www.visit-ulcinj.com\/blog\/#\/schema\/person\/dcab619c614d3038751c63bc2aadc06d"},"breadcrumb":{"@id":"https:\/\/www.visit-ulcinj.com\/blog\/2008\/05\/27\/sjednica-so-ulcinj-usvojen-poslovnik\/#breadcrumb"},"inLanguage":"en-US","potentialAction":[{"@type":"ReadAction","target":["https:\/\/www.visit-ulcinj.com\/blog\/2008\/05\/27\/sjednica-so-ulcinj-usvojen-poslovnik\/"]}]},{"@type":"BreadcrumbList","@id":"https:\/\/www.visit-ulcinj.com\/blog\/2008\/05\/27\/sjednica-so-ulcinj-usvojen-poslovnik\/#breadcrumb","itemListElement":[{"@type":"ListItem","position":1,"name":"Sjednica SO Ulcinj &#8211; Usvojen poslovnik"}]},{"@type":"Person","@id":"https:\/\/www.visit-ulcinj.com\/blog\/#\/schema\/person\/dcab619c614d3038751c63bc2aadc06d","name":"ulqini","sameAs":["http:\/\/www.visit-ulcinj.com"],"url":"https:\/\/www.visit-ulcinj.com\/blog\/author\/admin\/"}]}},"jetpack_featured_media_url":"","jetpack_sharing_enabled":true,"jetpack_shortlink":"https:\/\/wp.me\/pe6lTn-sy","_links":{"self":[{"href":"https:\/\/www.visit-ulcinj.com\/blog\/wp-json\/wp\/v2\/posts\/1770"}],"collection":[{"href":"https:\/\/www.visit-ulcinj.com\/blog\/wp-json\/wp\/v2\/posts"}],"about":[{"href":"https:\/\/www.visit-ulcinj.com\/blog\/wp-json\/wp\/v2\/types\/post"}],"author":[{"embeddable":true,"href":"https:\/\/www.visit-ulcinj.com\/blog\/wp-json\/wp\/v2\/users\/1"}],"replies":[{"embeddable":true,"href":"https:\/\/www.visit-ulcinj.com\/blog\/wp-json\/wp\/v2\/comments?post=1770"}],"version-history":[{"count":0,"href":"https:\/\/www.visit-ulcinj.com\/blog\/wp-json\/wp\/v2\/posts\/1770\/revisions"}],"wp:attachment":[{"href":"https:\/\/www.visit-ulcinj.com\/blog\/wp-json\/wp\/v2\/media?parent=1770"}],"wp:term":[{"taxonomy":"category","embeddable":true,"href":"https:\/\/www.visit-ulcinj.com\/blog\/wp-json\/wp\/v2\/categories?post=1770"},{"taxonomy":"post_tag","embeddable":true,"href":"https:\/\/www.visit-ulcinj.com\/blog\/wp-json\/wp\/v2\/tags?post=1770"}],"curies":[{"name":"wp","href":"https:\/\/api.w.org\/{rel}","templated":true}]}}