{"id":17714,"date":"2009-04-13T14:54:24","date_gmt":"2009-04-13T12:54:24","guid":{"rendered":"http:\/\/www.visit-ulcinj.com\/blog\/?p=17714"},"modified":"2009-04-13T14:54:24","modified_gmt":"2009-04-13T12:54:24","slug":"kthimi-i-adeles","status":"publish","type":"post","link":"https:\/\/www.visit-ulcinj.com\/blog\/2009\/04\/13\/kthimi-i-adeles\/","title":{"rendered":"Kthimi i Adel\u00ebs"},"content":{"rendered":"<p><em><span class=\"newsdate\"><a href=\"http:\/\/www.visit-ulcinj.com\/blog\/wp-content\/uploads\/2009\/04\/adelaper-surprizen-12.jpg\"><img loading=\"lazy\" class=\"alignleft size-full wp-image-17715\" title=\"adelaper-surprizen-12-big-brother-albania-2\" src=\"http:\/\/www.visit-ulcinj.com\/blog\/wp-content\/uploads\/2009\/04\/adelaper-surprizen-12.jpg\" alt=\"adelaper-surprizen-12-big-brother-albania-2\" width=\"300\" height=\"205\" \/><\/a>12\/04\/09 19:20<\/span><\/em><\/p>\n<p>Adela kthehet n\u00eb sht\u00ebpin\u00eb e Big Brother. Ajo pyet banor\u00ebt n\u00ebse e kan\u00eb par\u00eb apo jo dhe ata i p\u00ebrgjigjen se jo. Ajo fillon t\u2019u tregoj\u00eb atyre eksperienc\u00ebn e saj. Banor\u00ebt duan t\u00eb din\u00eb cdo detaj. Ajo thot\u00eb se shkoi me makin\u00eb deri n\u00eb nj\u00eb vend, por q\u00eb ajo nuk mund t\u00eb shihte asgj\u00eb dhe nuk mund t\u2019i fliste askush. Adela tregon se ai vendi ishte spektakli \u201cE Diell\u201d dhe Adi Krasta e kishte pritur. Ajo tregon me shum\u00eb emocione se fillimisht nuk kishte par\u00eb asgj\u00eb se dritat ishin t\u00eb fikura, por m\u00eb pas u ndez\u00ebn dhe pa nj\u00eb publik q\u00eb u ngrit n\u00eb k\u00ebmb\u00eb p\u00ebr t\u00eb dhe e p\u00ebrsh\u00ebndet\u00ebn. Adela tregon se atje i kishin dh\u00ebn\u00eb nj\u00eb k\u00ebng\u00eb p\u00ebr t\u00eb k\u00ebnduar. \u201cMu duk vetja si n\u00eb \u00ebnd\u00ebrr dhe mendova m\u00eb pas q\u00eb vet\u00ebm t\u00eb b\u00ebja qejf\u201d- thot\u00eb Adela. M\u00eb pas ajo kishte b\u00ebr\u00eb nj\u00eb prezantim dhe n\u00eb fund ishte p\u00ebrsh\u00ebndetur me t\u00eb gjith\u00eb. Adela thot\u00eb vazhdimisht se i dukej vetja si n\u00eb \u00ebnd\u00ebrr dhe se nj\u00eb surpriz\u00eb t\u00eb till\u00eb nuk do ta kishte menduar kurr\u00eb. Banor\u00ebt b\u00ebj\u00ebn shaka me t\u00eb. Adela vazhdon t\u00eb tregoj\u00eb p\u00ebr pyetjet q\u00eb i kishte B\u00ebr\u00eb Adi Krasta. Ai e kishte pyetur se cfar\u00eb do t\u2019u thoshte atyre personave q\u00eb at\u00eb nuk e kishin qejf dhe Adela i ishte p\u00ebrgjigjur se fakti q\u00eb ata e llogarisin, do t\u00eb thot\u00eb shum\u00eb p\u00ebr t\u00eb. Ajo tregon se Adi i kishte th\u00ebn\u00eb nj\u00eb shprehje shum\u00eb dometh\u00ebn\u00ebse: \u201cKur t\u00eb dal\u00ebsh, n\u00ebse familja jote nuk do t\u00eb t\u00eb pres\u00eb, do t\u00eb vij un\u00eb e do t\u00eb b\u00ebhem familja jote\u201d. Banor\u00ebt fillojn\u00eb t\u00eb aludojn\u00eb se p\u00ebrse Adi Krasta mund ta ket\u00eb th\u00ebn\u00eb k\u00ebt\u00eb gj\u00eb, por Adela thot\u00eb se kjo nuk tregonte dicka t\u00eb mir\u00eb edhe pse ajo nuk e di me siguri.<\/p>\n","protected":false},"excerpt":{"rendered":"<p>12\/04\/09 19:20 Adela kthehet n\u00eb sht\u00ebpin\u00eb e Big Brother. Ajo pyet banor\u00ebt n\u00ebse e kan\u00eb par\u00eb apo jo dhe ata i p\u00ebrgjigjen se jo. Ajo fillon t\u2019u tregoj\u00eb atyre eksperienc\u00ebn e saj. Banor\u00ebt duan t\u00eb din\u00eb cdo detaj. Ajo thot\u00eb se shkoi me makin\u00eb deri n\u00eb nj\u00eb vend, por q\u00eb ajo nuk mund t\u00eb shihte [&hellip;]<\/p>\n","protected":false},"author":1,"featured_media":0,"comment_status":"open","ping_status":"closed","sticky":false,"template":"","format":"standard","meta":{"spay_email":"","jetpack_publicize_message":"","jetpack_is_tweetstorm":false,"jetpack_publicize_feature_enabled":true},"categories":[6502],"tags":[6529,1414,5057,6506,6516,6712,7129,6522,9066,6544,6891,6693,6887],"jetpack_publicize_connections":[],"yoast_head":"<!-- This site is optimized with the Yoast SEO plugin v19.1 - https:\/\/yoast.com\/wordpress\/plugins\/seo\/ -->\n<title>Kthimi i Adel\u00c3\u00abs | Big Brother Albania 2<\/title>\n<meta name=\"description\" content=\"Big Brother Albania 2 - Adela kthehet n\u00c3\u00ab sht\u00c3\u00abpin\u00c3\u00ab e Big Brother. Ajo pyet banor\u00c3\u00abt n\u00c3\u00abse e kan\u00c3\u00ab par\u00c3\u00ab apo jo dhe ata i p\u00c3\u00abrgjigjen se jo. Ajo fillon t\u00e2\u20ac\u2122u tregoj\u00c3\u00ab atyre eksperienc\u00c3\u00abn e saj.\" \/>\n<meta name=\"robots\" content=\"index, follow, max-snippet:-1, max-image-preview:large, max-video-preview:-1\" \/>\n<link rel=\"canonical\" href=\"https:\/\/www.visit-ulcinj.com\/blog\/2009\/04\/13\/kthimi-i-adeles\/\" \/>\n<meta property=\"og:locale\" content=\"en_US\" \/>\n<meta property=\"og:type\" content=\"article\" \/>\n<meta property=\"og:title\" content=\"Kthimi i Adel\u00c3\u00abs | Big Brother Albania 2\" \/>\n<meta property=\"og:description\" content=\"Big Brother Albania 2 - Adela kthehet n\u00c3\u00ab sht\u00c3\u00abpin\u00c3\u00ab e Big Brother. Ajo pyet banor\u00c3\u00abt n\u00c3\u00abse e kan\u00c3\u00ab par\u00c3\u00ab apo jo dhe ata i p\u00c3\u00abrgjigjen se jo. Ajo fillon t\u00e2\u20ac\u2122u tregoj\u00c3\u00ab atyre eksperienc\u00c3\u00abn e saj.\" \/>\n<meta property=\"og:url\" content=\"https:\/\/www.visit-ulcinj.com\/blog\/2009\/04\/13\/kthimi-i-adeles\/\" \/>\n<meta property=\"og:site_name\" content=\"Lajme nga Ulqini\" \/>\n<meta property=\"article:published_time\" content=\"2009-04-13T12:54:24+00:00\" \/>\n<meta property=\"og:image\" content=\"http:\/\/www.visit-ulcinj.com\/blog\/wp-content\/uploads\/2009\/04\/adelaper-surprizen-12.jpg\" \/>\n<meta name=\"twitter:label1\" content=\"Written by\" \/>\n\t<meta name=\"twitter:data1\" content=\"ulqini\" \/>\n\t<meta name=\"twitter:label2\" content=\"Est. reading time\" \/>\n\t<meta name=\"twitter:data2\" content=\"2 minutes\" \/>\n<script type=\"application\/ld+json\" class=\"yoast-schema-graph\">{\"@context\":\"https:\/\/schema.org\",\"@graph\":[{\"@type\":\"WebSite\",\"@id\":\"https:\/\/www.visit-ulcinj.com\/blog\/#website\",\"url\":\"https:\/\/www.visit-ulcinj.com\/blog\/\",\"name\":\"Lajme nga Ulqini\",\"description\":\"Lajme,Vijesti,Ulqini,Ulqin,Crna Gora,Mali i Zi\",\"potentialAction\":[{\"@type\":\"SearchAction\",\"target\":{\"@type\":\"EntryPoint\",\"urlTemplate\":\"https:\/\/www.visit-ulcinj.com\/blog\/?s={search_term_string}\"},\"query-input\":\"required name=search_term_string\"}],\"inLanguage\":\"en-US\"},{\"@type\":\"ImageObject\",\"inLanguage\":\"en-US\",\"@id\":\"https:\/\/www.visit-ulcinj.com\/blog\/2009\/04\/13\/kthimi-i-adeles\/#primaryimage\",\"url\":\"http:\/\/www.visit-ulcinj.com\/blog\/wp-content\/uploads\/2009\/04\/adelaper-surprizen-12.jpg\",\"contentUrl\":\"http:\/\/www.visit-ulcinj.com\/blog\/wp-content\/uploads\/2009\/04\/adelaper-surprizen-12.jpg\"},{\"@type\":\"WebPage\",\"@id\":\"https:\/\/www.visit-ulcinj.com\/blog\/2009\/04\/13\/kthimi-i-adeles\/#webpage\",\"url\":\"https:\/\/www.visit-ulcinj.com\/blog\/2009\/04\/13\/kthimi-i-adeles\/\",\"name\":\"Kthimi i Adel\u00c3\u00abs | Big Brother Albania 2\",\"isPartOf\":{\"@id\":\"https:\/\/www.visit-ulcinj.com\/blog\/#website\"},\"primaryImageOfPage\":{\"@id\":\"https:\/\/www.visit-ulcinj.com\/blog\/2009\/04\/13\/kthimi-i-adeles\/#primaryimage\"},\"datePublished\":\"2009-04-13T12:54:24+00:00\",\"dateModified\":\"2009-04-13T12:54:24+00:00\",\"author\":{\"@id\":\"https:\/\/www.visit-ulcinj.com\/blog\/#\/schema\/person\/dcab619c614d3038751c63bc2aadc06d\"},\"description\":\"Big Brother Albania 2 - Adela kthehet n\u00c3\u00ab sht\u00c3\u00abpin\u00c3\u00ab e Big Brother. Ajo pyet banor\u00c3\u00abt n\u00c3\u00abse e kan\u00c3\u00ab par\u00c3\u00ab apo jo dhe ata i p\u00c3\u00abrgjigjen se jo. Ajo fillon t\u00e2\u20ac\u2122u tregoj\u00c3\u00ab atyre eksperienc\u00c3\u00abn e saj.\",\"breadcrumb\":{\"@id\":\"https:\/\/www.visit-ulcinj.com\/blog\/2009\/04\/13\/kthimi-i-adeles\/#breadcrumb\"},\"inLanguage\":\"en-US\",\"potentialAction\":[{\"@type\":\"ReadAction\",\"target\":[\"https:\/\/www.visit-ulcinj.com\/blog\/2009\/04\/13\/kthimi-i-adeles\/\"]}]},{\"@type\":\"BreadcrumbList\",\"@id\":\"https:\/\/www.visit-ulcinj.com\/blog\/2009\/04\/13\/kthimi-i-adeles\/#breadcrumb\",\"itemListElement\":[{\"@type\":\"ListItem\",\"position\":1,\"name\":\"Kthimi i Adel\u00ebs\"}]},{\"@type\":\"Person\",\"@id\":\"https:\/\/www.visit-ulcinj.com\/blog\/#\/schema\/person\/dcab619c614d3038751c63bc2aadc06d\",\"name\":\"ulqini\",\"sameAs\":[\"http:\/\/www.visit-ulcinj.com\"],\"url\":\"https:\/\/www.visit-ulcinj.com\/blog\/author\/admin\/\"}]}<\/script>\n<!-- \/ Yoast SEO plugin. -->","yoast_head_json":{"title":"Kthimi i Adel\u00c3\u00abs | Big Brother Albania 2","description":"Big Brother Albania 2 - Adela kthehet n\u00c3\u00ab sht\u00c3\u00abpin\u00c3\u00ab e Big Brother. Ajo pyet banor\u00c3\u00abt n\u00c3\u00abse e kan\u00c3\u00ab par\u00c3\u00ab apo jo dhe ata i p\u00c3\u00abrgjigjen se jo. Ajo fillon t\u00e2\u20ac\u2122u tregoj\u00c3\u00ab atyre eksperienc\u00c3\u00abn e saj.","robots":{"index":"index","follow":"follow","max-snippet":"max-snippet:-1","max-image-preview":"max-image-preview:large","max-video-preview":"max-video-preview:-1"},"canonical":"https:\/\/www.visit-ulcinj.com\/blog\/2009\/04\/13\/kthimi-i-adeles\/","og_locale":"en_US","og_type":"article","og_title":"Kthimi i Adel\u00c3\u00abs | Big Brother Albania 2","og_description":"Big Brother Albania 2 - Adela kthehet n\u00c3\u00ab sht\u00c3\u00abpin\u00c3\u00ab e Big Brother. Ajo pyet banor\u00c3\u00abt n\u00c3\u00abse e kan\u00c3\u00ab par\u00c3\u00ab apo jo dhe ata i p\u00c3\u00abrgjigjen se jo. Ajo fillon t\u00e2\u20ac\u2122u tregoj\u00c3\u00ab atyre eksperienc\u00c3\u00abn e saj.","og_url":"https:\/\/www.visit-ulcinj.com\/blog\/2009\/04\/13\/kthimi-i-adeles\/","og_site_name":"Lajme nga Ulqini","article_published_time":"2009-04-13T12:54:24+00:00","og_image":[{"url":"http:\/\/www.visit-ulcinj.com\/blog\/wp-content\/uploads\/2009\/04\/adelaper-surprizen-12.jpg"}],"twitter_misc":{"Written by":"ulqini","Est. reading time":"2 minutes"},"schema":{"@context":"https:\/\/schema.org","@graph":[{"@type":"WebSite","@id":"https:\/\/www.visit-ulcinj.com\/blog\/#website","url":"https:\/\/www.visit-ulcinj.com\/blog\/","name":"Lajme nga Ulqini","description":"Lajme,Vijesti,Ulqini,Ulqin,Crna Gora,Mali i Zi","potentialAction":[{"@type":"SearchAction","target":{"@type":"EntryPoint","urlTemplate":"https:\/\/www.visit-ulcinj.com\/blog\/?s={search_term_string}"},"query-input":"required name=search_term_string"}],"inLanguage":"en-US"},{"@type":"ImageObject","inLanguage":"en-US","@id":"https:\/\/www.visit-ulcinj.com\/blog\/2009\/04\/13\/kthimi-i-adeles\/#primaryimage","url":"http:\/\/www.visit-ulcinj.com\/blog\/wp-content\/uploads\/2009\/04\/adelaper-surprizen-12.jpg","contentUrl":"http:\/\/www.visit-ulcinj.com\/blog\/wp-content\/uploads\/2009\/04\/adelaper-surprizen-12.jpg"},{"@type":"WebPage","@id":"https:\/\/www.visit-ulcinj.com\/blog\/2009\/04\/13\/kthimi-i-adeles\/#webpage","url":"https:\/\/www.visit-ulcinj.com\/blog\/2009\/04\/13\/kthimi-i-adeles\/","name":"Kthimi i Adel\u00c3\u00abs | Big Brother Albania 2","isPartOf":{"@id":"https:\/\/www.visit-ulcinj.com\/blog\/#website"},"primaryImageOfPage":{"@id":"https:\/\/www.visit-ulcinj.com\/blog\/2009\/04\/13\/kthimi-i-adeles\/#primaryimage"},"datePublished":"2009-04-13T12:54:24+00:00","dateModified":"2009-04-13T12:54:24+00:00","author":{"@id":"https:\/\/www.visit-ulcinj.com\/blog\/#\/schema\/person\/dcab619c614d3038751c63bc2aadc06d"},"description":"Big Brother Albania 2 - Adela kthehet n\u00c3\u00ab sht\u00c3\u00abpin\u00c3\u00ab e Big Brother. Ajo pyet banor\u00c3\u00abt n\u00c3\u00abse e kan\u00c3\u00ab par\u00c3\u00ab apo jo dhe ata i p\u00c3\u00abrgjigjen se jo. Ajo fillon t\u00e2\u20ac\u2122u tregoj\u00c3\u00ab atyre eksperienc\u00c3\u00abn e saj.","breadcrumb":{"@id":"https:\/\/www.visit-ulcinj.com\/blog\/2009\/04\/13\/kthimi-i-adeles\/#breadcrumb"},"inLanguage":"en-US","potentialAction":[{"@type":"ReadAction","target":["https:\/\/www.visit-ulcinj.com\/blog\/2009\/04\/13\/kthimi-i-adeles\/"]}]},{"@type":"BreadcrumbList","@id":"https:\/\/www.visit-ulcinj.com\/blog\/2009\/04\/13\/kthimi-i-adeles\/#breadcrumb","itemListElement":[{"@type":"ListItem","position":1,"name":"Kthimi i Adel\u00ebs"}]},{"@type":"Person","@id":"https:\/\/www.visit-ulcinj.com\/blog\/#\/schema\/person\/dcab619c614d3038751c63bc2aadc06d","name":"ulqini","sameAs":["http:\/\/www.visit-ulcinj.com"],"url":"https:\/\/www.visit-ulcinj.com\/blog\/author\/admin\/"}]}},"jetpack_featured_media_url":"","jetpack_sharing_enabled":true,"jetpack_shortlink":"https:\/\/wp.me\/pe6lTn-4BI","_links":{"self":[{"href":"https:\/\/www.visit-ulcinj.com\/blog\/wp-json\/wp\/v2\/posts\/17714"}],"collection":[{"href":"https:\/\/www.visit-ulcinj.com\/blog\/wp-json\/wp\/v2\/posts"}],"about":[{"href":"https:\/\/www.visit-ulcinj.com\/blog\/wp-json\/wp\/v2\/types\/post"}],"author":[{"embeddable":true,"href":"https:\/\/www.visit-ulcinj.com\/blog\/wp-json\/wp\/v2\/users\/1"}],"replies":[{"embeddable":true,"href":"https:\/\/www.visit-ulcinj.com\/blog\/wp-json\/wp\/v2\/comments?post=17714"}],"version-history":[{"count":0,"href":"https:\/\/www.visit-ulcinj.com\/blog\/wp-json\/wp\/v2\/posts\/17714\/revisions"}],"wp:attachment":[{"href":"https:\/\/www.visit-ulcinj.com\/blog\/wp-json\/wp\/v2\/media?parent=17714"}],"wp:term":[{"taxonomy":"category","embeddable":true,"href":"https:\/\/www.visit-ulcinj.com\/blog\/wp-json\/wp\/v2\/categories?post=17714"},{"taxonomy":"post_tag","embeddable":true,"href":"https:\/\/www.visit-ulcinj.com\/blog\/wp-json\/wp\/v2\/tags?post=17714"}],"curies":[{"name":"wp","href":"https:\/\/api.w.org\/{rel}","templated":true}]}}