{"id":17718,"date":"2009-04-13T15:02:17","date_gmt":"2009-04-13T13:02:17","guid":{"rendered":"http:\/\/www.visit-ulcinj.com\/blog\/?p=17718"},"modified":"2009-04-13T15:02:17","modified_gmt":"2009-04-13T13:02:17","slug":"adelajda-cfare-i-pelqen-publiku-sorit","status":"publish","type":"post","link":"https:\/\/www.visit-ulcinj.com\/blog\/2009\/04\/13\/adelajda-cfare-i-pelqen-publiku-sorit\/","title":{"rendered":"Adelajda : \u00c7far\u00eb i p\u00eblqen publiku Sorit?!"},"content":{"rendered":"<p><em><a href=\"http:\/\/www.visit-ulcinj.com\/blog\/wp-content\/uploads\/2009\/04\/adela-per-qetsorin.jpg\"><img loading=\"lazy\" class=\"alignleft size-full wp-image-17719\" title=\"adela-per-qetsorin-big-brother-albania-2\" src=\"http:\/\/www.visit-ulcinj.com\/blog\/wp-content\/uploads\/2009\/04\/adela-per-qetsorin.jpg\" alt=\"adela-per-qetsorin-big-brother-albania-2\" width=\"300\" height=\"205\" \/><\/a>13\/04\/09 00:20<\/em><br \/>\n\u201c\u00c7far\u00eb i p\u00eblqen publiku Sorit, q\u00eb nuk e nxjerr asnj\u00ebher\u00eb?!\u201d- ka pyetur Adelajda Bjordin. \u201cFlet shum\u00eb!\u201d- i ka th\u00ebn\u00eb ai. Sipas Adelajdes, Qetsori nuk ka asgj\u00eb t\u00eb ve\u00e7ant\u00eb dhe \u00ebsht\u00eb e habitshme q\u00eb ai p\u00eblqehet aq shum\u00eb. \u201c\u00c7far\u00eb spektakli b\u00ebn ai nj\u00ebher\u00eb?!\u201d- \u00ebsht\u00eb shprehur ajo. Ajo ka shtuar se po t\u00eb ishte publik, nuk do ta kishte p\u00eblqyer Qetsorin. Ajo do t\u00eb p\u00eblqente Adin, Bjordin dhe ndoshta Arin.<\/p>\n","protected":false},"excerpt":{"rendered":"<p>13\/04\/09 00:20 \u201c\u00c7far\u00eb i p\u00eblqen publiku Sorit, q\u00eb nuk e nxjerr asnj\u00ebher\u00eb?!\u201d- ka pyetur Adelajda Bjordin. \u201cFlet shum\u00eb!\u201d- i ka th\u00ebn\u00eb ai. Sipas Adelajdes, Qetsori nuk ka asgj\u00eb t\u00eb ve\u00e7ant\u00eb dhe \u00ebsht\u00eb e habitshme q\u00eb ai p\u00eblqehet aq shum\u00eb. \u201c\u00c7far\u00eb spektakli b\u00ebn ai nj\u00ebher\u00eb?!\u201d- \u00ebsht\u00eb shprehur ajo. Ajo ka shtuar se po t\u00eb ishte publik, [&hellip;]<\/p>\n","protected":false},"author":1,"featured_media":0,"comment_status":"open","ping_status":"closed","sticky":false,"template":"","format":"standard","meta":{"spay_email":"","jetpack_publicize_message":"","jetpack_is_tweetstorm":false,"jetpack_publicize_feature_enabled":true},"categories":[6502],"tags":[6529,5057,6506,6516,6712,7129,6522,8276,6891,6693,6887],"jetpack_publicize_connections":[],"yoast_head":"<!-- This site is optimized with the Yoast SEO plugin v19.1 - https:\/\/yoast.com\/wordpress\/plugins\/seo\/ -->\n<title>Adelajda : \u00c3\u2021far\u00c3\u00ab i p\u00c3\u00ablqen publiku Sorit?! | Big Brother Albania 2<\/title>\n<meta name=\"description\" content=\"Big Brother Albania 2 -\u00e2\u20ac\u0153\u00c3\u2021far\u00c3\u00ab i p\u00c3\u00ablqen publiku Sorit, q\u00c3\u00ab nuk e nxjerr asnj\u00c3\u00abher\u00c3\u00ab?!\u00e2\u20ac\u009d- ka pyetur Adelajda Bjordin. \u00e2\u20ac\u0153Flet shum\u00c3\u00ab!\u00e2\u20ac\u009d- i ka th\u00c3\u00abn\u00c3\u00ab ai. Sipas Adelajdes, Qetsori nuk ka asgj\u00c3\u00ab t\u00c3\u00ab ve\u00c3\u00a7ant\u00c3\u00ab dhe \u00c3\u00absht\u00c3\u00ab e habitshme q\u00c3\u00ab ai p\u00c3\u00ablqehet aq shum\u00c3\u00ab.\" \/>\n<meta name=\"robots\" content=\"index, follow, max-snippet:-1, max-image-preview:large, max-video-preview:-1\" \/>\n<link rel=\"canonical\" href=\"https:\/\/www.visit-ulcinj.com\/blog\/2009\/04\/13\/adelajda-cfare-i-pelqen-publiku-sorit\/\" \/>\n<meta property=\"og:locale\" content=\"en_US\" \/>\n<meta property=\"og:type\" content=\"article\" \/>\n<meta property=\"og:title\" content=\"Adelajda : \u00c3\u2021far\u00c3\u00ab i p\u00c3\u00ablqen publiku Sorit?! | Big Brother Albania 2\" \/>\n<meta property=\"og:description\" content=\"Big Brother Albania 2 -\u00e2\u20ac\u0153\u00c3\u2021far\u00c3\u00ab i p\u00c3\u00ablqen publiku Sorit, q\u00c3\u00ab nuk e nxjerr asnj\u00c3\u00abher\u00c3\u00ab?!\u00e2\u20ac\u009d- ka pyetur Adelajda Bjordin. \u00e2\u20ac\u0153Flet shum\u00c3\u00ab!\u00e2\u20ac\u009d- i ka th\u00c3\u00abn\u00c3\u00ab ai. Sipas Adelajdes, Qetsori nuk ka asgj\u00c3\u00ab t\u00c3\u00ab ve\u00c3\u00a7ant\u00c3\u00ab dhe \u00c3\u00absht\u00c3\u00ab e habitshme q\u00c3\u00ab ai p\u00c3\u00ablqehet aq shum\u00c3\u00ab.\" \/>\n<meta property=\"og:url\" content=\"https:\/\/www.visit-ulcinj.com\/blog\/2009\/04\/13\/adelajda-cfare-i-pelqen-publiku-sorit\/\" \/>\n<meta property=\"og:site_name\" content=\"Lajme nga Ulqini\" \/>\n<meta property=\"article:published_time\" content=\"2009-04-13T13:02:17+00:00\" \/>\n<meta property=\"og:image\" content=\"http:\/\/www.visit-ulcinj.com\/blog\/wp-content\/uploads\/2009\/04\/adela-per-qetsorin.jpg\" \/>\n<meta name=\"twitter:label1\" content=\"Written by\" \/>\n\t<meta name=\"twitter:data1\" content=\"ulqini\" \/>\n<script type=\"application\/ld+json\" class=\"yoast-schema-graph\">{\"@context\":\"https:\/\/schema.org\",\"@graph\":[{\"@type\":\"WebSite\",\"@id\":\"https:\/\/www.visit-ulcinj.com\/blog\/#website\",\"url\":\"https:\/\/www.visit-ulcinj.com\/blog\/\",\"name\":\"Lajme nga Ulqini\",\"description\":\"Lajme,Vijesti,Ulqini,Ulqin,Crna Gora,Mali i Zi\",\"potentialAction\":[{\"@type\":\"SearchAction\",\"target\":{\"@type\":\"EntryPoint\",\"urlTemplate\":\"https:\/\/www.visit-ulcinj.com\/blog\/?s={search_term_string}\"},\"query-input\":\"required name=search_term_string\"}],\"inLanguage\":\"en-US\"},{\"@type\":\"ImageObject\",\"inLanguage\":\"en-US\",\"@id\":\"https:\/\/www.visit-ulcinj.com\/blog\/2009\/04\/13\/adelajda-cfare-i-pelqen-publiku-sorit\/#primaryimage\",\"url\":\"http:\/\/www.visit-ulcinj.com\/blog\/wp-content\/uploads\/2009\/04\/adela-per-qetsorin.jpg\",\"contentUrl\":\"http:\/\/www.visit-ulcinj.com\/blog\/wp-content\/uploads\/2009\/04\/adela-per-qetsorin.jpg\"},{\"@type\":\"WebPage\",\"@id\":\"https:\/\/www.visit-ulcinj.com\/blog\/2009\/04\/13\/adelajda-cfare-i-pelqen-publiku-sorit\/#webpage\",\"url\":\"https:\/\/www.visit-ulcinj.com\/blog\/2009\/04\/13\/adelajda-cfare-i-pelqen-publiku-sorit\/\",\"name\":\"Adelajda : \u00c3\u2021far\u00c3\u00ab i p\u00c3\u00ablqen publiku Sorit?! | Big Brother Albania 2\",\"isPartOf\":{\"@id\":\"https:\/\/www.visit-ulcinj.com\/blog\/#website\"},\"primaryImageOfPage\":{\"@id\":\"https:\/\/www.visit-ulcinj.com\/blog\/2009\/04\/13\/adelajda-cfare-i-pelqen-publiku-sorit\/#primaryimage\"},\"datePublished\":\"2009-04-13T13:02:17+00:00\",\"dateModified\":\"2009-04-13T13:02:17+00:00\",\"author\":{\"@id\":\"https:\/\/www.visit-ulcinj.com\/blog\/#\/schema\/person\/dcab619c614d3038751c63bc2aadc06d\"},\"description\":\"Big Brother Albania 2 -\u00e2\u20ac\u0153\u00c3\u2021far\u00c3\u00ab i p\u00c3\u00ablqen publiku Sorit, q\u00c3\u00ab nuk e nxjerr asnj\u00c3\u00abher\u00c3\u00ab?!\u00e2\u20ac\u009d- ka pyetur Adelajda Bjordin. \u00e2\u20ac\u0153Flet shum\u00c3\u00ab!\u00e2\u20ac\u009d- i ka th\u00c3\u00abn\u00c3\u00ab ai. Sipas Adelajdes, Qetsori nuk ka asgj\u00c3\u00ab t\u00c3\u00ab ve\u00c3\u00a7ant\u00c3\u00ab dhe \u00c3\u00absht\u00c3\u00ab e habitshme q\u00c3\u00ab ai p\u00c3\u00ablqehet aq shum\u00c3\u00ab.\",\"breadcrumb\":{\"@id\":\"https:\/\/www.visit-ulcinj.com\/blog\/2009\/04\/13\/adelajda-cfare-i-pelqen-publiku-sorit\/#breadcrumb\"},\"inLanguage\":\"en-US\",\"potentialAction\":[{\"@type\":\"ReadAction\",\"target\":[\"https:\/\/www.visit-ulcinj.com\/blog\/2009\/04\/13\/adelajda-cfare-i-pelqen-publiku-sorit\/\"]}]},{\"@type\":\"BreadcrumbList\",\"@id\":\"https:\/\/www.visit-ulcinj.com\/blog\/2009\/04\/13\/adelajda-cfare-i-pelqen-publiku-sorit\/#breadcrumb\",\"itemListElement\":[{\"@type\":\"ListItem\",\"position\":1,\"name\":\"Adelajda : \u00c7far\u00eb i p\u00eblqen publiku Sorit?!\"}]},{\"@type\":\"Person\",\"@id\":\"https:\/\/www.visit-ulcinj.com\/blog\/#\/schema\/person\/dcab619c614d3038751c63bc2aadc06d\",\"name\":\"ulqini\",\"sameAs\":[\"http:\/\/www.visit-ulcinj.com\"],\"url\":\"https:\/\/www.visit-ulcinj.com\/blog\/author\/admin\/\"}]}<\/script>\n<!-- \/ Yoast SEO plugin. -->","yoast_head_json":{"title":"Adelajda : \u00c3\u2021far\u00c3\u00ab i p\u00c3\u00ablqen publiku Sorit?! | Big Brother Albania 2","description":"Big Brother Albania 2 -\u00e2\u20ac\u0153\u00c3\u2021far\u00c3\u00ab i p\u00c3\u00ablqen publiku Sorit, q\u00c3\u00ab nuk e nxjerr asnj\u00c3\u00abher\u00c3\u00ab?!\u00e2\u20ac\u009d- ka pyetur Adelajda Bjordin. \u00e2\u20ac\u0153Flet shum\u00c3\u00ab!\u00e2\u20ac\u009d- i ka th\u00c3\u00abn\u00c3\u00ab ai. Sipas Adelajdes, Qetsori nuk ka asgj\u00c3\u00ab t\u00c3\u00ab ve\u00c3\u00a7ant\u00c3\u00ab dhe \u00c3\u00absht\u00c3\u00ab e habitshme q\u00c3\u00ab ai p\u00c3\u00ablqehet aq shum\u00c3\u00ab.","robots":{"index":"index","follow":"follow","max-snippet":"max-snippet:-1","max-image-preview":"max-image-preview:large","max-video-preview":"max-video-preview:-1"},"canonical":"https:\/\/www.visit-ulcinj.com\/blog\/2009\/04\/13\/adelajda-cfare-i-pelqen-publiku-sorit\/","og_locale":"en_US","og_type":"article","og_title":"Adelajda : \u00c3\u2021far\u00c3\u00ab i p\u00c3\u00ablqen publiku Sorit?! | Big Brother Albania 2","og_description":"Big Brother Albania 2 -\u00e2\u20ac\u0153\u00c3\u2021far\u00c3\u00ab i p\u00c3\u00ablqen publiku Sorit, q\u00c3\u00ab nuk e nxjerr asnj\u00c3\u00abher\u00c3\u00ab?!\u00e2\u20ac\u009d- ka pyetur Adelajda Bjordin. \u00e2\u20ac\u0153Flet shum\u00c3\u00ab!\u00e2\u20ac\u009d- i ka th\u00c3\u00abn\u00c3\u00ab ai. Sipas Adelajdes, Qetsori nuk ka asgj\u00c3\u00ab t\u00c3\u00ab ve\u00c3\u00a7ant\u00c3\u00ab dhe \u00c3\u00absht\u00c3\u00ab e habitshme q\u00c3\u00ab ai p\u00c3\u00ablqehet aq shum\u00c3\u00ab.","og_url":"https:\/\/www.visit-ulcinj.com\/blog\/2009\/04\/13\/adelajda-cfare-i-pelqen-publiku-sorit\/","og_site_name":"Lajme nga Ulqini","article_published_time":"2009-04-13T13:02:17+00:00","og_image":[{"url":"http:\/\/www.visit-ulcinj.com\/blog\/wp-content\/uploads\/2009\/04\/adela-per-qetsorin.jpg"}],"twitter_misc":{"Written by":"ulqini"},"schema":{"@context":"https:\/\/schema.org","@graph":[{"@type":"WebSite","@id":"https:\/\/www.visit-ulcinj.com\/blog\/#website","url":"https:\/\/www.visit-ulcinj.com\/blog\/","name":"Lajme nga Ulqini","description":"Lajme,Vijesti,Ulqini,Ulqin,Crna Gora,Mali i Zi","potentialAction":[{"@type":"SearchAction","target":{"@type":"EntryPoint","urlTemplate":"https:\/\/www.visit-ulcinj.com\/blog\/?s={search_term_string}"},"query-input":"required name=search_term_string"}],"inLanguage":"en-US"},{"@type":"ImageObject","inLanguage":"en-US","@id":"https:\/\/www.visit-ulcinj.com\/blog\/2009\/04\/13\/adelajda-cfare-i-pelqen-publiku-sorit\/#primaryimage","url":"http:\/\/www.visit-ulcinj.com\/blog\/wp-content\/uploads\/2009\/04\/adela-per-qetsorin.jpg","contentUrl":"http:\/\/www.visit-ulcinj.com\/blog\/wp-content\/uploads\/2009\/04\/adela-per-qetsorin.jpg"},{"@type":"WebPage","@id":"https:\/\/www.visit-ulcinj.com\/blog\/2009\/04\/13\/adelajda-cfare-i-pelqen-publiku-sorit\/#webpage","url":"https:\/\/www.visit-ulcinj.com\/blog\/2009\/04\/13\/adelajda-cfare-i-pelqen-publiku-sorit\/","name":"Adelajda : \u00c3\u2021far\u00c3\u00ab i p\u00c3\u00ablqen publiku Sorit?! | Big Brother Albania 2","isPartOf":{"@id":"https:\/\/www.visit-ulcinj.com\/blog\/#website"},"primaryImageOfPage":{"@id":"https:\/\/www.visit-ulcinj.com\/blog\/2009\/04\/13\/adelajda-cfare-i-pelqen-publiku-sorit\/#primaryimage"},"datePublished":"2009-04-13T13:02:17+00:00","dateModified":"2009-04-13T13:02:17+00:00","author":{"@id":"https:\/\/www.visit-ulcinj.com\/blog\/#\/schema\/person\/dcab619c614d3038751c63bc2aadc06d"},"description":"Big Brother Albania 2 -\u00e2\u20ac\u0153\u00c3\u2021far\u00c3\u00ab i p\u00c3\u00ablqen publiku Sorit, q\u00c3\u00ab nuk e nxjerr asnj\u00c3\u00abher\u00c3\u00ab?!\u00e2\u20ac\u009d- ka pyetur Adelajda Bjordin. \u00e2\u20ac\u0153Flet shum\u00c3\u00ab!\u00e2\u20ac\u009d- i ka th\u00c3\u00abn\u00c3\u00ab ai. Sipas Adelajdes, Qetsori nuk ka asgj\u00c3\u00ab t\u00c3\u00ab ve\u00c3\u00a7ant\u00c3\u00ab dhe \u00c3\u00absht\u00c3\u00ab e habitshme q\u00c3\u00ab ai p\u00c3\u00ablqehet aq shum\u00c3\u00ab.","breadcrumb":{"@id":"https:\/\/www.visit-ulcinj.com\/blog\/2009\/04\/13\/adelajda-cfare-i-pelqen-publiku-sorit\/#breadcrumb"},"inLanguage":"en-US","potentialAction":[{"@type":"ReadAction","target":["https:\/\/www.visit-ulcinj.com\/blog\/2009\/04\/13\/adelajda-cfare-i-pelqen-publiku-sorit\/"]}]},{"@type":"BreadcrumbList","@id":"https:\/\/www.visit-ulcinj.com\/blog\/2009\/04\/13\/adelajda-cfare-i-pelqen-publiku-sorit\/#breadcrumb","itemListElement":[{"@type":"ListItem","position":1,"name":"Adelajda : \u00c7far\u00eb i p\u00eblqen publiku Sorit?!"}]},{"@type":"Person","@id":"https:\/\/www.visit-ulcinj.com\/blog\/#\/schema\/person\/dcab619c614d3038751c63bc2aadc06d","name":"ulqini","sameAs":["http:\/\/www.visit-ulcinj.com"],"url":"https:\/\/www.visit-ulcinj.com\/blog\/author\/admin\/"}]}},"jetpack_featured_media_url":"","jetpack_sharing_enabled":true,"jetpack_shortlink":"https:\/\/wp.me\/pe6lTn-4BM","_links":{"self":[{"href":"https:\/\/www.visit-ulcinj.com\/blog\/wp-json\/wp\/v2\/posts\/17718"}],"collection":[{"href":"https:\/\/www.visit-ulcinj.com\/blog\/wp-json\/wp\/v2\/posts"}],"about":[{"href":"https:\/\/www.visit-ulcinj.com\/blog\/wp-json\/wp\/v2\/types\/post"}],"author":[{"embeddable":true,"href":"https:\/\/www.visit-ulcinj.com\/blog\/wp-json\/wp\/v2\/users\/1"}],"replies":[{"embeddable":true,"href":"https:\/\/www.visit-ulcinj.com\/blog\/wp-json\/wp\/v2\/comments?post=17718"}],"version-history":[{"count":0,"href":"https:\/\/www.visit-ulcinj.com\/blog\/wp-json\/wp\/v2\/posts\/17718\/revisions"}],"wp:attachment":[{"href":"https:\/\/www.visit-ulcinj.com\/blog\/wp-json\/wp\/v2\/media?parent=17718"}],"wp:term":[{"taxonomy":"category","embeddable":true,"href":"https:\/\/www.visit-ulcinj.com\/blog\/wp-json\/wp\/v2\/categories?post=17718"},{"taxonomy":"post_tag","embeddable":true,"href":"https:\/\/www.visit-ulcinj.com\/blog\/wp-json\/wp\/v2\/tags?post=17718"}],"curies":[{"name":"wp","href":"https:\/\/api.w.org\/{rel}","templated":true}]}}