{"id":17724,"date":"2009-04-13T15:23:12","date_gmt":"2009-04-13T13:23:12","guid":{"rendered":"http:\/\/www.visit-ulcinj.com\/blog\/?p=17724"},"modified":"2009-04-13T15:23:12","modified_gmt":"2009-04-13T13:23:12","slug":"bjordi-vesh-rrobdishamberin-e-mimozes","status":"publish","type":"post","link":"https:\/\/www.visit-ulcinj.com\/blog\/2009\/04\/13\/bjordi-vesh-rrobdishamberin-e-mimozes\/","title":{"rendered":"Bjordi vesh rrobdishamb\u00ebrin e Mimoz\u00ebs"},"content":{"rendered":"<p><em><span class=\"newsdate\"><a href=\"http:\/\/www.visit-ulcinj.com\/blog\/wp-content\/uploads\/2009\/04\/bjordi-mimoza.jpg\"><img loading=\"lazy\" class=\"alignleft size-full wp-image-17725\" title=\"bjordi-mimoza-big-brother-albania-2\" src=\"http:\/\/www.visit-ulcinj.com\/blog\/wp-content\/uploads\/2009\/04\/bjordi-mimoza.jpg\" alt=\"bjordi-mimoza-big-brother-albania-2\" width=\"300\" height=\"205\" \/><\/a>13\/04\/09 01:47<\/span><\/em><\/p>\n<p>Bjordi ka veshur rrobdishamb\u00ebrin e Mimoz\u00ebs dhe ka dal\u00eb jasht\u00eb tek banor\u00ebt e tjer\u00eb q\u00eb po bisedonin. Sa e kan\u00eb par\u00eb ata kan\u00eb shp\u00ebrthyer n\u00eb t\u00eb qeshura, por m\u00eb pas, k\u00ebt\u00eb veprim t\u00eb tijin e kan\u00eb komentuar n\u00eb m\u00ebnyra t\u00eb ndryshme. Sipas Anjez\u00ebs, Bjordi s\u2019b\u00ebri asgj\u00eb t\u00eb keqe, p\u00ebrve\u00e7se nj\u00eb shaka dhe p\u00ebr mendimin e saj, ai ishte njeri pa komplekse. Por p\u00ebr Arjonin nuk ishte k\u00ebshtu. Ai nuk e mir\u00ebpriti aspak veprimin e Bjordit, por si\u00e7 tha jo p\u00ebr t\u00eb keqen e tij, por t\u00eb Bjordit. Sipas tij, nuk ishte normale t\u00eb dilje ashtu para 2 milion teleshikuesve, ky mund t\u00eb ishte nj\u00eb veprim q\u00eb ti e b\u00ebje p\u00ebr t\u00eb qeshur, me t\u00eb dashur\u00ebn t\u00ebnde, por jo n\u00eb televizion. Edhe Ari ka th\u00ebn\u00eb se mendonte t\u00eb nj\u00ebjt\u00ebn gj\u00eb. Arjoni e ka justifikuar veprimin e Bjordit edhe me tipin e tij, tip q\u00eb ndonj\u00ebher\u00eb edhe ai do t\u00eb donte t\u00eb kishte, por sipas mendimit t\u00eb tij, as atij, as Qetsorit nuk do t\u2019i shkonte t\u00eb b\u00ebnte nj\u00eb gj\u00eb t\u00eb till\u00eb. Aida ka th\u00ebn\u00eb se nuk do t\u00eb kishte ndonj\u00eb gj\u00eb t\u00eb keqe, ishte thjesht nj\u00eb shaka dhe ajo do t\u00eb qeshte po nj\u00ebsoj, si me Bjordin, si me ata. Por sipas Arit, ky veprim mund t\u00eb interpretohej edhe ndryshe nga ata q\u00eb i shikonin. \u201cMir\u00eb ne q\u00eb e njohim q\u00eb \u00ebsht\u00eb \u00e7un p\u00ebr s\u00eb mbari dhe e dim\u00eb q\u00eb nuk ka ndonj\u00eb devijim shijesh, por t\u00eb tjer\u00ebt mund ta paragjykojn\u00eb!\u201d. \u201cT\u00eb them t\u00eb drejt\u00ebn, un\u00eb n\u00eb fillim e kam menduar!\u201d \u2013 ka th\u00ebn\u00eb Arjoni. \u201cEdhe un\u00eb e kam menduar, &#8211; ka th\u00ebn\u00eb Qetsori duke qeshur, -tani, vet\u00ebm n\u00eb t\u00eb rrall\u00eb nuk e mendoj m\u00eb!\u201d. Megjithat\u00eb t\u00eb gjith\u00eb kan\u00eb r\u00ebn\u00eb dakord se ky veprim ishte rezultat i munges\u00ebs s\u00eb komplekseve t\u00eb Bjordi dhe i jet\u00ebs e vendit ku ai kishte jetuar.<\/p>\n","protected":false},"excerpt":{"rendered":"<p>13\/04\/09 01:47 Bjordi ka veshur rrobdishamb\u00ebrin e Mimoz\u00ebs dhe ka dal\u00eb jasht\u00eb tek banor\u00ebt e tjer\u00eb q\u00eb po bisedonin. Sa e kan\u00eb par\u00eb ata kan\u00eb shp\u00ebrthyer n\u00eb t\u00eb qeshura, por m\u00eb pas, k\u00ebt\u00eb veprim t\u00eb tijin e kan\u00eb komentuar n\u00eb m\u00ebnyra t\u00eb ndryshme. Sipas Anjez\u00ebs, Bjordi s\u2019b\u00ebri asgj\u00eb t\u00eb keqe, p\u00ebrve\u00e7se nj\u00eb shaka dhe p\u00ebr [&hellip;]<\/p>\n","protected":false},"author":1,"featured_media":0,"comment_status":"open","ping_status":"closed","sticky":false,"template":"","format":"standard","meta":{"spay_email":"","jetpack_publicize_message":"","jetpack_is_tweetstorm":false,"jetpack_publicize_feature_enabled":true},"categories":[6502],"tags":[6529,5057,6506,6516,6712,7129,6522,6544,6891,6693,6887],"jetpack_publicize_connections":[],"yoast_head":"<!-- This site is optimized with the Yoast SEO plugin v19.1 - https:\/\/yoast.com\/wordpress\/plugins\/seo\/ -->\n<title>Bjordi vesh rrobdishamb\u00c3\u00abrin e Mimoz\u00c3\u00abs | Big Brother Albania 2<\/title>\n<meta name=\"description\" content=\"Big Brother Albania 2 - Bjordi ka veshur rrobdishamb\u00c3\u00abrin e Mimoz\u00c3\u00abs dhe ka dal\u00c3\u00ab jasht\u00c3\u00ab tek banor\u00c3\u00abt e tjer\u00c3\u00ab q\u00c3\u00ab po bisedonin. Sa e kan\u00c3\u00ab par\u00c3\u00ab ata kan\u00c3\u00ab shp\u00c3\u00abrthyer n\u00c3\u00ab t\u00c3\u00ab qeshura, por m\u00c3\u00ab pas\" \/>\n<meta name=\"robots\" content=\"index, follow, max-snippet:-1, max-image-preview:large, max-video-preview:-1\" \/>\n<link rel=\"canonical\" href=\"https:\/\/www.visit-ulcinj.com\/blog\/2009\/04\/13\/bjordi-vesh-rrobdishamberin-e-mimozes\/\" \/>\n<meta property=\"og:locale\" content=\"en_US\" \/>\n<meta property=\"og:type\" content=\"article\" \/>\n<meta property=\"og:title\" content=\"Bjordi vesh rrobdishamb\u00c3\u00abrin e Mimoz\u00c3\u00abs | Big Brother Albania 2\" \/>\n<meta property=\"og:description\" content=\"Big Brother Albania 2 - Bjordi ka veshur rrobdishamb\u00c3\u00abrin e Mimoz\u00c3\u00abs dhe ka dal\u00c3\u00ab jasht\u00c3\u00ab tek banor\u00c3\u00abt e tjer\u00c3\u00ab q\u00c3\u00ab po bisedonin. Sa e kan\u00c3\u00ab par\u00c3\u00ab ata kan\u00c3\u00ab shp\u00c3\u00abrthyer n\u00c3\u00ab t\u00c3\u00ab qeshura, por m\u00c3\u00ab pas\" \/>\n<meta property=\"og:url\" content=\"https:\/\/www.visit-ulcinj.com\/blog\/2009\/04\/13\/bjordi-vesh-rrobdishamberin-e-mimozes\/\" \/>\n<meta property=\"og:site_name\" content=\"Lajme nga Ulqini\" \/>\n<meta property=\"article:published_time\" content=\"2009-04-13T13:23:12+00:00\" \/>\n<meta property=\"og:image\" content=\"http:\/\/www.visit-ulcinj.com\/blog\/wp-content\/uploads\/2009\/04\/bjordi-mimoza.jpg\" \/>\n<meta name=\"twitter:label1\" content=\"Written by\" \/>\n\t<meta name=\"twitter:data1\" content=\"ulqini\" \/>\n\t<meta name=\"twitter:label2\" content=\"Est. reading time\" \/>\n\t<meta name=\"twitter:data2\" content=\"2 minutes\" \/>\n<script type=\"application\/ld+json\" class=\"yoast-schema-graph\">{\"@context\":\"https:\/\/schema.org\",\"@graph\":[{\"@type\":\"WebSite\",\"@id\":\"https:\/\/www.visit-ulcinj.com\/blog\/#website\",\"url\":\"https:\/\/www.visit-ulcinj.com\/blog\/\",\"name\":\"Lajme nga Ulqini\",\"description\":\"Lajme,Vijesti,Ulqini,Ulqin,Crna Gora,Mali i Zi\",\"potentialAction\":[{\"@type\":\"SearchAction\",\"target\":{\"@type\":\"EntryPoint\",\"urlTemplate\":\"https:\/\/www.visit-ulcinj.com\/blog\/?s={search_term_string}\"},\"query-input\":\"required name=search_term_string\"}],\"inLanguage\":\"en-US\"},{\"@type\":\"ImageObject\",\"inLanguage\":\"en-US\",\"@id\":\"https:\/\/www.visit-ulcinj.com\/blog\/2009\/04\/13\/bjordi-vesh-rrobdishamberin-e-mimozes\/#primaryimage\",\"url\":\"http:\/\/www.visit-ulcinj.com\/blog\/wp-content\/uploads\/2009\/04\/bjordi-mimoza.jpg\",\"contentUrl\":\"http:\/\/www.visit-ulcinj.com\/blog\/wp-content\/uploads\/2009\/04\/bjordi-mimoza.jpg\"},{\"@type\":\"WebPage\",\"@id\":\"https:\/\/www.visit-ulcinj.com\/blog\/2009\/04\/13\/bjordi-vesh-rrobdishamberin-e-mimozes\/#webpage\",\"url\":\"https:\/\/www.visit-ulcinj.com\/blog\/2009\/04\/13\/bjordi-vesh-rrobdishamberin-e-mimozes\/\",\"name\":\"Bjordi vesh rrobdishamb\u00c3\u00abrin e Mimoz\u00c3\u00abs | Big Brother Albania 2\",\"isPartOf\":{\"@id\":\"https:\/\/www.visit-ulcinj.com\/blog\/#website\"},\"primaryImageOfPage\":{\"@id\":\"https:\/\/www.visit-ulcinj.com\/blog\/2009\/04\/13\/bjordi-vesh-rrobdishamberin-e-mimozes\/#primaryimage\"},\"datePublished\":\"2009-04-13T13:23:12+00:00\",\"dateModified\":\"2009-04-13T13:23:12+00:00\",\"author\":{\"@id\":\"https:\/\/www.visit-ulcinj.com\/blog\/#\/schema\/person\/dcab619c614d3038751c63bc2aadc06d\"},\"description\":\"Big Brother Albania 2 - Bjordi ka veshur rrobdishamb\u00c3\u00abrin e Mimoz\u00c3\u00abs dhe ka dal\u00c3\u00ab jasht\u00c3\u00ab tek banor\u00c3\u00abt e tjer\u00c3\u00ab q\u00c3\u00ab po bisedonin. Sa e kan\u00c3\u00ab par\u00c3\u00ab ata kan\u00c3\u00ab shp\u00c3\u00abrthyer n\u00c3\u00ab t\u00c3\u00ab qeshura, por m\u00c3\u00ab pas\",\"breadcrumb\":{\"@id\":\"https:\/\/www.visit-ulcinj.com\/blog\/2009\/04\/13\/bjordi-vesh-rrobdishamberin-e-mimozes\/#breadcrumb\"},\"inLanguage\":\"en-US\",\"potentialAction\":[{\"@type\":\"ReadAction\",\"target\":[\"https:\/\/www.visit-ulcinj.com\/blog\/2009\/04\/13\/bjordi-vesh-rrobdishamberin-e-mimozes\/\"]}]},{\"@type\":\"BreadcrumbList\",\"@id\":\"https:\/\/www.visit-ulcinj.com\/blog\/2009\/04\/13\/bjordi-vesh-rrobdishamberin-e-mimozes\/#breadcrumb\",\"itemListElement\":[{\"@type\":\"ListItem\",\"position\":1,\"name\":\"Bjordi vesh rrobdishamb\u00ebrin e Mimoz\u00ebs\"}]},{\"@type\":\"Person\",\"@id\":\"https:\/\/www.visit-ulcinj.com\/blog\/#\/schema\/person\/dcab619c614d3038751c63bc2aadc06d\",\"name\":\"ulqini\",\"sameAs\":[\"http:\/\/www.visit-ulcinj.com\"],\"url\":\"https:\/\/www.visit-ulcinj.com\/blog\/author\/admin\/\"}]}<\/script>\n<!-- \/ Yoast SEO plugin. -->","yoast_head_json":{"title":"Bjordi vesh rrobdishamb\u00c3\u00abrin e Mimoz\u00c3\u00abs | Big Brother Albania 2","description":"Big Brother Albania 2 - Bjordi ka veshur rrobdishamb\u00c3\u00abrin e Mimoz\u00c3\u00abs dhe ka dal\u00c3\u00ab jasht\u00c3\u00ab tek banor\u00c3\u00abt e tjer\u00c3\u00ab q\u00c3\u00ab po bisedonin. Sa e kan\u00c3\u00ab par\u00c3\u00ab ata kan\u00c3\u00ab shp\u00c3\u00abrthyer n\u00c3\u00ab t\u00c3\u00ab qeshura, por m\u00c3\u00ab pas","robots":{"index":"index","follow":"follow","max-snippet":"max-snippet:-1","max-image-preview":"max-image-preview:large","max-video-preview":"max-video-preview:-1"},"canonical":"https:\/\/www.visit-ulcinj.com\/blog\/2009\/04\/13\/bjordi-vesh-rrobdishamberin-e-mimozes\/","og_locale":"en_US","og_type":"article","og_title":"Bjordi vesh rrobdishamb\u00c3\u00abrin e Mimoz\u00c3\u00abs | Big Brother Albania 2","og_description":"Big Brother Albania 2 - Bjordi ka veshur rrobdishamb\u00c3\u00abrin e Mimoz\u00c3\u00abs dhe ka dal\u00c3\u00ab jasht\u00c3\u00ab tek banor\u00c3\u00abt e tjer\u00c3\u00ab q\u00c3\u00ab po bisedonin. Sa e kan\u00c3\u00ab par\u00c3\u00ab ata kan\u00c3\u00ab shp\u00c3\u00abrthyer n\u00c3\u00ab t\u00c3\u00ab qeshura, por m\u00c3\u00ab pas","og_url":"https:\/\/www.visit-ulcinj.com\/blog\/2009\/04\/13\/bjordi-vesh-rrobdishamberin-e-mimozes\/","og_site_name":"Lajme nga Ulqini","article_published_time":"2009-04-13T13:23:12+00:00","og_image":[{"url":"http:\/\/www.visit-ulcinj.com\/blog\/wp-content\/uploads\/2009\/04\/bjordi-mimoza.jpg"}],"twitter_misc":{"Written by":"ulqini","Est. reading time":"2 minutes"},"schema":{"@context":"https:\/\/schema.org","@graph":[{"@type":"WebSite","@id":"https:\/\/www.visit-ulcinj.com\/blog\/#website","url":"https:\/\/www.visit-ulcinj.com\/blog\/","name":"Lajme nga Ulqini","description":"Lajme,Vijesti,Ulqini,Ulqin,Crna Gora,Mali i Zi","potentialAction":[{"@type":"SearchAction","target":{"@type":"EntryPoint","urlTemplate":"https:\/\/www.visit-ulcinj.com\/blog\/?s={search_term_string}"},"query-input":"required name=search_term_string"}],"inLanguage":"en-US"},{"@type":"ImageObject","inLanguage":"en-US","@id":"https:\/\/www.visit-ulcinj.com\/blog\/2009\/04\/13\/bjordi-vesh-rrobdishamberin-e-mimozes\/#primaryimage","url":"http:\/\/www.visit-ulcinj.com\/blog\/wp-content\/uploads\/2009\/04\/bjordi-mimoza.jpg","contentUrl":"http:\/\/www.visit-ulcinj.com\/blog\/wp-content\/uploads\/2009\/04\/bjordi-mimoza.jpg"},{"@type":"WebPage","@id":"https:\/\/www.visit-ulcinj.com\/blog\/2009\/04\/13\/bjordi-vesh-rrobdishamberin-e-mimozes\/#webpage","url":"https:\/\/www.visit-ulcinj.com\/blog\/2009\/04\/13\/bjordi-vesh-rrobdishamberin-e-mimozes\/","name":"Bjordi vesh rrobdishamb\u00c3\u00abrin e Mimoz\u00c3\u00abs | Big Brother Albania 2","isPartOf":{"@id":"https:\/\/www.visit-ulcinj.com\/blog\/#website"},"primaryImageOfPage":{"@id":"https:\/\/www.visit-ulcinj.com\/blog\/2009\/04\/13\/bjordi-vesh-rrobdishamberin-e-mimozes\/#primaryimage"},"datePublished":"2009-04-13T13:23:12+00:00","dateModified":"2009-04-13T13:23:12+00:00","author":{"@id":"https:\/\/www.visit-ulcinj.com\/blog\/#\/schema\/person\/dcab619c614d3038751c63bc2aadc06d"},"description":"Big Brother Albania 2 - Bjordi ka veshur rrobdishamb\u00c3\u00abrin e Mimoz\u00c3\u00abs dhe ka dal\u00c3\u00ab jasht\u00c3\u00ab tek banor\u00c3\u00abt e tjer\u00c3\u00ab q\u00c3\u00ab po bisedonin. Sa e kan\u00c3\u00ab par\u00c3\u00ab ata kan\u00c3\u00ab shp\u00c3\u00abrthyer n\u00c3\u00ab t\u00c3\u00ab qeshura, por m\u00c3\u00ab pas","breadcrumb":{"@id":"https:\/\/www.visit-ulcinj.com\/blog\/2009\/04\/13\/bjordi-vesh-rrobdishamberin-e-mimozes\/#breadcrumb"},"inLanguage":"en-US","potentialAction":[{"@type":"ReadAction","target":["https:\/\/www.visit-ulcinj.com\/blog\/2009\/04\/13\/bjordi-vesh-rrobdishamberin-e-mimozes\/"]}]},{"@type":"BreadcrumbList","@id":"https:\/\/www.visit-ulcinj.com\/blog\/2009\/04\/13\/bjordi-vesh-rrobdishamberin-e-mimozes\/#breadcrumb","itemListElement":[{"@type":"ListItem","position":1,"name":"Bjordi vesh rrobdishamb\u00ebrin e Mimoz\u00ebs"}]},{"@type":"Person","@id":"https:\/\/www.visit-ulcinj.com\/blog\/#\/schema\/person\/dcab619c614d3038751c63bc2aadc06d","name":"ulqini","sameAs":["http:\/\/www.visit-ulcinj.com"],"url":"https:\/\/www.visit-ulcinj.com\/blog\/author\/admin\/"}]}},"jetpack_featured_media_url":"","jetpack_sharing_enabled":true,"jetpack_shortlink":"https:\/\/wp.me\/pe6lTn-4BS","_links":{"self":[{"href":"https:\/\/www.visit-ulcinj.com\/blog\/wp-json\/wp\/v2\/posts\/17724"}],"collection":[{"href":"https:\/\/www.visit-ulcinj.com\/blog\/wp-json\/wp\/v2\/posts"}],"about":[{"href":"https:\/\/www.visit-ulcinj.com\/blog\/wp-json\/wp\/v2\/types\/post"}],"author":[{"embeddable":true,"href":"https:\/\/www.visit-ulcinj.com\/blog\/wp-json\/wp\/v2\/users\/1"}],"replies":[{"embeddable":true,"href":"https:\/\/www.visit-ulcinj.com\/blog\/wp-json\/wp\/v2\/comments?post=17724"}],"version-history":[{"count":0,"href":"https:\/\/www.visit-ulcinj.com\/blog\/wp-json\/wp\/v2\/posts\/17724\/revisions"}],"wp:attachment":[{"href":"https:\/\/www.visit-ulcinj.com\/blog\/wp-json\/wp\/v2\/media?parent=17724"}],"wp:term":[{"taxonomy":"category","embeddable":true,"href":"https:\/\/www.visit-ulcinj.com\/blog\/wp-json\/wp\/v2\/categories?post=17724"},{"taxonomy":"post_tag","embeddable":true,"href":"https:\/\/www.visit-ulcinj.com\/blog\/wp-json\/wp\/v2\/tags?post=17724"}],"curies":[{"name":"wp","href":"https:\/\/api.w.org\/{rel}","templated":true}]}}