{"id":17752,"date":"2009-04-13T15:31:47","date_gmt":"2009-04-13T13:31:47","guid":{"rendered":"http:\/\/www.visit-ulcinj.com\/blog\/?p=17752"},"modified":"2009-04-13T15:31:47","modified_gmt":"2009-04-13T13:31:47","slug":"qetsori-rrezikojme-une-dhe-arjoni","status":"publish","type":"post","link":"https:\/\/www.visit-ulcinj.com\/blog\/2009\/04\/13\/qetsori-rrezikojme-une-dhe-arjoni\/","title":{"rendered":"Qetsori: Rrezikojm\u00eb un\u00eb dhe Arjoni"},"content":{"rendered":"<p><em><span class=\"newsdate\"><a href=\"http:\/\/www.visit-ulcinj.com\/blog\/wp-content\/uploads\/2009\/04\/qetsori-dhe-arjoni.jpg\"><img loading=\"lazy\" class=\"alignleft size-full wp-image-17754\" title=\"qetsori-dhe-arjoni-big-brother-albania-2\" src=\"http:\/\/www.visit-ulcinj.com\/blog\/wp-content\/uploads\/2009\/04\/qetsori-dhe-arjoni.jpg\" alt=\"qetsori-dhe-arjoni-big-brother-albania-2\" width=\"300\" height=\"205\" \/><\/a>13\/04\/09 02:18<\/span><\/em><\/p>\n<p>Sipas Qetsorit, banor\u00ebt q\u00eb rrezikojn\u00eb k\u00ebt\u00eb jav\u00eb, p\u00ebr t\u00eb dal\u00eb nga sht\u00ebpia, ishin ai dhe Arjoni. Aida e ka kund\u00ebrshtuar duke i th\u00ebn\u00eb se as \u201czysha\u201d, as Arjoni, nuk rrezikonin. Nj\u00ebri nga t\u00eb dy, mes saj dhe Qetsorit, do t\u00eb ishte ai q\u00eb do t\u00eb dilte. Nd\u00ebrsa Arjoni ka th\u00ebn\u00eb se ishte ai q\u00eb rrezikonte m\u00eb shum\u00eb dhe ishte ai q\u00eb do t\u00eb dilte, megjithat\u00eb Aida \u00ebsht\u00eb shprehur s\u00ebrish e bindur p\u00ebr daljen e saj..<\/p>\n","protected":false},"excerpt":{"rendered":"<p>13\/04\/09 02:18 Sipas Qetsorit, banor\u00ebt q\u00eb rrezikojn\u00eb k\u00ebt\u00eb jav\u00eb, p\u00ebr t\u00eb dal\u00eb nga sht\u00ebpia, ishin ai dhe Arjoni. Aida e ka kund\u00ebrshtuar duke i th\u00ebn\u00eb se as \u201czysha\u201d, as Arjoni, nuk rrezikonin. Nj\u00ebri nga t\u00eb dy, mes saj dhe Qetsorit, do t\u00eb ishte ai q\u00eb do t\u00eb dilte. Nd\u00ebrsa Arjoni ka th\u00ebn\u00eb se ishte ai [&hellip;]<\/p>\n","protected":false},"author":1,"featured_media":0,"comment_status":"open","ping_status":"closed","sticky":false,"template":"","format":"standard","meta":{"spay_email":"","jetpack_publicize_message":"","jetpack_is_tweetstorm":false,"jetpack_publicize_feature_enabled":true},"categories":[6502],"tags":[6525,5057,6506,6516,6712,7129,8276,6891,6693,6887],"jetpack_publicize_connections":[],"yoast_head":"<!-- This site is optimized with the Yoast SEO plugin v19.1 - https:\/\/yoast.com\/wordpress\/plugins\/seo\/ -->\n<title>Qetsori: Rrezikojm\u00c3\u00ab un\u00c3\u00ab dhe Arjoni | Big Brother Albania 2<\/title>\n<meta name=\"description\" content=\"Big Brother Albania 2 - Sipas Qetsorit, banor\u00c3\u00abt q\u00c3\u00ab rrezikojn\u00c3\u00ab k\u00c3\u00abt\u00c3\u00ab jav\u00c3\u00ab, p\u00c3\u00abr t\u00c3\u00ab dal\u00c3\u00ab nga sht\u00c3\u00abpia, ishin ai dhe Arjoni. Aida e ka kund\u00c3\u00abrshtuar duke i th\u00c3\u00abn\u00c3\u00ab se as \u00e2\u20ac\u0153zysha\u00e2\u20ac\u009d, as Arjoni, nuk rrezikoni\" \/>\n<meta name=\"robots\" content=\"index, follow, max-snippet:-1, max-image-preview:large, max-video-preview:-1\" \/>\n<link rel=\"canonical\" href=\"https:\/\/www.visit-ulcinj.com\/blog\/2009\/04\/13\/qetsori-rrezikojme-une-dhe-arjoni\/\" \/>\n<meta property=\"og:locale\" content=\"en_US\" \/>\n<meta property=\"og:type\" content=\"article\" \/>\n<meta property=\"og:title\" content=\"Qetsori: Rrezikojm\u00c3\u00ab un\u00c3\u00ab dhe Arjoni | Big Brother Albania 2\" \/>\n<meta property=\"og:description\" content=\"Big Brother Albania 2 - Sipas Qetsorit, banor\u00c3\u00abt q\u00c3\u00ab rrezikojn\u00c3\u00ab k\u00c3\u00abt\u00c3\u00ab jav\u00c3\u00ab, p\u00c3\u00abr t\u00c3\u00ab dal\u00c3\u00ab nga sht\u00c3\u00abpia, ishin ai dhe Arjoni. Aida e ka kund\u00c3\u00abrshtuar duke i th\u00c3\u00abn\u00c3\u00ab se as \u00e2\u20ac\u0153zysha\u00e2\u20ac\u009d, as Arjoni, nuk rrezikoni\" \/>\n<meta property=\"og:url\" content=\"https:\/\/www.visit-ulcinj.com\/blog\/2009\/04\/13\/qetsori-rrezikojme-une-dhe-arjoni\/\" \/>\n<meta property=\"og:site_name\" content=\"Lajme nga Ulqini\" \/>\n<meta property=\"article:published_time\" content=\"2009-04-13T13:31:47+00:00\" \/>\n<meta property=\"og:image\" content=\"http:\/\/www.visit-ulcinj.com\/blog\/wp-content\/uploads\/2009\/04\/qetsori-dhe-arjoni.jpg\" \/>\n<meta name=\"twitter:label1\" content=\"Written by\" \/>\n\t<meta name=\"twitter:data1\" content=\"ulqini\" \/>\n<script type=\"application\/ld+json\" class=\"yoast-schema-graph\">{\"@context\":\"https:\/\/schema.org\",\"@graph\":[{\"@type\":\"WebSite\",\"@id\":\"https:\/\/www.visit-ulcinj.com\/blog\/#website\",\"url\":\"https:\/\/www.visit-ulcinj.com\/blog\/\",\"name\":\"Lajme nga Ulqini\",\"description\":\"Lajme,Vijesti,Ulqini,Ulqin,Crna Gora,Mali i Zi\",\"potentialAction\":[{\"@type\":\"SearchAction\",\"target\":{\"@type\":\"EntryPoint\",\"urlTemplate\":\"https:\/\/www.visit-ulcinj.com\/blog\/?s={search_term_string}\"},\"query-input\":\"required name=search_term_string\"}],\"inLanguage\":\"en-US\"},{\"@type\":\"ImageObject\",\"inLanguage\":\"en-US\",\"@id\":\"https:\/\/www.visit-ulcinj.com\/blog\/2009\/04\/13\/qetsori-rrezikojme-une-dhe-arjoni\/#primaryimage\",\"url\":\"http:\/\/www.visit-ulcinj.com\/blog\/wp-content\/uploads\/2009\/04\/qetsori-dhe-arjoni.jpg\",\"contentUrl\":\"http:\/\/www.visit-ulcinj.com\/blog\/wp-content\/uploads\/2009\/04\/qetsori-dhe-arjoni.jpg\"},{\"@type\":\"WebPage\",\"@id\":\"https:\/\/www.visit-ulcinj.com\/blog\/2009\/04\/13\/qetsori-rrezikojme-une-dhe-arjoni\/#webpage\",\"url\":\"https:\/\/www.visit-ulcinj.com\/blog\/2009\/04\/13\/qetsori-rrezikojme-une-dhe-arjoni\/\",\"name\":\"Qetsori: Rrezikojm\u00c3\u00ab un\u00c3\u00ab dhe Arjoni | Big Brother Albania 2\",\"isPartOf\":{\"@id\":\"https:\/\/www.visit-ulcinj.com\/blog\/#website\"},\"primaryImageOfPage\":{\"@id\":\"https:\/\/www.visit-ulcinj.com\/blog\/2009\/04\/13\/qetsori-rrezikojme-une-dhe-arjoni\/#primaryimage\"},\"datePublished\":\"2009-04-13T13:31:47+00:00\",\"dateModified\":\"2009-04-13T13:31:47+00:00\",\"author\":{\"@id\":\"https:\/\/www.visit-ulcinj.com\/blog\/#\/schema\/person\/dcab619c614d3038751c63bc2aadc06d\"},\"description\":\"Big Brother Albania 2 - Sipas Qetsorit, banor\u00c3\u00abt q\u00c3\u00ab rrezikojn\u00c3\u00ab k\u00c3\u00abt\u00c3\u00ab jav\u00c3\u00ab, p\u00c3\u00abr t\u00c3\u00ab dal\u00c3\u00ab nga sht\u00c3\u00abpia, ishin ai dhe Arjoni. Aida e ka kund\u00c3\u00abrshtuar duke i th\u00c3\u00abn\u00c3\u00ab se as \u00e2\u20ac\u0153zysha\u00e2\u20ac\u009d, as Arjoni, nuk rrezikoni\",\"breadcrumb\":{\"@id\":\"https:\/\/www.visit-ulcinj.com\/blog\/2009\/04\/13\/qetsori-rrezikojme-une-dhe-arjoni\/#breadcrumb\"},\"inLanguage\":\"en-US\",\"potentialAction\":[{\"@type\":\"ReadAction\",\"target\":[\"https:\/\/www.visit-ulcinj.com\/blog\/2009\/04\/13\/qetsori-rrezikojme-une-dhe-arjoni\/\"]}]},{\"@type\":\"BreadcrumbList\",\"@id\":\"https:\/\/www.visit-ulcinj.com\/blog\/2009\/04\/13\/qetsori-rrezikojme-une-dhe-arjoni\/#breadcrumb\",\"itemListElement\":[{\"@type\":\"ListItem\",\"position\":1,\"name\":\"Qetsori: Rrezikojm\u00eb un\u00eb dhe Arjoni\"}]},{\"@type\":\"Person\",\"@id\":\"https:\/\/www.visit-ulcinj.com\/blog\/#\/schema\/person\/dcab619c614d3038751c63bc2aadc06d\",\"name\":\"ulqini\",\"sameAs\":[\"http:\/\/www.visit-ulcinj.com\"],\"url\":\"https:\/\/www.visit-ulcinj.com\/blog\/author\/admin\/\"}]}<\/script>\n<!-- \/ Yoast SEO plugin. -->","yoast_head_json":{"title":"Qetsori: Rrezikojm\u00c3\u00ab un\u00c3\u00ab dhe Arjoni | Big Brother Albania 2","description":"Big Brother Albania 2 - Sipas Qetsorit, banor\u00c3\u00abt q\u00c3\u00ab rrezikojn\u00c3\u00ab k\u00c3\u00abt\u00c3\u00ab jav\u00c3\u00ab, p\u00c3\u00abr t\u00c3\u00ab dal\u00c3\u00ab nga sht\u00c3\u00abpia, ishin ai dhe Arjoni. Aida e ka kund\u00c3\u00abrshtuar duke i th\u00c3\u00abn\u00c3\u00ab se as \u00e2\u20ac\u0153zysha\u00e2\u20ac\u009d, as Arjoni, nuk rrezikoni","robots":{"index":"index","follow":"follow","max-snippet":"max-snippet:-1","max-image-preview":"max-image-preview:large","max-video-preview":"max-video-preview:-1"},"canonical":"https:\/\/www.visit-ulcinj.com\/blog\/2009\/04\/13\/qetsori-rrezikojme-une-dhe-arjoni\/","og_locale":"en_US","og_type":"article","og_title":"Qetsori: Rrezikojm\u00c3\u00ab un\u00c3\u00ab dhe Arjoni | Big Brother Albania 2","og_description":"Big Brother Albania 2 - Sipas Qetsorit, banor\u00c3\u00abt q\u00c3\u00ab rrezikojn\u00c3\u00ab k\u00c3\u00abt\u00c3\u00ab jav\u00c3\u00ab, p\u00c3\u00abr t\u00c3\u00ab dal\u00c3\u00ab nga sht\u00c3\u00abpia, ishin ai dhe Arjoni. Aida e ka kund\u00c3\u00abrshtuar duke i th\u00c3\u00abn\u00c3\u00ab se as \u00e2\u20ac\u0153zysha\u00e2\u20ac\u009d, as Arjoni, nuk rrezikoni","og_url":"https:\/\/www.visit-ulcinj.com\/blog\/2009\/04\/13\/qetsori-rrezikojme-une-dhe-arjoni\/","og_site_name":"Lajme nga Ulqini","article_published_time":"2009-04-13T13:31:47+00:00","og_image":[{"url":"http:\/\/www.visit-ulcinj.com\/blog\/wp-content\/uploads\/2009\/04\/qetsori-dhe-arjoni.jpg"}],"twitter_misc":{"Written by":"ulqini"},"schema":{"@context":"https:\/\/schema.org","@graph":[{"@type":"WebSite","@id":"https:\/\/www.visit-ulcinj.com\/blog\/#website","url":"https:\/\/www.visit-ulcinj.com\/blog\/","name":"Lajme nga Ulqini","description":"Lajme,Vijesti,Ulqini,Ulqin,Crna Gora,Mali i Zi","potentialAction":[{"@type":"SearchAction","target":{"@type":"EntryPoint","urlTemplate":"https:\/\/www.visit-ulcinj.com\/blog\/?s={search_term_string}"},"query-input":"required name=search_term_string"}],"inLanguage":"en-US"},{"@type":"ImageObject","inLanguage":"en-US","@id":"https:\/\/www.visit-ulcinj.com\/blog\/2009\/04\/13\/qetsori-rrezikojme-une-dhe-arjoni\/#primaryimage","url":"http:\/\/www.visit-ulcinj.com\/blog\/wp-content\/uploads\/2009\/04\/qetsori-dhe-arjoni.jpg","contentUrl":"http:\/\/www.visit-ulcinj.com\/blog\/wp-content\/uploads\/2009\/04\/qetsori-dhe-arjoni.jpg"},{"@type":"WebPage","@id":"https:\/\/www.visit-ulcinj.com\/blog\/2009\/04\/13\/qetsori-rrezikojme-une-dhe-arjoni\/#webpage","url":"https:\/\/www.visit-ulcinj.com\/blog\/2009\/04\/13\/qetsori-rrezikojme-une-dhe-arjoni\/","name":"Qetsori: Rrezikojm\u00c3\u00ab un\u00c3\u00ab dhe Arjoni | Big Brother Albania 2","isPartOf":{"@id":"https:\/\/www.visit-ulcinj.com\/blog\/#website"},"primaryImageOfPage":{"@id":"https:\/\/www.visit-ulcinj.com\/blog\/2009\/04\/13\/qetsori-rrezikojme-une-dhe-arjoni\/#primaryimage"},"datePublished":"2009-04-13T13:31:47+00:00","dateModified":"2009-04-13T13:31:47+00:00","author":{"@id":"https:\/\/www.visit-ulcinj.com\/blog\/#\/schema\/person\/dcab619c614d3038751c63bc2aadc06d"},"description":"Big Brother Albania 2 - Sipas Qetsorit, banor\u00c3\u00abt q\u00c3\u00ab rrezikojn\u00c3\u00ab k\u00c3\u00abt\u00c3\u00ab jav\u00c3\u00ab, p\u00c3\u00abr t\u00c3\u00ab dal\u00c3\u00ab nga sht\u00c3\u00abpia, ishin ai dhe Arjoni. Aida e ka kund\u00c3\u00abrshtuar duke i th\u00c3\u00abn\u00c3\u00ab se as \u00e2\u20ac\u0153zysha\u00e2\u20ac\u009d, as Arjoni, nuk rrezikoni","breadcrumb":{"@id":"https:\/\/www.visit-ulcinj.com\/blog\/2009\/04\/13\/qetsori-rrezikojme-une-dhe-arjoni\/#breadcrumb"},"inLanguage":"en-US","potentialAction":[{"@type":"ReadAction","target":["https:\/\/www.visit-ulcinj.com\/blog\/2009\/04\/13\/qetsori-rrezikojme-une-dhe-arjoni\/"]}]},{"@type":"BreadcrumbList","@id":"https:\/\/www.visit-ulcinj.com\/blog\/2009\/04\/13\/qetsori-rrezikojme-une-dhe-arjoni\/#breadcrumb","itemListElement":[{"@type":"ListItem","position":1,"name":"Qetsori: Rrezikojm\u00eb un\u00eb dhe Arjoni"}]},{"@type":"Person","@id":"https:\/\/www.visit-ulcinj.com\/blog\/#\/schema\/person\/dcab619c614d3038751c63bc2aadc06d","name":"ulqini","sameAs":["http:\/\/www.visit-ulcinj.com"],"url":"https:\/\/www.visit-ulcinj.com\/blog\/author\/admin\/"}]}},"jetpack_featured_media_url":"","jetpack_sharing_enabled":true,"jetpack_shortlink":"https:\/\/wp.me\/pe6lTn-4Ck","_links":{"self":[{"href":"https:\/\/www.visit-ulcinj.com\/blog\/wp-json\/wp\/v2\/posts\/17752"}],"collection":[{"href":"https:\/\/www.visit-ulcinj.com\/blog\/wp-json\/wp\/v2\/posts"}],"about":[{"href":"https:\/\/www.visit-ulcinj.com\/blog\/wp-json\/wp\/v2\/types\/post"}],"author":[{"embeddable":true,"href":"https:\/\/www.visit-ulcinj.com\/blog\/wp-json\/wp\/v2\/users\/1"}],"replies":[{"embeddable":true,"href":"https:\/\/www.visit-ulcinj.com\/blog\/wp-json\/wp\/v2\/comments?post=17752"}],"version-history":[{"count":0,"href":"https:\/\/www.visit-ulcinj.com\/blog\/wp-json\/wp\/v2\/posts\/17752\/revisions"}],"wp:attachment":[{"href":"https:\/\/www.visit-ulcinj.com\/blog\/wp-json\/wp\/v2\/media?parent=17752"}],"wp:term":[{"taxonomy":"category","embeddable":true,"href":"https:\/\/www.visit-ulcinj.com\/blog\/wp-json\/wp\/v2\/categories?post=17752"},{"taxonomy":"post_tag","embeddable":true,"href":"https:\/\/www.visit-ulcinj.com\/blog\/wp-json\/wp\/v2\/tags?post=17752"}],"curies":[{"name":"wp","href":"https:\/\/api.w.org\/{rel}","templated":true}]}}