{"id":17758,"date":"2009-04-13T16:42:52","date_gmt":"2009-04-13T14:42:52","guid":{"rendered":"http:\/\/www.visit-ulcinj.com\/blog\/?p=17758"},"modified":"2009-04-13T16:13:47","modified_gmt":"2009-04-13T14:13:47","slug":"ari-mimoza-eshte-si-kukull","status":"publish","type":"post","link":"https:\/\/www.visit-ulcinj.com\/blog\/2009\/04\/13\/ari-mimoza-eshte-si-kukull\/","title":{"rendered":"Ari : Mimoza \u00ebsht\u00eb si kukull"},"content":{"rendered":"<p><em><span class=\"newsdate\"><a href=\"http:\/\/www.visit-ulcinj.com\/blog\/wp-content\/uploads\/2009\/04\/ari-mimoza-esht-si-kukull.jpg\"><img loading=\"lazy\" class=\"alignleft size-full wp-image-17759\" title=\"ari-mimoza-esht-si-kukull-big-brother-albania-2\" src=\"http:\/\/www.visit-ulcinj.com\/blog\/wp-content\/uploads\/2009\/04\/ari-mimoza-esht-si-kukull.jpg\" alt=\"ari-mimoza-esht-si-kukull-big-brother-albania-2\" width=\"300\" height=\"205\" \/><\/a>13\/04\/09 03:13<\/span><\/em><\/p>\n<p>T\u00eb ulur jasht\u00eb, n\u00eb oborrin e sht\u00ebpis\u00eb, Juna dhe Ari kan\u00eb diskutuar p\u00ebr nj\u00eb pjes\u00eb t\u00eb banor\u00ebve dhe p\u00ebrshtypjeve t\u00eb tyre, lidhur me ta. P\u00ebr Mimoz\u00ebn, t\u00eb dy jan\u00eb shprehur se ishte shum\u00eb e mir\u00eb. \u201cMua m\u00eb p\u00ebqen shum\u00eb!\u201d \u2013 ka th\u00ebn\u00eb Juna. Ari ka shtuar se Mimoz\u00ebs i p\u00eblqen t\u00eb jet\u00eb n\u00eb qend\u00ebr t\u00eb v\u00ebmendjes. T\u00eb dy e kan\u00eb komentuar r\u00ebnd\u00ebsin\u00eb q\u00eb ka p\u00ebr t\u00eb paraqitje e jashtme apo ndonj\u00eb sjellje t\u00eb caktuar t\u00eb saj, si faktor\u00eb t\u00eb diktuar deri diku nga mosha. Ari ka th\u00ebn\u00eb se p\u00ebr t\u00eb ishte nj\u00eb k\u00ebnaq\u00ebsi e ve\u00e7ant\u00eb kur e shihte Mimoz\u00ebn n\u00eb m\u00ebngjes. P\u00ebr t\u00eb pamja e nj\u00eb femre t\u00eb sapozgjuar ishte tregues i bukuris\u00eb s\u00eb v\u00ebrtet\u00eb apo munges\u00ebs s\u00eb saj. \u201cKur zgjohet n\u00eb m\u00ebngjes, \u00ebsht\u00eb si kukull!\u201d- ka th\u00ebn\u00eb ai. Ve\u00e7 k\u00ebsaj Ari e ka p\u00ebrcaktuar Mimoz\u00ebn si nj\u00eb person, me t\u00eb cilin mund t\u00eb qet\u00ebsohet, kur atmosfera p\u00ebrreth \u00ebsht\u00eb e tensionuar.<\/p>\n","protected":false},"excerpt":{"rendered":"<p>13\/04\/09 03:13 T\u00eb ulur jasht\u00eb, n\u00eb oborrin e sht\u00ebpis\u00eb, Juna dhe Ari kan\u00eb diskutuar p\u00ebr nj\u00eb pjes\u00eb t\u00eb banor\u00ebve dhe p\u00ebrshtypjeve t\u00eb tyre, lidhur me ta. P\u00ebr Mimoz\u00ebn, t\u00eb dy jan\u00eb shprehur se ishte shum\u00eb e mir\u00eb. \u201cMua m\u00eb p\u00ebqen shum\u00eb!\u201d \u2013 ka th\u00ebn\u00eb Juna. Ari ka shtuar se Mimoz\u00ebs i p\u00eblqen t\u00eb jet\u00eb n\u00eb [&hellip;]<\/p>\n","protected":false},"author":1,"featured_media":0,"comment_status":"open","ping_status":"closed","sticky":false,"template":"","format":"standard","meta":{"spay_email":"","jetpack_publicize_message":"","jetpack_is_tweetstorm":false,"jetpack_publicize_feature_enabled":true},"categories":[6502],"tags":[8934,5057,6506,6516,6712,7129,1442,9011,6544,6891,6693,6887],"jetpack_publicize_connections":[],"yoast_head":"<!-- This site is optimized with the Yoast SEO plugin v19.1 - https:\/\/yoast.com\/wordpress\/plugins\/seo\/ -->\n<title>Ari : Mimoza \u00c3\u00absht\u00c3\u00ab si kukull | Big Brother Albania 2<\/title>\n<meta name=\"description\" content=\"Big Brother Albania 2 - T\u00c3\u00ab ulur jasht\u00c3\u00ab, n\u00c3\u00ab oborrin e sht\u00c3\u00abpis\u00c3\u00ab, Juna dhe Ari kan\u00c3\u00ab diskutuar p\u00c3\u00abr nj\u00c3\u00ab pjes\u00c3\u00ab t\u00c3\u00ab banor\u00c3\u00abve dhe p\u00c3\u00abrshtypjeve t\u00c3\u00ab tyre, lidhur me ta\" \/>\n<meta name=\"robots\" content=\"index, follow, max-snippet:-1, max-image-preview:large, max-video-preview:-1\" \/>\n<link rel=\"canonical\" href=\"https:\/\/www.visit-ulcinj.com\/blog\/2009\/04\/13\/ari-mimoza-eshte-si-kukull\/\" \/>\n<meta property=\"og:locale\" content=\"en_US\" \/>\n<meta property=\"og:type\" content=\"article\" \/>\n<meta property=\"og:title\" content=\"Ari : Mimoza \u00c3\u00absht\u00c3\u00ab si kukull | Big Brother Albania 2\" \/>\n<meta property=\"og:description\" content=\"Big Brother Albania 2 - T\u00c3\u00ab ulur jasht\u00c3\u00ab, n\u00c3\u00ab oborrin e sht\u00c3\u00abpis\u00c3\u00ab, Juna dhe Ari kan\u00c3\u00ab diskutuar p\u00c3\u00abr nj\u00c3\u00ab pjes\u00c3\u00ab t\u00c3\u00ab banor\u00c3\u00abve dhe p\u00c3\u00abrshtypjeve t\u00c3\u00ab tyre, lidhur me ta\" \/>\n<meta property=\"og:url\" content=\"https:\/\/www.visit-ulcinj.com\/blog\/2009\/04\/13\/ari-mimoza-eshte-si-kukull\/\" \/>\n<meta property=\"og:site_name\" content=\"Lajme nga Ulqini\" \/>\n<meta property=\"article:published_time\" content=\"2009-04-13T14:42:52+00:00\" \/>\n<meta property=\"article:modified_time\" content=\"2009-04-13T14:13:47+00:00\" \/>\n<meta property=\"og:image\" content=\"http:\/\/www.visit-ulcinj.com\/blog\/wp-content\/uploads\/2009\/04\/ari-mimoza-esht-si-kukull.jpg\" \/>\n<meta name=\"twitter:label1\" content=\"Written by\" \/>\n\t<meta name=\"twitter:data1\" content=\"ulqini\" \/>\n\t<meta name=\"twitter:label2\" content=\"Est. reading time\" \/>\n\t<meta name=\"twitter:data2\" content=\"1 minute\" \/>\n<script type=\"application\/ld+json\" class=\"yoast-schema-graph\">{\"@context\":\"https:\/\/schema.org\",\"@graph\":[{\"@type\":\"WebSite\",\"@id\":\"https:\/\/www.visit-ulcinj.com\/blog\/#website\",\"url\":\"https:\/\/www.visit-ulcinj.com\/blog\/\",\"name\":\"Lajme nga Ulqini\",\"description\":\"Lajme,Vijesti,Ulqini,Ulqin,Crna Gora,Mali i Zi\",\"potentialAction\":[{\"@type\":\"SearchAction\",\"target\":{\"@type\":\"EntryPoint\",\"urlTemplate\":\"https:\/\/www.visit-ulcinj.com\/blog\/?s={search_term_string}\"},\"query-input\":\"required name=search_term_string\"}],\"inLanguage\":\"en-US\"},{\"@type\":\"ImageObject\",\"inLanguage\":\"en-US\",\"@id\":\"https:\/\/www.visit-ulcinj.com\/blog\/2009\/04\/13\/ari-mimoza-eshte-si-kukull\/#primaryimage\",\"url\":\"http:\/\/www.visit-ulcinj.com\/blog\/wp-content\/uploads\/2009\/04\/ari-mimoza-esht-si-kukull.jpg\",\"contentUrl\":\"http:\/\/www.visit-ulcinj.com\/blog\/wp-content\/uploads\/2009\/04\/ari-mimoza-esht-si-kukull.jpg\"},{\"@type\":\"WebPage\",\"@id\":\"https:\/\/www.visit-ulcinj.com\/blog\/2009\/04\/13\/ari-mimoza-eshte-si-kukull\/#webpage\",\"url\":\"https:\/\/www.visit-ulcinj.com\/blog\/2009\/04\/13\/ari-mimoza-eshte-si-kukull\/\",\"name\":\"Ari : Mimoza \u00c3\u00absht\u00c3\u00ab si kukull | Big Brother Albania 2\",\"isPartOf\":{\"@id\":\"https:\/\/www.visit-ulcinj.com\/blog\/#website\"},\"primaryImageOfPage\":{\"@id\":\"https:\/\/www.visit-ulcinj.com\/blog\/2009\/04\/13\/ari-mimoza-eshte-si-kukull\/#primaryimage\"},\"datePublished\":\"2009-04-13T14:42:52+00:00\",\"dateModified\":\"2009-04-13T14:13:47+00:00\",\"author\":{\"@id\":\"https:\/\/www.visit-ulcinj.com\/blog\/#\/schema\/person\/dcab619c614d3038751c63bc2aadc06d\"},\"description\":\"Big Brother Albania 2 - T\u00c3\u00ab ulur jasht\u00c3\u00ab, n\u00c3\u00ab oborrin e sht\u00c3\u00abpis\u00c3\u00ab, Juna dhe Ari kan\u00c3\u00ab diskutuar p\u00c3\u00abr nj\u00c3\u00ab pjes\u00c3\u00ab t\u00c3\u00ab banor\u00c3\u00abve dhe p\u00c3\u00abrshtypjeve t\u00c3\u00ab tyre, lidhur me ta\",\"breadcrumb\":{\"@id\":\"https:\/\/www.visit-ulcinj.com\/blog\/2009\/04\/13\/ari-mimoza-eshte-si-kukull\/#breadcrumb\"},\"inLanguage\":\"en-US\",\"potentialAction\":[{\"@type\":\"ReadAction\",\"target\":[\"https:\/\/www.visit-ulcinj.com\/blog\/2009\/04\/13\/ari-mimoza-eshte-si-kukull\/\"]}]},{\"@type\":\"BreadcrumbList\",\"@id\":\"https:\/\/www.visit-ulcinj.com\/blog\/2009\/04\/13\/ari-mimoza-eshte-si-kukull\/#breadcrumb\",\"itemListElement\":[{\"@type\":\"ListItem\",\"position\":1,\"name\":\"Ari : Mimoza \u00ebsht\u00eb si kukull\"}]},{\"@type\":\"Person\",\"@id\":\"https:\/\/www.visit-ulcinj.com\/blog\/#\/schema\/person\/dcab619c614d3038751c63bc2aadc06d\",\"name\":\"ulqini\",\"sameAs\":[\"http:\/\/www.visit-ulcinj.com\"],\"url\":\"https:\/\/www.visit-ulcinj.com\/blog\/author\/admin\/\"}]}<\/script>\n<!-- \/ Yoast SEO plugin. -->","yoast_head_json":{"title":"Ari : Mimoza \u00c3\u00absht\u00c3\u00ab si kukull | Big Brother Albania 2","description":"Big Brother Albania 2 - T\u00c3\u00ab ulur jasht\u00c3\u00ab, n\u00c3\u00ab oborrin e sht\u00c3\u00abpis\u00c3\u00ab, Juna dhe Ari kan\u00c3\u00ab diskutuar p\u00c3\u00abr nj\u00c3\u00ab pjes\u00c3\u00ab t\u00c3\u00ab banor\u00c3\u00abve dhe p\u00c3\u00abrshtypjeve t\u00c3\u00ab tyre, lidhur me ta","robots":{"index":"index","follow":"follow","max-snippet":"max-snippet:-1","max-image-preview":"max-image-preview:large","max-video-preview":"max-video-preview:-1"},"canonical":"https:\/\/www.visit-ulcinj.com\/blog\/2009\/04\/13\/ari-mimoza-eshte-si-kukull\/","og_locale":"en_US","og_type":"article","og_title":"Ari : Mimoza \u00c3\u00absht\u00c3\u00ab si kukull | Big Brother Albania 2","og_description":"Big Brother Albania 2 - T\u00c3\u00ab ulur jasht\u00c3\u00ab, n\u00c3\u00ab oborrin e sht\u00c3\u00abpis\u00c3\u00ab, Juna dhe Ari kan\u00c3\u00ab diskutuar p\u00c3\u00abr nj\u00c3\u00ab pjes\u00c3\u00ab t\u00c3\u00ab banor\u00c3\u00abve dhe p\u00c3\u00abrshtypjeve t\u00c3\u00ab tyre, lidhur me ta","og_url":"https:\/\/www.visit-ulcinj.com\/blog\/2009\/04\/13\/ari-mimoza-eshte-si-kukull\/","og_site_name":"Lajme nga Ulqini","article_published_time":"2009-04-13T14:42:52+00:00","article_modified_time":"2009-04-13T14:13:47+00:00","og_image":[{"url":"http:\/\/www.visit-ulcinj.com\/blog\/wp-content\/uploads\/2009\/04\/ari-mimoza-esht-si-kukull.jpg"}],"twitter_misc":{"Written by":"ulqini","Est. reading time":"1 minute"},"schema":{"@context":"https:\/\/schema.org","@graph":[{"@type":"WebSite","@id":"https:\/\/www.visit-ulcinj.com\/blog\/#website","url":"https:\/\/www.visit-ulcinj.com\/blog\/","name":"Lajme nga Ulqini","description":"Lajme,Vijesti,Ulqini,Ulqin,Crna Gora,Mali i Zi","potentialAction":[{"@type":"SearchAction","target":{"@type":"EntryPoint","urlTemplate":"https:\/\/www.visit-ulcinj.com\/blog\/?s={search_term_string}"},"query-input":"required name=search_term_string"}],"inLanguage":"en-US"},{"@type":"ImageObject","inLanguage":"en-US","@id":"https:\/\/www.visit-ulcinj.com\/blog\/2009\/04\/13\/ari-mimoza-eshte-si-kukull\/#primaryimage","url":"http:\/\/www.visit-ulcinj.com\/blog\/wp-content\/uploads\/2009\/04\/ari-mimoza-esht-si-kukull.jpg","contentUrl":"http:\/\/www.visit-ulcinj.com\/blog\/wp-content\/uploads\/2009\/04\/ari-mimoza-esht-si-kukull.jpg"},{"@type":"WebPage","@id":"https:\/\/www.visit-ulcinj.com\/blog\/2009\/04\/13\/ari-mimoza-eshte-si-kukull\/#webpage","url":"https:\/\/www.visit-ulcinj.com\/blog\/2009\/04\/13\/ari-mimoza-eshte-si-kukull\/","name":"Ari : Mimoza \u00c3\u00absht\u00c3\u00ab si kukull | Big Brother Albania 2","isPartOf":{"@id":"https:\/\/www.visit-ulcinj.com\/blog\/#website"},"primaryImageOfPage":{"@id":"https:\/\/www.visit-ulcinj.com\/blog\/2009\/04\/13\/ari-mimoza-eshte-si-kukull\/#primaryimage"},"datePublished":"2009-04-13T14:42:52+00:00","dateModified":"2009-04-13T14:13:47+00:00","author":{"@id":"https:\/\/www.visit-ulcinj.com\/blog\/#\/schema\/person\/dcab619c614d3038751c63bc2aadc06d"},"description":"Big Brother Albania 2 - T\u00c3\u00ab ulur jasht\u00c3\u00ab, n\u00c3\u00ab oborrin e sht\u00c3\u00abpis\u00c3\u00ab, Juna dhe Ari kan\u00c3\u00ab diskutuar p\u00c3\u00abr nj\u00c3\u00ab pjes\u00c3\u00ab t\u00c3\u00ab banor\u00c3\u00abve dhe p\u00c3\u00abrshtypjeve t\u00c3\u00ab tyre, lidhur me ta","breadcrumb":{"@id":"https:\/\/www.visit-ulcinj.com\/blog\/2009\/04\/13\/ari-mimoza-eshte-si-kukull\/#breadcrumb"},"inLanguage":"en-US","potentialAction":[{"@type":"ReadAction","target":["https:\/\/www.visit-ulcinj.com\/blog\/2009\/04\/13\/ari-mimoza-eshte-si-kukull\/"]}]},{"@type":"BreadcrumbList","@id":"https:\/\/www.visit-ulcinj.com\/blog\/2009\/04\/13\/ari-mimoza-eshte-si-kukull\/#breadcrumb","itemListElement":[{"@type":"ListItem","position":1,"name":"Ari : Mimoza \u00ebsht\u00eb si kukull"}]},{"@type":"Person","@id":"https:\/\/www.visit-ulcinj.com\/blog\/#\/schema\/person\/dcab619c614d3038751c63bc2aadc06d","name":"ulqini","sameAs":["http:\/\/www.visit-ulcinj.com"],"url":"https:\/\/www.visit-ulcinj.com\/blog\/author\/admin\/"}]}},"jetpack_featured_media_url":"","jetpack_sharing_enabled":true,"jetpack_shortlink":"https:\/\/wp.me\/pe6lTn-4Cq","_links":{"self":[{"href":"https:\/\/www.visit-ulcinj.com\/blog\/wp-json\/wp\/v2\/posts\/17758"}],"collection":[{"href":"https:\/\/www.visit-ulcinj.com\/blog\/wp-json\/wp\/v2\/posts"}],"about":[{"href":"https:\/\/www.visit-ulcinj.com\/blog\/wp-json\/wp\/v2\/types\/post"}],"author":[{"embeddable":true,"href":"https:\/\/www.visit-ulcinj.com\/blog\/wp-json\/wp\/v2\/users\/1"}],"replies":[{"embeddable":true,"href":"https:\/\/www.visit-ulcinj.com\/blog\/wp-json\/wp\/v2\/comments?post=17758"}],"version-history":[{"count":0,"href":"https:\/\/www.visit-ulcinj.com\/blog\/wp-json\/wp\/v2\/posts\/17758\/revisions"}],"wp:attachment":[{"href":"https:\/\/www.visit-ulcinj.com\/blog\/wp-json\/wp\/v2\/media?parent=17758"}],"wp:term":[{"taxonomy":"category","embeddable":true,"href":"https:\/\/www.visit-ulcinj.com\/blog\/wp-json\/wp\/v2\/categories?post=17758"},{"taxonomy":"post_tag","embeddable":true,"href":"https:\/\/www.visit-ulcinj.com\/blog\/wp-json\/wp\/v2\/tags?post=17758"}],"curies":[{"name":"wp","href":"https:\/\/api.w.org\/{rel}","templated":true}]}}