{"id":17761,"date":"2009-04-13T15:36:19","date_gmt":"2009-04-13T13:36:19","guid":{"rendered":"http:\/\/www.visit-ulcinj.com\/blog\/?p=17761"},"modified":"2009-04-13T15:36:19","modified_gmt":"2009-04-13T13:36:19","slug":"juna-kam-shume-respekt-per-qetsorin","status":"publish","type":"post","link":"https:\/\/www.visit-ulcinj.com\/blog\/2009\/04\/13\/juna-kam-shume-respekt-per-qetsorin\/","title":{"rendered":"Juna : Kam shum\u00eb respekt p\u00ebr Qetsorin"},"content":{"rendered":"<p><em><span class=\"newsdate\"><a href=\"http:\/\/www.visit-ulcinj.com\/blog\/wp-content\/uploads\/2009\/04\/juna-qetsori-repsekte-big-brother-albania-2.jpg\"><img loading=\"lazy\" class=\"alignleft size-full wp-image-17763\" title=\"juna-qetsori-repsekte-big-brother-albania-2\" src=\"http:\/\/www.visit-ulcinj.com\/blog\/wp-content\/uploads\/2009\/04\/juna-qetsori-repsekte-big-brother-albania-2.jpg\" alt=\"juna-qetsori-repsekte-big-brother-albania-2\" width=\"300\" height=\"205\" \/><\/a>13\/04\/09 03:15<\/span><\/em><\/p>\n<p>\u201cShyqyr q\u00eb s\u2019na u sul\u00ebn!\u201d- ka th\u00ebn\u00eb Juna p\u00ebr banor\u00ebt e rinj e sidomos p\u00ebr Qetsorin. P\u00ebr k\u00ebt\u00eb t\u00eb fundit, Ari ka th\u00ebn\u00eb se ishte zbutur shum\u00eb dhe m\u00eb pas ka treguar se p\u00ebr k\u00ebt\u00eb kishte ndikuar edhe biseda q\u00eb ai kishte b\u00ebr\u00eb me t\u00eb dje. \u201cM\u00eb vjen mir\u00eb q\u00eb e kam zbutur Qetsorin!\u201d \u2013 ka th\u00ebn\u00eb ai. Ari ka shtuar se Qetsori nuk ishte aspak djal\u00eb i keq, p\u00ebrkundrazi. Dhe ve\u00e7 k\u00ebsaj, sipas tij, edhe shum\u00eb i zgjuar. \u201cUn\u00eb kam shum\u00eb respekt p\u00ebr Qetsorin!\u201d- ka th\u00ebn\u00eb Juna dhe Ari ka pohuar t\u00eb nj\u00ebjt\u00ebn gj\u00eb.<\/p>\n","protected":false},"excerpt":{"rendered":"<p>13\/04\/09 03:15 \u201cShyqyr q\u00eb s\u2019na u sul\u00ebn!\u201d- ka th\u00ebn\u00eb Juna p\u00ebr banor\u00ebt e rinj e sidomos p\u00ebr Qetsorin. P\u00ebr k\u00ebt\u00eb t\u00eb fundit, Ari ka th\u00ebn\u00eb se ishte zbutur shum\u00eb dhe m\u00eb pas ka treguar se p\u00ebr k\u00ebt\u00eb kishte ndikuar edhe biseda q\u00eb ai kishte b\u00ebr\u00eb me t\u00eb dje. \u201cM\u00eb vjen mir\u00eb q\u00eb e kam zbutur [&hellip;]<\/p>\n","protected":false},"author":1,"featured_media":0,"comment_status":"open","ping_status":"closed","sticky":false,"template":"","format":"standard","meta":{"spay_email":"","jetpack_publicize_message":"","jetpack_is_tweetstorm":false,"jetpack_publicize_feature_enabled":true},"categories":[6502],"tags":[5057,6506,6516,6712,7129,1442,9011,8276,6891,6693,6887],"jetpack_publicize_connections":[],"yoast_head":"<!-- This site is optimized with the Yoast SEO plugin v19.1 - https:\/\/yoast.com\/wordpress\/plugins\/seo\/ -->\n<title>Juna : Kam shum\u00c3\u00ab respekt p\u00c3\u00abr Qetsorin | Big Brother Albania 2<\/title>\n<meta name=\"description\" content=\"Big Brother Albania 2 - \u00e2\u20ac\u0153Shyqyr q\u00c3\u00ab s\u00e2\u20ac\u2122na u sul\u00c3\u00abn!\u00e2\u20ac\u009d- ka th\u00c3\u00abn\u00c3\u00ab Juna p\u00c3\u00abr banor\u00c3\u00abt e rinj e sidomos p\u00c3\u00abr Qetsorin.\" \/>\n<meta name=\"robots\" content=\"index, follow, max-snippet:-1, max-image-preview:large, max-video-preview:-1\" \/>\n<link rel=\"canonical\" href=\"https:\/\/www.visit-ulcinj.com\/blog\/2009\/04\/13\/juna-kam-shume-respekt-per-qetsorin\/\" \/>\n<meta property=\"og:locale\" content=\"en_US\" \/>\n<meta property=\"og:type\" content=\"article\" \/>\n<meta property=\"og:title\" content=\"Juna : Kam shum\u00c3\u00ab respekt p\u00c3\u00abr Qetsorin | Big Brother Albania 2\" \/>\n<meta property=\"og:description\" content=\"Big Brother Albania 2 - \u00e2\u20ac\u0153Shyqyr q\u00c3\u00ab s\u00e2\u20ac\u2122na u sul\u00c3\u00abn!\u00e2\u20ac\u009d- ka th\u00c3\u00abn\u00c3\u00ab Juna p\u00c3\u00abr banor\u00c3\u00abt e rinj e sidomos p\u00c3\u00abr Qetsorin.\" \/>\n<meta property=\"og:url\" content=\"https:\/\/www.visit-ulcinj.com\/blog\/2009\/04\/13\/juna-kam-shume-respekt-per-qetsorin\/\" \/>\n<meta property=\"og:site_name\" content=\"Lajme nga Ulqini\" \/>\n<meta property=\"article:published_time\" content=\"2009-04-13T13:36:19+00:00\" \/>\n<meta property=\"og:image\" content=\"http:\/\/www.visit-ulcinj.com\/blog\/wp-content\/uploads\/2009\/04\/juna-qetsori-repsekte-big-brother-albania-2.jpg\" \/>\n<meta name=\"twitter:label1\" content=\"Written by\" \/>\n\t<meta name=\"twitter:data1\" content=\"ulqini\" \/>\n\t<meta name=\"twitter:label2\" content=\"Est. reading time\" \/>\n\t<meta name=\"twitter:data2\" content=\"1 minute\" \/>\n<script type=\"application\/ld+json\" class=\"yoast-schema-graph\">{\"@context\":\"https:\/\/schema.org\",\"@graph\":[{\"@type\":\"WebSite\",\"@id\":\"https:\/\/www.visit-ulcinj.com\/blog\/#website\",\"url\":\"https:\/\/www.visit-ulcinj.com\/blog\/\",\"name\":\"Lajme nga Ulqini\",\"description\":\"Lajme,Vijesti,Ulqini,Ulqin,Crna Gora,Mali i Zi\",\"potentialAction\":[{\"@type\":\"SearchAction\",\"target\":{\"@type\":\"EntryPoint\",\"urlTemplate\":\"https:\/\/www.visit-ulcinj.com\/blog\/?s={search_term_string}\"},\"query-input\":\"required name=search_term_string\"}],\"inLanguage\":\"en-US\"},{\"@type\":\"ImageObject\",\"inLanguage\":\"en-US\",\"@id\":\"https:\/\/www.visit-ulcinj.com\/blog\/2009\/04\/13\/juna-kam-shume-respekt-per-qetsorin\/#primaryimage\",\"url\":\"http:\/\/www.visit-ulcinj.com\/blog\/wp-content\/uploads\/2009\/04\/juna-qetsori-repsekte-big-brother-albania-2.jpg\",\"contentUrl\":\"http:\/\/www.visit-ulcinj.com\/blog\/wp-content\/uploads\/2009\/04\/juna-qetsori-repsekte-big-brother-albania-2.jpg\"},{\"@type\":\"WebPage\",\"@id\":\"https:\/\/www.visit-ulcinj.com\/blog\/2009\/04\/13\/juna-kam-shume-respekt-per-qetsorin\/#webpage\",\"url\":\"https:\/\/www.visit-ulcinj.com\/blog\/2009\/04\/13\/juna-kam-shume-respekt-per-qetsorin\/\",\"name\":\"Juna : Kam shum\u00c3\u00ab respekt p\u00c3\u00abr Qetsorin | Big Brother Albania 2\",\"isPartOf\":{\"@id\":\"https:\/\/www.visit-ulcinj.com\/blog\/#website\"},\"primaryImageOfPage\":{\"@id\":\"https:\/\/www.visit-ulcinj.com\/blog\/2009\/04\/13\/juna-kam-shume-respekt-per-qetsorin\/#primaryimage\"},\"datePublished\":\"2009-04-13T13:36:19+00:00\",\"dateModified\":\"2009-04-13T13:36:19+00:00\",\"author\":{\"@id\":\"https:\/\/www.visit-ulcinj.com\/blog\/#\/schema\/person\/dcab619c614d3038751c63bc2aadc06d\"},\"description\":\"Big Brother Albania 2 - \u00e2\u20ac\u0153Shyqyr q\u00c3\u00ab s\u00e2\u20ac\u2122na u sul\u00c3\u00abn!\u00e2\u20ac\u009d- ka th\u00c3\u00abn\u00c3\u00ab Juna p\u00c3\u00abr banor\u00c3\u00abt e rinj e sidomos p\u00c3\u00abr Qetsorin.\",\"breadcrumb\":{\"@id\":\"https:\/\/www.visit-ulcinj.com\/blog\/2009\/04\/13\/juna-kam-shume-respekt-per-qetsorin\/#breadcrumb\"},\"inLanguage\":\"en-US\",\"potentialAction\":[{\"@type\":\"ReadAction\",\"target\":[\"https:\/\/www.visit-ulcinj.com\/blog\/2009\/04\/13\/juna-kam-shume-respekt-per-qetsorin\/\"]}]},{\"@type\":\"BreadcrumbList\",\"@id\":\"https:\/\/www.visit-ulcinj.com\/blog\/2009\/04\/13\/juna-kam-shume-respekt-per-qetsorin\/#breadcrumb\",\"itemListElement\":[{\"@type\":\"ListItem\",\"position\":1,\"name\":\"Juna : Kam shum\u00eb respekt p\u00ebr Qetsorin\"}]},{\"@type\":\"Person\",\"@id\":\"https:\/\/www.visit-ulcinj.com\/blog\/#\/schema\/person\/dcab619c614d3038751c63bc2aadc06d\",\"name\":\"ulqini\",\"sameAs\":[\"http:\/\/www.visit-ulcinj.com\"],\"url\":\"https:\/\/www.visit-ulcinj.com\/blog\/author\/admin\/\"}]}<\/script>\n<!-- \/ Yoast SEO plugin. -->","yoast_head_json":{"title":"Juna : Kam shum\u00c3\u00ab respekt p\u00c3\u00abr Qetsorin | Big Brother Albania 2","description":"Big Brother Albania 2 - \u00e2\u20ac\u0153Shyqyr q\u00c3\u00ab s\u00e2\u20ac\u2122na u sul\u00c3\u00abn!\u00e2\u20ac\u009d- ka th\u00c3\u00abn\u00c3\u00ab Juna p\u00c3\u00abr banor\u00c3\u00abt e rinj e sidomos p\u00c3\u00abr Qetsorin.","robots":{"index":"index","follow":"follow","max-snippet":"max-snippet:-1","max-image-preview":"max-image-preview:large","max-video-preview":"max-video-preview:-1"},"canonical":"https:\/\/www.visit-ulcinj.com\/blog\/2009\/04\/13\/juna-kam-shume-respekt-per-qetsorin\/","og_locale":"en_US","og_type":"article","og_title":"Juna : Kam shum\u00c3\u00ab respekt p\u00c3\u00abr Qetsorin | Big Brother Albania 2","og_description":"Big Brother Albania 2 - \u00e2\u20ac\u0153Shyqyr q\u00c3\u00ab s\u00e2\u20ac\u2122na u sul\u00c3\u00abn!\u00e2\u20ac\u009d- ka th\u00c3\u00abn\u00c3\u00ab Juna p\u00c3\u00abr banor\u00c3\u00abt e rinj e sidomos p\u00c3\u00abr Qetsorin.","og_url":"https:\/\/www.visit-ulcinj.com\/blog\/2009\/04\/13\/juna-kam-shume-respekt-per-qetsorin\/","og_site_name":"Lajme nga Ulqini","article_published_time":"2009-04-13T13:36:19+00:00","og_image":[{"url":"http:\/\/www.visit-ulcinj.com\/blog\/wp-content\/uploads\/2009\/04\/juna-qetsori-repsekte-big-brother-albania-2.jpg"}],"twitter_misc":{"Written by":"ulqini","Est. reading time":"1 minute"},"schema":{"@context":"https:\/\/schema.org","@graph":[{"@type":"WebSite","@id":"https:\/\/www.visit-ulcinj.com\/blog\/#website","url":"https:\/\/www.visit-ulcinj.com\/blog\/","name":"Lajme nga Ulqini","description":"Lajme,Vijesti,Ulqini,Ulqin,Crna Gora,Mali i Zi","potentialAction":[{"@type":"SearchAction","target":{"@type":"EntryPoint","urlTemplate":"https:\/\/www.visit-ulcinj.com\/blog\/?s={search_term_string}"},"query-input":"required name=search_term_string"}],"inLanguage":"en-US"},{"@type":"ImageObject","inLanguage":"en-US","@id":"https:\/\/www.visit-ulcinj.com\/blog\/2009\/04\/13\/juna-kam-shume-respekt-per-qetsorin\/#primaryimage","url":"http:\/\/www.visit-ulcinj.com\/blog\/wp-content\/uploads\/2009\/04\/juna-qetsori-repsekte-big-brother-albania-2.jpg","contentUrl":"http:\/\/www.visit-ulcinj.com\/blog\/wp-content\/uploads\/2009\/04\/juna-qetsori-repsekte-big-brother-albania-2.jpg"},{"@type":"WebPage","@id":"https:\/\/www.visit-ulcinj.com\/blog\/2009\/04\/13\/juna-kam-shume-respekt-per-qetsorin\/#webpage","url":"https:\/\/www.visit-ulcinj.com\/blog\/2009\/04\/13\/juna-kam-shume-respekt-per-qetsorin\/","name":"Juna : Kam shum\u00c3\u00ab respekt p\u00c3\u00abr Qetsorin | Big Brother Albania 2","isPartOf":{"@id":"https:\/\/www.visit-ulcinj.com\/blog\/#website"},"primaryImageOfPage":{"@id":"https:\/\/www.visit-ulcinj.com\/blog\/2009\/04\/13\/juna-kam-shume-respekt-per-qetsorin\/#primaryimage"},"datePublished":"2009-04-13T13:36:19+00:00","dateModified":"2009-04-13T13:36:19+00:00","author":{"@id":"https:\/\/www.visit-ulcinj.com\/blog\/#\/schema\/person\/dcab619c614d3038751c63bc2aadc06d"},"description":"Big Brother Albania 2 - \u00e2\u20ac\u0153Shyqyr q\u00c3\u00ab s\u00e2\u20ac\u2122na u sul\u00c3\u00abn!\u00e2\u20ac\u009d- ka th\u00c3\u00abn\u00c3\u00ab Juna p\u00c3\u00abr banor\u00c3\u00abt e rinj e sidomos p\u00c3\u00abr Qetsorin.","breadcrumb":{"@id":"https:\/\/www.visit-ulcinj.com\/blog\/2009\/04\/13\/juna-kam-shume-respekt-per-qetsorin\/#breadcrumb"},"inLanguage":"en-US","potentialAction":[{"@type":"ReadAction","target":["https:\/\/www.visit-ulcinj.com\/blog\/2009\/04\/13\/juna-kam-shume-respekt-per-qetsorin\/"]}]},{"@type":"BreadcrumbList","@id":"https:\/\/www.visit-ulcinj.com\/blog\/2009\/04\/13\/juna-kam-shume-respekt-per-qetsorin\/#breadcrumb","itemListElement":[{"@type":"ListItem","position":1,"name":"Juna : Kam shum\u00eb respekt p\u00ebr Qetsorin"}]},{"@type":"Person","@id":"https:\/\/www.visit-ulcinj.com\/blog\/#\/schema\/person\/dcab619c614d3038751c63bc2aadc06d","name":"ulqini","sameAs":["http:\/\/www.visit-ulcinj.com"],"url":"https:\/\/www.visit-ulcinj.com\/blog\/author\/admin\/"}]}},"jetpack_featured_media_url":"","jetpack_sharing_enabled":true,"jetpack_shortlink":"https:\/\/wp.me\/pe6lTn-4Ct","_links":{"self":[{"href":"https:\/\/www.visit-ulcinj.com\/blog\/wp-json\/wp\/v2\/posts\/17761"}],"collection":[{"href":"https:\/\/www.visit-ulcinj.com\/blog\/wp-json\/wp\/v2\/posts"}],"about":[{"href":"https:\/\/www.visit-ulcinj.com\/blog\/wp-json\/wp\/v2\/types\/post"}],"author":[{"embeddable":true,"href":"https:\/\/www.visit-ulcinj.com\/blog\/wp-json\/wp\/v2\/users\/1"}],"replies":[{"embeddable":true,"href":"https:\/\/www.visit-ulcinj.com\/blog\/wp-json\/wp\/v2\/comments?post=17761"}],"version-history":[{"count":0,"href":"https:\/\/www.visit-ulcinj.com\/blog\/wp-json\/wp\/v2\/posts\/17761\/revisions"}],"wp:attachment":[{"href":"https:\/\/www.visit-ulcinj.com\/blog\/wp-json\/wp\/v2\/media?parent=17761"}],"wp:term":[{"taxonomy":"category","embeddable":true,"href":"https:\/\/www.visit-ulcinj.com\/blog\/wp-json\/wp\/v2\/categories?post=17761"},{"taxonomy":"post_tag","embeddable":true,"href":"https:\/\/www.visit-ulcinj.com\/blog\/wp-json\/wp\/v2\/tags?post=17761"}],"curies":[{"name":"wp","href":"https:\/\/api.w.org\/{rel}","templated":true}]}}