{"id":1777,"date":"2008-05-27T16:00:37","date_gmt":"2008-05-27T21:00:37","guid":{"rendered":"http:\/\/www.visit-ulcinj.com\/blog\/?p=1777"},"modified":"2008-05-27T16:00:37","modified_gmt":"2008-05-27T21:00:37","slug":"bugajski-maqedonia-duhet-te-njohe-pavaresine-e-kosoven","status":"publish","type":"post","link":"https:\/\/www.visit-ulcinj.com\/blog\/2008\/05\/27\/bugajski-maqedonia-duhet-te-njohe-pavaresine-e-kosoven\/","title":{"rendered":"Bugajski: Maqedonia duhet t\u00eb njoh\u00eb pavar\u00ebsin\u00eb e Kosov\u00ebn"},"content":{"rendered":"<p><img loading=\"lazy\" class=\"alignleft\" style=\"float: left;\" src=\"http:\/\/civicmedia.ro\/acm\/images\/stories\/bugajski%20color.jpg\" alt=\"Janusz Bugajski\" width=\"180\" height=\"270\" \/>Analisti n\u00eb Qendr\u00ebn p\u00ebr Studime Strategjike dhe Nd\u00ebrkomb\u00ebtare n\u00eb Uashington, Janush Bugajski, tha n\u00eb Prishtin\u00eb se njohja e pavar\u00ebsis\u00eb s\u00eb Kosov\u00ebs nga Shkupi paraqet nj\u00eb nga kushtet kryesore p\u00ebr an\u00ebtar\u00ebsimin e Maqedonis\u00eb n\u00eb strukturat euro-atlantike. N\u00eb nj\u00eb tryez\u00eb me tem\u00ebn &#8220;Siguria e Ballkanit pas Shpalljes s\u00eb Pavar\u00ebsis\u00eb s\u00eb Kosov\u00ebs&#8221;, zoti Bugajski tha se p\u00ebrve\u00e7 mosmarr\u00ebveshjeve p\u00ebr emrin, Maqedonia duhet t\u00eb qart\u00ebsoj\u00eb edhe \u00e7\u00ebshtjet q\u00eb kan\u00eb t\u00eb b\u00ebjn\u00eb me Kosov\u00ebn.<br \/>\n\u201cNj\u00eb vendim i r\u00ebnd\u00ebsish\u00ebm i qeveris\u00eb s\u00eb re maqedonase do t\u00eb ishte njohja e menj\u00ebhershme e pavar\u00ebsis\u00eb s\u00eb Kosov\u00eb, dhe t\u00ebr\u00ebsis\u00eb tok\u00ebsore t\u00eb Kosov\u00ebs, duke n\u00ebnshkruar k\u00ebshtu nj\u00eb marr\u00ebveshje t\u00eb plot\u00eb p\u00ebr kufijt\u00eb i cili do ta vendoste qartazi Maqedonin\u00eb n\u00eb kampin e q\u00ebndrueshm\u00ebris\u00eb s\u00eb k\u00ebtij rajoni, dhe mendoj se kjo do t\u00eb \u00e7onte nj\u00eb porosi t\u00eb fuqishme te Beogradi, se Maqedonia q\u00ebndron me NATO-n, Shtetet e Bashkuara t\u00eb Amerik\u00ebs dhe Kosov\u00ebn\u201d, tha analisti i qendr\u00ebs p\u00ebr Studime Strategjike dhe Nd\u00ebrkomb\u00ebtare n\u00eb Uashington.<br \/>\nZoti Bugajski, i cili ve\u00e7oi Rusin\u00eb si nj\u00ebrin nd\u00ebr faktor\u00ebt destabilizues t\u00eb Ballkanit, tha se an\u00ebtar\u00ebsimi i Shqip\u00ebris\u00eb dhe Kroacis\u00eb n\u00eb NATO duhet t\u00eb jet\u00eb nj\u00eb shembull i mir\u00eb edhe p\u00ebr Beogradin, i cili i mb\u00ebshtetur nga Moska vazhdon t\u00eb kund\u00ebrshtoj\u00eb ashp\u00ebr pavar\u00ebsin\u00eb e Kosov\u00ebs. Ai nuk p\u00ebrjashtoi mund\u00ebsin\u00eb q\u00eb edhe Serbia n\u00eb nj\u00eb t\u00eb ardhme t\u00eb jet\u00eb an\u00ebtare e aleanc\u00ebs veri-atlantike, por Beogradi fillimisht duhet t\u00eb jet\u00eb i gatsh\u00ebm t\u00eb marr\u00eb p\u00ebrgjegj\u00ebsit\u00eb dhe t\u00eb plot\u00ebsoj\u00eb kushtet p\u00ebr an\u00ebtar\u00ebsim n\u00eb NATO.<br \/>\n\u201cAn\u00ebtar\u00ebsimi i Shqip\u00ebris\u00eb dhe Kroacis\u00eb n\u00eb NATO do t\u00eb ndihmoj\u00eb n\u00eb krijimin e nj\u00eb mjedisi m\u00eb t\u00eb q\u00ebndruesh\u00ebm t\u00eb tyre, n\u00eb modernizimin e forcave t\u00eb armatosura, n\u00eb krijimin e lidhjeve m\u00eb t\u00eb ngushta dhe kapaciteteve m\u00eb t\u00eb m\u00ebdha n\u00ebp\u00ebr misionet e ndryshme t\u00eb NATO-s\u201d.<br \/>\nKjo, tha zoti Bugajski, do t\u00eb d\u00ebrgonte nj\u00eb porosi shum\u00eb t\u00eb qart\u00eb n\u00eb t\u00ebr\u00eb fqinj\u00ebsin\u00eb, duke p\u00ebrfshir\u00eb edhe Kosov\u00ebn, se t\u00eb gjitha vendet e rajonit kan\u00eb mund\u00ebsi p\u00ebr t\u2019u b\u00ebr\u00eb an\u00ebtare t\u00eb NATO-s, duke shpresuar se me k\u00ebt\u00eb akt jan\u00eb bindur edhe udh\u00ebheq\u00ebsit n\u00eb Serbi se \u00ebsht\u00eb m\u00eb mir\u00eb p\u00ebr t\u00eb qen\u00eb brenda n\u00eb NATO sesa t\u00eb jen\u00eb t\u00eb rrethuar me NATO-n.<br \/>\n<strong>KOHA JAVORE<\/strong><\/p>\n","protected":false},"excerpt":{"rendered":"<p><img loading=\"lazy\" class=\"alignleft\" style=\"float: left;\" src=\"http:\/\/civicmedia.ro\/acm\/images\/stories\/bugajski%20color.jpg\" alt=\"Janusz Bugajski\" width=\"140\" height=\"140\" \/><\/p>\n","protected":false},"author":1,"featured_media":0,"comment_status":"open","ping_status":"closed","sticky":false,"template":"","format":"standard","meta":{"spay_email":"","jetpack_publicize_message":"","jetpack_is_tweetstorm":false,"jetpack_publicize_feature_enabled":true},"categories":[6,12],"tags":[3530,3529],"jetpack_publicize_connections":[],"yoast_head":"<!-- This site is optimized with the Yoast SEO plugin v19.1 - https:\/\/yoast.com\/wordpress\/plugins\/seo\/ -->\n<title>Bugajski: Maqedonia duhet t\u00eb njoh\u00eb pavar\u00ebsin\u00eb e Kosov\u00ebn - Lajme nga Ulqini<\/title>\n<meta name=\"robots\" content=\"index, follow, max-snippet:-1, max-image-preview:large, max-video-preview:-1\" \/>\n<link rel=\"canonical\" href=\"https:\/\/www.visit-ulcinj.com\/blog\/2008\/05\/27\/bugajski-maqedonia-duhet-te-njohe-pavaresine-e-kosoven\/\" \/>\n<meta property=\"og:locale\" content=\"en_US\" \/>\n<meta property=\"og:type\" content=\"article\" \/>\n<meta property=\"og:title\" content=\"Bugajski: Maqedonia duhet t\u00eb njoh\u00eb pavar\u00ebsin\u00eb e Kosov\u00ebn - Lajme nga Ulqini\" \/>\n<meta property=\"og:url\" content=\"https:\/\/www.visit-ulcinj.com\/blog\/2008\/05\/27\/bugajski-maqedonia-duhet-te-njohe-pavaresine-e-kosoven\/\" \/>\n<meta property=\"og:site_name\" content=\"Lajme nga Ulqini\" \/>\n<meta property=\"article:published_time\" content=\"2008-05-27T21:00:37+00:00\" \/>\n<meta property=\"og:image\" content=\"http:\/\/civicmedia.ro\/acm\/images\/stories\/bugajski%20color.jpg\" \/>\n<meta name=\"twitter:label1\" content=\"Written by\" \/>\n\t<meta name=\"twitter:data1\" content=\"ulqini\" \/>\n\t<meta name=\"twitter:label2\" content=\"Est. reading time\" \/>\n\t<meta name=\"twitter:data2\" content=\"2 minutes\" \/>\n<script type=\"application\/ld+json\" class=\"yoast-schema-graph\">{\"@context\":\"https:\/\/schema.org\",\"@graph\":[{\"@type\":\"WebSite\",\"@id\":\"https:\/\/www.visit-ulcinj.com\/blog\/#website\",\"url\":\"https:\/\/www.visit-ulcinj.com\/blog\/\",\"name\":\"Lajme nga Ulqini\",\"description\":\"Lajme,Vijesti,Ulqini,Ulqin,Crna Gora,Mali i Zi\",\"potentialAction\":[{\"@type\":\"SearchAction\",\"target\":{\"@type\":\"EntryPoint\",\"urlTemplate\":\"https:\/\/www.visit-ulcinj.com\/blog\/?s={search_term_string}\"},\"query-input\":\"required name=search_term_string\"}],\"inLanguage\":\"en-US\"},{\"@type\":\"ImageObject\",\"inLanguage\":\"en-US\",\"@id\":\"https:\/\/www.visit-ulcinj.com\/blog\/2008\/05\/27\/bugajski-maqedonia-duhet-te-njohe-pavaresine-e-kosoven\/#primaryimage\",\"url\":\"http:\/\/civicmedia.ro\/acm\/images\/stories\/bugajski%20color.jpg\",\"contentUrl\":\"http:\/\/civicmedia.ro\/acm\/images\/stories\/bugajski%20color.jpg\"},{\"@type\":\"WebPage\",\"@id\":\"https:\/\/www.visit-ulcinj.com\/blog\/2008\/05\/27\/bugajski-maqedonia-duhet-te-njohe-pavaresine-e-kosoven\/#webpage\",\"url\":\"https:\/\/www.visit-ulcinj.com\/blog\/2008\/05\/27\/bugajski-maqedonia-duhet-te-njohe-pavaresine-e-kosoven\/\",\"name\":\"Bugajski: Maqedonia duhet t\u00eb njoh\u00eb pavar\u00ebsin\u00eb e Kosov\u00ebn - Lajme nga Ulqini\",\"isPartOf\":{\"@id\":\"https:\/\/www.visit-ulcinj.com\/blog\/#website\"},\"primaryImageOfPage\":{\"@id\":\"https:\/\/www.visit-ulcinj.com\/blog\/2008\/05\/27\/bugajski-maqedonia-duhet-te-njohe-pavaresine-e-kosoven\/#primaryimage\"},\"datePublished\":\"2008-05-27T21:00:37+00:00\",\"dateModified\":\"2008-05-27T21:00:37+00:00\",\"author\":{\"@id\":\"https:\/\/www.visit-ulcinj.com\/blog\/#\/schema\/person\/dcab619c614d3038751c63bc2aadc06d\"},\"breadcrumb\":{\"@id\":\"https:\/\/www.visit-ulcinj.com\/blog\/2008\/05\/27\/bugajski-maqedonia-duhet-te-njohe-pavaresine-e-kosoven\/#breadcrumb\"},\"inLanguage\":\"en-US\",\"potentialAction\":[{\"@type\":\"ReadAction\",\"target\":[\"https:\/\/www.visit-ulcinj.com\/blog\/2008\/05\/27\/bugajski-maqedonia-duhet-te-njohe-pavaresine-e-kosoven\/\"]}]},{\"@type\":\"BreadcrumbList\",\"@id\":\"https:\/\/www.visit-ulcinj.com\/blog\/2008\/05\/27\/bugajski-maqedonia-duhet-te-njohe-pavaresine-e-kosoven\/#breadcrumb\",\"itemListElement\":[{\"@type\":\"ListItem\",\"position\":1,\"name\":\"Bugajski: Maqedonia duhet t\u00eb njoh\u00eb pavar\u00ebsin\u00eb e Kosov\u00ebn\"}]},{\"@type\":\"Person\",\"@id\":\"https:\/\/www.visit-ulcinj.com\/blog\/#\/schema\/person\/dcab619c614d3038751c63bc2aadc06d\",\"name\":\"ulqini\",\"sameAs\":[\"http:\/\/www.visit-ulcinj.com\"],\"url\":\"https:\/\/www.visit-ulcinj.com\/blog\/author\/admin\/\"}]}<\/script>\n<!-- \/ Yoast SEO plugin. -->","yoast_head_json":{"title":"Bugajski: Maqedonia duhet t\u00eb njoh\u00eb pavar\u00ebsin\u00eb e Kosov\u00ebn - Lajme nga Ulqini","robots":{"index":"index","follow":"follow","max-snippet":"max-snippet:-1","max-image-preview":"max-image-preview:large","max-video-preview":"max-video-preview:-1"},"canonical":"https:\/\/www.visit-ulcinj.com\/blog\/2008\/05\/27\/bugajski-maqedonia-duhet-te-njohe-pavaresine-e-kosoven\/","og_locale":"en_US","og_type":"article","og_title":"Bugajski: Maqedonia duhet t\u00eb njoh\u00eb pavar\u00ebsin\u00eb e Kosov\u00ebn - Lajme nga Ulqini","og_url":"https:\/\/www.visit-ulcinj.com\/blog\/2008\/05\/27\/bugajski-maqedonia-duhet-te-njohe-pavaresine-e-kosoven\/","og_site_name":"Lajme nga Ulqini","article_published_time":"2008-05-27T21:00:37+00:00","og_image":[{"url":"http:\/\/civicmedia.ro\/acm\/images\/stories\/bugajski%20color.jpg"}],"twitter_misc":{"Written by":"ulqini","Est. reading time":"2 minutes"},"schema":{"@context":"https:\/\/schema.org","@graph":[{"@type":"WebSite","@id":"https:\/\/www.visit-ulcinj.com\/blog\/#website","url":"https:\/\/www.visit-ulcinj.com\/blog\/","name":"Lajme nga Ulqini","description":"Lajme,Vijesti,Ulqini,Ulqin,Crna Gora,Mali i Zi","potentialAction":[{"@type":"SearchAction","target":{"@type":"EntryPoint","urlTemplate":"https:\/\/www.visit-ulcinj.com\/blog\/?s={search_term_string}"},"query-input":"required name=search_term_string"}],"inLanguage":"en-US"},{"@type":"ImageObject","inLanguage":"en-US","@id":"https:\/\/www.visit-ulcinj.com\/blog\/2008\/05\/27\/bugajski-maqedonia-duhet-te-njohe-pavaresine-e-kosoven\/#primaryimage","url":"http:\/\/civicmedia.ro\/acm\/images\/stories\/bugajski%20color.jpg","contentUrl":"http:\/\/civicmedia.ro\/acm\/images\/stories\/bugajski%20color.jpg"},{"@type":"WebPage","@id":"https:\/\/www.visit-ulcinj.com\/blog\/2008\/05\/27\/bugajski-maqedonia-duhet-te-njohe-pavaresine-e-kosoven\/#webpage","url":"https:\/\/www.visit-ulcinj.com\/blog\/2008\/05\/27\/bugajski-maqedonia-duhet-te-njohe-pavaresine-e-kosoven\/","name":"Bugajski: Maqedonia duhet t\u00eb njoh\u00eb pavar\u00ebsin\u00eb e Kosov\u00ebn - Lajme nga Ulqini","isPartOf":{"@id":"https:\/\/www.visit-ulcinj.com\/blog\/#website"},"primaryImageOfPage":{"@id":"https:\/\/www.visit-ulcinj.com\/blog\/2008\/05\/27\/bugajski-maqedonia-duhet-te-njohe-pavaresine-e-kosoven\/#primaryimage"},"datePublished":"2008-05-27T21:00:37+00:00","dateModified":"2008-05-27T21:00:37+00:00","author":{"@id":"https:\/\/www.visit-ulcinj.com\/blog\/#\/schema\/person\/dcab619c614d3038751c63bc2aadc06d"},"breadcrumb":{"@id":"https:\/\/www.visit-ulcinj.com\/blog\/2008\/05\/27\/bugajski-maqedonia-duhet-te-njohe-pavaresine-e-kosoven\/#breadcrumb"},"inLanguage":"en-US","potentialAction":[{"@type":"ReadAction","target":["https:\/\/www.visit-ulcinj.com\/blog\/2008\/05\/27\/bugajski-maqedonia-duhet-te-njohe-pavaresine-e-kosoven\/"]}]},{"@type":"BreadcrumbList","@id":"https:\/\/www.visit-ulcinj.com\/blog\/2008\/05\/27\/bugajski-maqedonia-duhet-te-njohe-pavaresine-e-kosoven\/#breadcrumb","itemListElement":[{"@type":"ListItem","position":1,"name":"Bugajski: Maqedonia duhet t\u00eb njoh\u00eb pavar\u00ebsin\u00eb e Kosov\u00ebn"}]},{"@type":"Person","@id":"https:\/\/www.visit-ulcinj.com\/blog\/#\/schema\/person\/dcab619c614d3038751c63bc2aadc06d","name":"ulqini","sameAs":["http:\/\/www.visit-ulcinj.com"],"url":"https:\/\/www.visit-ulcinj.com\/blog\/author\/admin\/"}]}},"jetpack_featured_media_url":"","jetpack_sharing_enabled":true,"jetpack_shortlink":"https:\/\/wp.me\/pe6lTn-sF","_links":{"self":[{"href":"https:\/\/www.visit-ulcinj.com\/blog\/wp-json\/wp\/v2\/posts\/1777"}],"collection":[{"href":"https:\/\/www.visit-ulcinj.com\/blog\/wp-json\/wp\/v2\/posts"}],"about":[{"href":"https:\/\/www.visit-ulcinj.com\/blog\/wp-json\/wp\/v2\/types\/post"}],"author":[{"embeddable":true,"href":"https:\/\/www.visit-ulcinj.com\/blog\/wp-json\/wp\/v2\/users\/1"}],"replies":[{"embeddable":true,"href":"https:\/\/www.visit-ulcinj.com\/blog\/wp-json\/wp\/v2\/comments?post=1777"}],"version-history":[{"count":0,"href":"https:\/\/www.visit-ulcinj.com\/blog\/wp-json\/wp\/v2\/posts\/1777\/revisions"}],"wp:attachment":[{"href":"https:\/\/www.visit-ulcinj.com\/blog\/wp-json\/wp\/v2\/media?parent=1777"}],"wp:term":[{"taxonomy":"category","embeddable":true,"href":"https:\/\/www.visit-ulcinj.com\/blog\/wp-json\/wp\/v2\/categories?post=1777"},{"taxonomy":"post_tag","embeddable":true,"href":"https:\/\/www.visit-ulcinj.com\/blog\/wp-json\/wp\/v2\/tags?post=1777"}],"curies":[{"name":"wp","href":"https:\/\/api.w.org\/{rel}","templated":true}]}}