{"id":17779,"date":"2009-04-13T16:44:38","date_gmt":"2009-04-13T14:44:38","guid":{"rendered":"http:\/\/www.visit-ulcinj.com\/blog\/?p=17779"},"modified":"2009-04-13T16:14:00","modified_gmt":"2009-04-13T14:14:00","slug":"arjoni-dhe-anjeza-i-flas-bjordit-me-pergjigjet-adela","status":"publish","type":"post","link":"https:\/\/www.visit-ulcinj.com\/blog\/2009\/04\/13\/arjoni-dhe-anjeza-i-flas-bjordit-me-pergjigjet-adela\/","title":{"rendered":"Arjoni dhe Anjeza : I flas Bjordit, m\u00eb p\u00ebrgjigjet Adela"},"content":{"rendered":"<p><em><span class=\"newsdate\"><a href=\"http:\/\/www.visit-ulcinj.com\/blog\/wp-content\/uploads\/2009\/04\/arjoni-per-bjordi-dhe-adelajda-dhe-anjeza1.jpg\"><img loading=\"lazy\" class=\"alignleft size-full wp-image-17772\" title=\"arjoni-per-bjordi-dhe-adelajda-dhe-anjeza-big-brother-albania-2\" src=\"http:\/\/www.visit-ulcinj.com\/blog\/wp-content\/uploads\/2009\/04\/arjoni-per-bjordi-dhe-adelajda-dhe-anjeza1.jpg\" alt=\"arjoni-per-bjordi-dhe-adelajda-dhe-anjeza-big-brother-albania-2\" width=\"300\" height=\"205\" \/><\/a>13\/04\/09 03:35<\/span><\/em><\/p>\n<p>Arjoni i ka treguar Anjez\u00ebs se n\u00eb disa raste, kur ai fliste me Bjordin, i p\u00ebrgjigjej Adelajda. Ai i ka th\u00ebn\u00eb asaj se po t\u00eb kishte dashur mund t\u2019i ishte kthyer, madje po t\u00eb donte mund edhe t\u2019i \u201cmasakronte me fjal\u00eb\u201d, por ai nuk mund ta b\u00ebnte kurr\u00eb nj\u00eb gj\u00eb t\u00eb till\u00eb, sepse jo vet\u00ebm q\u00eb nuk i interesonte, por edhe nuk ishte tip i till\u00eb. \u201cNuk ke p\u00ebrse!\u201d \u2013 ka p\u00ebrforcuar Anjeza, mendimin e tij.<\/p>\n","protected":false},"excerpt":{"rendered":"<p>13\/04\/09 03:35 Arjoni i ka treguar Anjez\u00ebs se n\u00eb disa raste, kur ai fliste me Bjordin, i p\u00ebrgjigjej Adelajda. Ai i ka th\u00ebn\u00eb asaj se po t\u00eb kishte dashur mund t\u2019i ishte kthyer, madje po t\u00eb donte mund edhe t\u2019i \u201cmasakronte me fjal\u00eb\u201d, por ai nuk mund ta b\u00ebnte kurr\u00eb nj\u00eb gj\u00eb t\u00eb till\u00eb, sepse [&hellip;]<\/p>\n","protected":false},"author":1,"featured_media":0,"comment_status":"open","ping_status":"closed","sticky":false,"template":"","format":"standard","meta":{"spay_email":"","jetpack_publicize_message":"","jetpack_is_tweetstorm":false,"jetpack_publicize_feature_enabled":true},"categories":[6502],"tags":[6529,8289,6525,5057,6506,6516,6712,7129,6522,6891,6693,6887],"jetpack_publicize_connections":[],"yoast_head":"<!-- This site is optimized with the Yoast SEO plugin v19.1 - https:\/\/yoast.com\/wordpress\/plugins\/seo\/ -->\n<title>Arjoni dhe Anjeza : I flas Bjordit, m\u00eb p\u00ebrgjigjet Adela - Lajme nga Ulqini<\/title>\n<meta name=\"description\" content=\"13\/04\/09 03:35 Arjoni i ka treguar Anjez\u00ebs se n\u00eb disa raste, kur ai fliste me Bjordin, i p\u00ebrgjigjej Adelajda. Ai i ka th\u00ebn\u00eb asaj se po t\u00eb kishte dashur\" \/>\n<meta name=\"robots\" content=\"index, follow, max-snippet:-1, max-image-preview:large, max-video-preview:-1\" \/>\n<link rel=\"canonical\" href=\"https:\/\/www.visit-ulcinj.com\/blog\/2009\/04\/13\/arjoni-dhe-anjeza-i-flas-bjordit-me-pergjigjet-adela\/\" \/>\n<meta property=\"og:locale\" content=\"en_US\" \/>\n<meta property=\"og:type\" content=\"article\" \/>\n<meta property=\"og:title\" content=\"Arjoni dhe Anjeza : I flas Bjordit, m\u00eb p\u00ebrgjigjet Adela - Lajme nga Ulqini\" \/>\n<meta property=\"og:description\" content=\"13\/04\/09 03:35 Arjoni i ka treguar Anjez\u00ebs se n\u00eb disa raste, kur ai fliste me Bjordin, i p\u00ebrgjigjej Adelajda. Ai i ka th\u00ebn\u00eb asaj se po t\u00eb kishte dashur\" \/>\n<meta property=\"og:url\" content=\"https:\/\/www.visit-ulcinj.com\/blog\/2009\/04\/13\/arjoni-dhe-anjeza-i-flas-bjordit-me-pergjigjet-adela\/\" \/>\n<meta property=\"og:site_name\" content=\"Lajme nga Ulqini\" \/>\n<meta property=\"article:published_time\" content=\"2009-04-13T14:44:38+00:00\" \/>\n<meta property=\"article:modified_time\" content=\"2009-04-13T14:14:00+00:00\" \/>\n<meta property=\"og:image\" content=\"http:\/\/www.visit-ulcinj.com\/blog\/wp-content\/uploads\/2009\/04\/arjoni-per-bjordi-dhe-adelajda-dhe-anjeza1.jpg\" \/>\n<meta name=\"twitter:label1\" content=\"Written by\" \/>\n\t<meta name=\"twitter:data1\" content=\"ulqini\" \/>\n<script type=\"application\/ld+json\" class=\"yoast-schema-graph\">{\"@context\":\"https:\/\/schema.org\",\"@graph\":[{\"@type\":\"WebSite\",\"@id\":\"https:\/\/www.visit-ulcinj.com\/blog\/#website\",\"url\":\"https:\/\/www.visit-ulcinj.com\/blog\/\",\"name\":\"Lajme nga Ulqini\",\"description\":\"Lajme,Vijesti,Ulqini,Ulqin,Crna Gora,Mali i Zi\",\"potentialAction\":[{\"@type\":\"SearchAction\",\"target\":{\"@type\":\"EntryPoint\",\"urlTemplate\":\"https:\/\/www.visit-ulcinj.com\/blog\/?s={search_term_string}\"},\"query-input\":\"required name=search_term_string\"}],\"inLanguage\":\"en-US\"},{\"@type\":\"ImageObject\",\"inLanguage\":\"en-US\",\"@id\":\"https:\/\/www.visit-ulcinj.com\/blog\/2009\/04\/13\/arjoni-dhe-anjeza-i-flas-bjordit-me-pergjigjet-adela\/#primaryimage\",\"url\":\"http:\/\/www.visit-ulcinj.com\/blog\/wp-content\/uploads\/2009\/04\/arjoni-per-bjordi-dhe-adelajda-dhe-anjeza1.jpg\",\"contentUrl\":\"http:\/\/www.visit-ulcinj.com\/blog\/wp-content\/uploads\/2009\/04\/arjoni-per-bjordi-dhe-adelajda-dhe-anjeza1.jpg\"},{\"@type\":\"WebPage\",\"@id\":\"https:\/\/www.visit-ulcinj.com\/blog\/2009\/04\/13\/arjoni-dhe-anjeza-i-flas-bjordit-me-pergjigjet-adela\/#webpage\",\"url\":\"https:\/\/www.visit-ulcinj.com\/blog\/2009\/04\/13\/arjoni-dhe-anjeza-i-flas-bjordit-me-pergjigjet-adela\/\",\"name\":\"Arjoni dhe Anjeza : I flas Bjordit, m\u00eb p\u00ebrgjigjet Adela - Lajme nga Ulqini\",\"isPartOf\":{\"@id\":\"https:\/\/www.visit-ulcinj.com\/blog\/#website\"},\"primaryImageOfPage\":{\"@id\":\"https:\/\/www.visit-ulcinj.com\/blog\/2009\/04\/13\/arjoni-dhe-anjeza-i-flas-bjordit-me-pergjigjet-adela\/#primaryimage\"},\"datePublished\":\"2009-04-13T14:44:38+00:00\",\"dateModified\":\"2009-04-13T14:14:00+00:00\",\"author\":{\"@id\":\"https:\/\/www.visit-ulcinj.com\/blog\/#\/schema\/person\/dcab619c614d3038751c63bc2aadc06d\"},\"description\":\"13\/04\/09 03:35 Arjoni i ka treguar Anjez\u00ebs se n\u00eb disa raste, kur ai fliste me Bjordin, i p\u00ebrgjigjej Adelajda. Ai i ka th\u00ebn\u00eb asaj se po t\u00eb kishte dashur\",\"breadcrumb\":{\"@id\":\"https:\/\/www.visit-ulcinj.com\/blog\/2009\/04\/13\/arjoni-dhe-anjeza-i-flas-bjordit-me-pergjigjet-adela\/#breadcrumb\"},\"inLanguage\":\"en-US\",\"potentialAction\":[{\"@type\":\"ReadAction\",\"target\":[\"https:\/\/www.visit-ulcinj.com\/blog\/2009\/04\/13\/arjoni-dhe-anjeza-i-flas-bjordit-me-pergjigjet-adela\/\"]}]},{\"@type\":\"BreadcrumbList\",\"@id\":\"https:\/\/www.visit-ulcinj.com\/blog\/2009\/04\/13\/arjoni-dhe-anjeza-i-flas-bjordit-me-pergjigjet-adela\/#breadcrumb\",\"itemListElement\":[{\"@type\":\"ListItem\",\"position\":1,\"name\":\"Arjoni dhe Anjeza : I flas Bjordit, m\u00eb p\u00ebrgjigjet Adela\"}]},{\"@type\":\"Person\",\"@id\":\"https:\/\/www.visit-ulcinj.com\/blog\/#\/schema\/person\/dcab619c614d3038751c63bc2aadc06d\",\"name\":\"ulqini\",\"sameAs\":[\"http:\/\/www.visit-ulcinj.com\"],\"url\":\"https:\/\/www.visit-ulcinj.com\/blog\/author\/admin\/\"}]}<\/script>\n<!-- \/ Yoast SEO plugin. -->","yoast_head_json":{"title":"Arjoni dhe Anjeza : I flas Bjordit, m\u00eb p\u00ebrgjigjet Adela - Lajme nga Ulqini","description":"13\/04\/09 03:35 Arjoni i ka treguar Anjez\u00ebs se n\u00eb disa raste, kur ai fliste me Bjordin, i p\u00ebrgjigjej Adelajda. Ai i ka th\u00ebn\u00eb asaj se po t\u00eb kishte dashur","robots":{"index":"index","follow":"follow","max-snippet":"max-snippet:-1","max-image-preview":"max-image-preview:large","max-video-preview":"max-video-preview:-1"},"canonical":"https:\/\/www.visit-ulcinj.com\/blog\/2009\/04\/13\/arjoni-dhe-anjeza-i-flas-bjordit-me-pergjigjet-adela\/","og_locale":"en_US","og_type":"article","og_title":"Arjoni dhe Anjeza : I flas Bjordit, m\u00eb p\u00ebrgjigjet Adela - Lajme nga Ulqini","og_description":"13\/04\/09 03:35 Arjoni i ka treguar Anjez\u00ebs se n\u00eb disa raste, kur ai fliste me Bjordin, i p\u00ebrgjigjej Adelajda. Ai i ka th\u00ebn\u00eb asaj se po t\u00eb kishte dashur","og_url":"https:\/\/www.visit-ulcinj.com\/blog\/2009\/04\/13\/arjoni-dhe-anjeza-i-flas-bjordit-me-pergjigjet-adela\/","og_site_name":"Lajme nga Ulqini","article_published_time":"2009-04-13T14:44:38+00:00","article_modified_time":"2009-04-13T14:14:00+00:00","og_image":[{"url":"http:\/\/www.visit-ulcinj.com\/blog\/wp-content\/uploads\/2009\/04\/arjoni-per-bjordi-dhe-adelajda-dhe-anjeza1.jpg"}],"twitter_misc":{"Written by":"ulqini"},"schema":{"@context":"https:\/\/schema.org","@graph":[{"@type":"WebSite","@id":"https:\/\/www.visit-ulcinj.com\/blog\/#website","url":"https:\/\/www.visit-ulcinj.com\/blog\/","name":"Lajme nga Ulqini","description":"Lajme,Vijesti,Ulqini,Ulqin,Crna Gora,Mali i Zi","potentialAction":[{"@type":"SearchAction","target":{"@type":"EntryPoint","urlTemplate":"https:\/\/www.visit-ulcinj.com\/blog\/?s={search_term_string}"},"query-input":"required name=search_term_string"}],"inLanguage":"en-US"},{"@type":"ImageObject","inLanguage":"en-US","@id":"https:\/\/www.visit-ulcinj.com\/blog\/2009\/04\/13\/arjoni-dhe-anjeza-i-flas-bjordit-me-pergjigjet-adela\/#primaryimage","url":"http:\/\/www.visit-ulcinj.com\/blog\/wp-content\/uploads\/2009\/04\/arjoni-per-bjordi-dhe-adelajda-dhe-anjeza1.jpg","contentUrl":"http:\/\/www.visit-ulcinj.com\/blog\/wp-content\/uploads\/2009\/04\/arjoni-per-bjordi-dhe-adelajda-dhe-anjeza1.jpg"},{"@type":"WebPage","@id":"https:\/\/www.visit-ulcinj.com\/blog\/2009\/04\/13\/arjoni-dhe-anjeza-i-flas-bjordit-me-pergjigjet-adela\/#webpage","url":"https:\/\/www.visit-ulcinj.com\/blog\/2009\/04\/13\/arjoni-dhe-anjeza-i-flas-bjordit-me-pergjigjet-adela\/","name":"Arjoni dhe Anjeza : I flas Bjordit, m\u00eb p\u00ebrgjigjet Adela - Lajme nga Ulqini","isPartOf":{"@id":"https:\/\/www.visit-ulcinj.com\/blog\/#website"},"primaryImageOfPage":{"@id":"https:\/\/www.visit-ulcinj.com\/blog\/2009\/04\/13\/arjoni-dhe-anjeza-i-flas-bjordit-me-pergjigjet-adela\/#primaryimage"},"datePublished":"2009-04-13T14:44:38+00:00","dateModified":"2009-04-13T14:14:00+00:00","author":{"@id":"https:\/\/www.visit-ulcinj.com\/blog\/#\/schema\/person\/dcab619c614d3038751c63bc2aadc06d"},"description":"13\/04\/09 03:35 Arjoni i ka treguar Anjez\u00ebs se n\u00eb disa raste, kur ai fliste me Bjordin, i p\u00ebrgjigjej Adelajda. Ai i ka th\u00ebn\u00eb asaj se po t\u00eb kishte dashur","breadcrumb":{"@id":"https:\/\/www.visit-ulcinj.com\/blog\/2009\/04\/13\/arjoni-dhe-anjeza-i-flas-bjordit-me-pergjigjet-adela\/#breadcrumb"},"inLanguage":"en-US","potentialAction":[{"@type":"ReadAction","target":["https:\/\/www.visit-ulcinj.com\/blog\/2009\/04\/13\/arjoni-dhe-anjeza-i-flas-bjordit-me-pergjigjet-adela\/"]}]},{"@type":"BreadcrumbList","@id":"https:\/\/www.visit-ulcinj.com\/blog\/2009\/04\/13\/arjoni-dhe-anjeza-i-flas-bjordit-me-pergjigjet-adela\/#breadcrumb","itemListElement":[{"@type":"ListItem","position":1,"name":"Arjoni dhe Anjeza : I flas Bjordit, m\u00eb p\u00ebrgjigjet Adela"}]},{"@type":"Person","@id":"https:\/\/www.visit-ulcinj.com\/blog\/#\/schema\/person\/dcab619c614d3038751c63bc2aadc06d","name":"ulqini","sameAs":["http:\/\/www.visit-ulcinj.com"],"url":"https:\/\/www.visit-ulcinj.com\/blog\/author\/admin\/"}]}},"jetpack_featured_media_url":"","jetpack_sharing_enabled":true,"jetpack_shortlink":"https:\/\/wp.me\/pe6lTn-4CL","_links":{"self":[{"href":"https:\/\/www.visit-ulcinj.com\/blog\/wp-json\/wp\/v2\/posts\/17779"}],"collection":[{"href":"https:\/\/www.visit-ulcinj.com\/blog\/wp-json\/wp\/v2\/posts"}],"about":[{"href":"https:\/\/www.visit-ulcinj.com\/blog\/wp-json\/wp\/v2\/types\/post"}],"author":[{"embeddable":true,"href":"https:\/\/www.visit-ulcinj.com\/blog\/wp-json\/wp\/v2\/users\/1"}],"replies":[{"embeddable":true,"href":"https:\/\/www.visit-ulcinj.com\/blog\/wp-json\/wp\/v2\/comments?post=17779"}],"version-history":[{"count":0,"href":"https:\/\/www.visit-ulcinj.com\/blog\/wp-json\/wp\/v2\/posts\/17779\/revisions"}],"wp:attachment":[{"href":"https:\/\/www.visit-ulcinj.com\/blog\/wp-json\/wp\/v2\/media?parent=17779"}],"wp:term":[{"taxonomy":"category","embeddable":true,"href":"https:\/\/www.visit-ulcinj.com\/blog\/wp-json\/wp\/v2\/categories?post=17779"},{"taxonomy":"post_tag","embeddable":true,"href":"https:\/\/www.visit-ulcinj.com\/blog\/wp-json\/wp\/v2\/tags?post=17779"}],"curies":[{"name":"wp","href":"https:\/\/api.w.org\/{rel}","templated":true}]}}