{"id":1778,"date":"2008-05-27T16:18:55","date_gmt":"2008-05-27T21:18:55","guid":{"rendered":"http:\/\/www.visit-ulcinj.com\/blog\/?p=1778"},"modified":"2008-05-27T16:28:11","modified_gmt":"2008-05-27T21:28:11","slug":"otvoreno-prvo-predstavnistvo-nacionalne-turisticke-organizacije-crne-gore-u-frankfurtu","status":"publish","type":"post","link":"https:\/\/www.visit-ulcinj.com\/blog\/2008\/05\/27\/otvoreno-prvo-predstavnistvo-nacionalne-turisticke-organizacije-crne-gore-u-frankfurtu\/","title":{"rendered":"Otvoreno prvo predstavni\u0161tvo Nacionalne turisti?ke organizacije Crne Gore u Frankfurtu"},"content":{"rendered":"<p><a href=\"http:\/\/www.gom.cg.yu\/img\/1211902460.jpg\" target=\"_blank\"><img loading=\"lazy\" class=\"alignleft\" style=\"float: left;\" src=\"http:\/\/www.gom.cg.yu\/img\/1211902460.jpg\" alt=\"Karlo Petelin_Sa\u0161a Radovi?\" width=\"240\" height=\"200\" \/><\/a>Ministar turizma i za\u0161tite \u017eivotne sredine Predrag Nenezi? i direktor Nacionalne turisti?ke organizacije Sa\u0161a Radovi?, sve?ano su danas otvorili prvo predstavni\u0161tvo NTO Crne Gore u Frankfurtu. Kancelarija se nalazi na atraktivnoj lokaciji (Friedensstra\u00dfe br.7) u strogom centru Frankfurta, veli?ine 110m2 i bi?e na usluzi svim turisti?kim privrednicima iz Crne Gore i Njema?ke, kao mjesto gdje ?e se dogovarati projekti i zaklju?ivati ugovori sa turoperatorima i specijalizovanim turisti?kim agencijama.<br \/>\nNa ceremoniji otvaranja, kojem je prisustvovao veliki broj predstavnika njema?kih medija, turoperatora i privrednika, prisutnima je predstavljen i delegirani direktor crnogorskog turisti?kog predstavni\u0161tva Karlo Petelin. Nakon prezentacije, za prisutne je uprili?en koktel u hotelu \u201eSteigenberger<a href=\"http:\/\/www.gom.cg.yu\/img\/1211902644.jpg\" target=\"_blank\"><img loading=\"lazy\" class=\"alignright\" style=\"float: right;\" src=\"http:\/\/www.gom.cg.yu\/img\/1211902644.jpg\" alt=\"Predrag Nenezi? \" width=\"201\" height=\"154\" \/><\/a> Frankfurter Hof\u201c.<br \/>\nNjema?ka predstavlja najzna?ajnije i najve?e emitivno tr\u017ei\u0161te, a Frankfurt je i najve?i finansijsko administrativni centar. Prema zvani?nim statisti?kim podacima, Crnu Goru je tokom pro\u0161le godine posjetilo oko 18.000 njema?kih turista, koji su ostvarili preko 116.000 no?enja, \u0161to najbolje govori o opravdanosti otvaranja predstavni\u0161tva u tom gradu.<br \/>\nPored Frankfurta, Nacionalna turisti?ka organizacija Crne Gore planira otvaranje i drugih predstavni\u0161tava na najzna?ajnijim emitivnim tr\u017eistima. Tokom jula planirano je otvaranje predstavni\u0161tva u Londonu.<br \/>\n<strong>Vlada Republike Crne Gore<\/strong><\/p>\n<!-- vimeo error: not a vimeo video -->\n","protected":false},"excerpt":{"rendered":"<p><img loading=\"lazy\" class=\"alignleft\" style=\"float: left;\" src=\"http:\/\/www.gom.cg.yu\/img\/1211902460.jpg\" alt=\"Karlo Petelin_Sa\u0161a Radovi?\" width=\"140\" height=\"140\" \/><\/p>\n","protected":false},"author":1,"featured_media":0,"comment_status":"open","ping_status":"closed","sticky":false,"template":"","format":"standard","meta":{"spay_email":"","jetpack_publicize_message":"","jetpack_is_tweetstorm":false,"jetpack_publicize_feature_enabled":true},"categories":[12,15],"tags":[416,3532,3531,2448,3533],"jetpack_publicize_connections":[],"yoast_head":"<!-- This site is optimized with the Yoast SEO plugin v19.1 - https:\/\/yoast.com\/wordpress\/plugins\/seo\/ -->\n<title>Otvoreno prvo predstavni\u0161tvo Nacionalne turisti?ke organizacije Crne Gore u Frankfurtu - Lajme nga Ulqini<\/title>\n<meta name=\"robots\" content=\"index, follow, max-snippet:-1, max-image-preview:large, max-video-preview:-1\" \/>\n<link rel=\"canonical\" href=\"https:\/\/www.visit-ulcinj.com\/blog\/2008\/05\/27\/otvoreno-prvo-predstavnistvo-nacionalne-turisticke-organizacije-crne-gore-u-frankfurtu\/\" \/>\n<meta property=\"og:locale\" content=\"en_US\" \/>\n<meta property=\"og:type\" content=\"article\" \/>\n<meta property=\"og:title\" content=\"Otvoreno prvo predstavni\u0161tvo Nacionalne turisti?ke organizacije Crne Gore u Frankfurtu - Lajme nga Ulqini\" \/>\n<meta property=\"og:url\" content=\"https:\/\/www.visit-ulcinj.com\/blog\/2008\/05\/27\/otvoreno-prvo-predstavnistvo-nacionalne-turisticke-organizacije-crne-gore-u-frankfurtu\/\" \/>\n<meta property=\"og:site_name\" content=\"Lajme nga Ulqini\" \/>\n<meta property=\"article:published_time\" content=\"2008-05-27T21:18:55+00:00\" \/>\n<meta property=\"article:modified_time\" content=\"2008-05-27T21:28:11+00:00\" \/>\n<meta property=\"og:image\" content=\"http:\/\/www.gom.cg.yu\/img\/1211902460.jpg\" \/>\n<meta name=\"twitter:label1\" content=\"Written by\" \/>\n\t<meta name=\"twitter:data1\" content=\"ulqini\" \/>\n\t<meta name=\"twitter:label2\" content=\"Est. reading time\" \/>\n\t<meta name=\"twitter:data2\" content=\"1 minute\" \/>\n<script type=\"application\/ld+json\" class=\"yoast-schema-graph\">{\"@context\":\"https:\/\/schema.org\",\"@graph\":[{\"@type\":\"WebSite\",\"@id\":\"https:\/\/www.visit-ulcinj.com\/blog\/#website\",\"url\":\"https:\/\/www.visit-ulcinj.com\/blog\/\",\"name\":\"Lajme nga Ulqini\",\"description\":\"Lajme,Vijesti,Ulqini,Ulqin,Crna Gora,Mali i Zi\",\"potentialAction\":[{\"@type\":\"SearchAction\",\"target\":{\"@type\":\"EntryPoint\",\"urlTemplate\":\"https:\/\/www.visit-ulcinj.com\/blog\/?s={search_term_string}\"},\"query-input\":\"required name=search_term_string\"}],\"inLanguage\":\"en-US\"},{\"@type\":\"ImageObject\",\"inLanguage\":\"en-US\",\"@id\":\"https:\/\/www.visit-ulcinj.com\/blog\/2008\/05\/27\/otvoreno-prvo-predstavnistvo-nacionalne-turisticke-organizacije-crne-gore-u-frankfurtu\/#primaryimage\",\"url\":\"http:\/\/www.gom.cg.yu\/img\/1211902460.jpg\",\"contentUrl\":\"http:\/\/www.gom.cg.yu\/img\/1211902460.jpg\"},{\"@type\":\"WebPage\",\"@id\":\"https:\/\/www.visit-ulcinj.com\/blog\/2008\/05\/27\/otvoreno-prvo-predstavnistvo-nacionalne-turisticke-organizacije-crne-gore-u-frankfurtu\/#webpage\",\"url\":\"https:\/\/www.visit-ulcinj.com\/blog\/2008\/05\/27\/otvoreno-prvo-predstavnistvo-nacionalne-turisticke-organizacije-crne-gore-u-frankfurtu\/\",\"name\":\"Otvoreno prvo predstavni\u0161tvo Nacionalne turisti?ke organizacije Crne Gore u Frankfurtu - Lajme nga Ulqini\",\"isPartOf\":{\"@id\":\"https:\/\/www.visit-ulcinj.com\/blog\/#website\"},\"primaryImageOfPage\":{\"@id\":\"https:\/\/www.visit-ulcinj.com\/blog\/2008\/05\/27\/otvoreno-prvo-predstavnistvo-nacionalne-turisticke-organizacije-crne-gore-u-frankfurtu\/#primaryimage\"},\"datePublished\":\"2008-05-27T21:18:55+00:00\",\"dateModified\":\"2008-05-27T21:28:11+00:00\",\"author\":{\"@id\":\"https:\/\/www.visit-ulcinj.com\/blog\/#\/schema\/person\/dcab619c614d3038751c63bc2aadc06d\"},\"breadcrumb\":{\"@id\":\"https:\/\/www.visit-ulcinj.com\/blog\/2008\/05\/27\/otvoreno-prvo-predstavnistvo-nacionalne-turisticke-organizacije-crne-gore-u-frankfurtu\/#breadcrumb\"},\"inLanguage\":\"en-US\",\"potentialAction\":[{\"@type\":\"ReadAction\",\"target\":[\"https:\/\/www.visit-ulcinj.com\/blog\/2008\/05\/27\/otvoreno-prvo-predstavnistvo-nacionalne-turisticke-organizacije-crne-gore-u-frankfurtu\/\"]}]},{\"@type\":\"BreadcrumbList\",\"@id\":\"https:\/\/www.visit-ulcinj.com\/blog\/2008\/05\/27\/otvoreno-prvo-predstavnistvo-nacionalne-turisticke-organizacije-crne-gore-u-frankfurtu\/#breadcrumb\",\"itemListElement\":[{\"@type\":\"ListItem\",\"position\":1,\"name\":\"Otvoreno prvo predstavni\u0161tvo Nacionalne turisti?ke organizacije Crne Gore u Frankfurtu\"}]},{\"@type\":\"Person\",\"@id\":\"https:\/\/www.visit-ulcinj.com\/blog\/#\/schema\/person\/dcab619c614d3038751c63bc2aadc06d\",\"name\":\"ulqini\",\"sameAs\":[\"http:\/\/www.visit-ulcinj.com\"],\"url\":\"https:\/\/www.visit-ulcinj.com\/blog\/author\/admin\/\"}]}<\/script>\n<!-- \/ Yoast SEO plugin. -->","yoast_head_json":{"title":"Otvoreno prvo predstavni\u0161tvo Nacionalne turisti?ke organizacije Crne Gore u Frankfurtu - Lajme nga Ulqini","robots":{"index":"index","follow":"follow","max-snippet":"max-snippet:-1","max-image-preview":"max-image-preview:large","max-video-preview":"max-video-preview:-1"},"canonical":"https:\/\/www.visit-ulcinj.com\/blog\/2008\/05\/27\/otvoreno-prvo-predstavnistvo-nacionalne-turisticke-organizacije-crne-gore-u-frankfurtu\/","og_locale":"en_US","og_type":"article","og_title":"Otvoreno prvo predstavni\u0161tvo Nacionalne turisti?ke organizacije Crne Gore u Frankfurtu - Lajme nga Ulqini","og_url":"https:\/\/www.visit-ulcinj.com\/blog\/2008\/05\/27\/otvoreno-prvo-predstavnistvo-nacionalne-turisticke-organizacije-crne-gore-u-frankfurtu\/","og_site_name":"Lajme nga Ulqini","article_published_time":"2008-05-27T21:18:55+00:00","article_modified_time":"2008-05-27T21:28:11+00:00","og_image":[{"url":"http:\/\/www.gom.cg.yu\/img\/1211902460.jpg"}],"twitter_misc":{"Written by":"ulqini","Est. reading time":"1 minute"},"schema":{"@context":"https:\/\/schema.org","@graph":[{"@type":"WebSite","@id":"https:\/\/www.visit-ulcinj.com\/blog\/#website","url":"https:\/\/www.visit-ulcinj.com\/blog\/","name":"Lajme nga Ulqini","description":"Lajme,Vijesti,Ulqini,Ulqin,Crna Gora,Mali i Zi","potentialAction":[{"@type":"SearchAction","target":{"@type":"EntryPoint","urlTemplate":"https:\/\/www.visit-ulcinj.com\/blog\/?s={search_term_string}"},"query-input":"required name=search_term_string"}],"inLanguage":"en-US"},{"@type":"ImageObject","inLanguage":"en-US","@id":"https:\/\/www.visit-ulcinj.com\/blog\/2008\/05\/27\/otvoreno-prvo-predstavnistvo-nacionalne-turisticke-organizacije-crne-gore-u-frankfurtu\/#primaryimage","url":"http:\/\/www.gom.cg.yu\/img\/1211902460.jpg","contentUrl":"http:\/\/www.gom.cg.yu\/img\/1211902460.jpg"},{"@type":"WebPage","@id":"https:\/\/www.visit-ulcinj.com\/blog\/2008\/05\/27\/otvoreno-prvo-predstavnistvo-nacionalne-turisticke-organizacije-crne-gore-u-frankfurtu\/#webpage","url":"https:\/\/www.visit-ulcinj.com\/blog\/2008\/05\/27\/otvoreno-prvo-predstavnistvo-nacionalne-turisticke-organizacije-crne-gore-u-frankfurtu\/","name":"Otvoreno prvo predstavni\u0161tvo Nacionalne turisti?ke organizacije Crne Gore u Frankfurtu - Lajme nga Ulqini","isPartOf":{"@id":"https:\/\/www.visit-ulcinj.com\/blog\/#website"},"primaryImageOfPage":{"@id":"https:\/\/www.visit-ulcinj.com\/blog\/2008\/05\/27\/otvoreno-prvo-predstavnistvo-nacionalne-turisticke-organizacije-crne-gore-u-frankfurtu\/#primaryimage"},"datePublished":"2008-05-27T21:18:55+00:00","dateModified":"2008-05-27T21:28:11+00:00","author":{"@id":"https:\/\/www.visit-ulcinj.com\/blog\/#\/schema\/person\/dcab619c614d3038751c63bc2aadc06d"},"breadcrumb":{"@id":"https:\/\/www.visit-ulcinj.com\/blog\/2008\/05\/27\/otvoreno-prvo-predstavnistvo-nacionalne-turisticke-organizacije-crne-gore-u-frankfurtu\/#breadcrumb"},"inLanguage":"en-US","potentialAction":[{"@type":"ReadAction","target":["https:\/\/www.visit-ulcinj.com\/blog\/2008\/05\/27\/otvoreno-prvo-predstavnistvo-nacionalne-turisticke-organizacije-crne-gore-u-frankfurtu\/"]}]},{"@type":"BreadcrumbList","@id":"https:\/\/www.visit-ulcinj.com\/blog\/2008\/05\/27\/otvoreno-prvo-predstavnistvo-nacionalne-turisticke-organizacije-crne-gore-u-frankfurtu\/#breadcrumb","itemListElement":[{"@type":"ListItem","position":1,"name":"Otvoreno prvo predstavni\u0161tvo Nacionalne turisti?ke organizacije Crne Gore u Frankfurtu"}]},{"@type":"Person","@id":"https:\/\/www.visit-ulcinj.com\/blog\/#\/schema\/person\/dcab619c614d3038751c63bc2aadc06d","name":"ulqini","sameAs":["http:\/\/www.visit-ulcinj.com"],"url":"https:\/\/www.visit-ulcinj.com\/blog\/author\/admin\/"}]}},"jetpack_featured_media_url":"","jetpack_sharing_enabled":true,"jetpack_shortlink":"https:\/\/wp.me\/pe6lTn-sG","_links":{"self":[{"href":"https:\/\/www.visit-ulcinj.com\/blog\/wp-json\/wp\/v2\/posts\/1778"}],"collection":[{"href":"https:\/\/www.visit-ulcinj.com\/blog\/wp-json\/wp\/v2\/posts"}],"about":[{"href":"https:\/\/www.visit-ulcinj.com\/blog\/wp-json\/wp\/v2\/types\/post"}],"author":[{"embeddable":true,"href":"https:\/\/www.visit-ulcinj.com\/blog\/wp-json\/wp\/v2\/users\/1"}],"replies":[{"embeddable":true,"href":"https:\/\/www.visit-ulcinj.com\/blog\/wp-json\/wp\/v2\/comments?post=1778"}],"version-history":[{"count":0,"href":"https:\/\/www.visit-ulcinj.com\/blog\/wp-json\/wp\/v2\/posts\/1778\/revisions"}],"wp:attachment":[{"href":"https:\/\/www.visit-ulcinj.com\/blog\/wp-json\/wp\/v2\/media?parent=1778"}],"wp:term":[{"taxonomy":"category","embeddable":true,"href":"https:\/\/www.visit-ulcinj.com\/blog\/wp-json\/wp\/v2\/categories?post=1778"},{"taxonomy":"post_tag","embeddable":true,"href":"https:\/\/www.visit-ulcinj.com\/blog\/wp-json\/wp\/v2\/tags?post=1778"}],"curies":[{"name":"wp","href":"https:\/\/api.w.org\/{rel}","templated":true}]}}