{"id":1779,"date":"2008-05-27T16:55:20","date_gmt":"2008-05-27T21:55:20","guid":{"rendered":"http:\/\/www.visit-ulcinj.com\/blog\/?p=1779"},"modified":"2008-05-27T16:57:02","modified_gmt":"2008-05-27T21:57:02","slug":"decouvrez-ulcinj-montenegro","status":"publish","type":"post","link":"https:\/\/www.visit-ulcinj.com\/blog\/2008\/05\/27\/decouvrez-ulcinj-montenegro\/","title":{"rendered":"D\u00e9couvrez  Ulcinj &#8211; Mont\u00e9n\u00e9gro"},"content":{"rendered":"<p><a title=\"ulcinj,ulqini,ulqin,montenegro,mali i zi,crna gora,\" href=\"http:\/\/cerna-hora-info.cz\/ulcinjska_riviera\/img\/ulcinj2.jpg\" target=\"_blank\"><img loading=\"lazy\" class=\"alignleft\" style=\"float: left;\" src=\"http:\/\/cerna-hora-info.cz\/ulcinjska_riviera\/img\/th_ulcinj2.jpg\" alt=\"ulqin_ulcinj_relief\" width=\"240\" height=\"157\" \/><\/a>Ulcinj install\u00e9e sur un patrimoine entre deux baies est la plus grande ville du littoral Adriatique. La ville est \u00e9voqu\u00e9e d\u00e8s la p\u00e9riode romaine. Des vestiges de cette p\u00e9riode et celle de l\u2019administration byzantine sont conserv\u00e9s jusqu\u2019\u00e0 nos jours.<br \/>\nLa plage d\u2019Ulcinj est la plus longue sur la cote adriatique compar\u00e9e \u00e0 la Copacabana br\u00e9silienne. Elle s\u2019\u00e9tire sur 14,9 km.<br \/>\nBaignade et d\u00e9jeuner sur l\u2019ile d\u2019Ada Bojana sont les incontournables<a href=\"http:\/\/www.visit-ulcinj.com\/blog\/wp-content\/uploads\/2008\/03\/ada_bojana_ulcinj.jpg\"><img loading=\"lazy\" class=\"alignright attachment wp-att-820\" style=\"float: right;\" src=\"http:\/\/www.visit-ulcinj.com\/blog\/wp-content\/uploads\/2008\/03\/ada_bojana_ulcinj.thumbnail.jpg\" alt=\"Ada  Bojana Ulcinj\" width=\"148\" height=\"141\" \/><\/a><br \/>\nUn ph\u00e9nom\u00e8ne naturel unique existe \u00e0 Ulcinj il s\u2019agit d\u2019une ile de rivi\u00e8re et de mer en m\u00eame temps, cr\u00e9\u00e9 \u00e0 l\u2019embouchure de la Bojana dans l\u2019adriatique.<br \/>\nLes s\u00e9diments de sable d\u00e9pos\u00e9s par les mouvements de la rivi\u00e8re ont donn\u00e9 naissance \u00e0 l\u2019ile d\u2019Ada Bojana.<br \/>\nElle a \u00e9t\u00e9 cr\u00e9e par les alluvions qui se sont accumul\u00e9s, au fil du temps, autour d\u2019un r\u00e9cif et de l\u2019\u00e9pave d\u2019un voilier (dont l\u2019armateur \u00e9tait Antun Allegretti, un marchand de Trogir) qui y fit naufrage en 1858. L\u2019ile a divis\u00e9 le cours d\u2019eau en deux bras.<\/p>\n<!-- vimeo error: not a vimeo video -->\n","protected":false},"excerpt":{"rendered":"<p><img loading=\"lazy\" class=\"alignleft\" style=\"float: left;\" src=\"http:\/\/cerna-hora-info.cz\/ulcinjska_riviera\/img\/th_ulcinj2.jpg\" alt=\"ulqin_ulcinj_relief\" width=\"140\" height=\"140\" \/><\/p>\n","protected":false},"author":1,"featured_media":0,"comment_status":"open","ping_status":"closed","sticky":false,"template":"","format":"standard","meta":{"spay_email":"","jetpack_publicize_message":"","jetpack_is_tweetstorm":false,"jetpack_publicize_feature_enabled":true},"categories":[15],"tags":[3538,3536,2105,3534,3535,3537,79],"jetpack_publicize_connections":[],"yoast_head":"<!-- This site is optimized with the Yoast SEO plugin v19.1 - https:\/\/yoast.com\/wordpress\/plugins\/seo\/ -->\n<title>D\u00e9couvrez Ulcinj - Mont\u00e9n\u00e9gro - Lajme nga Ulqini<\/title>\n<meta name=\"robots\" content=\"index, follow, max-snippet:-1, max-image-preview:large, max-video-preview:-1\" \/>\n<link rel=\"canonical\" href=\"https:\/\/www.visit-ulcinj.com\/blog\/2008\/05\/27\/decouvrez-ulcinj-montenegro\/\" \/>\n<meta property=\"og:locale\" content=\"en_US\" \/>\n<meta property=\"og:type\" content=\"article\" \/>\n<meta property=\"og:title\" content=\"D\u00e9couvrez Ulcinj - Mont\u00e9n\u00e9gro - Lajme nga Ulqini\" \/>\n<meta property=\"og:url\" content=\"https:\/\/www.visit-ulcinj.com\/blog\/2008\/05\/27\/decouvrez-ulcinj-montenegro\/\" \/>\n<meta property=\"og:site_name\" content=\"Lajme nga Ulqini\" \/>\n<meta property=\"article:published_time\" content=\"2008-05-27T21:55:20+00:00\" \/>\n<meta property=\"article:modified_time\" content=\"2008-05-27T21:57:02+00:00\" \/>\n<meta property=\"og:image\" content=\"http:\/\/cerna-hora-info.cz\/ulcinjska_riviera\/img\/th_ulcinj2.jpg\" \/>\n<meta name=\"twitter:label1\" content=\"Written by\" \/>\n\t<meta name=\"twitter:data1\" content=\"ulqini\" \/>\n\t<meta name=\"twitter:label2\" content=\"Est. reading time\" \/>\n\t<meta name=\"twitter:data2\" content=\"1 minute\" \/>\n<script type=\"application\/ld+json\" class=\"yoast-schema-graph\">{\"@context\":\"https:\/\/schema.org\",\"@graph\":[{\"@type\":\"WebSite\",\"@id\":\"https:\/\/www.visit-ulcinj.com\/blog\/#website\",\"url\":\"https:\/\/www.visit-ulcinj.com\/blog\/\",\"name\":\"Lajme nga Ulqini\",\"description\":\"Lajme,Vijesti,Ulqini,Ulqin,Crna Gora,Mali i Zi\",\"potentialAction\":[{\"@type\":\"SearchAction\",\"target\":{\"@type\":\"EntryPoint\",\"urlTemplate\":\"https:\/\/www.visit-ulcinj.com\/blog\/?s={search_term_string}\"},\"query-input\":\"required name=search_term_string\"}],\"inLanguage\":\"en-US\"},{\"@type\":\"ImageObject\",\"inLanguage\":\"en-US\",\"@id\":\"https:\/\/www.visit-ulcinj.com\/blog\/2008\/05\/27\/decouvrez-ulcinj-montenegro\/#primaryimage\",\"url\":\"http:\/\/cerna-hora-info.cz\/ulcinjska_riviera\/img\/th_ulcinj2.jpg\",\"contentUrl\":\"http:\/\/cerna-hora-info.cz\/ulcinjska_riviera\/img\/th_ulcinj2.jpg\"},{\"@type\":\"WebPage\",\"@id\":\"https:\/\/www.visit-ulcinj.com\/blog\/2008\/05\/27\/decouvrez-ulcinj-montenegro\/#webpage\",\"url\":\"https:\/\/www.visit-ulcinj.com\/blog\/2008\/05\/27\/decouvrez-ulcinj-montenegro\/\",\"name\":\"D\u00e9couvrez Ulcinj - Mont\u00e9n\u00e9gro - Lajme nga Ulqini\",\"isPartOf\":{\"@id\":\"https:\/\/www.visit-ulcinj.com\/blog\/#website\"},\"primaryImageOfPage\":{\"@id\":\"https:\/\/www.visit-ulcinj.com\/blog\/2008\/05\/27\/decouvrez-ulcinj-montenegro\/#primaryimage\"},\"datePublished\":\"2008-05-27T21:55:20+00:00\",\"dateModified\":\"2008-05-27T21:57:02+00:00\",\"author\":{\"@id\":\"https:\/\/www.visit-ulcinj.com\/blog\/#\/schema\/person\/dcab619c614d3038751c63bc2aadc06d\"},\"breadcrumb\":{\"@id\":\"https:\/\/www.visit-ulcinj.com\/blog\/2008\/05\/27\/decouvrez-ulcinj-montenegro\/#breadcrumb\"},\"inLanguage\":\"en-US\",\"potentialAction\":[{\"@type\":\"ReadAction\",\"target\":[\"https:\/\/www.visit-ulcinj.com\/blog\/2008\/05\/27\/decouvrez-ulcinj-montenegro\/\"]}]},{\"@type\":\"BreadcrumbList\",\"@id\":\"https:\/\/www.visit-ulcinj.com\/blog\/2008\/05\/27\/decouvrez-ulcinj-montenegro\/#breadcrumb\",\"itemListElement\":[{\"@type\":\"ListItem\",\"position\":1,\"name\":\"D\u00e9couvrez Ulcinj &#8211; Mont\u00e9n\u00e9gro\"}]},{\"@type\":\"Person\",\"@id\":\"https:\/\/www.visit-ulcinj.com\/blog\/#\/schema\/person\/dcab619c614d3038751c63bc2aadc06d\",\"name\":\"ulqini\",\"sameAs\":[\"http:\/\/www.visit-ulcinj.com\"],\"url\":\"https:\/\/www.visit-ulcinj.com\/blog\/author\/admin\/\"}]}<\/script>\n<!-- \/ Yoast SEO plugin. -->","yoast_head_json":{"title":"D\u00e9couvrez Ulcinj - Mont\u00e9n\u00e9gro - Lajme nga Ulqini","robots":{"index":"index","follow":"follow","max-snippet":"max-snippet:-1","max-image-preview":"max-image-preview:large","max-video-preview":"max-video-preview:-1"},"canonical":"https:\/\/www.visit-ulcinj.com\/blog\/2008\/05\/27\/decouvrez-ulcinj-montenegro\/","og_locale":"en_US","og_type":"article","og_title":"D\u00e9couvrez Ulcinj - Mont\u00e9n\u00e9gro - Lajme nga Ulqini","og_url":"https:\/\/www.visit-ulcinj.com\/blog\/2008\/05\/27\/decouvrez-ulcinj-montenegro\/","og_site_name":"Lajme nga Ulqini","article_published_time":"2008-05-27T21:55:20+00:00","article_modified_time":"2008-05-27T21:57:02+00:00","og_image":[{"url":"http:\/\/cerna-hora-info.cz\/ulcinjska_riviera\/img\/th_ulcinj2.jpg"}],"twitter_misc":{"Written by":"ulqini","Est. reading time":"1 minute"},"schema":{"@context":"https:\/\/schema.org","@graph":[{"@type":"WebSite","@id":"https:\/\/www.visit-ulcinj.com\/blog\/#website","url":"https:\/\/www.visit-ulcinj.com\/blog\/","name":"Lajme nga Ulqini","description":"Lajme,Vijesti,Ulqini,Ulqin,Crna Gora,Mali i Zi","potentialAction":[{"@type":"SearchAction","target":{"@type":"EntryPoint","urlTemplate":"https:\/\/www.visit-ulcinj.com\/blog\/?s={search_term_string}"},"query-input":"required name=search_term_string"}],"inLanguage":"en-US"},{"@type":"ImageObject","inLanguage":"en-US","@id":"https:\/\/www.visit-ulcinj.com\/blog\/2008\/05\/27\/decouvrez-ulcinj-montenegro\/#primaryimage","url":"http:\/\/cerna-hora-info.cz\/ulcinjska_riviera\/img\/th_ulcinj2.jpg","contentUrl":"http:\/\/cerna-hora-info.cz\/ulcinjska_riviera\/img\/th_ulcinj2.jpg"},{"@type":"WebPage","@id":"https:\/\/www.visit-ulcinj.com\/blog\/2008\/05\/27\/decouvrez-ulcinj-montenegro\/#webpage","url":"https:\/\/www.visit-ulcinj.com\/blog\/2008\/05\/27\/decouvrez-ulcinj-montenegro\/","name":"D\u00e9couvrez Ulcinj - Mont\u00e9n\u00e9gro - Lajme nga Ulqini","isPartOf":{"@id":"https:\/\/www.visit-ulcinj.com\/blog\/#website"},"primaryImageOfPage":{"@id":"https:\/\/www.visit-ulcinj.com\/blog\/2008\/05\/27\/decouvrez-ulcinj-montenegro\/#primaryimage"},"datePublished":"2008-05-27T21:55:20+00:00","dateModified":"2008-05-27T21:57:02+00:00","author":{"@id":"https:\/\/www.visit-ulcinj.com\/blog\/#\/schema\/person\/dcab619c614d3038751c63bc2aadc06d"},"breadcrumb":{"@id":"https:\/\/www.visit-ulcinj.com\/blog\/2008\/05\/27\/decouvrez-ulcinj-montenegro\/#breadcrumb"},"inLanguage":"en-US","potentialAction":[{"@type":"ReadAction","target":["https:\/\/www.visit-ulcinj.com\/blog\/2008\/05\/27\/decouvrez-ulcinj-montenegro\/"]}]},{"@type":"BreadcrumbList","@id":"https:\/\/www.visit-ulcinj.com\/blog\/2008\/05\/27\/decouvrez-ulcinj-montenegro\/#breadcrumb","itemListElement":[{"@type":"ListItem","position":1,"name":"D\u00e9couvrez Ulcinj &#8211; Mont\u00e9n\u00e9gro"}]},{"@type":"Person","@id":"https:\/\/www.visit-ulcinj.com\/blog\/#\/schema\/person\/dcab619c614d3038751c63bc2aadc06d","name":"ulqini","sameAs":["http:\/\/www.visit-ulcinj.com"],"url":"https:\/\/www.visit-ulcinj.com\/blog\/author\/admin\/"}]}},"jetpack_featured_media_url":"","jetpack_sharing_enabled":true,"jetpack_shortlink":"https:\/\/wp.me\/pe6lTn-sH","_links":{"self":[{"href":"https:\/\/www.visit-ulcinj.com\/blog\/wp-json\/wp\/v2\/posts\/1779"}],"collection":[{"href":"https:\/\/www.visit-ulcinj.com\/blog\/wp-json\/wp\/v2\/posts"}],"about":[{"href":"https:\/\/www.visit-ulcinj.com\/blog\/wp-json\/wp\/v2\/types\/post"}],"author":[{"embeddable":true,"href":"https:\/\/www.visit-ulcinj.com\/blog\/wp-json\/wp\/v2\/users\/1"}],"replies":[{"embeddable":true,"href":"https:\/\/www.visit-ulcinj.com\/blog\/wp-json\/wp\/v2\/comments?post=1779"}],"version-history":[{"count":0,"href":"https:\/\/www.visit-ulcinj.com\/blog\/wp-json\/wp\/v2\/posts\/1779\/revisions"}],"wp:attachment":[{"href":"https:\/\/www.visit-ulcinj.com\/blog\/wp-json\/wp\/v2\/media?parent=1779"}],"wp:term":[{"taxonomy":"category","embeddable":true,"href":"https:\/\/www.visit-ulcinj.com\/blog\/wp-json\/wp\/v2\/categories?post=1779"},{"taxonomy":"post_tag","embeddable":true,"href":"https:\/\/www.visit-ulcinj.com\/blog\/wp-json\/wp\/v2\/tags?post=1779"}],"curies":[{"name":"wp","href":"https:\/\/api.w.org\/{rel}","templated":true}]}}