{"id":178,"date":"2008-01-17T13:16:52","date_gmt":"2008-01-17T18:16:52","guid":{"rendered":"http:\/\/www.visit-ulcinj.com\/blog\/2008\/01\/17\/crna-gora-nikad-bolje\/"},"modified":"2008-02-12T18:46:56","modified_gmt":"2008-02-12T23:46:56","slug":"crna-gora-nikad-bolje","status":"publish","type":"post","link":"https:\/\/www.visit-ulcinj.com\/blog\/2008\/01\/17\/crna-gora-nikad-bolje\/","title":{"rendered":"Crna Gora: Nikad bolje"},"content":{"rendered":"<p class=\"mosimage\" style=\"float: left\" align=\"center\"><img loading=\"lazy\" src=\"http:\/\/www.e-turizam.com\/images\/stories\/ulcinj.jpg\" title=\"Crna Gora: Nikad bolje \" alt=\"Crna Gora: Nikad bolje \" border=\"0\" height=\"147\" hspace=\"6\" width=\"220\" \/><\/p>\n<p class=\"mosimage_caption\" style=\"text-align: center\" align=\"center\">Ulcinj<\/p>\n<p>Na osnovu finansijskih, fizi?kih i kvalitativnih  pokazatelja, turisti?ka sezona 2007. godine je bila najbolja u istoriji.  \u201cKarakteri\u0161e je podizanje nivoa kvaliteta u svim<!--more--> segmentima servisnog lanca.  Unaprije?ena je infrastruktura,pove?an je broj i pobolj\u0161ana struktura  smje\u0161tajnih kapaciteteta,pla\u017ee su bile bolje ure?ene, a vanpansionska ponuda je  bila bogatija, saop\u0161teno je iz ministarstva turizma i za\u0161tite \u017eivotne sredine.Tako?e, turisti?ke sezone sve du\u017ee traju, ovogodi\u0161nja je po?ela u martu i  trajala je do prve polovine oktobra. \u201cRast broja turista sa tr\u017ei\u0161ta Zapadne,  Centralne i Sjeverne Evrope, pove?anje potro\u0161nje po gostu i po danu, br\u017ei rast  prihoda od rasta no?enja, kao i pove?ano interesovanje turista za planinski dio  Crne Gore i nacionalne parkove karakteri\u0161e ovu sezonu\u201d, ka\u017eu u ministarstvu  turizma.<\/p>\n<p>\u201cDakle, ostvarili smo i prema\u0161ili ciljeve koje smo postavili u Ekonomskoj  politici za 2007. godinu\u201d, nagla\u0161avaju iz ovog ministarstva. U stvaranju  zakonskog i institucionalnog okvira daleko se odmaklo.<\/p>\n<p class=\"mosimage\" style=\"float: right\" align=\"center\"><img loading=\"lazy\" src=\"http:\/\/www.e-turizam.com\/images\/stories\/svet_stefan.jpg\" title=\"Crna Gora: Nikad bolje \" alt=\"Crna Gora: Nikad bolje \" border=\"0\" height=\"212\" hspace=\"6\" width=\"300\" \/><\/p>\n<p class=\"mosimage_caption\" style=\"text-align: center\" align=\"center\">Sveti  Stefan<\/p>\n<p>Nakon uspje\u0161ne implementacije tokom prethodnih \u0161est  godina, inovira se Masterplan razvoja turizma, utvrdjen je i usvojen ?itav set  zakona koji reguli\u0161u ovu oblast, proces privatizacije, kojeg su pratile zna?ajne  investicije, u zavr\u0161noj je fazi, usvojena je Strategija ljudskih resursa u  turizmu, reorganizaovana je Nacionalna turisti?ka organizacija, formirano ve? 19  lokalnih turisti?kih i jedna regionalnog karaktera, a priprema se dr\u017eavni  projekat ubrzane turisti?ke valorizacije sjevera, kroz projekte integrisanog  ljetnjeg i zimskog turizma.<\/p>\n<p class=\"mosimage\" style=\"float: left\" align=\"center\"><img loading=\"lazy\" src=\"http:\/\/www.e-turizam.com\/images\/stories\/herceg_novi1.jpg\" title=\"Crna Gora: Nikad bolje \" alt=\"Crna Gora: Nikad bolje \" border=\"0\" height=\"325\" hspace=\"6\" width=\"488\" \/><\/p>\n<p class=\"mosimage_caption\" style=\"text-align: center\" align=\"center\">Herceg  Novi<\/p>\n<p>\u201cPromotivne aktivnosti usmjerene ka emitivnim tr\u017ei\u0161tima su dobro  osmi\u0161ljene i rezultirale su dobrom posjetom turista iz cijelog svijeta\u201d,  ocijenjeno je iz resorsnog ministarstva. U periodu januar \u2013 decembar 2007.  godine ukupan prihod od turizma iznosio je 480 miliona eura, \u0161to je pove?anje od  39 odsto u odnosu na isti period 2006. godine. U ministarstvu turizma predvi?aju  da ?e  2008. godine u Crnu Goru posjetiti  1,265 miliona turista, kao i da je  mogu?e ostvariti prihod od skoro 550 miliona eura, a da ?e broj zaposlenih u  turizmu dosti?i cifru od 16,2 hiljade.\u201cTako?e, treba usmjeriti aktivnosti na nastavak pozicioniranja Crne Gore kao  ekskluzivnog ponu?a?a na Sredozemnom moru, za ljetnju i zimsku turisti?ku  sezonu, razvoju sveukupnog turisti?kog proizvoda i promociji Brenda, i usvajiti  inoviranu Strategiju razvoja turizma Masterplan do 2020\u201d, prioriteti su  ministarstva turizma za ovu godinu.k<\/p>\n","protected":false},"excerpt":{"rendered":"<p><img loading=\"lazy\" src=\"http:\/\/www.e-turizam.com\/images\/stories\/ulcinj.jpg\" title=\"Crna Gora: Nikad bolje \" alt=\"Crna Gora: Nikad bolje\" height=\"140\" width=\"140\" \/><\/p>\n","protected":false},"author":1,"featured_media":0,"comment_status":"open","ping_status":"closed","sticky":false,"template":"","format":"standard","meta":{"spay_email":"","jetpack_publicize_message":"","jetpack_is_tweetstorm":false,"jetpack_publicize_feature_enabled":true},"categories":[15],"tags":[1211,524,423,523,439,525,19],"jetpack_publicize_connections":[],"yoast_head":"<!-- This site is optimized with the Yoast SEO plugin v19.1 - https:\/\/yoast.com\/wordpress\/plugins\/seo\/ -->\n<title>Crna Gora: Nikad bolje - Lajme nga Ulqini<\/title>\n<meta name=\"robots\" content=\"index, follow, max-snippet:-1, max-image-preview:large, max-video-preview:-1\" \/>\n<link rel=\"canonical\" href=\"https:\/\/www.visit-ulcinj.com\/blog\/2008\/01\/17\/crna-gora-nikad-bolje\/\" \/>\n<meta property=\"og:locale\" content=\"en_US\" \/>\n<meta property=\"og:type\" content=\"article\" \/>\n<meta property=\"og:title\" content=\"Crna Gora: Nikad bolje - Lajme nga Ulqini\" \/>\n<meta property=\"og:url\" content=\"https:\/\/www.visit-ulcinj.com\/blog\/2008\/01\/17\/crna-gora-nikad-bolje\/\" \/>\n<meta property=\"og:site_name\" content=\"Lajme nga Ulqini\" \/>\n<meta property=\"article:published_time\" content=\"2008-01-17T18:16:52+00:00\" \/>\n<meta property=\"article:modified_time\" content=\"2008-02-12T23:46:56+00:00\" \/>\n<meta property=\"og:image\" content=\"http:\/\/www.e-turizam.com\/images\/stories\/ulcinj.jpg\" \/>\n<meta name=\"twitter:label1\" content=\"Written by\" \/>\n\t<meta name=\"twitter:data1\" content=\"ulqini\" \/>\n\t<meta name=\"twitter:label2\" content=\"Est. reading time\" \/>\n\t<meta name=\"twitter:data2\" content=\"2 minutes\" \/>\n<script type=\"application\/ld+json\" class=\"yoast-schema-graph\">{\"@context\":\"https:\/\/schema.org\",\"@graph\":[{\"@type\":\"WebSite\",\"@id\":\"https:\/\/www.visit-ulcinj.com\/blog\/#website\",\"url\":\"https:\/\/www.visit-ulcinj.com\/blog\/\",\"name\":\"Lajme nga Ulqini\",\"description\":\"Lajme,Vijesti,Ulqini,Ulqin,Crna Gora,Mali i Zi\",\"potentialAction\":[{\"@type\":\"SearchAction\",\"target\":{\"@type\":\"EntryPoint\",\"urlTemplate\":\"https:\/\/www.visit-ulcinj.com\/blog\/?s={search_term_string}\"},\"query-input\":\"required name=search_term_string\"}],\"inLanguage\":\"en-US\"},{\"@type\":\"ImageObject\",\"inLanguage\":\"en-US\",\"@id\":\"https:\/\/www.visit-ulcinj.com\/blog\/2008\/01\/17\/crna-gora-nikad-bolje\/#primaryimage\",\"url\":\"http:\/\/www.e-turizam.com\/images\/stories\/ulcinj.jpg\",\"contentUrl\":\"http:\/\/www.e-turizam.com\/images\/stories\/ulcinj.jpg\"},{\"@type\":\"WebPage\",\"@id\":\"https:\/\/www.visit-ulcinj.com\/blog\/2008\/01\/17\/crna-gora-nikad-bolje\/#webpage\",\"url\":\"https:\/\/www.visit-ulcinj.com\/blog\/2008\/01\/17\/crna-gora-nikad-bolje\/\",\"name\":\"Crna Gora: Nikad bolje - Lajme nga Ulqini\",\"isPartOf\":{\"@id\":\"https:\/\/www.visit-ulcinj.com\/blog\/#website\"},\"primaryImageOfPage\":{\"@id\":\"https:\/\/www.visit-ulcinj.com\/blog\/2008\/01\/17\/crna-gora-nikad-bolje\/#primaryimage\"},\"datePublished\":\"2008-01-17T18:16:52+00:00\",\"dateModified\":\"2008-02-12T23:46:56+00:00\",\"author\":{\"@id\":\"https:\/\/www.visit-ulcinj.com\/blog\/#\/schema\/person\/dcab619c614d3038751c63bc2aadc06d\"},\"breadcrumb\":{\"@id\":\"https:\/\/www.visit-ulcinj.com\/blog\/2008\/01\/17\/crna-gora-nikad-bolje\/#breadcrumb\"},\"inLanguage\":\"en-US\",\"potentialAction\":[{\"@type\":\"ReadAction\",\"target\":[\"https:\/\/www.visit-ulcinj.com\/blog\/2008\/01\/17\/crna-gora-nikad-bolje\/\"]}]},{\"@type\":\"BreadcrumbList\",\"@id\":\"https:\/\/www.visit-ulcinj.com\/blog\/2008\/01\/17\/crna-gora-nikad-bolje\/#breadcrumb\",\"itemListElement\":[{\"@type\":\"ListItem\",\"position\":1,\"name\":\"Crna Gora: Nikad bolje\"}]},{\"@type\":\"Person\",\"@id\":\"https:\/\/www.visit-ulcinj.com\/blog\/#\/schema\/person\/dcab619c614d3038751c63bc2aadc06d\",\"name\":\"ulqini\",\"sameAs\":[\"http:\/\/www.visit-ulcinj.com\"],\"url\":\"https:\/\/www.visit-ulcinj.com\/blog\/author\/admin\/\"}]}<\/script>\n<!-- \/ Yoast SEO plugin. -->","yoast_head_json":{"title":"Crna Gora: Nikad bolje - Lajme nga Ulqini","robots":{"index":"index","follow":"follow","max-snippet":"max-snippet:-1","max-image-preview":"max-image-preview:large","max-video-preview":"max-video-preview:-1"},"canonical":"https:\/\/www.visit-ulcinj.com\/blog\/2008\/01\/17\/crna-gora-nikad-bolje\/","og_locale":"en_US","og_type":"article","og_title":"Crna Gora: Nikad bolje - Lajme nga Ulqini","og_url":"https:\/\/www.visit-ulcinj.com\/blog\/2008\/01\/17\/crna-gora-nikad-bolje\/","og_site_name":"Lajme nga Ulqini","article_published_time":"2008-01-17T18:16:52+00:00","article_modified_time":"2008-02-12T23:46:56+00:00","og_image":[{"url":"http:\/\/www.e-turizam.com\/images\/stories\/ulcinj.jpg"}],"twitter_misc":{"Written by":"ulqini","Est. reading time":"2 minutes"},"schema":{"@context":"https:\/\/schema.org","@graph":[{"@type":"WebSite","@id":"https:\/\/www.visit-ulcinj.com\/blog\/#website","url":"https:\/\/www.visit-ulcinj.com\/blog\/","name":"Lajme nga Ulqini","description":"Lajme,Vijesti,Ulqini,Ulqin,Crna Gora,Mali i Zi","potentialAction":[{"@type":"SearchAction","target":{"@type":"EntryPoint","urlTemplate":"https:\/\/www.visit-ulcinj.com\/blog\/?s={search_term_string}"},"query-input":"required name=search_term_string"}],"inLanguage":"en-US"},{"@type":"ImageObject","inLanguage":"en-US","@id":"https:\/\/www.visit-ulcinj.com\/blog\/2008\/01\/17\/crna-gora-nikad-bolje\/#primaryimage","url":"http:\/\/www.e-turizam.com\/images\/stories\/ulcinj.jpg","contentUrl":"http:\/\/www.e-turizam.com\/images\/stories\/ulcinj.jpg"},{"@type":"WebPage","@id":"https:\/\/www.visit-ulcinj.com\/blog\/2008\/01\/17\/crna-gora-nikad-bolje\/#webpage","url":"https:\/\/www.visit-ulcinj.com\/blog\/2008\/01\/17\/crna-gora-nikad-bolje\/","name":"Crna Gora: Nikad bolje - Lajme nga Ulqini","isPartOf":{"@id":"https:\/\/www.visit-ulcinj.com\/blog\/#website"},"primaryImageOfPage":{"@id":"https:\/\/www.visit-ulcinj.com\/blog\/2008\/01\/17\/crna-gora-nikad-bolje\/#primaryimage"},"datePublished":"2008-01-17T18:16:52+00:00","dateModified":"2008-02-12T23:46:56+00:00","author":{"@id":"https:\/\/www.visit-ulcinj.com\/blog\/#\/schema\/person\/dcab619c614d3038751c63bc2aadc06d"},"breadcrumb":{"@id":"https:\/\/www.visit-ulcinj.com\/blog\/2008\/01\/17\/crna-gora-nikad-bolje\/#breadcrumb"},"inLanguage":"en-US","potentialAction":[{"@type":"ReadAction","target":["https:\/\/www.visit-ulcinj.com\/blog\/2008\/01\/17\/crna-gora-nikad-bolje\/"]}]},{"@type":"BreadcrumbList","@id":"https:\/\/www.visit-ulcinj.com\/blog\/2008\/01\/17\/crna-gora-nikad-bolje\/#breadcrumb","itemListElement":[{"@type":"ListItem","position":1,"name":"Crna Gora: Nikad bolje"}]},{"@type":"Person","@id":"https:\/\/www.visit-ulcinj.com\/blog\/#\/schema\/person\/dcab619c614d3038751c63bc2aadc06d","name":"ulqini","sameAs":["http:\/\/www.visit-ulcinj.com"],"url":"https:\/\/www.visit-ulcinj.com\/blog\/author\/admin\/"}]}},"jetpack_featured_media_url":"","jetpack_sharing_enabled":true,"jetpack_shortlink":"https:\/\/wp.me\/pe6lTn-2S","_links":{"self":[{"href":"https:\/\/www.visit-ulcinj.com\/blog\/wp-json\/wp\/v2\/posts\/178"}],"collection":[{"href":"https:\/\/www.visit-ulcinj.com\/blog\/wp-json\/wp\/v2\/posts"}],"about":[{"href":"https:\/\/www.visit-ulcinj.com\/blog\/wp-json\/wp\/v2\/types\/post"}],"author":[{"embeddable":true,"href":"https:\/\/www.visit-ulcinj.com\/blog\/wp-json\/wp\/v2\/users\/1"}],"replies":[{"embeddable":true,"href":"https:\/\/www.visit-ulcinj.com\/blog\/wp-json\/wp\/v2\/comments?post=178"}],"version-history":[{"count":0,"href":"https:\/\/www.visit-ulcinj.com\/blog\/wp-json\/wp\/v2\/posts\/178\/revisions"}],"wp:attachment":[{"href":"https:\/\/www.visit-ulcinj.com\/blog\/wp-json\/wp\/v2\/media?parent=178"}],"wp:term":[{"taxonomy":"category","embeddable":true,"href":"https:\/\/www.visit-ulcinj.com\/blog\/wp-json\/wp\/v2\/categories?post=178"},{"taxonomy":"post_tag","embeddable":true,"href":"https:\/\/www.visit-ulcinj.com\/blog\/wp-json\/wp\/v2\/tags?post=178"}],"curies":[{"name":"wp","href":"https:\/\/api.w.org\/{rel}","templated":true}]}}