{"id":17802,"date":"2009-04-13T18:49:16","date_gmt":"2009-04-13T16:49:16","guid":{"rendered":"http:\/\/www.visit-ulcinj.com\/blog\/?p=17802"},"modified":"2009-04-13T18:49:16","modified_gmt":"2009-04-13T16:49:16","slug":"vaselj-sinistaj-predlaze-promjene-u-parlamentu","status":"publish","type":"post","link":"https:\/\/www.visit-ulcinj.com\/blog\/2009\/04\/13\/vaselj-sinistaj-predlaze-promjene-u-parlamentu\/","title":{"rendered":"VASELJ SINI\u0160TAJ PREDLA\u017dE PROMJENE U PARLAMENTU"},"content":{"rendered":"<p><a href=\"http:\/\/www.visit-ulcinj.com\/blog\/wp-content\/uploads\/2009\/04\/vaselj-sinistaj.jpg\"><img loading=\"lazy\" class=\"alignleft size-full wp-image-17803\" title=\"kandidat Albanske koalicije \u2013 Perspektiva, Vaselj Sini\u0161taj.\" src=\"http:\/\/www.visit-ulcinj.com\/blog\/wp-content\/uploads\/2009\/04\/vaselj-sinistaj.jpg\" alt=\"Kandidat Albanske koalicije \u2013 Perspektiva, Vaselj Sini\u0161taj.\" width=\"374\" height=\"245\" \/><\/a>Podgorica, (MINA) \u2013 Jedno potpredsjedni?ko mjesto u crnogorskom parlamentu treba da pripadne Albancima, ocijenio je poslani?ki kandidat Albanske koalicije \u2013 Perspektiva, Vaselj Sini\u0161taj.<br \/>\nOn je rekao da bi kona?no trebalo omogu?iti da poslanici u Skup\u0161tini Crne Gore govore maternjim jezikom, navode?i da je Ustavom utvr?eno koji je jezik slu\u017ebeni, a koji su u slu\u017ebenoj upotrebi.<br \/>\n&#8220;Skup\u0161tina treba da obezbijedi da po?nemo da govorimo maternjim jezikom u parlamentu &#8211; to je stvar Poslovnika i politi?ke volje ve?ine. Bilo bi jako korisno da jedan potpredsjednik Skup\u0161tine bude iz redova Albanaca&#8221;, kazao je Sini\u0161taj.<\/p>\n<p>On smatra da zbog specifi?nosti albanskog jezika Crna Gora mora da ozbiljno razmi\u0161lja da jedno potpredsjedni?ko mjesto moraju da imaju i Albanci.<br \/>\nSini\u0161taj je rekao da jedno mjesto potpredsjednika treba da pripadne opoziciji, podsje?aju?i da 2006. godine Goran Danilovi?, u ime najja?e opozicione stranke, nije dobio saglasnost dijela vlasti za tu funkciju.<br \/>\nKomentari\u0161u?i rezultate martovskih izbora na kojim su albanske stranke osvojile ?etiri mandata, Sini\u0161taj je kazao da zbog ?injenice da je Crna Gora samostalna dr\u017eava, Albanci se okre?u sebi i tra\u017ee ono \u0161to je specifi?no za njih, unutar dr\u017eave.<br \/>\n&#8220;Postoji dobar dio nezadovoljnih, jer se toliko godina obe?ava decentralizacija vlasti, punopravna op\u0161tina Malesija. Polako, ali sigurno, politi?ka svijest Albanaca sazrijeva&#8221;, rekao je Sini\u0161taj.<\/p>\n<p>Govore?i o neuskla?enosti izbornog zakonodavstva, Sini\u0161taj je rekao da to nije problem za albansku manjinu, ve? i kada je me?unarodna zajednica u pitanju.<br \/>\n&#8220;U Crnoj Gori olako usvajamo i Ustav i zakone, a kasnije vrlo te\u0161ko to primjenjujemo u praksi&#8221;, kazao je on.<br \/>\nPrema njegovim rije?ima, Albanci su imali sre?u, jer su izdejstvovali posebnu izbornu jedinicu.<br \/>\n&#8220;Ubudu?e, vjerovatno ?e trebati zakonom o manjinskim pravima i slobodama da se to druga?ije normira, a hitno treba uskladiti propise sa Ustavom&#8221;, smatra on.<\/p>\n<p>Sini\u0161taj je kazao da ?e biti potrebno definisati dosta propisa, ne samo sada\u0161njih, nego i novih &#8211; zakon o zabrani diskiminacije, upotrebi jezika, pravo na obilje\u017eavanje nacionalnih praznika.<br \/>\nOn smatra da Zakonom o manjinskim pravima i slobodama mo\u017ee da se uradi dosta, pa i defini\u0161e osnivanje op\u0161tina, gdje su manjine ve?ina.<br \/>\nAlbanska koalicija &#8211; Perspektiva, prema rije?ima Sini\u0161taja, zalaga?e se da se izvr\u0161i revizija procesa privatizacija gdje su, kako smatraju, o\u0161te?eni Albanci &#8211; Valdanos, \u0160ip?anik i Frlju?i?a polje.<\/p>\n<p><a href=\"http:\/\/www.vijesti.cg.yu\/index.php?id=301690\"><strong>Izvor \/ Vijesti<\/strong><\/a><\/p>\n","protected":false},"excerpt":{"rendered":"<p>Podgorica, (MINA) \u2013 Jedno potpredsjedni?ko mjesto u crnogorskom parlamentu treba da pripadne Albancima, ocijenio je poslani?ki kandidat Albanske koalicije \u2013 Perspektiva, Vaselj Sini\u0161taj. On je rekao da bi kona?no trebalo omogu?iti da poslanici u Skup\u0161tini Crne Gore govore maternjim jezikom, navode?i da je Ustavom utvr?eno koji je jezik slu\u017ebeni, a koji su u slu\u017ebenoj upotrebi. [&hellip;]<\/p>\n","protected":false},"author":1,"featured_media":0,"comment_status":"open","ping_status":"closed","sticky":false,"template":"","format":"standard","meta":{"spay_email":"","jetpack_publicize_message":"","jetpack_is_tweetstorm":false,"jetpack_publicize_feature_enabled":true},"categories":[8337],"tags":[9094,9092,9093,2474],"jetpack_publicize_connections":[],"yoast_head":"<!-- This site is optimized with the Yoast SEO plugin v19.1 - https:\/\/yoast.com\/wordpress\/plugins\/seo\/ -->\n<title>VASELJ SINI\u0160TAJ PREDLA\u017dE PROMJENE U PARLAMENTU - Lajme nga Ulqini<\/title>\n<meta name=\"description\" content=\"Podgorica, (MINA) \u2013 Jedno potpredsjedni?ko mjesto u crnogorskom parlamentu treba da pripadne Albancima, ocijenio je poslani?ki kandidat Albanske koalicije\" \/>\n<meta name=\"robots\" content=\"index, follow, max-snippet:-1, max-image-preview:large, max-video-preview:-1\" \/>\n<link rel=\"canonical\" href=\"https:\/\/www.visit-ulcinj.com\/blog\/2009\/04\/13\/vaselj-sinistaj-predlaze-promjene-u-parlamentu\/\" \/>\n<meta property=\"og:locale\" content=\"en_US\" \/>\n<meta property=\"og:type\" content=\"article\" \/>\n<meta property=\"og:title\" content=\"VASELJ SINI\u0160TAJ PREDLA\u017dE PROMJENE U PARLAMENTU - Lajme nga Ulqini\" \/>\n<meta property=\"og:description\" content=\"Podgorica, (MINA) \u2013 Jedno potpredsjedni?ko mjesto u crnogorskom parlamentu treba da pripadne Albancima, ocijenio je poslani?ki kandidat Albanske koalicije\" \/>\n<meta property=\"og:url\" content=\"https:\/\/www.visit-ulcinj.com\/blog\/2009\/04\/13\/vaselj-sinistaj-predlaze-promjene-u-parlamentu\/\" \/>\n<meta property=\"og:site_name\" content=\"Lajme nga Ulqini\" \/>\n<meta property=\"article:published_time\" content=\"2009-04-13T16:49:16+00:00\" \/>\n<meta property=\"og:image\" content=\"http:\/\/www.visit-ulcinj.com\/blog\/wp-content\/uploads\/2009\/04\/vaselj-sinistaj.jpg\" \/>\n<meta name=\"twitter:label1\" content=\"Written by\" \/>\n\t<meta name=\"twitter:data1\" content=\"ulqini\" \/>\n\t<meta name=\"twitter:label2\" content=\"Est. reading time\" \/>\n\t<meta name=\"twitter:data2\" content=\"2 minutes\" \/>\n<script type=\"application\/ld+json\" class=\"yoast-schema-graph\">{\"@context\":\"https:\/\/schema.org\",\"@graph\":[{\"@type\":\"WebSite\",\"@id\":\"https:\/\/www.visit-ulcinj.com\/blog\/#website\",\"url\":\"https:\/\/www.visit-ulcinj.com\/blog\/\",\"name\":\"Lajme nga Ulqini\",\"description\":\"Lajme,Vijesti,Ulqini,Ulqin,Crna Gora,Mali i Zi\",\"potentialAction\":[{\"@type\":\"SearchAction\",\"target\":{\"@type\":\"EntryPoint\",\"urlTemplate\":\"https:\/\/www.visit-ulcinj.com\/blog\/?s={search_term_string}\"},\"query-input\":\"required name=search_term_string\"}],\"inLanguage\":\"en-US\"},{\"@type\":\"ImageObject\",\"inLanguage\":\"en-US\",\"@id\":\"https:\/\/www.visit-ulcinj.com\/blog\/2009\/04\/13\/vaselj-sinistaj-predlaze-promjene-u-parlamentu\/#primaryimage\",\"url\":\"https:\/\/www.visit-ulcinj.com\/blog\/wp-content\/uploads\/2009\/04\/vaselj-sinistaj.jpg\",\"contentUrl\":\"https:\/\/www.visit-ulcinj.com\/blog\/wp-content\/uploads\/2009\/04\/vaselj-sinistaj.jpg\",\"width\":\"290\",\"height\":\"190\"},{\"@type\":\"WebPage\",\"@id\":\"https:\/\/www.visit-ulcinj.com\/blog\/2009\/04\/13\/vaselj-sinistaj-predlaze-promjene-u-parlamentu\/#webpage\",\"url\":\"https:\/\/www.visit-ulcinj.com\/blog\/2009\/04\/13\/vaselj-sinistaj-predlaze-promjene-u-parlamentu\/\",\"name\":\"VASELJ SINI\u0160TAJ PREDLA\u017dE PROMJENE U PARLAMENTU - Lajme nga Ulqini\",\"isPartOf\":{\"@id\":\"https:\/\/www.visit-ulcinj.com\/blog\/#website\"},\"primaryImageOfPage\":{\"@id\":\"https:\/\/www.visit-ulcinj.com\/blog\/2009\/04\/13\/vaselj-sinistaj-predlaze-promjene-u-parlamentu\/#primaryimage\"},\"datePublished\":\"2009-04-13T16:49:16+00:00\",\"dateModified\":\"2009-04-13T16:49:16+00:00\",\"author\":{\"@id\":\"https:\/\/www.visit-ulcinj.com\/blog\/#\/schema\/person\/dcab619c614d3038751c63bc2aadc06d\"},\"description\":\"Podgorica, (MINA) \u2013 Jedno potpredsjedni?ko mjesto u crnogorskom parlamentu treba da pripadne Albancima, ocijenio je poslani?ki kandidat Albanske koalicije\",\"breadcrumb\":{\"@id\":\"https:\/\/www.visit-ulcinj.com\/blog\/2009\/04\/13\/vaselj-sinistaj-predlaze-promjene-u-parlamentu\/#breadcrumb\"},\"inLanguage\":\"en-US\",\"potentialAction\":[{\"@type\":\"ReadAction\",\"target\":[\"https:\/\/www.visit-ulcinj.com\/blog\/2009\/04\/13\/vaselj-sinistaj-predlaze-promjene-u-parlamentu\/\"]}]},{\"@type\":\"BreadcrumbList\",\"@id\":\"https:\/\/www.visit-ulcinj.com\/blog\/2009\/04\/13\/vaselj-sinistaj-predlaze-promjene-u-parlamentu\/#breadcrumb\",\"itemListElement\":[{\"@type\":\"ListItem\",\"position\":1,\"name\":\"VASELJ SINI\u0160TAJ PREDLA\u017dE PROMJENE U PARLAMENTU\"}]},{\"@type\":\"Person\",\"@id\":\"https:\/\/www.visit-ulcinj.com\/blog\/#\/schema\/person\/dcab619c614d3038751c63bc2aadc06d\",\"name\":\"ulqini\",\"sameAs\":[\"http:\/\/www.visit-ulcinj.com\"],\"url\":\"https:\/\/www.visit-ulcinj.com\/blog\/author\/admin\/\"}]}<\/script>\n<!-- \/ Yoast SEO plugin. -->","yoast_head_json":{"title":"VASELJ SINI\u0160TAJ PREDLA\u017dE PROMJENE U PARLAMENTU - Lajme nga Ulqini","description":"Podgorica, (MINA) \u2013 Jedno potpredsjedni?ko mjesto u crnogorskom parlamentu treba da pripadne Albancima, ocijenio je poslani?ki kandidat Albanske koalicije","robots":{"index":"index","follow":"follow","max-snippet":"max-snippet:-1","max-image-preview":"max-image-preview:large","max-video-preview":"max-video-preview:-1"},"canonical":"https:\/\/www.visit-ulcinj.com\/blog\/2009\/04\/13\/vaselj-sinistaj-predlaze-promjene-u-parlamentu\/","og_locale":"en_US","og_type":"article","og_title":"VASELJ SINI\u0160TAJ PREDLA\u017dE PROMJENE U PARLAMENTU - Lajme nga Ulqini","og_description":"Podgorica, (MINA) \u2013 Jedno potpredsjedni?ko mjesto u crnogorskom parlamentu treba da pripadne Albancima, ocijenio je poslani?ki kandidat Albanske koalicije","og_url":"https:\/\/www.visit-ulcinj.com\/blog\/2009\/04\/13\/vaselj-sinistaj-predlaze-promjene-u-parlamentu\/","og_site_name":"Lajme nga Ulqini","article_published_time":"2009-04-13T16:49:16+00:00","og_image":[{"url":"http:\/\/www.visit-ulcinj.com\/blog\/wp-content\/uploads\/2009\/04\/vaselj-sinistaj.jpg"}],"twitter_misc":{"Written by":"ulqini","Est. reading time":"2 minutes"},"schema":{"@context":"https:\/\/schema.org","@graph":[{"@type":"WebSite","@id":"https:\/\/www.visit-ulcinj.com\/blog\/#website","url":"https:\/\/www.visit-ulcinj.com\/blog\/","name":"Lajme nga Ulqini","description":"Lajme,Vijesti,Ulqini,Ulqin,Crna Gora,Mali i Zi","potentialAction":[{"@type":"SearchAction","target":{"@type":"EntryPoint","urlTemplate":"https:\/\/www.visit-ulcinj.com\/blog\/?s={search_term_string}"},"query-input":"required name=search_term_string"}],"inLanguage":"en-US"},{"@type":"ImageObject","inLanguage":"en-US","@id":"https:\/\/www.visit-ulcinj.com\/blog\/2009\/04\/13\/vaselj-sinistaj-predlaze-promjene-u-parlamentu\/#primaryimage","url":"https:\/\/www.visit-ulcinj.com\/blog\/wp-content\/uploads\/2009\/04\/vaselj-sinistaj.jpg","contentUrl":"https:\/\/www.visit-ulcinj.com\/blog\/wp-content\/uploads\/2009\/04\/vaselj-sinistaj.jpg","width":"290","height":"190"},{"@type":"WebPage","@id":"https:\/\/www.visit-ulcinj.com\/blog\/2009\/04\/13\/vaselj-sinistaj-predlaze-promjene-u-parlamentu\/#webpage","url":"https:\/\/www.visit-ulcinj.com\/blog\/2009\/04\/13\/vaselj-sinistaj-predlaze-promjene-u-parlamentu\/","name":"VASELJ SINI\u0160TAJ PREDLA\u017dE PROMJENE U PARLAMENTU - Lajme nga Ulqini","isPartOf":{"@id":"https:\/\/www.visit-ulcinj.com\/blog\/#website"},"primaryImageOfPage":{"@id":"https:\/\/www.visit-ulcinj.com\/blog\/2009\/04\/13\/vaselj-sinistaj-predlaze-promjene-u-parlamentu\/#primaryimage"},"datePublished":"2009-04-13T16:49:16+00:00","dateModified":"2009-04-13T16:49:16+00:00","author":{"@id":"https:\/\/www.visit-ulcinj.com\/blog\/#\/schema\/person\/dcab619c614d3038751c63bc2aadc06d"},"description":"Podgorica, (MINA) \u2013 Jedno potpredsjedni?ko mjesto u crnogorskom parlamentu treba da pripadne Albancima, ocijenio je poslani?ki kandidat Albanske koalicije","breadcrumb":{"@id":"https:\/\/www.visit-ulcinj.com\/blog\/2009\/04\/13\/vaselj-sinistaj-predlaze-promjene-u-parlamentu\/#breadcrumb"},"inLanguage":"en-US","potentialAction":[{"@type":"ReadAction","target":["https:\/\/www.visit-ulcinj.com\/blog\/2009\/04\/13\/vaselj-sinistaj-predlaze-promjene-u-parlamentu\/"]}]},{"@type":"BreadcrumbList","@id":"https:\/\/www.visit-ulcinj.com\/blog\/2009\/04\/13\/vaselj-sinistaj-predlaze-promjene-u-parlamentu\/#breadcrumb","itemListElement":[{"@type":"ListItem","position":1,"name":"VASELJ SINI\u0160TAJ PREDLA\u017dE PROMJENE U PARLAMENTU"}]},{"@type":"Person","@id":"https:\/\/www.visit-ulcinj.com\/blog\/#\/schema\/person\/dcab619c614d3038751c63bc2aadc06d","name":"ulqini","sameAs":["http:\/\/www.visit-ulcinj.com"],"url":"https:\/\/www.visit-ulcinj.com\/blog\/author\/admin\/"}]}},"jetpack_featured_media_url":"","jetpack_sharing_enabled":true,"jetpack_shortlink":"https:\/\/wp.me\/pe6lTn-4D8","_links":{"self":[{"href":"https:\/\/www.visit-ulcinj.com\/blog\/wp-json\/wp\/v2\/posts\/17802"}],"collection":[{"href":"https:\/\/www.visit-ulcinj.com\/blog\/wp-json\/wp\/v2\/posts"}],"about":[{"href":"https:\/\/www.visit-ulcinj.com\/blog\/wp-json\/wp\/v2\/types\/post"}],"author":[{"embeddable":true,"href":"https:\/\/www.visit-ulcinj.com\/blog\/wp-json\/wp\/v2\/users\/1"}],"replies":[{"embeddable":true,"href":"https:\/\/www.visit-ulcinj.com\/blog\/wp-json\/wp\/v2\/comments?post=17802"}],"version-history":[{"count":0,"href":"https:\/\/www.visit-ulcinj.com\/blog\/wp-json\/wp\/v2\/posts\/17802\/revisions"}],"wp:attachment":[{"href":"https:\/\/www.visit-ulcinj.com\/blog\/wp-json\/wp\/v2\/media?parent=17802"}],"wp:term":[{"taxonomy":"category","embeddable":true,"href":"https:\/\/www.visit-ulcinj.com\/blog\/wp-json\/wp\/v2\/categories?post=17802"},{"taxonomy":"post_tag","embeddable":true,"href":"https:\/\/www.visit-ulcinj.com\/blog\/wp-json\/wp\/v2\/tags?post=17802"}],"curies":[{"name":"wp","href":"https:\/\/api.w.org\/{rel}","templated":true}]}}