{"id":17805,"date":"2009-04-13T19:01:31","date_gmt":"2009-04-13T17:01:31","guid":{"rendered":"http:\/\/www.visit-ulcinj.com\/blog\/?p=17805"},"modified":"2009-04-13T19:11:44","modified_gmt":"2009-04-13T17:11:44","slug":"izbori-u-malesiji-neminovni","status":"publish","type":"post","link":"https:\/\/www.visit-ulcinj.com\/blog\/2009\/04\/13\/izbori-u-malesiji-neminovni\/","title":{"rendered":"Izbori u Malesiji neminovni"},"content":{"rendered":"<p><strong><a href=\"http:\/\/www.visit-ulcinj.com\/blog\/wp-content\/uploads\/2009\/04\/skupstina-go-tuzi.jpg\"><img loading=\"lazy\" class=\"alignleft size-full wp-image-17806\" title=\"skupstina-go-tuzi\" src=\"http:\/\/www.visit-ulcinj.com\/blog\/wp-content\/uploads\/2009\/04\/skupstina-go-tuzi.jpg\" alt=\"skupstina-go-tuzi\" width=\"334\" height=\"248\" \/><\/a>AKO SE OBA KRILA ALBANSKE ALTERNATIVE NE UJEDINE U NAREDNA DVA MJESECA <\/strong><br \/>\nUkoliko se u naredna dva mjeseca razjedinjene strane Albanske alternative (AA) ne izmire, u Malesiji su neminovni prijevremeni izbori, ?ime ?e biti udovoljeno zahtjevu Kluba odbornika DPS-a u Skup\u0161tini GO Tuzi. Naredna dva mjeseca su ina?e, preostali zakonski rok za zakazivanje naredne sjednice Skup\u0161tine GO Tuzi, poslije ?ega parlament mo\u017ee biti raspu\u0161ten.<br \/>\nPredsjednik Skup\u0161tine Nikola Camaj, koji je i predsjednik Demokratskog saveza u Malesiji, smatra da su izbori neminovni ako se AA ne sjedini.<br \/>\n&#8211; Legitimno je pravo DPS-a da tra\u017ei izbore i pri\u017eeljkuju ih jer pobjeda na tek zavr\u0161enim parlamentarnim izborima, kao i raskol u AA idu u prilog tome. Me?utim, znaju se i procedure i zakonska mogu?nost da se do toga do?e. Niko ne mo\u017ee raspisati prijevremene izbore ako to ve?ina ne?e, ako se sjednice odr\u017eavaju u zakonski predvi?enom roku i ako nema drasti?nog kr\u0161enja zakona. Ono \u0161to se sada name?e kao pitanje je ko je sada ve?ina. Da li ?e ovi izbori biti pouka za oba krila u Albanskoj alternativi, jer od njihovog razjedinjenja ima koristi samo DPS, ili ?e pak smo?i snage da se ponovo ujedine i, nakon \u0161to se slegne pra\u0161ina, i zajedno organizuju za izbore, zavisi samo od njih &#8211; navodi Nikola Camaj.<br \/>\n\u0160to se ti?e Demokratskog saveza Camaj navodi da ne planiraju nikakva prestrojavanja, a ako ih ni ostali ne planiraju, a AA ostane razjedinjena, onda nema druge opcije sem izbora.<br \/>\n&#8211; Ne isklju?ujem mogu?nost prestrojavanja, \u0161to zna?i da ko god bude imao 11 odbornika mo\u017ee da nastavi vlast &#8211; izjavio je Camaj.<br \/>\nDa je gotovo isklju?eno da ?e do?i do pomirenja mo\u017ee se zaklju?iti iz navoda Smailja ?unmuljaja, predsjednika Gradske op\u0161tine Tuzi, koji je isklju?en iz AA jer se, sa jo\u0161 tri odbornika, na\u0161ao na listi suparni?ke albanske koalicije &#8220;Perspektiva&#8221;.<br \/>\n&#8211; Nemamo potrebu za saradnju sa takvom organizacijom koja je radila protiv naroda &#8211; izjavio je ?unmuljaj odgovaraju?i na pitanje o eventualnom ujedinjenju i zajedni?kom djelovanju sa ostatkom AA.<br \/>\nOn je naveo da nemaju nikakvu komunikaciju sa biv\u0161im partijskim kolegama i naveo da ?e u parlamentu, njegova trojica kolega, nastupati kao odbornici Gra?anske inicijative koja je i zadobila povjerenje gra?ana na izborima u septembru 2006. godine.<br \/>\nNa tim izborima ina?e, deset mandata osvojila je koalicija Gra?anske inicijative i Demokratskog saveza, poslije ?ega je ona pro\u0161irena na 11 sklapanjem saveza sa SNP-om radi preuzimanja vlasti. Gra?anska inicijativa je poslije godinu djelovanja preimenovana u Albansku alternativu, kako je na republi?kom nivou glasio naziv te koalicije ?iji je nosilac bio Vaselj Sini\u0161taj, koji je i jedan od tri odbornika koji su, pored ?unmuljaja, isklju?eni iz Alternative.<br \/>\n?unmuljaj tvrdi da su spremni za prijevremene izbore.<br \/>\n&#8211; Ja i moji drugovi smo apsolutno spremni pa ni najmanje nijesam zabrinut. Ovi iz bloka AA-DS nek vide gdje su. Mi se, na lokalnom nivou, ne pla\u0161imo ni DPS-a, niti bilo koga drugog &#8211; poru?io je ?unmuljaj.<br \/>\nUvjeren da im gra?ani vi\u0161e vjeruju, on je istakao da su na martovskim izborima u Malesiji osvojili ubjedljivo vi\u0161e glasova od ostalog dijela AA u koaliciji sa DS-om.<br \/>\n&#8211; \u0160to se parlamenta i politi?kih snaga ti?e, gospoda nek` izvole i iskoriste svoje pravo da pokrenu proceduru. \u0160ta ?e biti ne znam &#8211; izjavio je ?unmuljaj.<br \/>\nU AA su od odbornika ostali ?er? Camaj i Ljui? Jun?aj koji poru?uju da su spremni da odgovore na sve izazove.<br \/>\n&#8211; Mi smo politi?ka stranka koja radi u kontinuitetu \u0161to podrazumijeva da moramo uvijek biti spremni ne samo na prijevremene izbore nego i na sve izazove koji proizilaze iz kombinacija koje vladaju?a koalicija na dr\u017eavnom nivou sprema da bi tamo gdje je ima odr\u017eala vlast, a gdje nema, na sebi svojstven na?in, je preuzela. Ukoliko je DPS iskalkulisao njima odgovaraju?u kombinaciju politi?kih interesa, nesumnjivo da ?e ih oni i raspisati, a najbolji dokaz toga je raspisivanje proteklih izbora 29. marta &#8211; saop\u0161tio je Jun?aj.<br \/>\nOdbornik SNP-a \u017deljko Mili? kazao je da za njega zahtjev DPS-a nije ni\u0161ta novo, jer &#8220;izbore tra\u017ee otkad su postali opozicija&#8221;, dok u Demokratskoj uniji Albanaca tvrde da ?e, kako je naveo Fadil Kajo\u0161aj, predsjednik Kluba odbornika, podr\u017eati raspisivanje prijevremenih izbora ako za to budu saglasni i drugi.<br \/>\n<strong>D.S.V.<\/strong><\/p>\n<p><strong>Dva tabora, a ne rade ni\u0161ta<\/strong><br \/>\n&#8211; Trebalo je jo\u0161 ranije organizovati prijevremene izbore. Ovi koji su na vlasti su sada podijeljeni u dva tabora. Do sada ni\u0161ta nijesu uradili sem \u0161to im je jedini posao koji su radili bila pri?a o samostalnoj op\u0161tini Tuzi. Novi izbori ?e promijeniti puno toga &#8211; kazao je Ned\u017ead Dre\u0161evi?, odbornik Bo\u0161nja?ke stranke.<\/p>\n<p><a href=\"http:\/\/www.dan.cg.yu\/index.php?nivo=3&amp;rubrika=Podgoricom&amp;datum=2009-04-04&amp;clanak=182214\"><strong>DAN<\/strong><\/a><\/p>\n","protected":false},"excerpt":{"rendered":"<p>AKO SE OBA KRILA ALBANSKE ALTERNATIVE NE UJEDINE U NAREDNA DVA MJESECA Ukoliko se u naredna dva mjeseca razjedinjene strane Albanske alternative (AA) ne izmire, u Malesiji su neminovni prijevremeni izbori, ?ime ?e biti udovoljeno zahtjevu Kluba odbornika DPS-a u Skup\u0161tini GO Tuzi. Naredna dva mjeseca su ina?e, preostali zakonski rok za zakazivanje naredne sjednice [&hellip;]<\/p>\n","protected":false},"author":1,"featured_media":0,"comment_status":"open","ping_status":"closed","sticky":false,"template":"","format":"standard","meta":{"spay_email":"","jetpack_publicize_message":"","jetpack_is_tweetstorm":false,"jetpack_publicize_feature_enabled":true},"categories":[8337],"tags":[9096,9095,9097,9098],"jetpack_publicize_connections":[],"yoast_head":"<!-- This site is optimized with the Yoast SEO plugin v19.1 - https:\/\/yoast.com\/wordpress\/plugins\/seo\/ -->\n<title>Izbori u Malesiji neminovni - Lajme nga Ulqini<\/title>\n<meta name=\"description\" content=\"AKO SE OBA KRILA ALBANSKE ALTERNATIVE NE UJEDINE U NAREDNA DVA MJESECA Ukoliko se u naredna dva mjeseca razjedinjene strane Albanske alternative (AA) ne\" \/>\n<meta name=\"robots\" content=\"index, follow, max-snippet:-1, max-image-preview:large, max-video-preview:-1\" \/>\n<link rel=\"canonical\" href=\"https:\/\/www.visit-ulcinj.com\/blog\/2009\/04\/13\/izbori-u-malesiji-neminovni\/\" \/>\n<meta property=\"og:locale\" content=\"en_US\" \/>\n<meta property=\"og:type\" content=\"article\" \/>\n<meta property=\"og:title\" content=\"Izbori u Malesiji neminovni - Lajme nga Ulqini\" \/>\n<meta property=\"og:description\" content=\"AKO SE OBA KRILA ALBANSKE ALTERNATIVE NE UJEDINE U NAREDNA DVA MJESECA Ukoliko se u naredna dva mjeseca razjedinjene strane Albanske alternative (AA) ne\" \/>\n<meta property=\"og:url\" content=\"https:\/\/www.visit-ulcinj.com\/blog\/2009\/04\/13\/izbori-u-malesiji-neminovni\/\" \/>\n<meta property=\"og:site_name\" content=\"Lajme nga Ulqini\" \/>\n<meta property=\"article:published_time\" content=\"2009-04-13T17:01:31+00:00\" \/>\n<meta property=\"article:modified_time\" content=\"2009-04-13T17:11:44+00:00\" \/>\n<meta property=\"og:image\" content=\"http:\/\/www.visit-ulcinj.com\/blog\/wp-content\/uploads\/2009\/04\/skupstina-go-tuzi.jpg\" \/>\n<meta name=\"twitter:label1\" content=\"Written by\" \/>\n\t<meta name=\"twitter:data1\" content=\"ulqini\" \/>\n\t<meta name=\"twitter:label2\" content=\"Est. reading time\" \/>\n\t<meta name=\"twitter:data2\" content=\"4 minutes\" \/>\n<script type=\"application\/ld+json\" class=\"yoast-schema-graph\">{\"@context\":\"https:\/\/schema.org\",\"@graph\":[{\"@type\":\"WebSite\",\"@id\":\"https:\/\/www.visit-ulcinj.com\/blog\/#website\",\"url\":\"https:\/\/www.visit-ulcinj.com\/blog\/\",\"name\":\"Lajme nga Ulqini\",\"description\":\"Lajme,Vijesti,Ulqini,Ulqin,Crna Gora,Mali i Zi\",\"potentialAction\":[{\"@type\":\"SearchAction\",\"target\":{\"@type\":\"EntryPoint\",\"urlTemplate\":\"https:\/\/www.visit-ulcinj.com\/blog\/?s={search_term_string}\"},\"query-input\":\"required name=search_term_string\"}],\"inLanguage\":\"en-US\"},{\"@type\":\"ImageObject\",\"inLanguage\":\"en-US\",\"@id\":\"https:\/\/www.visit-ulcinj.com\/blog\/2009\/04\/13\/izbori-u-malesiji-neminovni\/#primaryimage\",\"url\":\"https:\/\/www.visit-ulcinj.com\/blog\/wp-content\/uploads\/2009\/04\/skupstina-go-tuzi.jpg\",\"contentUrl\":\"https:\/\/www.visit-ulcinj.com\/blog\/wp-content\/uploads\/2009\/04\/skupstina-go-tuzi.jpg\",\"width\":\"225\",\"height\":\"167\"},{\"@type\":\"WebPage\",\"@id\":\"https:\/\/www.visit-ulcinj.com\/blog\/2009\/04\/13\/izbori-u-malesiji-neminovni\/#webpage\",\"url\":\"https:\/\/www.visit-ulcinj.com\/blog\/2009\/04\/13\/izbori-u-malesiji-neminovni\/\",\"name\":\"Izbori u Malesiji neminovni - Lajme nga Ulqini\",\"isPartOf\":{\"@id\":\"https:\/\/www.visit-ulcinj.com\/blog\/#website\"},\"primaryImageOfPage\":{\"@id\":\"https:\/\/www.visit-ulcinj.com\/blog\/2009\/04\/13\/izbori-u-malesiji-neminovni\/#primaryimage\"},\"datePublished\":\"2009-04-13T17:01:31+00:00\",\"dateModified\":\"2009-04-13T17:11:44+00:00\",\"author\":{\"@id\":\"https:\/\/www.visit-ulcinj.com\/blog\/#\/schema\/person\/dcab619c614d3038751c63bc2aadc06d\"},\"description\":\"AKO SE OBA KRILA ALBANSKE ALTERNATIVE NE UJEDINE U NAREDNA DVA MJESECA Ukoliko se u naredna dva mjeseca razjedinjene strane Albanske alternative (AA) ne\",\"breadcrumb\":{\"@id\":\"https:\/\/www.visit-ulcinj.com\/blog\/2009\/04\/13\/izbori-u-malesiji-neminovni\/#breadcrumb\"},\"inLanguage\":\"en-US\",\"potentialAction\":[{\"@type\":\"ReadAction\",\"target\":[\"https:\/\/www.visit-ulcinj.com\/blog\/2009\/04\/13\/izbori-u-malesiji-neminovni\/\"]}]},{\"@type\":\"BreadcrumbList\",\"@id\":\"https:\/\/www.visit-ulcinj.com\/blog\/2009\/04\/13\/izbori-u-malesiji-neminovni\/#breadcrumb\",\"itemListElement\":[{\"@type\":\"ListItem\",\"position\":1,\"name\":\"Izbori u Malesiji neminovni\"}]},{\"@type\":\"Person\",\"@id\":\"https:\/\/www.visit-ulcinj.com\/blog\/#\/schema\/person\/dcab619c614d3038751c63bc2aadc06d\",\"name\":\"ulqini\",\"sameAs\":[\"http:\/\/www.visit-ulcinj.com\"],\"url\":\"https:\/\/www.visit-ulcinj.com\/blog\/author\/admin\/\"}]}<\/script>\n<!-- \/ Yoast SEO plugin. -->","yoast_head_json":{"title":"Izbori u Malesiji neminovni - Lajme nga Ulqini","description":"AKO SE OBA KRILA ALBANSKE ALTERNATIVE NE UJEDINE U NAREDNA DVA MJESECA Ukoliko se u naredna dva mjeseca razjedinjene strane Albanske alternative (AA) ne","robots":{"index":"index","follow":"follow","max-snippet":"max-snippet:-1","max-image-preview":"max-image-preview:large","max-video-preview":"max-video-preview:-1"},"canonical":"https:\/\/www.visit-ulcinj.com\/blog\/2009\/04\/13\/izbori-u-malesiji-neminovni\/","og_locale":"en_US","og_type":"article","og_title":"Izbori u Malesiji neminovni - Lajme nga Ulqini","og_description":"AKO SE OBA KRILA ALBANSKE ALTERNATIVE NE UJEDINE U NAREDNA DVA MJESECA Ukoliko se u naredna dva mjeseca razjedinjene strane Albanske alternative (AA) ne","og_url":"https:\/\/www.visit-ulcinj.com\/blog\/2009\/04\/13\/izbori-u-malesiji-neminovni\/","og_site_name":"Lajme nga Ulqini","article_published_time":"2009-04-13T17:01:31+00:00","article_modified_time":"2009-04-13T17:11:44+00:00","og_image":[{"url":"http:\/\/www.visit-ulcinj.com\/blog\/wp-content\/uploads\/2009\/04\/skupstina-go-tuzi.jpg"}],"twitter_misc":{"Written by":"ulqini","Est. reading time":"4 minutes"},"schema":{"@context":"https:\/\/schema.org","@graph":[{"@type":"WebSite","@id":"https:\/\/www.visit-ulcinj.com\/blog\/#website","url":"https:\/\/www.visit-ulcinj.com\/blog\/","name":"Lajme nga Ulqini","description":"Lajme,Vijesti,Ulqini,Ulqin,Crna Gora,Mali i Zi","potentialAction":[{"@type":"SearchAction","target":{"@type":"EntryPoint","urlTemplate":"https:\/\/www.visit-ulcinj.com\/blog\/?s={search_term_string}"},"query-input":"required name=search_term_string"}],"inLanguage":"en-US"},{"@type":"ImageObject","inLanguage":"en-US","@id":"https:\/\/www.visit-ulcinj.com\/blog\/2009\/04\/13\/izbori-u-malesiji-neminovni\/#primaryimage","url":"https:\/\/www.visit-ulcinj.com\/blog\/wp-content\/uploads\/2009\/04\/skupstina-go-tuzi.jpg","contentUrl":"https:\/\/www.visit-ulcinj.com\/blog\/wp-content\/uploads\/2009\/04\/skupstina-go-tuzi.jpg","width":"225","height":"167"},{"@type":"WebPage","@id":"https:\/\/www.visit-ulcinj.com\/blog\/2009\/04\/13\/izbori-u-malesiji-neminovni\/#webpage","url":"https:\/\/www.visit-ulcinj.com\/blog\/2009\/04\/13\/izbori-u-malesiji-neminovni\/","name":"Izbori u Malesiji neminovni - Lajme nga Ulqini","isPartOf":{"@id":"https:\/\/www.visit-ulcinj.com\/blog\/#website"},"primaryImageOfPage":{"@id":"https:\/\/www.visit-ulcinj.com\/blog\/2009\/04\/13\/izbori-u-malesiji-neminovni\/#primaryimage"},"datePublished":"2009-04-13T17:01:31+00:00","dateModified":"2009-04-13T17:11:44+00:00","author":{"@id":"https:\/\/www.visit-ulcinj.com\/blog\/#\/schema\/person\/dcab619c614d3038751c63bc2aadc06d"},"description":"AKO SE OBA KRILA ALBANSKE ALTERNATIVE NE UJEDINE U NAREDNA DVA MJESECA Ukoliko se u naredna dva mjeseca razjedinjene strane Albanske alternative (AA) ne","breadcrumb":{"@id":"https:\/\/www.visit-ulcinj.com\/blog\/2009\/04\/13\/izbori-u-malesiji-neminovni\/#breadcrumb"},"inLanguage":"en-US","potentialAction":[{"@type":"ReadAction","target":["https:\/\/www.visit-ulcinj.com\/blog\/2009\/04\/13\/izbori-u-malesiji-neminovni\/"]}]},{"@type":"BreadcrumbList","@id":"https:\/\/www.visit-ulcinj.com\/blog\/2009\/04\/13\/izbori-u-malesiji-neminovni\/#breadcrumb","itemListElement":[{"@type":"ListItem","position":1,"name":"Izbori u Malesiji neminovni"}]},{"@type":"Person","@id":"https:\/\/www.visit-ulcinj.com\/blog\/#\/schema\/person\/dcab619c614d3038751c63bc2aadc06d","name":"ulqini","sameAs":["http:\/\/www.visit-ulcinj.com"],"url":"https:\/\/www.visit-ulcinj.com\/blog\/author\/admin\/"}]}},"jetpack_featured_media_url":"","jetpack_sharing_enabled":true,"jetpack_shortlink":"https:\/\/wp.me\/pe6lTn-4Db","_links":{"self":[{"href":"https:\/\/www.visit-ulcinj.com\/blog\/wp-json\/wp\/v2\/posts\/17805"}],"collection":[{"href":"https:\/\/www.visit-ulcinj.com\/blog\/wp-json\/wp\/v2\/posts"}],"about":[{"href":"https:\/\/www.visit-ulcinj.com\/blog\/wp-json\/wp\/v2\/types\/post"}],"author":[{"embeddable":true,"href":"https:\/\/www.visit-ulcinj.com\/blog\/wp-json\/wp\/v2\/users\/1"}],"replies":[{"embeddable":true,"href":"https:\/\/www.visit-ulcinj.com\/blog\/wp-json\/wp\/v2\/comments?post=17805"}],"version-history":[{"count":0,"href":"https:\/\/www.visit-ulcinj.com\/blog\/wp-json\/wp\/v2\/posts\/17805\/revisions"}],"wp:attachment":[{"href":"https:\/\/www.visit-ulcinj.com\/blog\/wp-json\/wp\/v2\/media?parent=17805"}],"wp:term":[{"taxonomy":"category","embeddable":true,"href":"https:\/\/www.visit-ulcinj.com\/blog\/wp-json\/wp\/v2\/categories?post=17805"},{"taxonomy":"post_tag","embeddable":true,"href":"https:\/\/www.visit-ulcinj.com\/blog\/wp-json\/wp\/v2\/tags?post=17805"}],"curies":[{"name":"wp","href":"https:\/\/api.w.org\/{rel}","templated":true}]}}