{"id":1783,"date":"2008-05-28T12:09:02","date_gmt":"2008-05-28T17:09:02","guid":{"rendered":"http:\/\/www.visit-ulcinj.com\/blog\/?p=1783"},"modified":"2008-06-03T11:05:56","modified_gmt":"2008-06-03T16:05:56","slug":"ulqinaket-kerkojne-ullishten-e-shpronesuar","status":"publish","type":"post","link":"https:\/\/www.visit-ulcinj.com\/blog\/2008\/05\/28\/ulqinaket-kerkojne-ullishten-e-shpronesuar\/","title":{"rendered":"Ulqinak\u00ebt k\u00ebrkojn\u00eb ullishten e shpron\u00ebsuar"},"content":{"rendered":"<p><img loading=\"lazy\" class=\"alignleft\" style=\"float: left;\" src=\"http:\/\/www.visit-ulcinj.com\/blog\/wp-content\/uploads\/2008\/05\/jo-shitjes-te-valdanosit.jpg\" alt=\"valdanos\" width=\"477\" height=\"146\" \/>Qeveria malazeze nxjerr n\u00eb procedur\u00eb privatizimi gjirin e Valdanosit, q\u00eb iu mor pronar\u00ebve shqiptar\u00eb n\u00eb vitin 1978<br \/>\nN\u00ebse shkon n\u00eb Ulqin, \u00ebsht\u00eb e pamundur t\u00eb mos kuptosh r\u00ebnd\u00ebsin\u00eb q\u00eb ullinjt\u00eb kan\u00eb n\u00eb nd\u00ebrgjegjen e banor\u00ebve t\u00eb k\u00ebtij qyteti. Rreth kat\u00ebr kilometra n\u00eb veri t\u00eb qytetit, rrug\u00ebs p\u00ebr n\u00eb Tivar, gjendet nj\u00eb gji i mbyllur i mbuluar me ullinj 500 vje\u00e7ar, gjiri i Valdanosit.<a href=\"http:\/\/www.visit-ulcinj.com\/blog\/wp-content\/uploads\/2008\/05\/valdanosi_003.jpg\"><img loading=\"lazy\" class=\"alignright attachment wp-att-1565\" style=\"float: right;\" src=\"http:\/\/www.visit-ulcinj.com\/blog\/wp-content\/uploads\/2008\/05\/valdanosi_003.thumbnail.jpg\" alt=\"valdanos_bucht\" width=\"200\" height=\"161\" \/><\/a><br \/>\nAty gjendet nj\u00eb pjes\u00eb e konsiderueshme e ullinjve t\u00eb t\u00eb gjith\u00eb zon\u00ebs. Fati i atij gjiri ka shqet\u00ebsuar tashm\u00eb prej tre dekadash ulqinak\u00ebt, nd\u00ebrsa s\u00eb fundmi \u00ebsht\u00eb kthyer s\u00ebrish n\u00eb qend\u00ebr t\u00eb v\u00ebmendjes. Pronar\u00ebt q\u00eb kishin ullinjt\u00eb dhe tokat aty, u shpron\u00ebsuan p\u00ebrkundrejt shp\u00ebrblimit nga qeveria e ish-Jugosllavis\u00eb me argumentimin se ushtria jugosllave do t\u00eb nd\u00ebrtonte nj\u00eb baz\u00eb t\u00eb madhe detare aty.<br \/>\nUlqinak\u00ebt u tremb\u00ebn se nj\u00eb veprim i till\u00eb do t\u00eb ndryshonte vij\u00ebn kufitare etnike mes shqiptar\u00ebve dhe malazez\u00ebve. Tema e kufijve etnik vijon t\u00eb jet\u00eb nj\u00eb nga pikat e nxehta t\u00eb diskutimit mes politikan\u00ebve shqiptar\u00eb n\u00eb k\u00ebt\u00eb vend. Baza ushtarake n\u00eb fakt nuk u nd\u00ebrtua kurr\u00eb.<br \/>\n<a href=\"http:\/\/www.visit-ulcinj.com\/blog\/wp-content\/uploads\/2008\/05\/valdanos_6.jpg\"><img loading=\"lazy\" class=\"alignleft attachment wp-att-1567\" style=\"float: left;\" src=\"http:\/\/www.visit-ulcinj.com\/blog\/wp-content\/uploads\/2008\/05\/valdanos_6.thumbnail.jpg\" alt=\"valdanos_6\" width=\"200\" height=\"150\" \/><\/a>Ullishtja mbeti ashtu si\u00e7 qe. Kur qeveria e Malit t\u00eb Zi filloi procesin e kthimit dhe kompensimit t\u00eb pronave, Komuna e Ulqinit vendosi t\u00eb kthej\u00eb me letra k\u00ebt\u00eb gji te pronar\u00ebt e m\u00ebparsh\u00ebm, por nd\u00ebrkoh\u00eb, shfryt\u00ebzuesi i tok\u00ebs s\u00eb shpron\u00ebsuar, nd\u00ebrtoi nj\u00eb kompleks turistik q\u00eb zuri rreth 5% t\u00eb sip\u00ebrfaqes.<br \/>\nAutoritetet e Podgoric\u00ebs nuk e njoh\u00ebn vendimin p\u00ebr kthimin e pron\u00ebs. Sipas zyrtar\u00ebve, prona \u00ebsht\u00eb shtet\u00ebrore p\u00ebr shkak se \u00ebsht\u00eb shpron\u00ebsuar p\u00ebr interes publik p\u00ebrkundrejt pages\u00ebs n\u00eb vitin 1978. Por ulqinak\u00ebt duket se nuk kan\u00eb nd\u00ebr mend t\u00eb dor\u00ebzohen.<a href=\"http:\/\/www.visit-ulcinj.com\/blog\/wp-content\/uploads\/2008\/05\/valdanos_plaza1.jpg\"><img loading=\"lazy\" class=\"alignright attachment wp-att-1571\" style=\"float: right;\" src=\"http:\/\/www.visit-ulcinj.com\/blog\/wp-content\/uploads\/2008\/05\/valdanos_plaza1.thumbnail.jpg\" alt=\"valdanos_plaza1\" width=\"200\" height=\"106\" \/><\/a><br \/>\nNj\u00eb shoqat\u00eb q\u00eb p\u00ebrfaq\u00ebson ish-pronar\u00ebt, njoftoi dje se do t\u00eb filloj\u00eb luft\u00ebn ligjore dhe politike, fillimisht n\u00eb parlamentin e Malit t\u00eb Zi dhe \u201cpo t\u00eb jet\u00eb nevoja, edhe n\u00eb Strasburg\u201d.<br \/>\nPronar\u00ebt thon\u00eb se shpron\u00ebsimi i tyre u krye n\u00ebn kushtet e presionit t\u00eb ushtruar nga autoritetet e nj\u00eb shteti policor dhe se jan\u00eb t\u00eb gatsh\u00ebm t\u00eb kthejn\u00eb parat\u00eb e marra me vler\u00eb t\u00eb aktualizuar. Argumenti i tyre m\u00eb i fort\u00eb q\u00ebndron n\u00eb faktin se shpron\u00ebsimi \u00ebsht\u00eb kryer teorikisht p\u00ebr interesin publik t\u00eb mbrojtjes komb\u00ebtare, gj\u00eb q\u00eb nuk \u00ebsht\u00eb realizuar asnj\u00ebher\u00eb dhe se ndryshimi i destinacionit p\u00ebrb\u00ebn shkelje ligjore.<br \/>\n<strong><strong><strong> Gjergj Erebara<\/strong><\/strong><br \/>\nAutor \/ Shekulli<\/strong><\/p>\n<p><!-- JW \"Simple Image Gallery\" Plugin (v1.2.1) starts here --> <script src=\"http:\/\/valdanos-ul.com\/mambots\/content\/plugin_jw_sig\/mootools.js\" type=\"text\/javascript\"><\/script> <script src=\"http:\/\/valdanos-ul.com\/mambots\/content\/plugin_jw_sig\/slimbox.js\" type=\"text\/javascript\"><\/script><\/p>\n<div class=\"sig\">\n<div class=\"sig_cont\"><\/div>\n<div class=\"sig_cont\"><\/div>\n<\/div>\n<p><!-- JW \"Simple Image Gallery\" Plugin (v1.2.1) ends here --><!-- JW \"Simple Image Gallery\" Plugin (v1.2.1) starts here --> <script src=\"http:\/\/valdanos-ul.com\/mambots\/content\/plugin_jw_sig\/mootools.js\" type=\"text\/javascript\"><\/script> <script src=\"http:\/\/valdanos-ul.com\/mambots\/content\/plugin_jw_sig\/slimbox.js\" type=\"text\/javascript\"><\/script><\/p>\n<div class=\"sig_cont\"><\/div>\n<div class=\"sig_cont\"><\/div>\n<div class=\"sig_cont\"><\/div>\n<div class=\"sig_cont\"><\/div>\n<div class=\"sig_cont\"><\/div>\n<div class=\"sig_cont\"><\/div>\n<div class=\"sig_cont\"><\/div>\n<div class=\"sig_cont\"><\/div>\n<div class=\"sig_cont\"><\/div>\n<div class=\"sig_cont\"><\/div>\n<div class=\"sig_cont\"><\/div>\n<div class=\"sig_cont\"><\/div>\n<div class=\"sig_cont\"><\/div>\n<div class=\"sig_cont\"><\/div>\n<div class=\"sig_cont\"><\/div>\n<div class=\"sig_cont\"><\/div>\n<div class=\"sig_cont\"><\/div>\n<div class=\"sig_cont\"><\/div>\n<div class=\"sig_cont\"><\/div>\n<div class=\"sig_cont\"><\/div>\n<div class=\"sig_cont\"><\/div>\n<div class=\"sig_cont\"><\/div>\n<div class=\"sig_cont\"><\/div>\n<div class=\"sig_cont\"><\/div>\n<div class=\"sig_cont\"><\/div>\n<div class=\"sig_cont\"><\/div>\n<div class=\"sig_cont\"><\/div>\n<div class=\"sig_cont\"><\/div>\n<div class=\"sig_cont\"><\/div>\n<div class=\"sig_cont\"><\/div>\n<p><!-- JW \"Simple Image Gallery\" Plugin (v1.2.1) starts here --> <script src=\"http:\/\/valdanos-ul.com\/mambots\/content\/plugin_jw_sig\/mootools.js\" type=\"text\/javascript\"><\/script> <script src=\"http:\/\/valdanos-ul.com\/mambots\/content\/plugin_jw_sig\/slimbox.js\" type=\"text\/javascript\"><\/script><\/p>\n<p><strong><\/strong><br \/>\n<a title=\"Holiday accommodation in Ulcinj, Montenegro\" href=\"http:\/\/www.visit-ulcinj.com\/tourism\/\" target=\"_blank\"><img loading=\"lazy\" style=\"vertical-align: middle;\" src=\"http:\/\/www.visit-ulcinj.com\/blog\/wp-content\/uploads\/2008\/05\/holiday-rental-ulcinj_ulqin_montenegro2.jpg\" alt=\"Holiday accommodation in Ulcinj, Montenegro\" width=\"424\" height=\"110\" \/><\/a><\/p>\n<p><!-- JW \"Simple Image Gallery\" Plugin (v1.2.1) starts here --> <script src=\"http:\/\/valdanos-ul.com\/mambots\/content\/plugin_jw_sig\/mootools.js\" type=\"text\/javascript\"><\/script> <script src=\"http:\/\/valdanos-ul.com\/mambots\/content\/plugin_jw_sig\/slimbox.js\" type=\"text\/javascript\"><\/script><\/p>\n<div class=\"sig\">\n<div class=\"sig_cont\"><\/div>\n<div class=\"sig_cont\"><\/div>\n<\/div>\n<p><!-- JW \"Simple Image Gallery\" Plugin (v1.2.1) ends here --><!-- JW \"Simple Image Gallery\" Plugin (v1.2.1) starts here --> <script src=\"http:\/\/valdanos-ul.com\/mambots\/content\/plugin_jw_sig\/mootools.js\" type=\"text\/javascript\"><\/script> <script src=\"http:\/\/valdanos-ul.com\/mambots\/content\/plugin_jw_sig\/slimbox.js\" type=\"text\/javascript\"><\/script><\/p>\n<div class=\"sig_cont\"><\/div>\n<div class=\"sig_cont\"><\/div>\n<div class=\"sig_cont\"><\/div>\n<div class=\"sig_cont\"><\/div>\n<div class=\"sig_cont\"><\/div>\n<div class=\"sig_cont\"><\/div>\n<div class=\"sig_cont\"><\/div>\n<div class=\"sig_cont\"><\/div>\n<div class=\"sig_cont\"><\/div>\n<div class=\"sig_cont\"><\/div>\n<div class=\"sig_cont\"><\/div>\n<div class=\"sig_cont\"><\/div>\n<div class=\"sig_cont\"><\/div>\n<div class=\"sig_cont\"><\/div>\n<div class=\"sig_cont\"><\/div>\n<div class=\"sig_cont\"><\/div>\n<div class=\"sig_cont\"><\/div>\n<div class=\"sig_cont\"><\/div>\n<div class=\"sig_cont\"><\/div>\n<div class=\"sig_cont\"><\/div>\n<div class=\"sig_cont\"><\/div>\n<div class=\"sig_cont\"><\/div>\n<div class=\"sig_cont\"><\/div>\n<div class=\"sig_cont\"><\/div>\n<div class=\"sig_cont\"><\/div>\n<div class=\"sig_cont\"><\/div>\n<div class=\"sig_cont\"><\/div>\n<div class=\"sig_cont\"><\/div>\n<div class=\"sig_cont\"><\/div>\n<div class=\"sig_cont\"><\/div>\n<p><!-- JW \"Simple Image Gallery\" Plugin (v1.2.1) starts here --> <script src=\"http:\/\/valdanos-ul.com\/mambots\/content\/plugin_jw_sig\/mootools.js\" type=\"text\/javascript\"><\/script> <script src=\"http:\/\/valdanos-ul.com\/mambots\/content\/plugin_jw_sig\/slimbox.js\" type=\"text\/javascript\"><\/script><\/p>\n<div class=\"sig\">\n<div class=\"sig_cont\">\n<div class=\"sig_thumb\">\n<div class=\"sig_cont\">\n<div class=\"sig_thumb\"><a title=\"Navigation tip: Hover mouse on top of the right or left side of the image to see the next or previous image respectively.&lt;br \/&gt;&lt;br \/&gt;You are browsing images from the article:&lt;br \/&gt;&lt;b&gt;PROTESTNA SETNJA \u201eVRATITE IMOVINU U VALDANOSU\u201c&lt;\/b&gt;\" rel=\"lightbox[sig1]\" href=\"http:\/\/valdanos-ul.com\/images\/stories\/2jun\/DSC_0032.JPG\" target=\"_blank\"><br \/>\n<\/a><\/div>\n<\/div>\n<\/div>\n<\/div>\n<\/div>\n<p><!-- JW \"Simple Image Gallery\" Plugin (v1.2.1) ends here --><!-- JW \"Simple Image Gallery\" Plugin (v1.2.1) starts here --> <script src=\"http:\/\/valdanos-ul.com\/mambots\/content\/plugin_jw_sig\/mootools.js\" type=\"text\/javascript\"><\/script> <script src=\"http:\/\/valdanos-ul.com\/mambots\/content\/plugin_jw_sig\/slimbox.js\" type=\"text\/javascript\"><\/script><\/p>\n<div class=\"sig\">\n<div class=\"sig_cont\">\n<div class=\"sig_thumb\"><a title=\"Navigation tip: Hover mouse on top of the right or left side of the image to see the next or previous image respectively.&lt;br \/&gt;&lt;br \/&gt;You are browsing images from the article:&lt;br \/&gt;&lt;b&gt;PROTESTNA SETNJA \u201eVRATITE IMOVINU U VALDANOSU\u201c&lt;\/b&gt;\" rel=\"lightbox[sig1]\" href=\"http:\/\/valdanos-ul.com\/images\/stories\/2jun\/DSC_0018.JPG\" target=\"_blank\"><br \/>\n<\/a><\/div>\n<\/div>\n<div class=\"sig_cont\">\n<div class=\"sig_thumb\"><a title=\"Navigation tip: Hover mouse on top of the right or left side of the image to see the next or previous image respectively.&lt;br \/&gt;&lt;br \/&gt;You are browsing images from the article:&lt;br \/&gt;&lt;b&gt;PROTESTNA SETNJA \u201eVRATITE IMOVINU U VALDANOSU\u201c&lt;\/b&gt;\" rel=\"lightbox[sig1]\" href=\"http:\/\/valdanos-ul.com\/images\/stories\/2jun\/DSC_0019.JPG\" target=\"_blank\"><br \/>\n<\/a><\/div>\n<\/div>\n<div class=\"sig_cont\">\n<div class=\"sig_thumb\"><a title=\"Navigation tip: Hover mouse on top of the right or left side of the image to see the next or previous image respectively.&lt;br \/&gt;&lt;br \/&gt;You are browsing images from the article:&lt;br \/&gt;&lt;b&gt;PROTESTNA SETNJA \u201eVRATITE IMOVINU U VALDANOSU\u201c&lt;\/b&gt;\" rel=\"lightbox[sig1]\" href=\"http:\/\/valdanos-ul.com\/images\/stories\/2jun\/DSC_0031.JPG\" target=\"_blank\"><br \/>\n<\/a><\/div>\n<\/div>\n<div class=\"sig_cont\">\n<div class=\"sig_thumb\"><a title=\"Navigation tip: Hover mouse on top of the right or left side of the image to see the next or previous image respectively.&lt;br \/&gt;&lt;br \/&gt;You are browsing images from the article:&lt;br \/&gt;&lt;b&gt;PROTESTNA SETNJA \u201eVRATITE IMOVINU U VALDANOSU\u201c&lt;\/b&gt;\" rel=\"lightbox[sig1]\" href=\"http:\/\/valdanos-ul.com\/images\/stories\/2jun\/DSC_0032.JPG\" target=\"_blank\"><br \/>\n<\/a><\/div>\n<\/div>\n<div class=\"sig_cont\">\n<div class=\"sig_thumb\"><a title=\"Navigation tip: Hover mouse on top of the right or left side of the image to see the next or previous image respectively.&lt;br \/&gt;&lt;br \/&gt;You are browsing images from the article:&lt;br \/&gt;&lt;b&gt;PROTESTNA SETNJA \u201eVRATITE IMOVINU U VALDANOSU\u201c&lt;\/b&gt;\" rel=\"lightbox[sig1]\" href=\"http:\/\/valdanos-ul.com\/images\/stories\/2jun\/DSC_0043.JPG\" target=\"_blank\"><br \/>\n<\/a><\/div>\n<\/div>\n<div class=\"sig_cont\">\n<div class=\"sig_thumb\"><a title=\"Navigation tip: Hover mouse on top of the right or left side of the image to see the next or previous image respectively.&lt;br \/&gt;&lt;br \/&gt;You are browsing images from the article:&lt;br \/&gt;&lt;b&gt;PROTESTNA SETNJA \u201eVRATITE IMOVINU U VALDANOSU\u201c&lt;\/b&gt;\" rel=\"lightbox[sig1]\" href=\"http:\/\/valdanos-ul.com\/images\/stories\/2jun\/DSC_0044.JPG\" target=\"_blank\"><br \/>\n<\/a><\/div>\n<\/div>\n<div class=\"sig_cont\">\n<div class=\"sig_thumb\"><a title=\"Navigation tip: Hover mouse on top of the right or left side of the image to see the next or previous image respectively.&lt;br \/&gt;&lt;br \/&gt;You are browsing images from the article:&lt;br \/&gt;&lt;b&gt;PROTESTNA SETNJA \u201eVRATITE IMOVINU U VALDANOSU\u201c&lt;\/b&gt;\" rel=\"lightbox[sig1]\" href=\"http:\/\/valdanos-ul.com\/images\/stories\/2jun\/DSC_0045.JPG\" target=\"_blank\"><br \/>\n<\/a><\/div>\n<\/div>\n<div class=\"sig_cont\">\n<div class=\"sig_thumb\"><a title=\"Navigation tip: Hover mouse on top of the right or left side of the image to see the next or previous image respectively.&lt;br \/&gt;&lt;br \/&gt;You are browsing images from the article:&lt;br \/&gt;&lt;b&gt;PROTESTNA SETNJA \u201eVRATITE IMOVINU U VALDANOSU\u201c&lt;\/b&gt;\" rel=\"lightbox[sig1]\" href=\"http:\/\/valdanos-ul.com\/images\/stories\/2jun\/DSC_0046.JPG\" target=\"_blank\"><br \/>\n<\/a><\/div>\n<\/div>\n<div class=\"sig_cont\">\n<div class=\"sig_thumb\"><a title=\"Navigation tip: Hover mouse on top of the right or left side of the image to see the next or previous image respectively.&lt;br \/&gt;&lt;br \/&gt;You are browsing images from the article:&lt;br \/&gt;&lt;b&gt;PROTESTNA SETNJA \u201eVRATITE IMOVINU U VALDANOSU\u201c&lt;\/b&gt;\" rel=\"lightbox[sig1]\" href=\"http:\/\/valdanos-ul.com\/images\/stories\/2jun\/DSC_0047.JPG\" target=\"_blank\"><br \/>\n<\/a><\/div>\n<\/div>\n<div class=\"sig_cont\">\n<div class=\"sig_thumb\">\n<div class=\"sig_cont\">\n<div class=\"sig_thumb\"><a title=\"Navigation tip: Hover mouse on top of the right or left side of the image to see the next or previous image respectively.&lt;br \/&gt;&lt;br \/&gt;You are browsing images from the article:&lt;br \/&gt;&lt;b&gt;PROTESTNA SETNJA \u201eVRATITE IMOVINU U VALDANOSU\u201c&lt;\/b&gt;\" rel=\"lightbox[sig1]\" href=\"http:\/\/valdanos-ul.com\/images\/stories\/2jun\/DSC_0067.JPG\" target=\"_blank\"><br \/>\n<\/a><\/div>\n<\/div>\n<\/div>\n<\/div>\n<div class=\"sig_cont\">\n<div class=\"sig_thumb\"><a title=\"Navigation tip: Hover mouse on top of the right or left side of the image to see the next or previous image respectively.&lt;br \/&gt;&lt;br \/&gt;You are browsing images from the article:&lt;br \/&gt;&lt;b&gt;PROTESTNA SETNJA \u201eVRATITE IMOVINU U VALDANOSU\u201c&lt;\/b&gt;\" rel=\"lightbox[sig1]\" href=\"http:\/\/valdanos-ul.com\/images\/stories\/2jun\/DSC_0054.JPG\" target=\"_blank\"><br \/>\n<\/a><\/div>\n<\/div>\n<div class=\"sig_cont\">\n<div class=\"sig_thumb\"><a title=\"Navigation tip: Hover mouse on top of the right or left side of the image to see the next or previous image respectively.&lt;br \/&gt;&lt;br \/&gt;You are browsing images from the article:&lt;br \/&gt;&lt;b&gt;PROTESTNA SETNJA \u201eVRATITE IMOVINU U VALDANOSU\u201c&lt;\/b&gt;\" rel=\"lightbox[sig1]\" href=\"http:\/\/valdanos-ul.com\/images\/stories\/2jun\/DSC_0055.JPG\" target=\"_blank\"><br \/>\n<\/a><\/div>\n<\/div>\n<div class=\"sig_cont\">\n<div class=\"sig_thumb\"><a title=\"Navigation tip: Hover mouse on top of the right or left side of the image to see the next or previous image respectively.&lt;br \/&gt;&lt;br \/&gt;You are browsing images from the article:&lt;br \/&gt;&lt;b&gt;PROTESTNA SETNJA \u201eVRATITE IMOVINU U VALDANOSU\u201c&lt;\/b&gt;\" rel=\"lightbox[sig1]\" href=\"http:\/\/valdanos-ul.com\/images\/stories\/2jun\/DSC_0057.JPG\" target=\"_blank\"><br \/>\n<\/a><\/div>\n<\/div>\n<div class=\"sig_cont\">\n<div class=\"sig_thumb\"><a title=\"Navigation tip: Hover mouse on top of the right or left side of the image to see the next or previous image respectively.&lt;br \/&gt;&lt;br \/&gt;You are browsing images from the article:&lt;br \/&gt;&lt;b&gt;PROTESTNA SETNJA \u201eVRATITE IMOVINU U VALDANOSU\u201c&lt;\/b&gt;\" rel=\"lightbox[sig1]\" href=\"http:\/\/valdanos-ul.com\/images\/stories\/2jun\/DSC_0068.JPG\" target=\"_blank\"><br \/>\n<\/a><\/div>\n<\/div>\n<div class=\"sig_cont\">\n<div class=\"sig_thumb\"><a title=\"Navigation tip: Hover mouse on top of the right or left side of the image to see the next or previous image respectively.&lt;br \/&gt;&lt;br \/&gt;You are browsing images from the article:&lt;br \/&gt;&lt;b&gt;PROTESTNA SETNJA \u201eVRATITE IMOVINU U VALDANOSU\u201c&lt;\/b&gt;\" rel=\"lightbox[sig1]\" href=\"http:\/\/valdanos-ul.com\/images\/stories\/2jun\/DSC_0070.JPG\" target=\"_blank\"><br \/>\n<\/a><\/div>\n<\/div>\n<div class=\"sig_cont\">\n<div class=\"sig_thumb\"><a title=\"Navigation tip: Hover mouse on top of the right or left side of the image to see the next or previous image respectively.&lt;br \/&gt;&lt;br \/&gt;You are browsing images from the article:&lt;br \/&gt;&lt;b&gt;PROTESTNA SETNJA \u201eVRATITE IMOVINU U VALDANOSU\u201c&lt;\/b&gt;\" rel=\"lightbox[sig1]\" href=\"http:\/\/valdanos-ul.com\/images\/stories\/2jun\/DSC_0071.JPG\" target=\"_blank\"><br \/>\n<\/a><\/div>\n<\/div>\n<div class=\"sig_cont\">\n<div class=\"sig_thumb\"><a title=\"Navigation tip: Hover mouse on top of the right or left side of the image to see the next or previous image respectively.&lt;br \/&gt;&lt;br \/&gt;You are browsing images from the article:&lt;br \/&gt;&lt;b&gt;PROTESTNA SETNJA \u201eVRATITE IMOVINU U VALDANOSU\u201c&lt;\/b&gt;\" rel=\"lightbox[sig1]\" href=\"http:\/\/valdanos-ul.com\/images\/stories\/2jun\/DSC_0085.JPG\" target=\"_blank\"><br \/>\n<\/a><\/div>\n<\/div>\n<div class=\"sig_cont\">\n<div class=\"sig_thumb\"><a title=\"Navigation tip: Hover mouse on top of the right or left side of the image to see the next or previous image respectively.&lt;br \/&gt;&lt;br \/&gt;You are browsing images from the article:&lt;br \/&gt;&lt;b&gt;PROTESTNA SETNJA \u201eVRATITE IMOVINU U VALDANOSU\u201c&lt;\/b&gt;\" rel=\"lightbox[sig1]\" href=\"http:\/\/valdanos-ul.com\/images\/stories\/2jun\/DSC_0086.JPG\" target=\"_blank\"><\/a><\/div>\n<\/div>\n<div class=\"sig_cont\">\n<div class=\"sig_thumb\"><a title=\"Navigation tip: Hover mouse on top of the right or left side of the image to see the next or previous image respectively.&lt;br \/&gt;&lt;br \/&gt;You are browsing images from the article:&lt;br \/&gt;&lt;b&gt;PROTESTNA SETNJA \u201eVRATITE IMOVINU U VALDANOSU\u201c&lt;\/b&gt;\" rel=\"lightbox[sig1]\" href=\"http:\/\/valdanos-ul.com\/images\/stories\/2jun\/DSC_0159.JPG\" target=\"_blank\"><\/a><\/div>\n<\/div>\n<div class=\"sig_cont\">\n<div class=\"sig_thumb\"><a title=\"Navigation tip: Hover mouse on top of the right or left side of the image to see the next or previous image respectively.&lt;br \/&gt;&lt;br \/&gt;You are browsing images from the article:&lt;br \/&gt;&lt;b&gt;PROTESTNA SETNJA \u201eVRATITE IMOVINU U VALDANOSU\u201c&lt;\/b&gt;\" rel=\"lightbox[sig1]\" href=\"http:\/\/valdanos-ul.com\/images\/stories\/2jun\/DSC_0161.JPG\" target=\"_blank\"><\/a><\/div>\n<\/div>\n<div class=\"sig_cont\">\n<div class=\"sig_thumb\"><a title=\"Navigation tip: Hover mouse on top of the right or left side of the image to see the next or previous image respectively.&lt;br \/&gt;&lt;br \/&gt;You are browsing images from the article:&lt;br \/&gt;&lt;b&gt;PROTESTNA SETNJA \u201eVRATITE IMOVINU U VALDANOSU\u201c&lt;\/b&gt;\" rel=\"lightbox[sig1]\" href=\"http:\/\/valdanos-ul.com\/images\/stories\/2jun\/DSC_0168.JPG\" target=\"_blank\"><\/a><\/div>\n<\/div>\n<div class=\"sig_cont\"><!-- vimeo error: not a vimeo video --><\/div>\n<div class=\"sig_cont\">\n<\/div>\n<\/div>\n","protected":false},"excerpt":{"rendered":"<p><img loading=\"lazy\" class=\"alignleft\" style=\"float: left;\" src=\"http:\/\/www.visit-ulcinj.com\/blog\/wp-content\/uploads\/2008\/05\/jo-shitjes-te-valdanosit.jpg\" alt=\"valdanos\" width=\"140\" height=\"140\" \/><\/p>\n","protected":false},"author":1,"featured_media":0,"comment_status":"open","ping_status":"closed","sticky":false,"template":"","format":"standard","meta":{"spay_email":"","jetpack_publicize_message":"","jetpack_is_tweetstorm":false,"jetpack_publicize_feature_enabled":true},"categories":[1,12],"tags":[3580,2338,3578,2323,3584,1499,3576,3575,3574,3579,40,3577,41,3582,3581,3583,1655,3573,200,136,561,2340],"jetpack_publicize_connections":[],"yoast_head":"<!-- This site is optimized with the Yoast SEO plugin v19.1 - https:\/\/yoast.com\/wordpress\/plugins\/seo\/ -->\n<title>Ulqinak\u00ebt k\u00ebrkojn\u00eb ullishten e shpron\u00ebsuar - Lajme nga Ulqini<\/title>\n<meta name=\"robots\" content=\"index, follow, max-snippet:-1, max-image-preview:large, max-video-preview:-1\" \/>\n<link rel=\"canonical\" href=\"https:\/\/www.visit-ulcinj.com\/blog\/2008\/05\/28\/ulqinaket-kerkojne-ullishten-e-shpronesuar\/\" \/>\n<meta property=\"og:locale\" content=\"en_US\" \/>\n<meta property=\"og:type\" content=\"article\" \/>\n<meta property=\"og:title\" content=\"Ulqinak\u00ebt k\u00ebrkojn\u00eb ullishten e shpron\u00ebsuar - Lajme nga Ulqini\" \/>\n<meta property=\"og:url\" content=\"https:\/\/www.visit-ulcinj.com\/blog\/2008\/05\/28\/ulqinaket-kerkojne-ullishten-e-shpronesuar\/\" \/>\n<meta property=\"og:site_name\" content=\"Lajme nga Ulqini\" \/>\n<meta property=\"article:published_time\" content=\"2008-05-28T17:09:02+00:00\" \/>\n<meta property=\"article:modified_time\" content=\"2008-06-03T16:05:56+00:00\" \/>\n<meta property=\"og:image\" content=\"http:\/\/www.visit-ulcinj.com\/blog\/wp-content\/uploads\/2008\/05\/jo-shitjes-te-valdanosit.jpg\" \/>\n<meta name=\"twitter:label1\" content=\"Written by\" \/>\n\t<meta name=\"twitter:data1\" content=\"ulqini\" \/>\n\t<meta name=\"twitter:label2\" content=\"Est. reading time\" \/>\n\t<meta name=\"twitter:data2\" content=\"2 minutes\" \/>\n<script type=\"application\/ld+json\" class=\"yoast-schema-graph\">{\"@context\":\"https:\/\/schema.org\",\"@graph\":[{\"@type\":\"WebSite\",\"@id\":\"https:\/\/www.visit-ulcinj.com\/blog\/#website\",\"url\":\"https:\/\/www.visit-ulcinj.com\/blog\/\",\"name\":\"Lajme nga Ulqini\",\"description\":\"Lajme,Vijesti,Ulqini,Ulqin,Crna Gora,Mali i Zi\",\"potentialAction\":[{\"@type\":\"SearchAction\",\"target\":{\"@type\":\"EntryPoint\",\"urlTemplate\":\"https:\/\/www.visit-ulcinj.com\/blog\/?s={search_term_string}\"},\"query-input\":\"required name=search_term_string\"}],\"inLanguage\":\"en-US\"},{\"@type\":\"ImageObject\",\"inLanguage\":\"en-US\",\"@id\":\"https:\/\/www.visit-ulcinj.com\/blog\/2008\/05\/28\/ulqinaket-kerkojne-ullishten-e-shpronesuar\/#primaryimage\",\"url\":\"http:\/\/www.visit-ulcinj.com\/blog\/wp-content\/uploads\/2008\/05\/jo-shitjes-te-valdanosit.jpg\",\"contentUrl\":\"http:\/\/www.visit-ulcinj.com\/blog\/wp-content\/uploads\/2008\/05\/jo-shitjes-te-valdanosit.jpg\"},{\"@type\":\"WebPage\",\"@id\":\"https:\/\/www.visit-ulcinj.com\/blog\/2008\/05\/28\/ulqinaket-kerkojne-ullishten-e-shpronesuar\/#webpage\",\"url\":\"https:\/\/www.visit-ulcinj.com\/blog\/2008\/05\/28\/ulqinaket-kerkojne-ullishten-e-shpronesuar\/\",\"name\":\"Ulqinak\u00ebt k\u00ebrkojn\u00eb ullishten e shpron\u00ebsuar - Lajme nga Ulqini\",\"isPartOf\":{\"@id\":\"https:\/\/www.visit-ulcinj.com\/blog\/#website\"},\"primaryImageOfPage\":{\"@id\":\"https:\/\/www.visit-ulcinj.com\/blog\/2008\/05\/28\/ulqinaket-kerkojne-ullishten-e-shpronesuar\/#primaryimage\"},\"datePublished\":\"2008-05-28T17:09:02+00:00\",\"dateModified\":\"2008-06-03T16:05:56+00:00\",\"author\":{\"@id\":\"https:\/\/www.visit-ulcinj.com\/blog\/#\/schema\/person\/dcab619c614d3038751c63bc2aadc06d\"},\"breadcrumb\":{\"@id\":\"https:\/\/www.visit-ulcinj.com\/blog\/2008\/05\/28\/ulqinaket-kerkojne-ullishten-e-shpronesuar\/#breadcrumb\"},\"inLanguage\":\"en-US\",\"potentialAction\":[{\"@type\":\"ReadAction\",\"target\":[\"https:\/\/www.visit-ulcinj.com\/blog\/2008\/05\/28\/ulqinaket-kerkojne-ullishten-e-shpronesuar\/\"]}]},{\"@type\":\"BreadcrumbList\",\"@id\":\"https:\/\/www.visit-ulcinj.com\/blog\/2008\/05\/28\/ulqinaket-kerkojne-ullishten-e-shpronesuar\/#breadcrumb\",\"itemListElement\":[{\"@type\":\"ListItem\",\"position\":1,\"name\":\"Ulqinak\u00ebt k\u00ebrkojn\u00eb ullishten e shpron\u00ebsuar\"}]},{\"@type\":\"Person\",\"@id\":\"https:\/\/www.visit-ulcinj.com\/blog\/#\/schema\/person\/dcab619c614d3038751c63bc2aadc06d\",\"name\":\"ulqini\",\"sameAs\":[\"http:\/\/www.visit-ulcinj.com\"],\"url\":\"https:\/\/www.visit-ulcinj.com\/blog\/author\/admin\/\"}]}<\/script>\n<!-- \/ Yoast SEO plugin. -->","yoast_head_json":{"title":"Ulqinak\u00ebt k\u00ebrkojn\u00eb ullishten e shpron\u00ebsuar - Lajme nga Ulqini","robots":{"index":"index","follow":"follow","max-snippet":"max-snippet:-1","max-image-preview":"max-image-preview:large","max-video-preview":"max-video-preview:-1"},"canonical":"https:\/\/www.visit-ulcinj.com\/blog\/2008\/05\/28\/ulqinaket-kerkojne-ullishten-e-shpronesuar\/","og_locale":"en_US","og_type":"article","og_title":"Ulqinak\u00ebt k\u00ebrkojn\u00eb ullishten e shpron\u00ebsuar - Lajme nga Ulqini","og_url":"https:\/\/www.visit-ulcinj.com\/blog\/2008\/05\/28\/ulqinaket-kerkojne-ullishten-e-shpronesuar\/","og_site_name":"Lajme nga Ulqini","article_published_time":"2008-05-28T17:09:02+00:00","article_modified_time":"2008-06-03T16:05:56+00:00","og_image":[{"url":"http:\/\/www.visit-ulcinj.com\/blog\/wp-content\/uploads\/2008\/05\/jo-shitjes-te-valdanosit.jpg"}],"twitter_misc":{"Written by":"ulqini","Est. reading time":"2 minutes"},"schema":{"@context":"https:\/\/schema.org","@graph":[{"@type":"WebSite","@id":"https:\/\/www.visit-ulcinj.com\/blog\/#website","url":"https:\/\/www.visit-ulcinj.com\/blog\/","name":"Lajme nga Ulqini","description":"Lajme,Vijesti,Ulqini,Ulqin,Crna Gora,Mali i Zi","potentialAction":[{"@type":"SearchAction","target":{"@type":"EntryPoint","urlTemplate":"https:\/\/www.visit-ulcinj.com\/blog\/?s={search_term_string}"},"query-input":"required name=search_term_string"}],"inLanguage":"en-US"},{"@type":"ImageObject","inLanguage":"en-US","@id":"https:\/\/www.visit-ulcinj.com\/blog\/2008\/05\/28\/ulqinaket-kerkojne-ullishten-e-shpronesuar\/#primaryimage","url":"http:\/\/www.visit-ulcinj.com\/blog\/wp-content\/uploads\/2008\/05\/jo-shitjes-te-valdanosit.jpg","contentUrl":"http:\/\/www.visit-ulcinj.com\/blog\/wp-content\/uploads\/2008\/05\/jo-shitjes-te-valdanosit.jpg"},{"@type":"WebPage","@id":"https:\/\/www.visit-ulcinj.com\/blog\/2008\/05\/28\/ulqinaket-kerkojne-ullishten-e-shpronesuar\/#webpage","url":"https:\/\/www.visit-ulcinj.com\/blog\/2008\/05\/28\/ulqinaket-kerkojne-ullishten-e-shpronesuar\/","name":"Ulqinak\u00ebt k\u00ebrkojn\u00eb ullishten e shpron\u00ebsuar - Lajme nga Ulqini","isPartOf":{"@id":"https:\/\/www.visit-ulcinj.com\/blog\/#website"},"primaryImageOfPage":{"@id":"https:\/\/www.visit-ulcinj.com\/blog\/2008\/05\/28\/ulqinaket-kerkojne-ullishten-e-shpronesuar\/#primaryimage"},"datePublished":"2008-05-28T17:09:02+00:00","dateModified":"2008-06-03T16:05:56+00:00","author":{"@id":"https:\/\/www.visit-ulcinj.com\/blog\/#\/schema\/person\/dcab619c614d3038751c63bc2aadc06d"},"breadcrumb":{"@id":"https:\/\/www.visit-ulcinj.com\/blog\/2008\/05\/28\/ulqinaket-kerkojne-ullishten-e-shpronesuar\/#breadcrumb"},"inLanguage":"en-US","potentialAction":[{"@type":"ReadAction","target":["https:\/\/www.visit-ulcinj.com\/blog\/2008\/05\/28\/ulqinaket-kerkojne-ullishten-e-shpronesuar\/"]}]},{"@type":"BreadcrumbList","@id":"https:\/\/www.visit-ulcinj.com\/blog\/2008\/05\/28\/ulqinaket-kerkojne-ullishten-e-shpronesuar\/#breadcrumb","itemListElement":[{"@type":"ListItem","position":1,"name":"Ulqinak\u00ebt k\u00ebrkojn\u00eb ullishten e shpron\u00ebsuar"}]},{"@type":"Person","@id":"https:\/\/www.visit-ulcinj.com\/blog\/#\/schema\/person\/dcab619c614d3038751c63bc2aadc06d","name":"ulqini","sameAs":["http:\/\/www.visit-ulcinj.com"],"url":"https:\/\/www.visit-ulcinj.com\/blog\/author\/admin\/"}]}},"jetpack_featured_media_url":"","jetpack_sharing_enabled":true,"jetpack_shortlink":"https:\/\/wp.me\/pe6lTn-sL","_links":{"self":[{"href":"https:\/\/www.visit-ulcinj.com\/blog\/wp-json\/wp\/v2\/posts\/1783"}],"collection":[{"href":"https:\/\/www.visit-ulcinj.com\/blog\/wp-json\/wp\/v2\/posts"}],"about":[{"href":"https:\/\/www.visit-ulcinj.com\/blog\/wp-json\/wp\/v2\/types\/post"}],"author":[{"embeddable":true,"href":"https:\/\/www.visit-ulcinj.com\/blog\/wp-json\/wp\/v2\/users\/1"}],"replies":[{"embeddable":true,"href":"https:\/\/www.visit-ulcinj.com\/blog\/wp-json\/wp\/v2\/comments?post=1783"}],"version-history":[{"count":0,"href":"https:\/\/www.visit-ulcinj.com\/blog\/wp-json\/wp\/v2\/posts\/1783\/revisions"}],"wp:attachment":[{"href":"https:\/\/www.visit-ulcinj.com\/blog\/wp-json\/wp\/v2\/media?parent=1783"}],"wp:term":[{"taxonomy":"category","embeddable":true,"href":"https:\/\/www.visit-ulcinj.com\/blog\/wp-json\/wp\/v2\/categories?post=1783"},{"taxonomy":"post_tag","embeddable":true,"href":"https:\/\/www.visit-ulcinj.com\/blog\/wp-json\/wp\/v2\/tags?post=1783"}],"curies":[{"name":"wp","href":"https:\/\/api.w.org\/{rel}","templated":true}]}}