{"id":17832,"date":"2009-04-13T21:15:59","date_gmt":"2009-04-13T19:15:59","guid":{"rendered":"http:\/\/www.visit-ulcinj.com\/blog\/?p=17832"},"modified":"2009-04-13T21:15:59","modified_gmt":"2009-04-13T19:15:59","slug":"podgorica-%e2%80%9carsyeton%e2%80%9d-skandalin-me-delegacionin-kosovar","status":"publish","type":"post","link":"https:\/\/www.visit-ulcinj.com\/blog\/2009\/04\/13\/podgorica-%e2%80%9carsyeton%e2%80%9d-skandalin-me-delegacionin-kosovar\/","title":{"rendered":"Podgorica \u201carsyeton\u201d skandalin me delegacionin kosovar"},"content":{"rendered":"<p><a href=\"http:\/\/www.visit-ulcinj.com\/blog\/wp-content\/uploads\/2009\/04\/cefta_2009.jpg\"><img loading=\"lazy\" class=\"alignleft size-full wp-image-17833\" title=\"cefta_2009\" src=\"http:\/\/www.visit-ulcinj.com\/blog\/wp-content\/uploads\/2009\/04\/cefta_2009.jpg\" alt=\"cefta_2009\" width=\"570\" height=\"365\" \/><\/a>Autoritetet malazeze \u201carsyetuan\u201d t\u00eb premten faktin pse Kosova n\u00eb takimin e CEFTA-s q\u00eb u mbajt gjat\u00eb dy dit\u00ebve t\u00eb kaluara n\u00eb Podgoric\u00eb p\u00ebrfaq\u00ebsohej n\u00ebp\u00ebrmjet UNMIK-ut, gj\u00eb q\u00eb shkaktoi braktisjen e takimit nga ana e p\u00ebrfaq\u00ebsuesve t\u00eb qeveris\u00eb s\u00eb Kosov\u00ebs.<br \/>\nP\u00ebrfaq\u00ebsuesi i Ministris\u00eb p\u00ebr zhvillim ekonomik t\u00eb Qeveris\u00eb s\u00eb Malit t\u00eb Zi, Goran Scepanovic, tha se takimi i n\u00ebn-komitetit t\u00eb CEFTA-s \u00ebsht\u00eb mbajtur konform marr\u00ebveshjes n\u00eb fuqi.<br \/>\n\u201cNe i kemi propozuar delegacionit t\u00eb Kosov\u00ebs t\u00eb kandidoj\u00eb propozimin q\u00eb n\u00eb k\u00ebt\u00eb pjes\u00eb t\u00eb nd\u00ebrrohet marr\u00ebveshja, e m\u00eb pastaj t\u00eb shohim a do t\u00eb pranohet nga t\u00eb pranishmit. Deri at\u00ebher\u00eb, ne edhe t\u00eb gjith\u00eb ata q\u00eb e p\u00ebrfaq\u00ebsojn\u00eb marr\u00ebveshjen, jan\u00eb t\u00eb detyruar ta zbatojn\u00eb at\u00eb dokument, ashtu si\u00e7 \u00ebsht\u00eb, pa marr\u00eb parasysh e p\u00eblqen dikush apo jo\u201d, thot\u00eb Scepanovic.<br \/>\nAi shton se \u201ci kemi sqaruar delegacionit t\u00eb Kosov\u00ebs se Mali i Zi zbaton marr\u00ebveshjet, sikur t\u00eb gjith\u00eb protokollet tjera nd\u00ebrkomb\u00ebtare, derisa nuk ndodh ndryshimi i tyre\u201d, duke shtuar se \u201carsyetimin e Malit t\u00eb Zi,si kryesues e kan\u00eb pranuar t\u00eb gjith\u00eb p\u00ebrfaq\u00ebsuesit e vendeve t\u00eb tjera\u201d.<br \/>\nMarr\u00ebveshjen, p\u00ebrve\u00e7 Malit t\u00eb Zi, e ka n\u00ebnshkruar Bosnj\u00eb e Hercegovina, Kroacia, Shqip\u00ebria, Maqedonia, Moldavia, Serbia dhe UNMIK- n\u00eb em\u00ebr t\u00eb Kosov\u00ebs.<br \/>\nScepanovic sqaron se pas p\u00ebrfundimit t\u00eb takimit, edhe p\u00ebrfaq\u00ebsuesi i UNMIK-ut ka th\u00ebn\u00eb se \u00ebsht\u00eb i habitur me reagimin e delegacionit t\u00eb Kosov\u00ebs.<br \/>\nNj\u00eb delegacion i Ministris\u00eb s\u00eb Bujq\u00ebsis\u00eb, braktisi punimit e n\u00ebnkomitetit t\u00eb CEFTA-s, i cili ishte mbledhur p\u00ebr t\u00eb biseduar rreth bujq\u00ebsis\u00eb n\u00eb Podgoric\u00eb. N\u00eb koh\u00ebn kur Kosova \u00ebsht\u00eb p\u00ebrfshir\u00eb n\u00eb k\u00ebt\u00eb marr\u00ebveshje, shkaku i munges\u00ebs s\u00eb statusit politik, \u00ebsht\u00eb p\u00ebrfaq\u00ebsuar nga UNMIK-u.<br \/>\n<strong><br \/>\nKosovaLive<\/strong><\/p>\n<!--YouTube Error: bad URL entered-->\n","protected":false},"excerpt":{"rendered":"<p>Autoritetet malazeze \u201carsyetuan\u201d t\u00eb premten faktin pse Kosova n\u00eb takimin e CEFTA-s q\u00eb u mbajt gjat\u00eb dy dit\u00ebve t\u00eb kaluara n\u00eb Podgoric\u00eb p\u00ebrfaq\u00ebsohej n\u00ebp\u00ebrmjet UNMIK-ut, gj\u00eb q\u00eb shkaktoi braktisjen e takimit nga ana e p\u00ebrfaq\u00ebsuesve t\u00eb qeveris\u00eb s\u00eb Kosov\u00ebs. P\u00ebrfaq\u00ebsuesi i Ministris\u00eb p\u00ebr zhvillim ekonomik t\u00eb Qeveris\u00eb s\u00eb Malit t\u00eb Zi, Goran Scepanovic, tha se [&hellip;]<\/p>\n","protected":false},"author":1,"featured_media":0,"comment_status":"open","ping_status":"closed","sticky":false,"template":"","format":"standard","meta":{"spay_email":"","jetpack_publicize_message":"","jetpack_is_tweetstorm":false,"jetpack_publicize_feature_enabled":true},"categories":[14],"tags":[9112,9108,9110,9111,3147,2754,9113,9107,9114,354,9109],"jetpack_publicize_connections":[],"yoast_head":"<!-- This site is optimized with the Yoast SEO plugin v19.1 - https:\/\/yoast.com\/wordpress\/plugins\/seo\/ -->\n<title>Podgorica \u201carsyeton\u201d skandalin me delegacionin kosovar - Lajme nga Ulqini<\/title>\n<meta name=\"description\" content=\"Autoritetet malazeze \u201carsyetuan\u201d t\u00eb premten faktin pse Kosova n\u00eb takimin e CEFTA-s q\u00eb u mbajt gjat\u00eb dy dit\u00ebve t\u00eb kaluara n\u00eb Podgoric\u00eb p\u00ebrfaq\u00ebsohej\" \/>\n<meta name=\"robots\" content=\"index, follow, max-snippet:-1, max-image-preview:large, max-video-preview:-1\" \/>\n<link rel=\"canonical\" href=\"https:\/\/www.visit-ulcinj.com\/blog\/2009\/04\/13\/podgorica-\u201carsyeton\u201d-skandalin-me-delegacionin-kosovar\/\" \/>\n<meta property=\"og:locale\" content=\"en_US\" \/>\n<meta property=\"og:type\" content=\"article\" \/>\n<meta property=\"og:title\" content=\"Podgorica \u201carsyeton\u201d skandalin me delegacionin kosovar - Lajme nga Ulqini\" \/>\n<meta property=\"og:description\" content=\"Autoritetet malazeze \u201carsyetuan\u201d t\u00eb premten faktin pse Kosova n\u00eb takimin e CEFTA-s q\u00eb u mbajt gjat\u00eb dy dit\u00ebve t\u00eb kaluara n\u00eb Podgoric\u00eb p\u00ebrfaq\u00ebsohej\" \/>\n<meta property=\"og:url\" content=\"https:\/\/www.visit-ulcinj.com\/blog\/2009\/04\/13\/podgorica-\u201carsyeton\u201d-skandalin-me-delegacionin-kosovar\/\" \/>\n<meta property=\"og:site_name\" content=\"Lajme nga Ulqini\" \/>\n<meta property=\"article:published_time\" content=\"2009-04-13T19:15:59+00:00\" \/>\n<meta property=\"og:image\" content=\"http:\/\/www.visit-ulcinj.com\/blog\/wp-content\/uploads\/2009\/04\/cefta_2009.jpg\" \/>\n<meta name=\"twitter:label1\" content=\"Written by\" \/>\n\t<meta name=\"twitter:data1\" content=\"ulqini\" \/>\n\t<meta name=\"twitter:label2\" content=\"Est. reading time\" \/>\n\t<meta name=\"twitter:data2\" content=\"2 minutes\" \/>\n<script type=\"application\/ld+json\" class=\"yoast-schema-graph\">{\"@context\":\"https:\/\/schema.org\",\"@graph\":[{\"@type\":\"WebSite\",\"@id\":\"https:\/\/www.visit-ulcinj.com\/blog\/#website\",\"url\":\"https:\/\/www.visit-ulcinj.com\/blog\/\",\"name\":\"Lajme nga Ulqini\",\"description\":\"Lajme,Vijesti,Ulqini,Ulqin,Crna Gora,Mali i Zi\",\"potentialAction\":[{\"@type\":\"SearchAction\",\"target\":{\"@type\":\"EntryPoint\",\"urlTemplate\":\"https:\/\/www.visit-ulcinj.com\/blog\/?s={search_term_string}\"},\"query-input\":\"required name=search_term_string\"}],\"inLanguage\":\"en-US\"},{\"@type\":\"ImageObject\",\"inLanguage\":\"en-US\",\"@id\":\"https:\/\/www.visit-ulcinj.com\/blog\/2009\/04\/13\/podgorica-%e2%80%9carsyeton%e2%80%9d-skandalin-me-delegacionin-kosovar\/#primaryimage\",\"url\":\"http:\/\/www.visit-ulcinj.com\/blog\/wp-content\/uploads\/2009\/04\/cefta_2009.jpg\",\"contentUrl\":\"http:\/\/www.visit-ulcinj.com\/blog\/wp-content\/uploads\/2009\/04\/cefta_2009.jpg\"},{\"@type\":\"WebPage\",\"@id\":\"https:\/\/www.visit-ulcinj.com\/blog\/2009\/04\/13\/podgorica-%e2%80%9carsyeton%e2%80%9d-skandalin-me-delegacionin-kosovar\/#webpage\",\"url\":\"https:\/\/www.visit-ulcinj.com\/blog\/2009\/04\/13\/podgorica-%e2%80%9carsyeton%e2%80%9d-skandalin-me-delegacionin-kosovar\/\",\"name\":\"Podgorica \u201carsyeton\u201d skandalin me delegacionin kosovar - Lajme nga Ulqini\",\"isPartOf\":{\"@id\":\"https:\/\/www.visit-ulcinj.com\/blog\/#website\"},\"primaryImageOfPage\":{\"@id\":\"https:\/\/www.visit-ulcinj.com\/blog\/2009\/04\/13\/podgorica-%e2%80%9carsyeton%e2%80%9d-skandalin-me-delegacionin-kosovar\/#primaryimage\"},\"datePublished\":\"2009-04-13T19:15:59+00:00\",\"dateModified\":\"2009-04-13T19:15:59+00:00\",\"author\":{\"@id\":\"https:\/\/www.visit-ulcinj.com\/blog\/#\/schema\/person\/dcab619c614d3038751c63bc2aadc06d\"},\"description\":\"Autoritetet malazeze \u201carsyetuan\u201d t\u00eb premten faktin pse Kosova n\u00eb takimin e CEFTA-s q\u00eb u mbajt gjat\u00eb dy dit\u00ebve t\u00eb kaluara n\u00eb Podgoric\u00eb p\u00ebrfaq\u00ebsohej\",\"breadcrumb\":{\"@id\":\"https:\/\/www.visit-ulcinj.com\/blog\/2009\/04\/13\/podgorica-%e2%80%9carsyeton%e2%80%9d-skandalin-me-delegacionin-kosovar\/#breadcrumb\"},\"inLanguage\":\"en-US\",\"potentialAction\":[{\"@type\":\"ReadAction\",\"target\":[\"https:\/\/www.visit-ulcinj.com\/blog\/2009\/04\/13\/podgorica-%e2%80%9carsyeton%e2%80%9d-skandalin-me-delegacionin-kosovar\/\"]}]},{\"@type\":\"BreadcrumbList\",\"@id\":\"https:\/\/www.visit-ulcinj.com\/blog\/2009\/04\/13\/podgorica-%e2%80%9carsyeton%e2%80%9d-skandalin-me-delegacionin-kosovar\/#breadcrumb\",\"itemListElement\":[{\"@type\":\"ListItem\",\"position\":1,\"name\":\"Podgorica \u201carsyeton\u201d skandalin me delegacionin kosovar\"}]},{\"@type\":\"Person\",\"@id\":\"https:\/\/www.visit-ulcinj.com\/blog\/#\/schema\/person\/dcab619c614d3038751c63bc2aadc06d\",\"name\":\"ulqini\",\"sameAs\":[\"http:\/\/www.visit-ulcinj.com\"],\"url\":\"https:\/\/www.visit-ulcinj.com\/blog\/author\/admin\/\"}]}<\/script>\n<!-- \/ Yoast SEO plugin. -->","yoast_head_json":{"title":"Podgorica \u201carsyeton\u201d skandalin me delegacionin kosovar - Lajme nga Ulqini","description":"Autoritetet malazeze \u201carsyetuan\u201d t\u00eb premten faktin pse Kosova n\u00eb takimin e CEFTA-s q\u00eb u mbajt gjat\u00eb dy dit\u00ebve t\u00eb kaluara n\u00eb Podgoric\u00eb p\u00ebrfaq\u00ebsohej","robots":{"index":"index","follow":"follow","max-snippet":"max-snippet:-1","max-image-preview":"max-image-preview:large","max-video-preview":"max-video-preview:-1"},"canonical":"https:\/\/www.visit-ulcinj.com\/blog\/2009\/04\/13\/podgorica-\u201carsyeton\u201d-skandalin-me-delegacionin-kosovar\/","og_locale":"en_US","og_type":"article","og_title":"Podgorica \u201carsyeton\u201d skandalin me delegacionin kosovar - Lajme nga Ulqini","og_description":"Autoritetet malazeze \u201carsyetuan\u201d t\u00eb premten faktin pse Kosova n\u00eb takimin e CEFTA-s q\u00eb u mbajt gjat\u00eb dy dit\u00ebve t\u00eb kaluara n\u00eb Podgoric\u00eb p\u00ebrfaq\u00ebsohej","og_url":"https:\/\/www.visit-ulcinj.com\/blog\/2009\/04\/13\/podgorica-\u201carsyeton\u201d-skandalin-me-delegacionin-kosovar\/","og_site_name":"Lajme nga Ulqini","article_published_time":"2009-04-13T19:15:59+00:00","og_image":[{"url":"http:\/\/www.visit-ulcinj.com\/blog\/wp-content\/uploads\/2009\/04\/cefta_2009.jpg"}],"twitter_misc":{"Written by":"ulqini","Est. reading time":"2 minutes"},"schema":{"@context":"https:\/\/schema.org","@graph":[{"@type":"WebSite","@id":"https:\/\/www.visit-ulcinj.com\/blog\/#website","url":"https:\/\/www.visit-ulcinj.com\/blog\/","name":"Lajme nga Ulqini","description":"Lajme,Vijesti,Ulqini,Ulqin,Crna Gora,Mali i Zi","potentialAction":[{"@type":"SearchAction","target":{"@type":"EntryPoint","urlTemplate":"https:\/\/www.visit-ulcinj.com\/blog\/?s={search_term_string}"},"query-input":"required name=search_term_string"}],"inLanguage":"en-US"},{"@type":"ImageObject","inLanguage":"en-US","@id":"https:\/\/www.visit-ulcinj.com\/blog\/2009\/04\/13\/podgorica-%e2%80%9carsyeton%e2%80%9d-skandalin-me-delegacionin-kosovar\/#primaryimage","url":"http:\/\/www.visit-ulcinj.com\/blog\/wp-content\/uploads\/2009\/04\/cefta_2009.jpg","contentUrl":"http:\/\/www.visit-ulcinj.com\/blog\/wp-content\/uploads\/2009\/04\/cefta_2009.jpg"},{"@type":"WebPage","@id":"https:\/\/www.visit-ulcinj.com\/blog\/2009\/04\/13\/podgorica-%e2%80%9carsyeton%e2%80%9d-skandalin-me-delegacionin-kosovar\/#webpage","url":"https:\/\/www.visit-ulcinj.com\/blog\/2009\/04\/13\/podgorica-%e2%80%9carsyeton%e2%80%9d-skandalin-me-delegacionin-kosovar\/","name":"Podgorica \u201carsyeton\u201d skandalin me delegacionin kosovar - Lajme nga Ulqini","isPartOf":{"@id":"https:\/\/www.visit-ulcinj.com\/blog\/#website"},"primaryImageOfPage":{"@id":"https:\/\/www.visit-ulcinj.com\/blog\/2009\/04\/13\/podgorica-%e2%80%9carsyeton%e2%80%9d-skandalin-me-delegacionin-kosovar\/#primaryimage"},"datePublished":"2009-04-13T19:15:59+00:00","dateModified":"2009-04-13T19:15:59+00:00","author":{"@id":"https:\/\/www.visit-ulcinj.com\/blog\/#\/schema\/person\/dcab619c614d3038751c63bc2aadc06d"},"description":"Autoritetet malazeze \u201carsyetuan\u201d t\u00eb premten faktin pse Kosova n\u00eb takimin e CEFTA-s q\u00eb u mbajt gjat\u00eb dy dit\u00ebve t\u00eb kaluara n\u00eb Podgoric\u00eb p\u00ebrfaq\u00ebsohej","breadcrumb":{"@id":"https:\/\/www.visit-ulcinj.com\/blog\/2009\/04\/13\/podgorica-%e2%80%9carsyeton%e2%80%9d-skandalin-me-delegacionin-kosovar\/#breadcrumb"},"inLanguage":"en-US","potentialAction":[{"@type":"ReadAction","target":["https:\/\/www.visit-ulcinj.com\/blog\/2009\/04\/13\/podgorica-%e2%80%9carsyeton%e2%80%9d-skandalin-me-delegacionin-kosovar\/"]}]},{"@type":"BreadcrumbList","@id":"https:\/\/www.visit-ulcinj.com\/blog\/2009\/04\/13\/podgorica-%e2%80%9carsyeton%e2%80%9d-skandalin-me-delegacionin-kosovar\/#breadcrumb","itemListElement":[{"@type":"ListItem","position":1,"name":"Podgorica \u201carsyeton\u201d skandalin me delegacionin kosovar"}]},{"@type":"Person","@id":"https:\/\/www.visit-ulcinj.com\/blog\/#\/schema\/person\/dcab619c614d3038751c63bc2aadc06d","name":"ulqini","sameAs":["http:\/\/www.visit-ulcinj.com"],"url":"https:\/\/www.visit-ulcinj.com\/blog\/author\/admin\/"}]}},"jetpack_featured_media_url":"","jetpack_sharing_enabled":true,"jetpack_shortlink":"https:\/\/wp.me\/pe6lTn-4DC","_links":{"self":[{"href":"https:\/\/www.visit-ulcinj.com\/blog\/wp-json\/wp\/v2\/posts\/17832"}],"collection":[{"href":"https:\/\/www.visit-ulcinj.com\/blog\/wp-json\/wp\/v2\/posts"}],"about":[{"href":"https:\/\/www.visit-ulcinj.com\/blog\/wp-json\/wp\/v2\/types\/post"}],"author":[{"embeddable":true,"href":"https:\/\/www.visit-ulcinj.com\/blog\/wp-json\/wp\/v2\/users\/1"}],"replies":[{"embeddable":true,"href":"https:\/\/www.visit-ulcinj.com\/blog\/wp-json\/wp\/v2\/comments?post=17832"}],"version-history":[{"count":0,"href":"https:\/\/www.visit-ulcinj.com\/blog\/wp-json\/wp\/v2\/posts\/17832\/revisions"}],"wp:attachment":[{"href":"https:\/\/www.visit-ulcinj.com\/blog\/wp-json\/wp\/v2\/media?parent=17832"}],"wp:term":[{"taxonomy":"category","embeddable":true,"href":"https:\/\/www.visit-ulcinj.com\/blog\/wp-json\/wp\/v2\/categories?post=17832"},{"taxonomy":"post_tag","embeddable":true,"href":"https:\/\/www.visit-ulcinj.com\/blog\/wp-json\/wp\/v2\/tags?post=17832"}],"curies":[{"name":"wp","href":"https:\/\/api.w.org\/{rel}","templated":true}]}}