{"id":1786,"date":"2008-05-29T10:47:15","date_gmt":"2008-05-29T15:47:15","guid":{"rendered":"http:\/\/www.visit-ulcinj.com\/blog\/?p=1786"},"modified":"2008-05-29T10:47:15","modified_gmt":"2008-05-29T15:47:15","slug":"nova-tv-stanica-u-ulcinju","status":"publish","type":"post","link":"https:\/\/www.visit-ulcinj.com\/blog\/2008\/05\/29\/nova-tv-stanica-u-ulcinju\/","title":{"rendered":"Nova TV stanica u Ulcinju"},"content":{"rendered":"<p><a href=\"http:\/\/www.visit-ulcinj.com\/blog\/wp-content\/uploads\/2008\/05\/skupstina-ulcinj.jpg\"><img loading=\"lazy\" class=\"alignleft attachment wp-att-1771\" style=\"float: left;\" src=\"http:\/\/www.visit-ulcinj.com\/blog\/wp-content\/uploads\/2008\/05\/skupstina-ulcinj.thumbnail.jpg\" alt=\"skupstina ulcinj\" width=\"200\" height=\"140\" \/><\/a><strong>Bez opozicionih partija, odbornici skup\u0161tine op\u0161tine ulcinj usvojili nekoliko odluka<\/strong><br \/>\nUlcinj &#8211; Usvajanjem odluke o izmjenama i dopunama odluke o javnom radio-difuznom servisu Radio Ulcinj, odbornici u ulcinjskom parlamentu ju?e su postavili \u201ckamen- temeljac\u201d lokalnoj televiziji.Nakon glasanja, skup\u0161tinskom salom se prolomio aplauz, ali je ostao gorak utisak da je jedna od va\u017enijih odluka u novijoj istoriji ulcinjskog parlamentarizma, usvojena bez prisustva opozicije.Za odluku je, prozivkom, glasalo svih 17 odbornika aktuelne parlamentarne ve?ine, koju ?ine DUA, DPS, SDP i PDP.<img loading=\"lazy\" class=\"alignright\" style=\"float: right;\" src=\"http:\/\/membres.lycos.fr\/haxhi\/hpbimg\/logoradioulqini.gif\" alt=\"Radio ulcinj_ulqini\" width=\"284\" height=\"85\" \/>Odbornici \u201cForce\u201d, DS, DJA, SNP i Srpske liste, nijesu u?estvovali u radu sjednice, ne \u017eele?i da vladaju?oj koaliciji ?ine kvorum.Kako je na po?etku sjednice rekao \u0161ef kluba \u201cForce\u201d <a href=\"http:\/\/www.visit-ulcinj.com\/blog\/wp-content\/uploads\/2008\/02\/genc-nimanbegu1-2.jpg\"><img loading=\"lazy\" class=\"alignleft attachment wp-att-418\" style=\"float: left;\" src=\"http:\/\/www.visit-ulcinj.com\/blog\/wp-content\/uploads\/2008\/02\/genc-nimanbegu1-2.thumbnail.jpg\" alt=\"genc nimanbegu1\" width=\"118\" height=\"128\" \/><\/a>odbornici opozicije tim ?inom iskazuju i protest \u0161to nijesu zastupljeni u skup\u0161tinskim i odborima javnih preduze?a.<br \/>\nBez opozicije, Skup\u0161tina je imala nenadano vrlo efikasan dan jer su usvojene odluke o obrazovanju radnih tijela Skup\u0161tine, imenovanju ?lanova Savjeta Radio Ulcinja, turisti?koj taksi, op\u0161tinskim i nekategorizovanim putevima, izmjenama i dopunama odluke o privremenim objektima i ku?nom redu u stambenim zgradama.<br \/>\nOdluke o kori\u0161?enju i naknadi za kori\u0161?enje putnog zemlji\u0161ta pored op\u0161tinskih i nekategorizovanih puteva i naknadi za kori\u0161?enje gra?evinskog zemlji\u0161ta, usvojene su u nacrtu, pa ?e se pred odbornicima opet na?i nakon petnaestodnevne javne rasprave.<a href=\"http:\/\/www.visit-ulcinj.com\/blog\/wp-content\/uploads\/2008\/02\/isat-dragovoja.jpg\"><img loading=\"lazy\" class=\"alignright attachment wp-att-472\" style=\"float: right;\" src=\"http:\/\/www.visit-ulcinj.com\/blog\/wp-content\/uploads\/2008\/02\/isat-dragovoja.thumbnail.jpg\" alt=\"Isat Dragovoja\" width=\"92\" height=\"128\" \/><\/a><br \/>\nUsvajanjem odluke o turisti?koj taksi, koja iznosi 11 eura na 15 kvadrata stambene povr\u0161ine, vikenda\u0161i ubudu?e ne?e biti privilegovani gosti u Ulcinju.<br \/>\nOdbornik DUA Isat Dragovoja kazao je da ?e kona?no \u201e i oni koji su do sada uvijek izbjegavali obaveze prema Op\u0161tini i dr\u017eavi, ubudu?e morati da pla?aju taksu\u201c.<br \/>\nNajvi\u0161e polemike me?u koalicionim partnerima, ju?e je izazvao predlog odluke o izmjenama i dopunama odluke o privremenim objektima. Rasprava o toj ta?ki pokazala je da je nedostatak urbanisti?kih planova i dalje najve?i problem Ulcinja, ali i da postoje pukotine izme?u koalicionih partnera na vlasti. Uprkos kritikama, predlog odluke na kraju je, ipak, usvojen ve?inom glasova.<br \/>\n<a href=\"http:\/\/www.visit-ulcinj.com\/blog\/wp-content\/uploads\/2008\/05\/skupstina-ulcinj_kuvendi-i-ulqinit.jpg\"><img loading=\"lazy\" class=\"alignleft attachment wp-att-1773\" style=\"float: left;\" src=\"http:\/\/www.visit-ulcinj.com\/blog\/wp-content\/uploads\/2008\/05\/skupstina-ulcinj_kuvendi-i-ulqinit.thumbnail.jpg\" alt=\"skupstina ulcinj_kuvendi i ulqinit\" width=\"200\" height=\"140\" \/><\/a><strong>Opozicija tra\u017ei vanredne izbore<\/strong><br \/>\nOpozicija je ju?e ocijenila da su vanredni izbori jedini na?in izlaska iz krize \u201eu kojoj se nalazi aktuelna ve?ina\u201c.<br \/>\n&#8211; Ve? dva mjeseca, aktuelna ve?ina je bez kvoruma i ne mo\u017ee da odr\u017ei sjednicu. Jedini izlaz iz te krize su izbori &#8211; ocjenjuje se u zajedni?kom saop\u0161tenju opozicije, koje je ju?e dostavljeno \u201cVijestima\u201c. Dodaje se da opozicija osu?uje ju?era\u0161nji, kako su naveli, \u201cnezakonit rad Skup\u0161tine koja je prekr\u0161ila tek usvojeni Poslovnik koji u ?lanovima 84 i 85 predvi?a rad u kvorumu\u201c.<a href=\"http:\/\/www.visit-ulcinj.com\/blog\/wp-content\/uploads\/2008\/05\/muhamet-nika-2.jpg\"><img loading=\"lazy\" class=\"alignright attachment wp-att-1787\" style=\"float: right;\" src=\"http:\/\/www.visit-ulcinj.com\/blog\/wp-content\/uploads\/2008\/05\/muhamet-nika-2.thumbnail.jpg\" alt=\"Muhamet Nika (2)\" width=\"156\" height=\"158\" \/><\/a><br \/>\n&#8211; Insistiramo da se postoje?a ve?ina uozbilji i u?e\u0161?e u skup\u0161tinskim i odborima JP primijeni u skladu sa snagom opozicije &#8211; pi\u0161e u saop\u0161tenju, i dodaje da ?e opozicija tra\u017eiti glasanje o povjerenju predsjednika SO Muhameta Nike zbog kr\u0161enja poslovnika i pokrenuti inicijativu zbog zloupotrebe slu\u017ebenog polo\u017eaja.<br \/>\n<strong>Nika: Pojedinci ho?e da obezbijede alibi<\/strong><br \/>\n\u0160ef lokalnog parlamenta  kazao je ju?e za \u201cVijesti\u201c da nije prekr\u0161io poslovnik.<br \/>\n&#8211; Ako misle da jesam, neka se na odluke \u017eale Ustavnom sudu. Prije ?e biti da pojedinci iz opozicije \u017eele da skrenu pa\u017enju javnosti i obezbijede alibi zbog neu?estvovanja u radu sjednice, budu?i da su na dnevnom redu bile odluke koje duboko zadiru u njihove li?ne interese &#8211; kazao je Nika.<br \/>\n<strong>S.ADROVI?<br \/>\nIzvor \/ Vijesti<\/strong><\/p>\n","protected":false},"excerpt":{"rendered":"<p><img loading=\"lazy\" class=\"alignleft attachment wp-att-1771\" style=\"float: left;\" src=\"http:\/\/www.visit-ulcinj.com\/blog\/wp-content\/uploads\/2008\/05\/skupstina-ulcinj.thumbnail.jpg\" alt=\"skupstina ulcinj\" width=\"140\" height=\"140\" \/><\/p>\n","protected":false},"author":1,"featured_media":0,"comment_status":"open","ping_status":"closed","sticky":false,"template":"","format":"standard","meta":{"spay_email":"","jetpack_publicize_message":"","jetpack_is_tweetstorm":false,"jetpack_publicize_feature_enabled":true},"categories":[6,12],"tags":[704,530,703,87,3595,1073,2462,944,3597,3596,3594,1441],"jetpack_publicize_connections":[],"yoast_head":"<!-- This site is optimized with the Yoast SEO plugin v19.1 - https:\/\/yoast.com\/wordpress\/plugins\/seo\/ -->\n<title>Nova TV stanica u Ulcinju - Lajme nga Ulqini<\/title>\n<meta name=\"robots\" content=\"index, follow, max-snippet:-1, max-image-preview:large, max-video-preview:-1\" \/>\n<link rel=\"canonical\" href=\"https:\/\/www.visit-ulcinj.com\/blog\/2008\/05\/29\/nova-tv-stanica-u-ulcinju\/\" \/>\n<meta property=\"og:locale\" content=\"en_US\" \/>\n<meta property=\"og:type\" content=\"article\" \/>\n<meta property=\"og:title\" content=\"Nova TV stanica u Ulcinju - Lajme nga Ulqini\" \/>\n<meta property=\"og:url\" content=\"https:\/\/www.visit-ulcinj.com\/blog\/2008\/05\/29\/nova-tv-stanica-u-ulcinju\/\" \/>\n<meta property=\"og:site_name\" content=\"Lajme nga Ulqini\" \/>\n<meta property=\"article:published_time\" content=\"2008-05-29T15:47:15+00:00\" \/>\n<meta property=\"og:image\" content=\"http:\/\/www.visit-ulcinj.com\/blog\/wp-content\/uploads\/2008\/05\/skupstina-ulcinj.thumbnail.jpg\" \/>\n<meta name=\"twitter:label1\" content=\"Written by\" \/>\n\t<meta name=\"twitter:data1\" content=\"ulqini\" \/>\n\t<meta name=\"twitter:label2\" content=\"Est. reading time\" \/>\n\t<meta name=\"twitter:data2\" content=\"3 minutes\" \/>\n<script type=\"application\/ld+json\" class=\"yoast-schema-graph\">{\"@context\":\"https:\/\/schema.org\",\"@graph\":[{\"@type\":\"WebSite\",\"@id\":\"https:\/\/www.visit-ulcinj.com\/blog\/#website\",\"url\":\"https:\/\/www.visit-ulcinj.com\/blog\/\",\"name\":\"Lajme nga Ulqini\",\"description\":\"Lajme,Vijesti,Ulqini,Ulqin,Crna Gora,Mali i Zi\",\"potentialAction\":[{\"@type\":\"SearchAction\",\"target\":{\"@type\":\"EntryPoint\",\"urlTemplate\":\"https:\/\/www.visit-ulcinj.com\/blog\/?s={search_term_string}\"},\"query-input\":\"required name=search_term_string\"}],\"inLanguage\":\"en-US\"},{\"@type\":\"ImageObject\",\"inLanguage\":\"en-US\",\"@id\":\"https:\/\/www.visit-ulcinj.com\/blog\/2008\/05\/29\/nova-tv-stanica-u-ulcinju\/#primaryimage\",\"url\":\"http:\/\/www.visit-ulcinj.com\/blog\/wp-content\/uploads\/2008\/05\/skupstina-ulcinj.thumbnail.jpg\",\"contentUrl\":\"http:\/\/www.visit-ulcinj.com\/blog\/wp-content\/uploads\/2008\/05\/skupstina-ulcinj.thumbnail.jpg\"},{\"@type\":\"WebPage\",\"@id\":\"https:\/\/www.visit-ulcinj.com\/blog\/2008\/05\/29\/nova-tv-stanica-u-ulcinju\/#webpage\",\"url\":\"https:\/\/www.visit-ulcinj.com\/blog\/2008\/05\/29\/nova-tv-stanica-u-ulcinju\/\",\"name\":\"Nova TV stanica u Ulcinju - Lajme nga Ulqini\",\"isPartOf\":{\"@id\":\"https:\/\/www.visit-ulcinj.com\/blog\/#website\"},\"primaryImageOfPage\":{\"@id\":\"https:\/\/www.visit-ulcinj.com\/blog\/2008\/05\/29\/nova-tv-stanica-u-ulcinju\/#primaryimage\"},\"datePublished\":\"2008-05-29T15:47:15+00:00\",\"dateModified\":\"2008-05-29T15:47:15+00:00\",\"author\":{\"@id\":\"https:\/\/www.visit-ulcinj.com\/blog\/#\/schema\/person\/dcab619c614d3038751c63bc2aadc06d\"},\"breadcrumb\":{\"@id\":\"https:\/\/www.visit-ulcinj.com\/blog\/2008\/05\/29\/nova-tv-stanica-u-ulcinju\/#breadcrumb\"},\"inLanguage\":\"en-US\",\"potentialAction\":[{\"@type\":\"ReadAction\",\"target\":[\"https:\/\/www.visit-ulcinj.com\/blog\/2008\/05\/29\/nova-tv-stanica-u-ulcinju\/\"]}]},{\"@type\":\"BreadcrumbList\",\"@id\":\"https:\/\/www.visit-ulcinj.com\/blog\/2008\/05\/29\/nova-tv-stanica-u-ulcinju\/#breadcrumb\",\"itemListElement\":[{\"@type\":\"ListItem\",\"position\":1,\"name\":\"Nova TV stanica u Ulcinju\"}]},{\"@type\":\"Person\",\"@id\":\"https:\/\/www.visit-ulcinj.com\/blog\/#\/schema\/person\/dcab619c614d3038751c63bc2aadc06d\",\"name\":\"ulqini\",\"sameAs\":[\"http:\/\/www.visit-ulcinj.com\"],\"url\":\"https:\/\/www.visit-ulcinj.com\/blog\/author\/admin\/\"}]}<\/script>\n<!-- \/ Yoast SEO plugin. -->","yoast_head_json":{"title":"Nova TV stanica u Ulcinju - Lajme nga Ulqini","robots":{"index":"index","follow":"follow","max-snippet":"max-snippet:-1","max-image-preview":"max-image-preview:large","max-video-preview":"max-video-preview:-1"},"canonical":"https:\/\/www.visit-ulcinj.com\/blog\/2008\/05\/29\/nova-tv-stanica-u-ulcinju\/","og_locale":"en_US","og_type":"article","og_title":"Nova TV stanica u Ulcinju - Lajme nga Ulqini","og_url":"https:\/\/www.visit-ulcinj.com\/blog\/2008\/05\/29\/nova-tv-stanica-u-ulcinju\/","og_site_name":"Lajme nga Ulqini","article_published_time":"2008-05-29T15:47:15+00:00","og_image":[{"url":"http:\/\/www.visit-ulcinj.com\/blog\/wp-content\/uploads\/2008\/05\/skupstina-ulcinj.thumbnail.jpg"}],"twitter_misc":{"Written by":"ulqini","Est. reading time":"3 minutes"},"schema":{"@context":"https:\/\/schema.org","@graph":[{"@type":"WebSite","@id":"https:\/\/www.visit-ulcinj.com\/blog\/#website","url":"https:\/\/www.visit-ulcinj.com\/blog\/","name":"Lajme nga Ulqini","description":"Lajme,Vijesti,Ulqini,Ulqin,Crna Gora,Mali i Zi","potentialAction":[{"@type":"SearchAction","target":{"@type":"EntryPoint","urlTemplate":"https:\/\/www.visit-ulcinj.com\/blog\/?s={search_term_string}"},"query-input":"required name=search_term_string"}],"inLanguage":"en-US"},{"@type":"ImageObject","inLanguage":"en-US","@id":"https:\/\/www.visit-ulcinj.com\/blog\/2008\/05\/29\/nova-tv-stanica-u-ulcinju\/#primaryimage","url":"http:\/\/www.visit-ulcinj.com\/blog\/wp-content\/uploads\/2008\/05\/skupstina-ulcinj.thumbnail.jpg","contentUrl":"http:\/\/www.visit-ulcinj.com\/blog\/wp-content\/uploads\/2008\/05\/skupstina-ulcinj.thumbnail.jpg"},{"@type":"WebPage","@id":"https:\/\/www.visit-ulcinj.com\/blog\/2008\/05\/29\/nova-tv-stanica-u-ulcinju\/#webpage","url":"https:\/\/www.visit-ulcinj.com\/blog\/2008\/05\/29\/nova-tv-stanica-u-ulcinju\/","name":"Nova TV stanica u Ulcinju - Lajme nga Ulqini","isPartOf":{"@id":"https:\/\/www.visit-ulcinj.com\/blog\/#website"},"primaryImageOfPage":{"@id":"https:\/\/www.visit-ulcinj.com\/blog\/2008\/05\/29\/nova-tv-stanica-u-ulcinju\/#primaryimage"},"datePublished":"2008-05-29T15:47:15+00:00","dateModified":"2008-05-29T15:47:15+00:00","author":{"@id":"https:\/\/www.visit-ulcinj.com\/blog\/#\/schema\/person\/dcab619c614d3038751c63bc2aadc06d"},"breadcrumb":{"@id":"https:\/\/www.visit-ulcinj.com\/blog\/2008\/05\/29\/nova-tv-stanica-u-ulcinju\/#breadcrumb"},"inLanguage":"en-US","potentialAction":[{"@type":"ReadAction","target":["https:\/\/www.visit-ulcinj.com\/blog\/2008\/05\/29\/nova-tv-stanica-u-ulcinju\/"]}]},{"@type":"BreadcrumbList","@id":"https:\/\/www.visit-ulcinj.com\/blog\/2008\/05\/29\/nova-tv-stanica-u-ulcinju\/#breadcrumb","itemListElement":[{"@type":"ListItem","position":1,"name":"Nova TV stanica u Ulcinju"}]},{"@type":"Person","@id":"https:\/\/www.visit-ulcinj.com\/blog\/#\/schema\/person\/dcab619c614d3038751c63bc2aadc06d","name":"ulqini","sameAs":["http:\/\/www.visit-ulcinj.com"],"url":"https:\/\/www.visit-ulcinj.com\/blog\/author\/admin\/"}]}},"jetpack_featured_media_url":"","jetpack_sharing_enabled":true,"jetpack_shortlink":"https:\/\/wp.me\/pe6lTn-sO","_links":{"self":[{"href":"https:\/\/www.visit-ulcinj.com\/blog\/wp-json\/wp\/v2\/posts\/1786"}],"collection":[{"href":"https:\/\/www.visit-ulcinj.com\/blog\/wp-json\/wp\/v2\/posts"}],"about":[{"href":"https:\/\/www.visit-ulcinj.com\/blog\/wp-json\/wp\/v2\/types\/post"}],"author":[{"embeddable":true,"href":"https:\/\/www.visit-ulcinj.com\/blog\/wp-json\/wp\/v2\/users\/1"}],"replies":[{"embeddable":true,"href":"https:\/\/www.visit-ulcinj.com\/blog\/wp-json\/wp\/v2\/comments?post=1786"}],"version-history":[{"count":0,"href":"https:\/\/www.visit-ulcinj.com\/blog\/wp-json\/wp\/v2\/posts\/1786\/revisions"}],"wp:attachment":[{"href":"https:\/\/www.visit-ulcinj.com\/blog\/wp-json\/wp\/v2\/media?parent=1786"}],"wp:term":[{"taxonomy":"category","embeddable":true,"href":"https:\/\/www.visit-ulcinj.com\/blog\/wp-json\/wp\/v2\/categories?post=1786"},{"taxonomy":"post_tag","embeddable":true,"href":"https:\/\/www.visit-ulcinj.com\/blog\/wp-json\/wp\/v2\/tags?post=1786"}],"curies":[{"name":"wp","href":"https:\/\/api.w.org\/{rel}","templated":true}]}}