{"id":17873,"date":"2009-04-13T23:51:26","date_gmt":"2009-04-13T21:51:26","guid":{"rendered":"http:\/\/www.visit-ulcinj.com\/blog\/?p=17873"},"modified":"2009-04-13T23:51:26","modified_gmt":"2009-04-13T21:51:26","slug":"pse-jane-te-percare-shqiptaret-e-malit-te-zi","status":"publish","type":"post","link":"https:\/\/www.visit-ulcinj.com\/blog\/2009\/04\/13\/pse-jane-te-percare-shqiptaret-e-malit-te-zi\/","title":{"rendered":"Pse jan\u00eb t\u00eb p\u00ebr\u00e7ar\u00eb shqiptar\u00ebt e Malit t\u00eb Zi"},"content":{"rendered":"<p><a href=\"http:\/\/www.visit-ulcinj.com\/blog\/wp-content\/uploads\/2009\/01\/ferhat-dinosha3.jpg\"><img loading=\"lazy\" class=\"alignleft size-full wp-image-10101\" title=\"ferhat-dinosha3\" src=\"http:\/\/www.visit-ulcinj.com\/blog\/wp-content\/uploads\/2009\/01\/ferhat-dinosha3.jpg\" alt=\"ferhat-dinosha3\" width=\"287\" height=\"213\" \/><\/a>Zgjedhjet Parlamentare t\u00eb 29 marsit n\u00eb Mal t\u00eb Zi po afrojn\u00eb. N\u00eb prononcimet e m\u00ebposhtme, dy kryetar\u00ebt e partive kryesore t\u00eb shqiptar\u00ebve q\u00eb ushtrojn\u00eb aktivitetin e tyre atje, deputeti Ferhat Dinosha, Kryetar i Unioni Demokratik t\u00eb Shqiptar\u00ebve (UDSH) dhe Nikoll\u00eb Camaj, Kryetar i Lidhjes Demokratike t\u00eb Shqiptar\u00ebve (LDSH), shprehen p\u00ebr specifikat e ligjit elektoral malazez, p\u00ebr\u00e7arjen q\u00eb ekziston n\u00eb aspektin politik tek shqiptar\u00ebt n\u00eb Mal t\u00eb Zi si dhe p\u00ebr m\u00ebnyr\u00ebn m\u00eb efikase, sipas tyre, p\u00ebr marrjen e nj\u00eb numri optimal deputet\u00ebsh t\u00eb partive shqiptare. Me q\u00ebllim pasjen m\u00eb t\u00eb leht\u00eb t\u00eb realizimit t\u00eb t\u00eb drejtave t\u00eb tyre n\u00ebp\u00ebrmjet kusht\u00ebzimit t\u00eb vot\u00ebs n\u00eb nj\u00eb parlament me gjithsej 80 deputet\u00eb ku ligji elektoral u jep apriori 5 mandate. Gj\u00eb e cila do tu mund\u00ebsonte p\u00ebrcaktimin e mazhoranc\u00ebs dhe opozit\u00ebs n\u00eb var\u00ebsi t\u00eb partis\u00eb apo t\u00eb koalicionit politik malazez q\u00eb do t\u2019i ofronte m\u00eb shum\u00eb t\u00eb drejta 7 p\u00ebr qind t\u00eb shqiptar\u00ebve n\u00eb Mal t\u00eb Zi.<br \/>\nShqiptar\u00ebve u duhet nj\u00eb ofert\u00eb<\/p>\n<p><strong>Flet Ferhat DINOSHA, deputet dhe Kryetar i Unionit Demokratik t\u00eb Shqiptar\u00ebve (UDSH):<\/strong><\/p>\n<p>Zoti Dinosha, fillimisht nj\u00eb shpjegim t\u00eb ligjit aktual t\u00eb Malit t\u00eb Zi p\u00ebrsa i p\u00ebrket nivelit t\u00eb p\u00ebrfaq\u00ebsimit t\u00eb shqiptar\u00ebve n\u00eb Parlament?<br \/>\nDuhet ditur se ligji zgjedhor n\u00eb Mal t\u00eb Zi ka nj specifik\u00eb p\u00ebr shqiptar\u00ebt. Qysh nga viti 1997 kur partia n\u00eb pushtet u nda m\u00eb dysh, preferuam variantin i cili thot\u00eb ashtu si edhe sot se shqiptar\u00ebt duhet t\u00eb ken\u00eb 5 mandate n\u00eb Parlamentin e Malit t\u00eb Zi. P\u00ebr k\u00ebto nuk duhet sens dhe k\u00ebto prodhohen n\u00eb vendvotimet e ve\u00e7anta ku shqiptar\u00ebt jan\u00eb shumic\u00eb ose nj\u00eb p\u00ebrqindje e caktuar n\u00eb popullsin\u00eb lokale. Pra 5 shqiptar\u00eb jan\u00eb t\u00eb sigurt n\u00eb Parlamentin e Malit t\u00eb Zi.<\/p>\n<p>Gjat\u00eb bised\u00ebs ju u shpreh\u00ebt se p\u00ebr shqiptar\u00ebt do t\u00eb ishte m\u00eb e favorshme aplikimi i dy listave p\u00ebr zgjedhje. A mund t\u00eb na e shpjegoni teknikisht iden\u00eb tuaj?<br \/>\n-N\u00eb kushtet aktuale ndodh ky fenomen; P\u00ebr k\u00ebto 5 mandate konkurrojn\u00eb t\u00eb gjitha subjektet politike, pra edhe ata shtet\u00ebrore. N\u00eb situat\u00ebn q\u00eb kemi n\u00eb Mal t\u00eb Zi, ndodh q\u00eb partia n\u00eb pushtet ose kualicionet n\u00eb pushtet t\u00eb marrin p\u00ebrqindje t\u00eb caktuara dhe jo t\u00eb vogla t\u00eb votave shqiptare. Pra ka shqiptar\u00eb q\u00eb nuk i votojn\u00eb partit\u00eb e veta. N\u00eb k\u00ebt\u00eb situat\u00eb mua m\u00eb duket se \u00ebsht\u00eb m\u00eb mir\u00eb q\u00eb t\u00eb ket\u00eb dy lista shqiptare p\u00ebr dy arsye; S\u00eb pari sepse po na mori deputet\u00eb koalicioni n\u00eb pushtet at\u00ebher\u00eb edhe detyrimisht na sulmon m\u00eb leht\u00eb. Ka rrezik q\u00eb nga 5 mandate t\u00eb na marr\u00eb 3, pra shumic\u00ebn. Sepse deri sot, 2 na i ka marr\u00eb vazhdimisht. Po e mori edhe t\u00eb tretin koalicioni n\u00eb pushtet merr shumic\u00ebn e mandateve t\u00eb shqiptar\u00ebve dhe k\u00ebshtu ne nuk do t\u00eb ishim serioz\u00eb n\u00eb Parlamentin e Malit t\u00eb Zi. Kushdo q\u00eb do t\u00eb kalonte si list\u00eb. Aktualisht n\u00eb Parlamentin e Malit t\u00eb Zi jan\u00eb 3 deputet\u00eb t\u00eb partive shqiptare por dehe 2 t\u00eb tjer\u00eb t\u00eb partis\u00eb n\u00eb pushtet. Kjo \u00ebsht\u00eb situate te ne. S\u00eb dyti, mua nuk m\u00eb duket mir\u00eb q\u00eb t\u00eb kthehemi n\u00eb monizma t\u00eb brendsh\u00ebm. Shqiptar\u00ebve u duhen oferta, m\u00eb shum\u00eb se nj\u00eb ofert\u00eb. Do t\u00eb thot\u00eb se ne duhet t\u00eb thyejm\u00eb p\u00ebrfundimisht monizmin brendashqiptar. P\u00ebr k\u00ebt\u00eb arsye un\u00eb luftoj p\u00ebr dy lista t\u00eb cilat, absolutisht n\u00eb kombinatorik\u00ebn e 5 mandateve, I kan\u00eb t\u00eb sigurta t\u00eb pakt\u00ebn 3 mandatet dhe luftojn\u00eb p\u00ebr mandatin e 4-t. Kjo varet nga sinqeriteti i subjekteve politike karshi votuesve dhe nga vet\u00eb fushata q\u00eb do t\u00eb zhvillojn\u00eb.<\/p>\n<p>Si \u00ebsht\u00eb e mundur q\u00eb shqiptar\u00ebt jan\u00eb n\u00eb Mal t\u00eb ZI jan\u00eb kaq shum\u00eb t\u00eb p\u00ebr\u00e7ar\u00eb? Mbase UDSH-ja d\u00ebshmoi sidomos n\u00eb fushat\u00ebn p\u00ebr Referendumin e Pavar\u00ebsis\u00eb s\u00eb Malit t\u00eb Zi se \u00ebsht\u00eb nj\u00eb forc\u00eb q\u00eb diti t\u00eb luante n\u00eb favor jo vet\u00ebm t\u00eb k\u00ebtij q\u00ebllim por edhe t\u00eb t\u00eb drejtave t\u00eb shqiptar\u00ebve me k\u00ebt\u00eb rast. Cili \u00ebsht\u00eb komenti juaj?<br \/>\n-Me k\u00ebto cop\u00ebzime m\u00eb duket se i kemi ngjar\u00eb terreneve t\u00eb tjera shqiptare, tokave t\u00eb tjera shqiptare. Mund t\u00eb dal partiakisht subjektiv por nj\u00eb parti ia ka dal\u00eb q\u00eb me at\u00eb 7 p\u00ebr qind\u00ebsh t\u00eb luaj\u00eb nj\u00eb rol shum\u00eb m\u00eb t\u00eb madh n\u00eb proceset demokratike n\u00eb vend, sidomos n\u00eb Referendumin e Pavar\u00ebsis\u00eb n\u00eb Mal t\u00eb Zi. Unioni Demokratik i Shqiptar\u00ebve ka qen\u00eb partia e vetme shqiptare p\u00ebr t\u00eb marr\u00eb pjes\u00eb n\u00eb m\u00ebnyr\u00eb transparente n\u00eb fushat\u00ebn p\u00ebr referendumin duke menduar se Pavar\u00ebsia e Malit t\u00eb Zi \u00ebsht\u00eb n\u00eb interes edhe t\u00eb shqiptar\u00ebve dhe se ajo ishte paradhom\u00eb e Pavar\u00ebsis\u00eb s\u00eb Kosov\u00ebs. Me njohjen e Kosov\u00ebs nga ana e Malit t\u00eb Zi kjo u d\u00ebshmua. UDSH do t\u00eb vazhdoj\u00eb edhe n\u00eb t\u00eb ardhmen t\u00eb kontribuoj\u00eb n\u00eb t\u00eb mir\u00eb t\u00eb t\u00eb drejtave t\u00eb shqiptar\u00ebve n\u00eb Mal t\u00eb Zi dhe t\u00eb stabilitetit n\u00eb rajon.<\/p>\n<p><strong>Si malazez\u00ebt i shfryt\u00ebzojn\u00eb<br \/>\nshqiptar\u00ebt<\/strong><\/p>\n<p><strong><a href=\"http:\/\/www.visit-ulcinj.com\/blog\/wp-content\/uploads\/2008\/10\/camaj.jpg\"><img loading=\"lazy\" class=\"alignleft size-full wp-image-4798\" title=\"Nikoll\u00eb Camaj\" src=\"http:\/\/www.visit-ulcinj.com\/blog\/wp-content\/uploads\/2008\/10\/camaj.jpg\" alt=\"Nikoll\u00eb Camaj\" width=\"290\" height=\"190\" \/><\/a>Nikoll\u00eb CAMAJ, an\u00ebtar i Kryesis\u00eb s\u00eb Lidhjes Demokratike dhe Kryetar i Kuvendit t\u00eb Komun\u00ebs Urbane t\u00eb Tuzit:<\/strong><\/p>\n<p>Si i shihni k\u00ebto zgjedhje n\u00eb funksion t\u00eb p\u00ebrmir\u00ebsimit t\u00eb t\u00eb drejtave t\u00eb shqiptar\u00ebve n\u00eb Mal t\u00eb Zi?<br \/>\nSi\u00e7 dihet, zgjedhjet e 29 marsit jan\u00eb parlamentare. E mira do t\u00eb shihte q\u00eb shqiptar\u00ebt t\u00eb shkonin s\u00eb bashku meqen\u00ebse n\u00eb Mal t\u00eb Zi veprojn\u00eb 6 parti shqiptare. N\u00ebse ata do t\u00eb dalin ve\u00e7 trupi votues shqiptar cop\u00ebzohet dhe kjo rrezikon q\u00eb nga 5 vendet e mundshme q\u00eb u takojn\u00eb vend votuesve ku votojn\u00eb shqiptar\u00ebt, partit\u00eb shqiptare t\u00eb mos marrin as 3 vende. Nd\u00ebrkoh\u00eb, n\u00ebse shqiptar\u00ebt do t\u00eb ishin s\u00eb bashku do t\u00eb merrnin s\u00eb paku 4 vende. Nj\u00eb klub prej 4 deputet\u00ebsh shqiptar\u00eb n\u00eb Parlamentin e Malit t\u00eb Zi do t\u00eb ishte nj\u00eb forc\u00eb e r\u00ebnd\u00ebsishme politike e cila ndoshta nes\u00ebr edhe do t\u00eb kusht\u00ebzonte n\u00eb lidhje me statusin e shqiptar\u00ebve q\u00eb duhet th\u00ebn\u00eb se ende nuk \u00ebsht\u00eb i zgjidhur.<\/p>\n<p>Komuna e Tuzit ku ju jeni drejtues i Kuvendit Komunal k\u00ebrkon prej koh\u00ebsh q\u00eb t\u2019i jepet statusi i komun\u00ebs, ashtu si Ulqini. \u2018mund t\u00eb na thoni m\u00eb tep\u00ebr rreth k\u00ebsaj k\u00ebrkese t\u00eb hershme t\u00eb popullat\u00ebs shqiptare k\u00ebtu?<br \/>\nNe kemi k\u00ebrkesa t\u00eb shumta dhe nj\u00eb prej t\u00eb cilave \u00ebsht\u00eb edhe statusi ende i pazgjidhur i Komun\u00ebs s\u00eb Tuzit. Sikurse edhe opinion k\u00ebtu e di, ne kemi nj\u00eb gjys\u00ebm komune e cila \u00ebsht\u00eb n\u00ebn var\u00ebsin\u00eb e Podgoric\u00ebs dhe popullsis\u00eb lokale n\u00eb Mal\u00ebsi. N\u00eb Tuz nuk \u00ebsht\u00eb mund\u00ebsuar q\u00eb shqiptar\u00ebt t\u00eb administrojn\u00eb vetveten sikurse fjala vjen n\u00eb Ulqin apo n\u00eb gjithsej 21 komunat e Malit t\u00eb Zi. Shpesh manipulohet me at\u00eb se \u00e7far\u00eb k\u00ebrkon Mal\u00ebsia. Ne k\u00ebrkojm\u00eb thjesht statusin komunal ashtu si\u00e7 jan\u00eb edhe 21 komuna t\u00eb tjera n\u00eb Mal t\u00eb Zi. Manipulohet edhe me faktin se gjoja Mal\u00ebsia nuk ka resurse. T\u00eb gjith\u00eb parametrat reagojn\u00eb se Tuzi si komun\u00eb do t\u00eb ishte i radhitur n\u00eb m\u00eb shum\u00eb se gjysm\u00ebn e komunave aktuale n\u00eb Mal t\u00eb Zi q\u00eb e ka t\u00eb zgjidhur \u00e7\u00ebshtjen e financimit. Pra do t\u00eb ishte nj\u00eb komun\u00eb m\u00eb e pasur se m\u00eb shum\u00eb se gjysma e komunave q\u00eb jan\u00eb aktualisht n\u00eb Mal t\u00eb Zi. Shpresojm\u00eb q\u00eb shqiptar\u00ebt t\u00eb m\u00ebsojn\u00eb nga e kaluara, t\u00eb dalin s\u00eb bashku n\u00eb zgjedhje dhe t\u00eb krijojn\u00eb nj\u00eb forc\u00eb prestigjioze politike e cila do t\u00eb luante nj\u00eb rol t\u00eb r\u00ebnd\u00ebsish\u00ebm politik n\u00eb Mal t\u00eb Zi.<\/p>\n<p>Shtat\u00eb p\u00ebr qind e popullsis\u00eb n\u00eb Mal t\u00eb Zi p\u00ebrb\u00ebhet nga shqiptar\u00ebt. Po t\u00eb ishit t\u00eb bashkuar, 5 deputet\u00eb nd\u00ebr 80 q\u00eb ka gjithsej Parlamenti i Malit t\u00eb Zi do t\u00eb p\u00ebrb\u00ebnin nj\u00eb forc\u00eb determinuese edhe p\u00ebr p\u00ebrcaktimin e mazhoranc\u00ebs. Cili \u00ebsht\u00eb komenti juaj q\u00eb n\u00eb vet\u00ebm 7 p\u00ebr qind t\u00eb popullsis\u00eb shqiptar\u00ebt jan\u00eb t\u00eb shp\u00ebrndar\u00eb , n\u00eb mos gaboj n\u00eb 6 parti politike?<br \/>\n-E that\u00eb drejt\u00eb, pra po t\u00eb ndodhte k\u00ebshtu, kjo forc\u00eb politike e imagjinuar prej 5 deputet\u00ebsh do t\u00eb diktonte mazhoranc\u00ebn dhe opozit\u00ebn n\u00eb Mal t\u00eb Zi, pra do t\u2019i kusht\u00ebzonin k\u00ebrkesat e tyre duke b\u00ebr\u00eb aleanc\u00eb me nj\u00eb krah q\u00eb do t\u2019i siguronte nj\u00eb realizim sa m\u00eb optimal t\u00eb tyre. \u00c7\u00ebshtja \u00ebsht\u00eb se shqiptar\u00ebt , jo vet\u00ebm n\u00eb Mal t\u00eb Zi, jan\u00eb dhe mbeten shqiptar\u00eb. \u00cbsht\u00eb shum\u00eb v\u00ebshtir\u00eb q\u00eb t\u00eb bashk\u00ebpunojn\u00eb, sidomos ata q\u00eb jan\u00eb t\u00eb ndar\u00eb politikisht. K\u00ebt\u00eb e shkakton edhe liderizmi, karrierizmi por edhe nevoja p\u00ebr mbijetes\u00eb sepse 6 parti do t\u00eb thot\u00eb 6 kryetar\u00eb, po kaq rroga, administrate q\u00eb u vjen prapa e k\u00ebshtu me radh\u00eb. N\u00ebse hyjm\u00eb dhe i analizojm\u00eb programet e k\u00ebtyre partive n\u00eb lidhje me at\u00eb se p\u00ebr \u00e7far\u00eb angazhohen nuk do t\u00eb duheshin m\u00eb tep\u00ebr se dy parti; nj\u00eb qend\u00ebr e djatht\u00eb dhe nj\u00eb qend\u00ebr q\u00eb \u00ebsht\u00eb pak m\u00eb e majt\u00eb. T\u00eb tjerat jan\u00eb sajesa dhe shtojca. Pra rreth Unionit Demokratik dhe Lidhjes Demokratike n\u00eb Mal t\u00eb Zi \u00ebsht\u00eb dashur q\u00eb trupi votues shqiptar t\u00eb bashkohej dhe s\u00eb paku t\u00eb kishim dy drejtime e jo gjasht\u00eb si sot.<br \/>\nA mendoni se partia n\u00eb pushtet e Gjukanovic do t\u00eb ishte m\u00eb e predispozuar n\u00eb lidhje me k\u00ebrkesat tuaja p\u00ebr vet\u00eb faktin se fitorja e pavar\u00ebsis\u00eb s\u00eb Malit t\u00eb Zi i duhet ditur p\u00ebr nder shqiptar\u00ebve? Me nj\u00eb llogari t\u00eb thjesht\u00eb nd\u00ebrkomb\u00ebtar\u00ebt vun\u00eb nj\u00eb kusht p\u00ebr kapjen jo t\u00eb 51 por 55 p\u00ebr qind t\u00eb votuesve pro k\u00ebsaj pavar\u00ebsie nd\u00ebrkoh\u00eb q\u00eb shqiptar\u00ebt q\u00eb votuan masivisht pro p\u00ebrb\u00ebjn\u00eb 7 p\u00ebr qind t\u00eb popullsis\u00eb?<br \/>\n-\u00c7\u00ebshtja \u00ebsht\u00eb se politika malazeze ushqehet me parull\u00ebn e vjet\u00ebr \u201cP\u00ebr\u00e7a e sundo\u201d dhe asaj i shkon n\u00eb favor t\u00eb interesit q\u00eb shqiptar\u00ebt t\u00eb shp\u00ebrndahen n\u00eb sa m\u00eb shum\u00eb parti. Un\u00eb \u00e7moj se shqiptar\u00ebt duhet t\u00eb jen\u00eb aq t\u00eb men\u00e7ur sa t\u00eb veprojn\u00eb pak ndryshe dhe t\u00eb jen\u00eb s\u00eb bashku. Shpresoj q\u00eb t\u00eb jet\u00eb k\u00ebshtu n\u00eb k\u00ebto zgjedhje.<\/p>\n<p><strong>Arben\u00a0 Lagreta<br \/>\nRevista Mapo <\/strong><\/p>\n","protected":false},"excerpt":{"rendered":"<p>Zgjedhjet Parlamentare t\u00eb 29 marsit n\u00eb Mal t\u00eb Zi po afrojn\u00eb. N\u00eb prononcimet e m\u00ebposhtme, dy kryetar\u00ebt e partive kryesore t\u00eb shqiptar\u00ebve q\u00eb ushtrojn\u00eb aktivitetin e tyre atje, deputeti Ferhat Dinosha, Kryetar i Unioni Demokratik t\u00eb Shqiptar\u00ebve (UDSH) dhe Nikoll\u00eb Camaj, Kryetar i Lidhjes Demokratike t\u00eb Shqiptar\u00ebve (LDSH), shprehen p\u00ebr specifikat e ligjit elektoral malazez, [&hellip;]<\/p>\n","protected":false},"author":1,"featured_media":0,"comment_status":"open","ping_status":"closed","sticky":false,"template":"","format":"standard","meta":{"spay_email":"","jetpack_publicize_message":"","jetpack_is_tweetstorm":false,"jetpack_publicize_feature_enabled":true},"categories":[13],"tags":[9122],"jetpack_publicize_connections":[],"yoast_head":"<!-- This site is optimized with the Yoast SEO plugin v19.1 - https:\/\/yoast.com\/wordpress\/plugins\/seo\/ -->\n<title>Pse jan\u00eb t\u00eb p\u00ebr\u00e7ar\u00eb shqiptar\u00ebt e Malit t\u00eb Zi - Lajme nga Ulqini<\/title>\n<meta name=\"description\" content=\"Zgjedhjet Parlamentare t\u00eb 29 marsit n\u00eb Mal t\u00eb Zi po afrojn\u00eb. N\u00eb prononcimet e m\u00ebposhtme, dy kryetar\u00ebt e partive kryesore t\u00eb shqiptar\u00ebve q\u00eb ushtrojn\u00eb\" \/>\n<meta name=\"robots\" content=\"index, follow, max-snippet:-1, max-image-preview:large, max-video-preview:-1\" \/>\n<link rel=\"canonical\" href=\"https:\/\/www.visit-ulcinj.com\/blog\/2009\/04\/13\/pse-jane-te-percare-shqiptaret-e-malit-te-zi\/\" \/>\n<meta property=\"og:locale\" content=\"en_US\" \/>\n<meta property=\"og:type\" content=\"article\" \/>\n<meta property=\"og:title\" content=\"Pse jan\u00eb t\u00eb p\u00ebr\u00e7ar\u00eb shqiptar\u00ebt e Malit t\u00eb Zi - Lajme nga Ulqini\" \/>\n<meta property=\"og:description\" content=\"Zgjedhjet Parlamentare t\u00eb 29 marsit n\u00eb Mal t\u00eb Zi po afrojn\u00eb. N\u00eb prononcimet e m\u00ebposhtme, dy kryetar\u00ebt e partive kryesore t\u00eb shqiptar\u00ebve q\u00eb ushtrojn\u00eb\" \/>\n<meta property=\"og:url\" content=\"https:\/\/www.visit-ulcinj.com\/blog\/2009\/04\/13\/pse-jane-te-percare-shqiptaret-e-malit-te-zi\/\" \/>\n<meta property=\"og:site_name\" content=\"Lajme nga Ulqini\" \/>\n<meta property=\"article:published_time\" content=\"2009-04-13T21:51:26+00:00\" \/>\n<meta property=\"og:image\" content=\"http:\/\/www.visit-ulcinj.com\/blog\/wp-content\/uploads\/2009\/01\/ferhat-dinosha3.jpg\" \/>\n<meta name=\"twitter:label1\" content=\"Written by\" \/>\n\t<meta name=\"twitter:data1\" content=\"ulqini\" \/>\n\t<meta name=\"twitter:label2\" content=\"Est. reading time\" \/>\n\t<meta name=\"twitter:data2\" content=\"9 minutes\" \/>\n<script type=\"application\/ld+json\" class=\"yoast-schema-graph\">{\"@context\":\"https:\/\/schema.org\",\"@graph\":[{\"@type\":\"WebSite\",\"@id\":\"https:\/\/www.visit-ulcinj.com\/blog\/#website\",\"url\":\"https:\/\/www.visit-ulcinj.com\/blog\/\",\"name\":\"Lajme nga Ulqini\",\"description\":\"Lajme,Vijesti,Ulqini,Ulqin,Crna Gora,Mali i Zi\",\"potentialAction\":[{\"@type\":\"SearchAction\",\"target\":{\"@type\":\"EntryPoint\",\"urlTemplate\":\"https:\/\/www.visit-ulcinj.com\/blog\/?s={search_term_string}\"},\"query-input\":\"required name=search_term_string\"}],\"inLanguage\":\"en-US\"},{\"@type\":\"ImageObject\",\"inLanguage\":\"en-US\",\"@id\":\"https:\/\/www.visit-ulcinj.com\/blog\/2009\/04\/13\/pse-jane-te-percare-shqiptaret-e-malit-te-zi\/#primaryimage\",\"url\":\"https:\/\/www.visit-ulcinj.com\/blog\/wp-content\/uploads\/2009\/01\/ferhat-dinosha3.jpg\",\"contentUrl\":\"https:\/\/www.visit-ulcinj.com\/blog\/wp-content\/uploads\/2009\/01\/ferhat-dinosha3.jpg\",\"width\":\"227\",\"height\":\"169\"},{\"@type\":\"WebPage\",\"@id\":\"https:\/\/www.visit-ulcinj.com\/blog\/2009\/04\/13\/pse-jane-te-percare-shqiptaret-e-malit-te-zi\/#webpage\",\"url\":\"https:\/\/www.visit-ulcinj.com\/blog\/2009\/04\/13\/pse-jane-te-percare-shqiptaret-e-malit-te-zi\/\",\"name\":\"Pse jan\u00eb t\u00eb p\u00ebr\u00e7ar\u00eb shqiptar\u00ebt e Malit t\u00eb Zi - Lajme nga Ulqini\",\"isPartOf\":{\"@id\":\"https:\/\/www.visit-ulcinj.com\/blog\/#website\"},\"primaryImageOfPage\":{\"@id\":\"https:\/\/www.visit-ulcinj.com\/blog\/2009\/04\/13\/pse-jane-te-percare-shqiptaret-e-malit-te-zi\/#primaryimage\"},\"datePublished\":\"2009-04-13T21:51:26+00:00\",\"dateModified\":\"2009-04-13T21:51:26+00:00\",\"author\":{\"@id\":\"https:\/\/www.visit-ulcinj.com\/blog\/#\/schema\/person\/dcab619c614d3038751c63bc2aadc06d\"},\"description\":\"Zgjedhjet Parlamentare t\u00eb 29 marsit n\u00eb Mal t\u00eb Zi po afrojn\u00eb. N\u00eb prononcimet e m\u00ebposhtme, dy kryetar\u00ebt e partive kryesore t\u00eb shqiptar\u00ebve q\u00eb ushtrojn\u00eb\",\"breadcrumb\":{\"@id\":\"https:\/\/www.visit-ulcinj.com\/blog\/2009\/04\/13\/pse-jane-te-percare-shqiptaret-e-malit-te-zi\/#breadcrumb\"},\"inLanguage\":\"en-US\",\"potentialAction\":[{\"@type\":\"ReadAction\",\"target\":[\"https:\/\/www.visit-ulcinj.com\/blog\/2009\/04\/13\/pse-jane-te-percare-shqiptaret-e-malit-te-zi\/\"]}]},{\"@type\":\"BreadcrumbList\",\"@id\":\"https:\/\/www.visit-ulcinj.com\/blog\/2009\/04\/13\/pse-jane-te-percare-shqiptaret-e-malit-te-zi\/#breadcrumb\",\"itemListElement\":[{\"@type\":\"ListItem\",\"position\":1,\"name\":\"Pse jan\u00eb t\u00eb p\u00ebr\u00e7ar\u00eb shqiptar\u00ebt e Malit t\u00eb Zi\"}]},{\"@type\":\"Person\",\"@id\":\"https:\/\/www.visit-ulcinj.com\/blog\/#\/schema\/person\/dcab619c614d3038751c63bc2aadc06d\",\"name\":\"ulqini\",\"sameAs\":[\"http:\/\/www.visit-ulcinj.com\"],\"url\":\"https:\/\/www.visit-ulcinj.com\/blog\/author\/admin\/\"}]}<\/script>\n<!-- \/ Yoast SEO plugin. -->","yoast_head_json":{"title":"Pse jan\u00eb t\u00eb p\u00ebr\u00e7ar\u00eb shqiptar\u00ebt e Malit t\u00eb Zi - Lajme nga Ulqini","description":"Zgjedhjet Parlamentare t\u00eb 29 marsit n\u00eb Mal t\u00eb Zi po afrojn\u00eb. N\u00eb prononcimet e m\u00ebposhtme, dy kryetar\u00ebt e partive kryesore t\u00eb shqiptar\u00ebve q\u00eb ushtrojn\u00eb","robots":{"index":"index","follow":"follow","max-snippet":"max-snippet:-1","max-image-preview":"max-image-preview:large","max-video-preview":"max-video-preview:-1"},"canonical":"https:\/\/www.visit-ulcinj.com\/blog\/2009\/04\/13\/pse-jane-te-percare-shqiptaret-e-malit-te-zi\/","og_locale":"en_US","og_type":"article","og_title":"Pse jan\u00eb t\u00eb p\u00ebr\u00e7ar\u00eb shqiptar\u00ebt e Malit t\u00eb Zi - Lajme nga Ulqini","og_description":"Zgjedhjet Parlamentare t\u00eb 29 marsit n\u00eb Mal t\u00eb Zi po afrojn\u00eb. N\u00eb prononcimet e m\u00ebposhtme, dy kryetar\u00ebt e partive kryesore t\u00eb shqiptar\u00ebve q\u00eb ushtrojn\u00eb","og_url":"https:\/\/www.visit-ulcinj.com\/blog\/2009\/04\/13\/pse-jane-te-percare-shqiptaret-e-malit-te-zi\/","og_site_name":"Lajme nga Ulqini","article_published_time":"2009-04-13T21:51:26+00:00","og_image":[{"url":"http:\/\/www.visit-ulcinj.com\/blog\/wp-content\/uploads\/2009\/01\/ferhat-dinosha3.jpg"}],"twitter_misc":{"Written by":"ulqini","Est. reading time":"9 minutes"},"schema":{"@context":"https:\/\/schema.org","@graph":[{"@type":"WebSite","@id":"https:\/\/www.visit-ulcinj.com\/blog\/#website","url":"https:\/\/www.visit-ulcinj.com\/blog\/","name":"Lajme nga Ulqini","description":"Lajme,Vijesti,Ulqini,Ulqin,Crna Gora,Mali i Zi","potentialAction":[{"@type":"SearchAction","target":{"@type":"EntryPoint","urlTemplate":"https:\/\/www.visit-ulcinj.com\/blog\/?s={search_term_string}"},"query-input":"required name=search_term_string"}],"inLanguage":"en-US"},{"@type":"ImageObject","inLanguage":"en-US","@id":"https:\/\/www.visit-ulcinj.com\/blog\/2009\/04\/13\/pse-jane-te-percare-shqiptaret-e-malit-te-zi\/#primaryimage","url":"https:\/\/www.visit-ulcinj.com\/blog\/wp-content\/uploads\/2009\/01\/ferhat-dinosha3.jpg","contentUrl":"https:\/\/www.visit-ulcinj.com\/blog\/wp-content\/uploads\/2009\/01\/ferhat-dinosha3.jpg","width":"227","height":"169"},{"@type":"WebPage","@id":"https:\/\/www.visit-ulcinj.com\/blog\/2009\/04\/13\/pse-jane-te-percare-shqiptaret-e-malit-te-zi\/#webpage","url":"https:\/\/www.visit-ulcinj.com\/blog\/2009\/04\/13\/pse-jane-te-percare-shqiptaret-e-malit-te-zi\/","name":"Pse jan\u00eb t\u00eb p\u00ebr\u00e7ar\u00eb shqiptar\u00ebt e Malit t\u00eb Zi - Lajme nga Ulqini","isPartOf":{"@id":"https:\/\/www.visit-ulcinj.com\/blog\/#website"},"primaryImageOfPage":{"@id":"https:\/\/www.visit-ulcinj.com\/blog\/2009\/04\/13\/pse-jane-te-percare-shqiptaret-e-malit-te-zi\/#primaryimage"},"datePublished":"2009-04-13T21:51:26+00:00","dateModified":"2009-04-13T21:51:26+00:00","author":{"@id":"https:\/\/www.visit-ulcinj.com\/blog\/#\/schema\/person\/dcab619c614d3038751c63bc2aadc06d"},"description":"Zgjedhjet Parlamentare t\u00eb 29 marsit n\u00eb Mal t\u00eb Zi po afrojn\u00eb. N\u00eb prononcimet e m\u00ebposhtme, dy kryetar\u00ebt e partive kryesore t\u00eb shqiptar\u00ebve q\u00eb ushtrojn\u00eb","breadcrumb":{"@id":"https:\/\/www.visit-ulcinj.com\/blog\/2009\/04\/13\/pse-jane-te-percare-shqiptaret-e-malit-te-zi\/#breadcrumb"},"inLanguage":"en-US","potentialAction":[{"@type":"ReadAction","target":["https:\/\/www.visit-ulcinj.com\/blog\/2009\/04\/13\/pse-jane-te-percare-shqiptaret-e-malit-te-zi\/"]}]},{"@type":"BreadcrumbList","@id":"https:\/\/www.visit-ulcinj.com\/blog\/2009\/04\/13\/pse-jane-te-percare-shqiptaret-e-malit-te-zi\/#breadcrumb","itemListElement":[{"@type":"ListItem","position":1,"name":"Pse jan\u00eb t\u00eb p\u00ebr\u00e7ar\u00eb shqiptar\u00ebt e Malit t\u00eb Zi"}]},{"@type":"Person","@id":"https:\/\/www.visit-ulcinj.com\/blog\/#\/schema\/person\/dcab619c614d3038751c63bc2aadc06d","name":"ulqini","sameAs":["http:\/\/www.visit-ulcinj.com"],"url":"https:\/\/www.visit-ulcinj.com\/blog\/author\/admin\/"}]}},"jetpack_featured_media_url":"","jetpack_sharing_enabled":true,"jetpack_shortlink":"https:\/\/wp.me\/pe6lTn-4Eh","_links":{"self":[{"href":"https:\/\/www.visit-ulcinj.com\/blog\/wp-json\/wp\/v2\/posts\/17873"}],"collection":[{"href":"https:\/\/www.visit-ulcinj.com\/blog\/wp-json\/wp\/v2\/posts"}],"about":[{"href":"https:\/\/www.visit-ulcinj.com\/blog\/wp-json\/wp\/v2\/types\/post"}],"author":[{"embeddable":true,"href":"https:\/\/www.visit-ulcinj.com\/blog\/wp-json\/wp\/v2\/users\/1"}],"replies":[{"embeddable":true,"href":"https:\/\/www.visit-ulcinj.com\/blog\/wp-json\/wp\/v2\/comments?post=17873"}],"version-history":[{"count":0,"href":"https:\/\/www.visit-ulcinj.com\/blog\/wp-json\/wp\/v2\/posts\/17873\/revisions"}],"wp:attachment":[{"href":"https:\/\/www.visit-ulcinj.com\/blog\/wp-json\/wp\/v2\/media?parent=17873"}],"wp:term":[{"taxonomy":"category","embeddable":true,"href":"https:\/\/www.visit-ulcinj.com\/blog\/wp-json\/wp\/v2\/categories?post=17873"},{"taxonomy":"post_tag","embeddable":true,"href":"https:\/\/www.visit-ulcinj.com\/blog\/wp-json\/wp\/v2\/tags?post=17873"}],"curies":[{"name":"wp","href":"https:\/\/api.w.org\/{rel}","templated":true}]}}