{"id":1788,"date":"2008-05-29T11:18:05","date_gmt":"2008-05-29T16:18:05","guid":{"rendered":"http:\/\/www.visit-ulcinj.com\/blog\/?p=1788"},"modified":"2008-11-23T14:34:42","modified_gmt":"2008-11-23T19:34:42","slug":"ftes-per-shetitje-protestuese-%e2%80%9eper-kthimin-e-prones-ne-valdnaos%e2%80%9c","status":"publish","type":"post","link":"https:\/\/www.visit-ulcinj.com\/blog\/2008\/05\/29\/ftes-per-shetitje-protestuese-%e2%80%9eper-kthimin-e-prones-ne-valdnaos%e2%80%9c\/","title":{"rendered":"Ftes p\u00ebr Shetitje protestuese \u201eP\u00ebr kthimin e pron\u00ebs n\u00eb Valdnaos\u201c"},"content":{"rendered":"<p><a title=\"valdanos ulqin_mali i zi\" href=\"http:\/\/www.visit-ulcinj.com\/blog\/wp-content\/uploads\/2008\/05\/jo-shitjes-te-valdanosit.jpg\" target=\"_blank\"><img loading=\"lazy\" class=\"alignleft attachment wp-att-1790\" style=\"float: left;\" src=\"http:\/\/www.visit-ulcinj.com\/blog\/wp-content\/uploads\/2008\/05\/ullishta-ne-valdanos_ulqin_mali-i-zi.jpg\" alt=\"ullishta ne valdanos_ulqin\" width=\"150\" height=\"113\" \/><\/a><strong>Ju ftojm\u00eb t\u00eb merrni pjas\u00eb n\u00eb<br \/>\nSHETITJEN PROTESTUESE \u201eP\u00cbR KTHIMIN E PRON\u00cbS N\u00cb VALDNAOS\u201c<br \/>\nProtesta dhe performansa do t\u00eb filloj\u00eb n\u00eb ora 13:00 para nd\u00ebrtes\u00ebs s\u00eb Komun\u00ebs s\u00eb Ulqinit t\u00eb h\u00ebn\u00ebn me 02.06.2008.<\/strong><br \/>\nKjo protest\u00eb i dedikohet shpalljes nd\u00ebrkomb\u00ebtare p\u00ebr interesimin q\u00eb n\u00eb Ullisht\u00ebn e Valdanosti t\u00eb nd\u00ebrtohen kapacitete hoteliere, poashtu edhe shpalljes s\u00eb tenderit q\u00eb t\u00eb jepet me qira p\u00ebr nj\u00eb afat t\u00eb pacaktuar gjiri i Valdanosit dhe Mendra.<br \/>\nProtesta do t\u00eb organizohet nga K\u00ebshilli p\u00ebr kthimin e pronave n\u00eb Valdanos, Shoqata e Ullishtar\u00ebve Ulqini dhe organizatat joqeveritare nga Ulqini.<br \/>\nMe respekt,<br \/>\n<strong> Kryetari i Shoqates se Ullishtareve &#8211; Ulqin<br \/>\nXhaudet Cakuli<br \/>\nKryetari i Keshillit per kthimin e pron\u00ebs<br \/>\nLuka Gjakonoviq<br \/>\nIzvor \/<a title=\"web sajt direkt\" href=\"www.valdanos-ul.com\/\" target=\"_blank\">www.valdanos-ul.com\/<\/a><\/strong><\/p>\n<p><!--YouTube Error: bad URL entered--> <!-- vimeo error: not a vimeo video --><\/p>\n<p style=\"text-align: left;\">\n<p style=\"text-align: left;\"><img loading=\"lazy\" class=\"alignleft\" style=\"float: left;\" src=\"http:\/\/www.visit-ulcinj.com\/blog\/wp-content\/uploads\/2008\/05\/jo-shitjes-te-valdanosit.jpg\" alt=\"\" width=\"478\" height=\"111\" \/><\/p>\n<h1><\/h1>\n<h1><\/h1>\n<h1><\/h1>\n<h1><\/h1>\n<h1><!--YouTube Error: bad URL entered--><\/h1>\n<p style=\"text-align: left;\">\n","protected":false},"excerpt":{"rendered":"<p><img loading=\"lazy\" class=\"attachment wp-att-1790 alignleft\" src=\"http:\/\/www.visit-ulcinj.com\/blog\/wp-content\/uploads\/2008\/05\/ullishta-ne-valdanos_ulqin_mali-i-zi.jpg\" alt=\"ullishta ne valdanos_ulqin\" width=\"140\" height=\"140\" \/><\/p>\n","protected":false},"author":1,"featured_media":0,"comment_status":"open","ping_status":"closed","sticky":false,"template":"","format":"standard","meta":{"spay_email":"","jetpack_publicize_message":"","jetpack_is_tweetstorm":false,"jetpack_publicize_feature_enabled":true},"categories":[5,12],"tags":[3580,20,2338,3578,2323,3584,1499,95,3576,79,3575,3574,3579,40,3599,3577,3598,41,3582,3581,3583,1655,3573,200,18,136,561,2340],"jetpack_publicize_connections":[],"yoast_head":"<!-- This site is optimized with the Yoast SEO plugin v19.1 - https:\/\/yoast.com\/wordpress\/plugins\/seo\/ -->\n<title>Ftes p\u00ebr Shetitje protestuese \u201eP\u00ebr kthimin e pron\u00ebs n\u00eb Valdnaos\u201c - Lajme nga Ulqini<\/title>\n<meta name=\"robots\" content=\"index, follow, max-snippet:-1, max-image-preview:large, max-video-preview:-1\" \/>\n<link rel=\"canonical\" href=\"https:\/\/www.visit-ulcinj.com\/blog\/2008\/05\/29\/ftes-per-shetitje-protestuese-\u201eper-kthimin-e-prones-ne-valdnaos\u201c\/\" \/>\n<meta property=\"og:locale\" content=\"en_US\" \/>\n<meta property=\"og:type\" content=\"article\" \/>\n<meta property=\"og:title\" content=\"Ftes p\u00ebr Shetitje protestuese \u201eP\u00ebr kthimin e pron\u00ebs n\u00eb Valdnaos\u201c - Lajme nga Ulqini\" \/>\n<meta property=\"og:url\" content=\"https:\/\/www.visit-ulcinj.com\/blog\/2008\/05\/29\/ftes-per-shetitje-protestuese-\u201eper-kthimin-e-prones-ne-valdnaos\u201c\/\" \/>\n<meta property=\"og:site_name\" content=\"Lajme nga Ulqini\" \/>\n<meta property=\"article:published_time\" content=\"2008-05-29T16:18:05+00:00\" \/>\n<meta property=\"article:modified_time\" content=\"2008-11-23T19:34:42+00:00\" \/>\n<meta property=\"og:image\" content=\"http:\/\/www.visit-ulcinj.com\/blog\/wp-content\/uploads\/2008\/05\/ullishta-ne-valdanos_ulqin_mali-i-zi.jpg\" \/>\n<meta name=\"twitter:label1\" content=\"Written by\" \/>\n\t<meta name=\"twitter:data1\" content=\"ulqini\" \/>\n\t<meta name=\"twitter:label2\" content=\"Est. reading time\" \/>\n\t<meta name=\"twitter:data2\" content=\"1 minute\" \/>\n<script type=\"application\/ld+json\" class=\"yoast-schema-graph\">{\"@context\":\"https:\/\/schema.org\",\"@graph\":[{\"@type\":\"WebSite\",\"@id\":\"https:\/\/www.visit-ulcinj.com\/blog\/#website\",\"url\":\"https:\/\/www.visit-ulcinj.com\/blog\/\",\"name\":\"Lajme nga Ulqini\",\"description\":\"Lajme,Vijesti,Ulqini,Ulqin,Crna Gora,Mali i Zi\",\"potentialAction\":[{\"@type\":\"SearchAction\",\"target\":{\"@type\":\"EntryPoint\",\"urlTemplate\":\"https:\/\/www.visit-ulcinj.com\/blog\/?s={search_term_string}\"},\"query-input\":\"required name=search_term_string\"}],\"inLanguage\":\"en-US\"},{\"@type\":\"ImageObject\",\"inLanguage\":\"en-US\",\"@id\":\"https:\/\/www.visit-ulcinj.com\/blog\/2008\/05\/29\/ftes-per-shetitje-protestuese-%e2%80%9eper-kthimin-e-prones-ne-valdnaos%e2%80%9c\/#primaryimage\",\"url\":\"http:\/\/www.visit-ulcinj.com\/blog\/wp-content\/uploads\/2008\/05\/ullishta-ne-valdanos_ulqin_mali-i-zi.jpg\",\"contentUrl\":\"http:\/\/www.visit-ulcinj.com\/blog\/wp-content\/uploads\/2008\/05\/ullishta-ne-valdanos_ulqin_mali-i-zi.jpg\"},{\"@type\":\"WebPage\",\"@id\":\"https:\/\/www.visit-ulcinj.com\/blog\/2008\/05\/29\/ftes-per-shetitje-protestuese-%e2%80%9eper-kthimin-e-prones-ne-valdnaos%e2%80%9c\/#webpage\",\"url\":\"https:\/\/www.visit-ulcinj.com\/blog\/2008\/05\/29\/ftes-per-shetitje-protestuese-%e2%80%9eper-kthimin-e-prones-ne-valdnaos%e2%80%9c\/\",\"name\":\"Ftes p\u00ebr Shetitje protestuese \u201eP\u00ebr kthimin e pron\u00ebs n\u00eb Valdnaos\u201c - Lajme nga Ulqini\",\"isPartOf\":{\"@id\":\"https:\/\/www.visit-ulcinj.com\/blog\/#website\"},\"primaryImageOfPage\":{\"@id\":\"https:\/\/www.visit-ulcinj.com\/blog\/2008\/05\/29\/ftes-per-shetitje-protestuese-%e2%80%9eper-kthimin-e-prones-ne-valdnaos%e2%80%9c\/#primaryimage\"},\"datePublished\":\"2008-05-29T16:18:05+00:00\",\"dateModified\":\"2008-11-23T19:34:42+00:00\",\"author\":{\"@id\":\"https:\/\/www.visit-ulcinj.com\/blog\/#\/schema\/person\/dcab619c614d3038751c63bc2aadc06d\"},\"breadcrumb\":{\"@id\":\"https:\/\/www.visit-ulcinj.com\/blog\/2008\/05\/29\/ftes-per-shetitje-protestuese-%e2%80%9eper-kthimin-e-prones-ne-valdnaos%e2%80%9c\/#breadcrumb\"},\"inLanguage\":\"en-US\",\"potentialAction\":[{\"@type\":\"ReadAction\",\"target\":[\"https:\/\/www.visit-ulcinj.com\/blog\/2008\/05\/29\/ftes-per-shetitje-protestuese-%e2%80%9eper-kthimin-e-prones-ne-valdnaos%e2%80%9c\/\"]}]},{\"@type\":\"BreadcrumbList\",\"@id\":\"https:\/\/www.visit-ulcinj.com\/blog\/2008\/05\/29\/ftes-per-shetitje-protestuese-%e2%80%9eper-kthimin-e-prones-ne-valdnaos%e2%80%9c\/#breadcrumb\",\"itemListElement\":[{\"@type\":\"ListItem\",\"position\":1,\"name\":\"Ftes p\u00ebr Shetitje protestuese \u201eP\u00ebr kthimin e pron\u00ebs n\u00eb Valdnaos\u201c\"}]},{\"@type\":\"Person\",\"@id\":\"https:\/\/www.visit-ulcinj.com\/blog\/#\/schema\/person\/dcab619c614d3038751c63bc2aadc06d\",\"name\":\"ulqini\",\"sameAs\":[\"http:\/\/www.visit-ulcinj.com\"],\"url\":\"https:\/\/www.visit-ulcinj.com\/blog\/author\/admin\/\"}]}<\/script>\n<!-- \/ Yoast SEO plugin. -->","yoast_head_json":{"title":"Ftes p\u00ebr Shetitje protestuese \u201eP\u00ebr kthimin e pron\u00ebs n\u00eb Valdnaos\u201c - Lajme nga Ulqini","robots":{"index":"index","follow":"follow","max-snippet":"max-snippet:-1","max-image-preview":"max-image-preview:large","max-video-preview":"max-video-preview:-1"},"canonical":"https:\/\/www.visit-ulcinj.com\/blog\/2008\/05\/29\/ftes-per-shetitje-protestuese-\u201eper-kthimin-e-prones-ne-valdnaos\u201c\/","og_locale":"en_US","og_type":"article","og_title":"Ftes p\u00ebr Shetitje protestuese \u201eP\u00ebr kthimin e pron\u00ebs n\u00eb Valdnaos\u201c - Lajme nga Ulqini","og_url":"https:\/\/www.visit-ulcinj.com\/blog\/2008\/05\/29\/ftes-per-shetitje-protestuese-\u201eper-kthimin-e-prones-ne-valdnaos\u201c\/","og_site_name":"Lajme nga Ulqini","article_published_time":"2008-05-29T16:18:05+00:00","article_modified_time":"2008-11-23T19:34:42+00:00","og_image":[{"url":"http:\/\/www.visit-ulcinj.com\/blog\/wp-content\/uploads\/2008\/05\/ullishta-ne-valdanos_ulqin_mali-i-zi.jpg"}],"twitter_misc":{"Written by":"ulqini","Est. reading time":"1 minute"},"schema":{"@context":"https:\/\/schema.org","@graph":[{"@type":"WebSite","@id":"https:\/\/www.visit-ulcinj.com\/blog\/#website","url":"https:\/\/www.visit-ulcinj.com\/blog\/","name":"Lajme nga Ulqini","description":"Lajme,Vijesti,Ulqini,Ulqin,Crna Gora,Mali i Zi","potentialAction":[{"@type":"SearchAction","target":{"@type":"EntryPoint","urlTemplate":"https:\/\/www.visit-ulcinj.com\/blog\/?s={search_term_string}"},"query-input":"required name=search_term_string"}],"inLanguage":"en-US"},{"@type":"ImageObject","inLanguage":"en-US","@id":"https:\/\/www.visit-ulcinj.com\/blog\/2008\/05\/29\/ftes-per-shetitje-protestuese-%e2%80%9eper-kthimin-e-prones-ne-valdnaos%e2%80%9c\/#primaryimage","url":"http:\/\/www.visit-ulcinj.com\/blog\/wp-content\/uploads\/2008\/05\/ullishta-ne-valdanos_ulqin_mali-i-zi.jpg","contentUrl":"http:\/\/www.visit-ulcinj.com\/blog\/wp-content\/uploads\/2008\/05\/ullishta-ne-valdanos_ulqin_mali-i-zi.jpg"},{"@type":"WebPage","@id":"https:\/\/www.visit-ulcinj.com\/blog\/2008\/05\/29\/ftes-per-shetitje-protestuese-%e2%80%9eper-kthimin-e-prones-ne-valdnaos%e2%80%9c\/#webpage","url":"https:\/\/www.visit-ulcinj.com\/blog\/2008\/05\/29\/ftes-per-shetitje-protestuese-%e2%80%9eper-kthimin-e-prones-ne-valdnaos%e2%80%9c\/","name":"Ftes p\u00ebr Shetitje protestuese \u201eP\u00ebr kthimin e pron\u00ebs n\u00eb Valdnaos\u201c - Lajme nga Ulqini","isPartOf":{"@id":"https:\/\/www.visit-ulcinj.com\/blog\/#website"},"primaryImageOfPage":{"@id":"https:\/\/www.visit-ulcinj.com\/blog\/2008\/05\/29\/ftes-per-shetitje-protestuese-%e2%80%9eper-kthimin-e-prones-ne-valdnaos%e2%80%9c\/#primaryimage"},"datePublished":"2008-05-29T16:18:05+00:00","dateModified":"2008-11-23T19:34:42+00:00","author":{"@id":"https:\/\/www.visit-ulcinj.com\/blog\/#\/schema\/person\/dcab619c614d3038751c63bc2aadc06d"},"breadcrumb":{"@id":"https:\/\/www.visit-ulcinj.com\/blog\/2008\/05\/29\/ftes-per-shetitje-protestuese-%e2%80%9eper-kthimin-e-prones-ne-valdnaos%e2%80%9c\/#breadcrumb"},"inLanguage":"en-US","potentialAction":[{"@type":"ReadAction","target":["https:\/\/www.visit-ulcinj.com\/blog\/2008\/05\/29\/ftes-per-shetitje-protestuese-%e2%80%9eper-kthimin-e-prones-ne-valdnaos%e2%80%9c\/"]}]},{"@type":"BreadcrumbList","@id":"https:\/\/www.visit-ulcinj.com\/blog\/2008\/05\/29\/ftes-per-shetitje-protestuese-%e2%80%9eper-kthimin-e-prones-ne-valdnaos%e2%80%9c\/#breadcrumb","itemListElement":[{"@type":"ListItem","position":1,"name":"Ftes p\u00ebr Shetitje protestuese \u201eP\u00ebr kthimin e pron\u00ebs n\u00eb Valdnaos\u201c"}]},{"@type":"Person","@id":"https:\/\/www.visit-ulcinj.com\/blog\/#\/schema\/person\/dcab619c614d3038751c63bc2aadc06d","name":"ulqini","sameAs":["http:\/\/www.visit-ulcinj.com"],"url":"https:\/\/www.visit-ulcinj.com\/blog\/author\/admin\/"}]}},"jetpack_featured_media_url":"","jetpack_sharing_enabled":true,"jetpack_shortlink":"https:\/\/wp.me\/pe6lTn-sQ","_links":{"self":[{"href":"https:\/\/www.visit-ulcinj.com\/blog\/wp-json\/wp\/v2\/posts\/1788"}],"collection":[{"href":"https:\/\/www.visit-ulcinj.com\/blog\/wp-json\/wp\/v2\/posts"}],"about":[{"href":"https:\/\/www.visit-ulcinj.com\/blog\/wp-json\/wp\/v2\/types\/post"}],"author":[{"embeddable":true,"href":"https:\/\/www.visit-ulcinj.com\/blog\/wp-json\/wp\/v2\/users\/1"}],"replies":[{"embeddable":true,"href":"https:\/\/www.visit-ulcinj.com\/blog\/wp-json\/wp\/v2\/comments?post=1788"}],"version-history":[{"count":0,"href":"https:\/\/www.visit-ulcinj.com\/blog\/wp-json\/wp\/v2\/posts\/1788\/revisions"}],"wp:attachment":[{"href":"https:\/\/www.visit-ulcinj.com\/blog\/wp-json\/wp\/v2\/media?parent=1788"}],"wp:term":[{"taxonomy":"category","embeddable":true,"href":"https:\/\/www.visit-ulcinj.com\/blog\/wp-json\/wp\/v2\/categories?post=1788"},{"taxonomy":"post_tag","embeddable":true,"href":"https:\/\/www.visit-ulcinj.com\/blog\/wp-json\/wp\/v2\/tags?post=1788"}],"curies":[{"name":"wp","href":"https:\/\/api.w.org\/{rel}","templated":true}]}}