{"id":17891,"date":"2009-04-14T10:30:07","date_gmt":"2009-04-14T08:30:07","guid":{"rendered":"http:\/\/www.visit-ulcinj.com\/blog\/?p=17891"},"modified":"2009-04-14T10:30:07","modified_gmt":"2009-04-14T08:30:07","slug":"diskriminim-i-te-drejtave-te-shqiptareve-ne-mal-te-zi","status":"publish","type":"post","link":"https:\/\/www.visit-ulcinj.com\/blog\/2009\/04\/14\/diskriminim-i-te-drejtave-te-shqiptareve-ne-mal-te-zi\/","title":{"rendered":"Diskriminim i t\u00eb drejtave t\u00eb shqiptar\u00ebve n\u00eb Mal t\u00eb Zi"},"content":{"rendered":"<p><strong><a href=\"http:\/\/www.visit-ulcinj.com\/blog\/wp-content\/uploads\/2009\/04\/tahir-tahiri_kryetar-i-keshillit-nacional-te-shqiptareve-ne-mal-te-zi.jpg\"><img loading=\"lazy\" class=\"alignleft size-full wp-image-17892\" title=\"tahir-tahiri_kryetar-i-keshillit-nacional-te-shqiptareve-ne-mal-te-zi\" src=\"http:\/\/www.visit-ulcinj.com\/blog\/wp-content\/uploads\/2009\/04\/tahir-tahiri_kryetar-i-keshillit-nacional-te-shqiptareve-ne-mal-te-zi.jpg\" alt=\"tahir-tahiri_kryetar-i-keshillit-nacional-te-shqiptareve-ne-mal-te-zi\" width=\"371\" height=\"352\" srcset=\"https:\/\/www.visit-ulcinj.com\/blog\/wp-content\/uploads\/2009\/04\/tahir-tahiri_kryetar-i-keshillit-nacional-te-shqiptareve-ne-mal-te-zi.jpg 371w, https:\/\/www.visit-ulcinj.com\/blog\/wp-content\/uploads\/2009\/04\/tahir-tahiri_kryetar-i-keshillit-nacional-te-shqiptareve-ne-mal-te-zi-300x284.jpg 300w\" sizes=\"(max-width: 371px) 100vw, 371px\" \/><\/a>Reagim i KNSHMZ mbi mund\u00ebsin\u00eb e reduktimit t\u00eb gazet\u00ebs n\u00eb gjuh\u00ebn shqipe \u201c Koha Javore\u201d<\/strong><br \/>\nK\u00ebshilli Nacional i Shqiptar\u00ebve n\u00eb Mal t\u00eb Zi e vler\u00ebson t\u00eb papranuesh\u00ebm propozimin e Qeveris\u00eb s\u00eb Malit t\u00eb Zi, p\u00ebrkat\u00ebsisht t\u00eb Ministris\u00eb s\u00eb Financave, q\u00eb n\u00eb kuader t\u00eb reduktimit t\u00eb botimeve t\u00eb shtojcave dhe revistave,SHAGBG Pobjeda, t\u00eb p\u00ebrfshij edhe gazet\u00ebn e vetme n\u00eb gjuh\u00ebn shqipe \u201cKoha javore\u201d. K\u00ebshilli Nacional i Shqiptar\u00ebve n\u00eb Mal t\u00eb Zi , me q\u00ebllim t\u00eb informimit t\u00eb lir\u00eb, objektiv dhe profesional n\u00eb gjuh\u00ebn shqipe si gjuh\u00eb specifike e cila dallohet plotsisht nga gjuh\u00ebt tjera q\u00eb flit\u00ebn n\u00eb Malin e Zi, e konsideron t\u00eb arsyesh\u00ebm,madje edhe t\u00eb domosdosh\u00ebm q\u00eb, gazeta \u201cKoha javore\u201d t\u00eb shnd\u00ebrrohet n\u00eb gazet\u00eb te p\u00ebrditshme, e jo m\u00eb q\u00eb ajo t\u00eb reduktohet. E themi k\u00ebt\u00eb duke u mb\u00ebshtetur n\u00eb faktin se kontributi i shqiptar\u00ebve p\u00ebr nd\u00ebrtimin e shoq\u00ebrise multietnike, multigjuh\u00ebsore dhe multikonfesionale n\u00eb Mal t\u00eb Zi, \u00ebsht\u00eb i njohur jo vet\u00ebm p\u00ebr Malin e Zi por edhe p\u00ebr Bashk\u00ebsine Nd\u00ebrkomb\u00ebtare. Shqiptar\u00ebt n\u00eb Mal t\u00eb Zi jan\u00eb deklaruar t\u00eb gatsh\u00ebm q\u00eb t\u00eb ecin drejt integrimeve evropiane dhe evro-atlantike. Masat paralajm\u00ebruese bazuar n\u00eb njoftimin e KNSH nga ana e redaktorit p\u00ebrgjegj\u00ebs t\u00eb gazet\u00ebs \u201dKoha Javore\u201d, z.Ali Salaj, p\u00ebr reduktimin e gazet\u00ebs s\u00eb vetme n\u00eb gjuh\u00ebn amtare t\u00eb shqiptar\u00ebve, \u201cKoha javore\u201d, duke e vendosur si shtojc\u00eb, kat\u00ebrfaqesh n\u00eb t\u00eb p\u00ebrditshmen \u201cPobjeda\u201d, nuk \u00ebsht\u00eb praktike, as demokratike,sigurisht as funksionale dhe \u00e7ka \u00ebsht\u00eb m\u00eb keq shkon n\u00eb d\u00ebm t\u00eb avancimit t\u00eb t\u00eb drejtave t\u00eb popullit shqiptar\u00eb ne Malin e Zi dhe cungimit t\u00eb m\u00ebtejm\u00eb t\u00eb t\u00eb drejtave t\u00eb arritura t\u00eb shqiptar\u00ebve n\u00eb k\u00ebt\u00eb shtet. P\u00ebr K\u00ebshillin Nacional t\u00eb shqiptar\u00ebve ky propozim \u00ebsht\u00eb diskriminim dhe mohim i t\u00eb drejtave t\u00eb shqiptar\u00ebve p\u00ebr t u informuar n\u00eb gjuh\u00ebn e vet amtare, ashtu sic parashihet me Kushtetut\u00eb, me Ligjin p\u00ebr mbrojtj\u00ebn e t\u00eb drejtave dhe lirive t\u00eb njeriut dhe t\u00eb pakicave, me standardet nd\u00ebrkomb\u00ebtare t\u00eb shoqerive multietnike etj. etj. dhe, jemi t\u00eb bindur se kjo nuk shkon n\u00eb favor t\u00eb asaj q\u00eb i thon\u00eb plot\u00ebsim i standardeve p\u00ebr tu integruar n\u00eb Bashk\u00ebsin\u00eb e Shteteve Europiane.<br \/>\nKy \u00ebsht\u00eb rasti i dyt\u00eb n\u00eb SHAGBG Pobjeda q\u00eb ndodh n\u00eb 30 vitet e fundit me publikimet n\u00eb gjuh\u00ebn shqipe. Po p\u00ebr shkak t\u00eb \u201cmunges\u00ebs s\u00eb mjeteve financiare\u201d, si\u00e7 thonin at\u00ebher\u00eb autoritetet e Pobjed\u00ebs- Veprimtaria Botuese, revista \u201cKOHA\u201d \/1978- 1988\/, u mbyll, duke shuar k\u00ebshtu institucionin e vet\u00ebm t\u00eb nivelit republikan n\u00eb gjuh\u00ebn shqipe n\u00eb Mal t\u00eb Zi , nj\u00eb redaksi q\u00eb sh\u00ebnoi hapat e para t\u00eb let\u00ebrsis\u00eb, t\u00eb shkenc\u00ebs,t\u00eb kultur\u00ebs shpirt\u00ebrore t\u00eb shqiptar\u00ebve n\u00eb Mal t\u00eb Zi.Kjo redaksi botoi veprat e para t\u00eb autor\u00ebve shqiptar\u00eb , por edhe t\u00eb autor\u00ebve t\u00eb p\u00ebrkthyer malazias. Dalja n\u00eb sken\u00ebn informatave e t\u00eb p\u00ebrjavshmes n\u00eb gjuh\u00ebn shqipe, \u201cKoha javore\u201d, ishte nj\u00eb ngjarje e madhe , nj\u00eb ogur i mir\u00eb p\u00ebr rehabilitim shpirt\u00ebror, se n\u00ebp\u00ebrmjet k\u00ebsaj javoreje , shqiptar\u00ebt n\u00eb Mal t\u00eb Zi p\u00ebrs\u00ebri do t\u00eb mund t\u00eb informohen n\u00eb gjuh\u00ebn e tyre amtare.<br \/>\nK\u00ebshilli Nacional i Shqiptar\u00ebve n\u00eb Mal t\u00eb Zi vler\u00ebson se Qeveria, p\u00ebrkat\u00ebsisht Ministria e Financave do ta t\u00ebrheq\u00eb propozimin q\u00eb ka t\u00eb b\u00ebj\u00eb me \u201cKoh\u00ebn javore\u201d dhe t\u00eb p\u00ebrkrah\u00eb k\u00ebrkes\u00ebn e intelektual\u00ebve ,subjekteve kulturore e politike shqiptare si dhe t\u00eb K\u00ebshillit Nacional t\u00eb Shqiptar\u00ebve q\u00eb \u201cKoha Javore\u201d t\u00eb shnd\u00ebrrohet n\u00eb gazet\u00eb ditore.<\/p>\n<p><strong>Tahir Tahiri<\/strong><\/p>\n<p><strong>Koha Javore<\/strong><\/p>\n","protected":false},"excerpt":{"rendered":"<p>Reagim i KNSHMZ mbi mund\u00ebsin\u00eb e reduktimit t\u00eb gazet\u00ebs n\u00eb gjuh\u00ebn shqipe \u201c Koha Javore\u201d K\u00ebshilli Nacional i Shqiptar\u00ebve n\u00eb Mal t\u00eb Zi e vler\u00ebson t\u00eb papranuesh\u00ebm propozimin e Qeveris\u00eb s\u00eb Malit t\u00eb Zi, p\u00ebrkat\u00ebsisht t\u00eb Ministris\u00eb s\u00eb Financave, q\u00eb n\u00eb kuader t\u00eb reduktimit t\u00eb botimeve t\u00eb shtojcave dhe revistave,SHAGBG Pobjeda, t\u00eb p\u00ebrfshij edhe gazet\u00ebn [&hellip;]<\/p>\n","protected":false},"author":1,"featured_media":0,"comment_status":"open","ping_status":"closed","sticky":false,"template":"","format":"standard","meta":{"spay_email":"","jetpack_publicize_message":"","jetpack_is_tweetstorm":false,"jetpack_publicize_feature_enabled":true},"categories":[11],"tags":[9133,899,9134],"jetpack_publicize_connections":[],"yoast_head":"<!-- This site is optimized with the Yoast SEO plugin v19.1 - https:\/\/yoast.com\/wordpress\/plugins\/seo\/ -->\n<title>Diskriminim i t\u00eb drejtave t\u00eb shqiptar\u00ebve n\u00eb Mal t\u00eb Zi - Lajme nga Ulqini<\/title>\n<meta name=\"description\" content=\"Reagim i KNSHMZ mbi mund\u00ebsin\u00eb e reduktimit t\u00eb gazet\u00ebs n\u00eb gjuh\u00ebn shqipe \u201c Koha Javore\u201d K\u00ebshilli Nacional i Shqiptar\u00ebve n\u00eb Mal t\u00eb Zi e vler\u00ebson t\u00eb\" \/>\n<meta name=\"robots\" content=\"index, follow, max-snippet:-1, max-image-preview:large, max-video-preview:-1\" \/>\n<link rel=\"canonical\" href=\"https:\/\/www.visit-ulcinj.com\/blog\/2009\/04\/14\/diskriminim-i-te-drejtave-te-shqiptareve-ne-mal-te-zi\/\" \/>\n<meta property=\"og:locale\" content=\"en_US\" \/>\n<meta property=\"og:type\" content=\"article\" \/>\n<meta property=\"og:title\" content=\"Diskriminim i t\u00eb drejtave t\u00eb shqiptar\u00ebve n\u00eb Mal t\u00eb Zi - Lajme nga Ulqini\" \/>\n<meta property=\"og:description\" content=\"Reagim i KNSHMZ mbi mund\u00ebsin\u00eb e reduktimit t\u00eb gazet\u00ebs n\u00eb gjuh\u00ebn shqipe \u201c Koha Javore\u201d K\u00ebshilli Nacional i Shqiptar\u00ebve n\u00eb Mal t\u00eb Zi e vler\u00ebson t\u00eb\" \/>\n<meta property=\"og:url\" content=\"https:\/\/www.visit-ulcinj.com\/blog\/2009\/04\/14\/diskriminim-i-te-drejtave-te-shqiptareve-ne-mal-te-zi\/\" \/>\n<meta property=\"og:site_name\" content=\"Lajme nga Ulqini\" \/>\n<meta property=\"article:published_time\" content=\"2009-04-14T08:30:07+00:00\" \/>\n<meta property=\"og:image\" content=\"http:\/\/www.visit-ulcinj.com\/blog\/wp-content\/uploads\/2009\/04\/tahir-tahiri_kryetar-i-keshillit-nacional-te-shqiptareve-ne-mal-te-zi.jpg\" \/>\n<meta name=\"twitter:label1\" content=\"Written by\" \/>\n\t<meta name=\"twitter:data1\" content=\"ulqini\" \/>\n\t<meta name=\"twitter:label2\" content=\"Est. reading time\" \/>\n\t<meta name=\"twitter:data2\" content=\"3 minutes\" \/>\n<script type=\"application\/ld+json\" class=\"yoast-schema-graph\">{\"@context\":\"https:\/\/schema.org\",\"@graph\":[{\"@type\":\"WebSite\",\"@id\":\"https:\/\/www.visit-ulcinj.com\/blog\/#website\",\"url\":\"https:\/\/www.visit-ulcinj.com\/blog\/\",\"name\":\"Lajme nga Ulqini\",\"description\":\"Lajme,Vijesti,Ulqini,Ulqin,Crna Gora,Mali i Zi\",\"potentialAction\":[{\"@type\":\"SearchAction\",\"target\":{\"@type\":\"EntryPoint\",\"urlTemplate\":\"https:\/\/www.visit-ulcinj.com\/blog\/?s={search_term_string}\"},\"query-input\":\"required name=search_term_string\"}],\"inLanguage\":\"en-US\"},{\"@type\":\"ImageObject\",\"inLanguage\":\"en-US\",\"@id\":\"https:\/\/www.visit-ulcinj.com\/blog\/2009\/04\/14\/diskriminim-i-te-drejtave-te-shqiptareve-ne-mal-te-zi\/#primaryimage\",\"url\":\"https:\/\/www.visit-ulcinj.com\/blog\/wp-content\/uploads\/2009\/04\/tahir-tahiri_kryetar-i-keshillit-nacional-te-shqiptareve-ne-mal-te-zi.jpg\",\"contentUrl\":\"https:\/\/www.visit-ulcinj.com\/blog\/wp-content\/uploads\/2009\/04\/tahir-tahiri_kryetar-i-keshillit-nacional-te-shqiptareve-ne-mal-te-zi.jpg\",\"width\":\"371\",\"height\":\"352\"},{\"@type\":\"WebPage\",\"@id\":\"https:\/\/www.visit-ulcinj.com\/blog\/2009\/04\/14\/diskriminim-i-te-drejtave-te-shqiptareve-ne-mal-te-zi\/#webpage\",\"url\":\"https:\/\/www.visit-ulcinj.com\/blog\/2009\/04\/14\/diskriminim-i-te-drejtave-te-shqiptareve-ne-mal-te-zi\/\",\"name\":\"Diskriminim i t\u00eb drejtave t\u00eb shqiptar\u00ebve n\u00eb Mal t\u00eb Zi - Lajme nga Ulqini\",\"isPartOf\":{\"@id\":\"https:\/\/www.visit-ulcinj.com\/blog\/#website\"},\"primaryImageOfPage\":{\"@id\":\"https:\/\/www.visit-ulcinj.com\/blog\/2009\/04\/14\/diskriminim-i-te-drejtave-te-shqiptareve-ne-mal-te-zi\/#primaryimage\"},\"datePublished\":\"2009-04-14T08:30:07+00:00\",\"dateModified\":\"2009-04-14T08:30:07+00:00\",\"author\":{\"@id\":\"https:\/\/www.visit-ulcinj.com\/blog\/#\/schema\/person\/dcab619c614d3038751c63bc2aadc06d\"},\"description\":\"Reagim i KNSHMZ mbi mund\u00ebsin\u00eb e reduktimit t\u00eb gazet\u00ebs n\u00eb gjuh\u00ebn shqipe \u201c Koha Javore\u201d K\u00ebshilli Nacional i Shqiptar\u00ebve n\u00eb Mal t\u00eb Zi e vler\u00ebson t\u00eb\",\"breadcrumb\":{\"@id\":\"https:\/\/www.visit-ulcinj.com\/blog\/2009\/04\/14\/diskriminim-i-te-drejtave-te-shqiptareve-ne-mal-te-zi\/#breadcrumb\"},\"inLanguage\":\"en-US\",\"potentialAction\":[{\"@type\":\"ReadAction\",\"target\":[\"https:\/\/www.visit-ulcinj.com\/blog\/2009\/04\/14\/diskriminim-i-te-drejtave-te-shqiptareve-ne-mal-te-zi\/\"]}]},{\"@type\":\"BreadcrumbList\",\"@id\":\"https:\/\/www.visit-ulcinj.com\/blog\/2009\/04\/14\/diskriminim-i-te-drejtave-te-shqiptareve-ne-mal-te-zi\/#breadcrumb\",\"itemListElement\":[{\"@type\":\"ListItem\",\"position\":1,\"name\":\"Diskriminim i t\u00eb drejtave t\u00eb shqiptar\u00ebve n\u00eb Mal t\u00eb Zi\"}]},{\"@type\":\"Person\",\"@id\":\"https:\/\/www.visit-ulcinj.com\/blog\/#\/schema\/person\/dcab619c614d3038751c63bc2aadc06d\",\"name\":\"ulqini\",\"sameAs\":[\"http:\/\/www.visit-ulcinj.com\"],\"url\":\"https:\/\/www.visit-ulcinj.com\/blog\/author\/admin\/\"}]}<\/script>\n<!-- \/ Yoast SEO plugin. -->","yoast_head_json":{"title":"Diskriminim i t\u00eb drejtave t\u00eb shqiptar\u00ebve n\u00eb Mal t\u00eb Zi - Lajme nga Ulqini","description":"Reagim i KNSHMZ mbi mund\u00ebsin\u00eb e reduktimit t\u00eb gazet\u00ebs n\u00eb gjuh\u00ebn shqipe \u201c Koha Javore\u201d K\u00ebshilli Nacional i Shqiptar\u00ebve n\u00eb Mal t\u00eb Zi e vler\u00ebson t\u00eb","robots":{"index":"index","follow":"follow","max-snippet":"max-snippet:-1","max-image-preview":"max-image-preview:large","max-video-preview":"max-video-preview:-1"},"canonical":"https:\/\/www.visit-ulcinj.com\/blog\/2009\/04\/14\/diskriminim-i-te-drejtave-te-shqiptareve-ne-mal-te-zi\/","og_locale":"en_US","og_type":"article","og_title":"Diskriminim i t\u00eb drejtave t\u00eb shqiptar\u00ebve n\u00eb Mal t\u00eb Zi - Lajme nga Ulqini","og_description":"Reagim i KNSHMZ mbi mund\u00ebsin\u00eb e reduktimit t\u00eb gazet\u00ebs n\u00eb gjuh\u00ebn shqipe \u201c Koha Javore\u201d K\u00ebshilli Nacional i Shqiptar\u00ebve n\u00eb Mal t\u00eb Zi e vler\u00ebson t\u00eb","og_url":"https:\/\/www.visit-ulcinj.com\/blog\/2009\/04\/14\/diskriminim-i-te-drejtave-te-shqiptareve-ne-mal-te-zi\/","og_site_name":"Lajme nga Ulqini","article_published_time":"2009-04-14T08:30:07+00:00","og_image":[{"url":"http:\/\/www.visit-ulcinj.com\/blog\/wp-content\/uploads\/2009\/04\/tahir-tahiri_kryetar-i-keshillit-nacional-te-shqiptareve-ne-mal-te-zi.jpg"}],"twitter_misc":{"Written by":"ulqini","Est. reading time":"3 minutes"},"schema":{"@context":"https:\/\/schema.org","@graph":[{"@type":"WebSite","@id":"https:\/\/www.visit-ulcinj.com\/blog\/#website","url":"https:\/\/www.visit-ulcinj.com\/blog\/","name":"Lajme nga Ulqini","description":"Lajme,Vijesti,Ulqini,Ulqin,Crna Gora,Mali i Zi","potentialAction":[{"@type":"SearchAction","target":{"@type":"EntryPoint","urlTemplate":"https:\/\/www.visit-ulcinj.com\/blog\/?s={search_term_string}"},"query-input":"required name=search_term_string"}],"inLanguage":"en-US"},{"@type":"ImageObject","inLanguage":"en-US","@id":"https:\/\/www.visit-ulcinj.com\/blog\/2009\/04\/14\/diskriminim-i-te-drejtave-te-shqiptareve-ne-mal-te-zi\/#primaryimage","url":"https:\/\/www.visit-ulcinj.com\/blog\/wp-content\/uploads\/2009\/04\/tahir-tahiri_kryetar-i-keshillit-nacional-te-shqiptareve-ne-mal-te-zi.jpg","contentUrl":"https:\/\/www.visit-ulcinj.com\/blog\/wp-content\/uploads\/2009\/04\/tahir-tahiri_kryetar-i-keshillit-nacional-te-shqiptareve-ne-mal-te-zi.jpg","width":"371","height":"352"},{"@type":"WebPage","@id":"https:\/\/www.visit-ulcinj.com\/blog\/2009\/04\/14\/diskriminim-i-te-drejtave-te-shqiptareve-ne-mal-te-zi\/#webpage","url":"https:\/\/www.visit-ulcinj.com\/blog\/2009\/04\/14\/diskriminim-i-te-drejtave-te-shqiptareve-ne-mal-te-zi\/","name":"Diskriminim i t\u00eb drejtave t\u00eb shqiptar\u00ebve n\u00eb Mal t\u00eb Zi - Lajme nga Ulqini","isPartOf":{"@id":"https:\/\/www.visit-ulcinj.com\/blog\/#website"},"primaryImageOfPage":{"@id":"https:\/\/www.visit-ulcinj.com\/blog\/2009\/04\/14\/diskriminim-i-te-drejtave-te-shqiptareve-ne-mal-te-zi\/#primaryimage"},"datePublished":"2009-04-14T08:30:07+00:00","dateModified":"2009-04-14T08:30:07+00:00","author":{"@id":"https:\/\/www.visit-ulcinj.com\/blog\/#\/schema\/person\/dcab619c614d3038751c63bc2aadc06d"},"description":"Reagim i KNSHMZ mbi mund\u00ebsin\u00eb e reduktimit t\u00eb gazet\u00ebs n\u00eb gjuh\u00ebn shqipe \u201c Koha Javore\u201d K\u00ebshilli Nacional i Shqiptar\u00ebve n\u00eb Mal t\u00eb Zi e vler\u00ebson t\u00eb","breadcrumb":{"@id":"https:\/\/www.visit-ulcinj.com\/blog\/2009\/04\/14\/diskriminim-i-te-drejtave-te-shqiptareve-ne-mal-te-zi\/#breadcrumb"},"inLanguage":"en-US","potentialAction":[{"@type":"ReadAction","target":["https:\/\/www.visit-ulcinj.com\/blog\/2009\/04\/14\/diskriminim-i-te-drejtave-te-shqiptareve-ne-mal-te-zi\/"]}]},{"@type":"BreadcrumbList","@id":"https:\/\/www.visit-ulcinj.com\/blog\/2009\/04\/14\/diskriminim-i-te-drejtave-te-shqiptareve-ne-mal-te-zi\/#breadcrumb","itemListElement":[{"@type":"ListItem","position":1,"name":"Diskriminim i t\u00eb drejtave t\u00eb shqiptar\u00ebve n\u00eb Mal t\u00eb Zi"}]},{"@type":"Person","@id":"https:\/\/www.visit-ulcinj.com\/blog\/#\/schema\/person\/dcab619c614d3038751c63bc2aadc06d","name":"ulqini","sameAs":["http:\/\/www.visit-ulcinj.com"],"url":"https:\/\/www.visit-ulcinj.com\/blog\/author\/admin\/"}]}},"jetpack_featured_media_url":"","jetpack_sharing_enabled":true,"jetpack_shortlink":"https:\/\/wp.me\/pe6lTn-4Ez","_links":{"self":[{"href":"https:\/\/www.visit-ulcinj.com\/blog\/wp-json\/wp\/v2\/posts\/17891"}],"collection":[{"href":"https:\/\/www.visit-ulcinj.com\/blog\/wp-json\/wp\/v2\/posts"}],"about":[{"href":"https:\/\/www.visit-ulcinj.com\/blog\/wp-json\/wp\/v2\/types\/post"}],"author":[{"embeddable":true,"href":"https:\/\/www.visit-ulcinj.com\/blog\/wp-json\/wp\/v2\/users\/1"}],"replies":[{"embeddable":true,"href":"https:\/\/www.visit-ulcinj.com\/blog\/wp-json\/wp\/v2\/comments?post=17891"}],"version-history":[{"count":0,"href":"https:\/\/www.visit-ulcinj.com\/blog\/wp-json\/wp\/v2\/posts\/17891\/revisions"}],"wp:attachment":[{"href":"https:\/\/www.visit-ulcinj.com\/blog\/wp-json\/wp\/v2\/media?parent=17891"}],"wp:term":[{"taxonomy":"category","embeddable":true,"href":"https:\/\/www.visit-ulcinj.com\/blog\/wp-json\/wp\/v2\/categories?post=17891"},{"taxonomy":"post_tag","embeddable":true,"href":"https:\/\/www.visit-ulcinj.com\/blog\/wp-json\/wp\/v2\/tags?post=17891"}],"curies":[{"name":"wp","href":"https:\/\/api.w.org\/{rel}","templated":true}]}}