{"id":17907,"date":"2009-04-14T16:59:21","date_gmt":"2009-04-14T14:59:21","guid":{"rendered":"http:\/\/www.visit-ulcinj.com\/blog\/?p=17907"},"modified":"2009-04-14T16:59:21","modified_gmt":"2009-04-14T14:59:21","slug":"valdanos-krah-crnogorskog-turistickog-cuda","status":"publish","type":"post","link":"https:\/\/www.visit-ulcinj.com\/blog\/2009\/04\/14\/valdanos-krah-crnogorskog-turistickog-cuda\/","title":{"rendered":"Valdanos-Krah crnogorskog turisti?kog ?uda"},"content":{"rendered":"<p><a href=\"http:\/\/www.visit-ulcinj.com\/blog\/wp-content\/uploads\/2009\/04\/krah-crnogorskog-turistickog-cuda-valdanos.jpg\"><img loading=\"lazy\" class=\"alignleft size-full wp-image-17908\" title=\"krah-crnogorskog-turistickog-cuda-valdanos\" src=\"http:\/\/www.visit-ulcinj.com\/blog\/wp-content\/uploads\/2009\/04\/krah-crnogorskog-turistickog-cuda-valdanos.jpg\" alt=\"krah-crnogorskog-turistickog-cuda-valdanos\" width=\"570\" height=\"299\" \/><\/a>Valdanos, koji se ubraja me?u najatraktivnije crnogorske lokacije, ponu?en je u zakup na 30 godina s mogu?no\u0161?u njegovog produ\u017eetka. Rije? je o uvali ?ija je povr\u0161ina kopnenog dijela 3,46 milijuna kvadrata, dok je pla\u017ea duga 342 metra i \u0161iroka 11 metara. U uvali se nalazi vojno odmarali\u0161te koje nije u funkciji, a povr\u0161ina objekata je 8.700 kvadratnih metara<br \/>\nPosljedice globalne krize osje?aju se i u Crnoj Gori, a to se najbolje vidi u smanjenom interesu za kupovinu atraktivnih turisti?kih lokacija. Kao najsvje\u017eiji primjer crnogorski nezavisni dnevnik Vijesti navodi tender za dugoro?ni zakup kompleksa Valdanos kod Ulcinja, a koji se zatvara za manje od sedam dana jer ve? vi\u0161e od dva mjeseca nitko nije otkupio tendersku dokumentaciju.<\/p>\n<p>Valdanos, koji se ubraja me?u najatraktivnije crnogorske lokacije, ponu?en je u zakup na 30 godina s mogu?no\u0161?u njegovog produ\u017eetka. Rije? je o uvali ?ija je povr\u0161ina kopnenog dijela 3,46 milijuna kvadrata, dok je pla\u017ea duga 342 metra i \u0161iroka 11 metara. U uvali se nalazi vojno odmarali\u0161te koje nije u funkciji, a povr\u0161ina objekata je 8.700 kvadratnih metara.<\/p>\n<p>Interes za Valdanos svojedobno je pokazala bankarska obitelj Rothschild iz Velike Britanije. Osim njih, zanimanje za uvalu tijekom tendera za izra\u017eavanje interesa za zakup Valdanosa i Otoka cvije?a kod Tivta pokazalo je i 16 kompanija iz Njema?ke, Amerike, Austrije, Ma?arske, Rusije, Francuske i Italije. Zanimanje su tako?er pokazali i me?unarodni konzorciji &#8211; Kirkwood Capital Investment LTD, Vegrad d.oo, Accor Group-Hrvatska, Francuska, USA, Slovenija i konzorcijum kompanija Rostok i GAA MartaConsulting-Rusija i Dubai, kao i crnogorska kompanija \u2013 Imobilia iz Budve.<\/p>\n<p>Obitelj Rothschild uklju?ena je crnogorski projekt Porto Montenegro u Tivtu, zajedno sa Piterom Mankom, Olegom Deripaksom i drugim investitorima, ali se zbog krize sporo odvija i realizacija tog posla. S problemima se suo?avaju i druge sli?ne lokacije u Crnoj Gori, a postoji i niz velikih lokacija za koje jo\u0161 nije ni raspisan tender zbog usporene pripreme, kompliciranih projekata i slabog zanimanja investitora zbog krize, iako se godinama pri?a o njihovom razvoju. Za svaku od crnogorskih lokacija plan je bio da se izgrade turisti?ka naselja koja ?e voditi najpoznatiji hotelski brendovi u svijetu, ali su se stvari zakomplicirale zbog globalne krize.<\/p>\n<p>Kako pi\u0161e nezavisni dnevnik Vijesti, za ulcinjsku Veliku pla\u017eu i Adu nade se pola\u017eu u vladarsku obitelj Abu Dabija \u2013 Al Nahijan, ?ija je delegacija vi\u0161e puta boravila u Crnoj Gori i predstavila idejna rje\u0161enja za projekt.<\/p>\n<p>Me?utim, i arapske zemlje su smanjile ulaganja zbog globalne krize pa je neizvjesno prognozirati kolike su \u0161anse da se stvarno prijave za ulcinjske lokacije. Prema neslu\u017ebenim informacijama, Arapi su u trenutno u pripremi idejnih rje\u0161enja, anga\u017eiranju stru?njaka i sli?no, a ve? su ulo\u017eili desetak milijuna eura.<\/p>\n<p><strong>Izvor \/ Nacional hr.<\/strong><\/p>\n","protected":false},"excerpt":{"rendered":"<p>Valdanos, koji se ubraja me?u najatraktivnije crnogorske lokacije, ponu?en je u zakup na 30 godina s mogu?no\u0161?u njegovog produ\u017eetka. Rije? je o uvali ?ija je povr\u0161ina kopnenog dijela 3,46 milijuna kvadrata, dok je pla\u017ea duga 342 metra i \u0161iroka 11 metara. U uvali se nalazi vojno odmarali\u0161te koje nije u funkciji, a povr\u0161ina objekata je [&hellip;]<\/p>\n","protected":false},"author":1,"featured_media":0,"comment_status":"open","ping_status":"closed","sticky":false,"template":"","format":"standard","meta":{"spay_email":"","jetpack_publicize_message":"","jetpack_is_tweetstorm":false,"jetpack_publicize_feature_enabled":true},"categories":[8337],"tags":[9151,5932,2867,9152,9148,9154,9149,9147,414,9157,9160,9155,2871,9153,9146,9158,479,9145,9150,9159,9156],"jetpack_publicize_connections":[],"yoast_head":"<!-- This site is optimized with the Yoast SEO plugin v19.1 - https:\/\/yoast.com\/wordpress\/plugins\/seo\/ -->\n<title>Valdanos-Krah crnogorskog turisti?kog ?uda - Lajme nga Ulqini<\/title>\n<meta name=\"description\" content=\"Valdanos, koji se ubraja me?u najatraktivnije crnogorske lokacije, ponu?en je u zakup na 30 godina s mogu?no\u0161?u njegovog produ\u017eetka. Rije? je o uvali ?ija\" \/>\n<meta name=\"robots\" content=\"index, follow, max-snippet:-1, max-image-preview:large, max-video-preview:-1\" \/>\n<link rel=\"canonical\" href=\"https:\/\/www.visit-ulcinj.com\/blog\/2009\/04\/14\/valdanos-krah-crnogorskog-turistickog-cuda\/\" \/>\n<meta property=\"og:locale\" content=\"en_US\" \/>\n<meta property=\"og:type\" content=\"article\" \/>\n<meta property=\"og:title\" content=\"Valdanos-Krah crnogorskog turisti?kog ?uda - Lajme nga Ulqini\" \/>\n<meta property=\"og:description\" content=\"Valdanos, koji se ubraja me?u najatraktivnije crnogorske lokacije, ponu?en je u zakup na 30 godina s mogu?no\u0161?u njegovog produ\u017eetka. Rije? je o uvali ?ija\" \/>\n<meta property=\"og:url\" content=\"https:\/\/www.visit-ulcinj.com\/blog\/2009\/04\/14\/valdanos-krah-crnogorskog-turistickog-cuda\/\" \/>\n<meta property=\"og:site_name\" content=\"Lajme nga Ulqini\" \/>\n<meta property=\"article:published_time\" content=\"2009-04-14T14:59:21+00:00\" \/>\n<meta property=\"og:image\" content=\"http:\/\/www.visit-ulcinj.com\/blog\/wp-content\/uploads\/2009\/04\/krah-crnogorskog-turistickog-cuda-valdanos.jpg\" \/>\n<meta name=\"twitter:label1\" content=\"Written by\" \/>\n\t<meta name=\"twitter:data1\" content=\"ulqini\" \/>\n\t<meta name=\"twitter:label2\" content=\"Est. reading time\" \/>\n\t<meta name=\"twitter:data2\" content=\"2 minutes\" \/>\n<script type=\"application\/ld+json\" class=\"yoast-schema-graph\">{\"@context\":\"https:\/\/schema.org\",\"@graph\":[{\"@type\":\"WebSite\",\"@id\":\"https:\/\/www.visit-ulcinj.com\/blog\/#website\",\"url\":\"https:\/\/www.visit-ulcinj.com\/blog\/\",\"name\":\"Lajme nga Ulqini\",\"description\":\"Lajme,Vijesti,Ulqini,Ulqin,Crna Gora,Mali i Zi\",\"potentialAction\":[{\"@type\":\"SearchAction\",\"target\":{\"@type\":\"EntryPoint\",\"urlTemplate\":\"https:\/\/www.visit-ulcinj.com\/blog\/?s={search_term_string}\"},\"query-input\":\"required name=search_term_string\"}],\"inLanguage\":\"en-US\"},{\"@type\":\"ImageObject\",\"inLanguage\":\"en-US\",\"@id\":\"https:\/\/www.visit-ulcinj.com\/blog\/2009\/04\/14\/valdanos-krah-crnogorskog-turistickog-cuda\/#primaryimage\",\"url\":\"http:\/\/www.visit-ulcinj.com\/blog\/wp-content\/uploads\/2009\/04\/krah-crnogorskog-turistickog-cuda-valdanos.jpg\",\"contentUrl\":\"http:\/\/www.visit-ulcinj.com\/blog\/wp-content\/uploads\/2009\/04\/krah-crnogorskog-turistickog-cuda-valdanos.jpg\"},{\"@type\":\"WebPage\",\"@id\":\"https:\/\/www.visit-ulcinj.com\/blog\/2009\/04\/14\/valdanos-krah-crnogorskog-turistickog-cuda\/#webpage\",\"url\":\"https:\/\/www.visit-ulcinj.com\/blog\/2009\/04\/14\/valdanos-krah-crnogorskog-turistickog-cuda\/\",\"name\":\"Valdanos-Krah crnogorskog turisti?kog ?uda - Lajme nga Ulqini\",\"isPartOf\":{\"@id\":\"https:\/\/www.visit-ulcinj.com\/blog\/#website\"},\"primaryImageOfPage\":{\"@id\":\"https:\/\/www.visit-ulcinj.com\/blog\/2009\/04\/14\/valdanos-krah-crnogorskog-turistickog-cuda\/#primaryimage\"},\"datePublished\":\"2009-04-14T14:59:21+00:00\",\"dateModified\":\"2009-04-14T14:59:21+00:00\",\"author\":{\"@id\":\"https:\/\/www.visit-ulcinj.com\/blog\/#\/schema\/person\/dcab619c614d3038751c63bc2aadc06d\"},\"description\":\"Valdanos, koji se ubraja me?u najatraktivnije crnogorske lokacije, ponu?en je u zakup na 30 godina s mogu?no\u0161?u njegovog produ\u017eetka. Rije? je o uvali ?ija\",\"breadcrumb\":{\"@id\":\"https:\/\/www.visit-ulcinj.com\/blog\/2009\/04\/14\/valdanos-krah-crnogorskog-turistickog-cuda\/#breadcrumb\"},\"inLanguage\":\"en-US\",\"potentialAction\":[{\"@type\":\"ReadAction\",\"target\":[\"https:\/\/www.visit-ulcinj.com\/blog\/2009\/04\/14\/valdanos-krah-crnogorskog-turistickog-cuda\/\"]}]},{\"@type\":\"BreadcrumbList\",\"@id\":\"https:\/\/www.visit-ulcinj.com\/blog\/2009\/04\/14\/valdanos-krah-crnogorskog-turistickog-cuda\/#breadcrumb\",\"itemListElement\":[{\"@type\":\"ListItem\",\"position\":1,\"name\":\"Valdanos-Krah crnogorskog turisti?kog ?uda\"}]},{\"@type\":\"Person\",\"@id\":\"https:\/\/www.visit-ulcinj.com\/blog\/#\/schema\/person\/dcab619c614d3038751c63bc2aadc06d\",\"name\":\"ulqini\",\"sameAs\":[\"http:\/\/www.visit-ulcinj.com\"],\"url\":\"https:\/\/www.visit-ulcinj.com\/blog\/author\/admin\/\"}]}<\/script>\n<!-- \/ Yoast SEO plugin. -->","yoast_head_json":{"title":"Valdanos-Krah crnogorskog turisti?kog ?uda - Lajme nga Ulqini","description":"Valdanos, koji se ubraja me?u najatraktivnije crnogorske lokacije, ponu?en je u zakup na 30 godina s mogu?no\u0161?u njegovog produ\u017eetka. Rije? je o uvali ?ija","robots":{"index":"index","follow":"follow","max-snippet":"max-snippet:-1","max-image-preview":"max-image-preview:large","max-video-preview":"max-video-preview:-1"},"canonical":"https:\/\/www.visit-ulcinj.com\/blog\/2009\/04\/14\/valdanos-krah-crnogorskog-turistickog-cuda\/","og_locale":"en_US","og_type":"article","og_title":"Valdanos-Krah crnogorskog turisti?kog ?uda - Lajme nga Ulqini","og_description":"Valdanos, koji se ubraja me?u najatraktivnije crnogorske lokacije, ponu?en je u zakup na 30 godina s mogu?no\u0161?u njegovog produ\u017eetka. Rije? je o uvali ?ija","og_url":"https:\/\/www.visit-ulcinj.com\/blog\/2009\/04\/14\/valdanos-krah-crnogorskog-turistickog-cuda\/","og_site_name":"Lajme nga Ulqini","article_published_time":"2009-04-14T14:59:21+00:00","og_image":[{"url":"http:\/\/www.visit-ulcinj.com\/blog\/wp-content\/uploads\/2009\/04\/krah-crnogorskog-turistickog-cuda-valdanos.jpg"}],"twitter_misc":{"Written by":"ulqini","Est. reading time":"2 minutes"},"schema":{"@context":"https:\/\/schema.org","@graph":[{"@type":"WebSite","@id":"https:\/\/www.visit-ulcinj.com\/blog\/#website","url":"https:\/\/www.visit-ulcinj.com\/blog\/","name":"Lajme nga Ulqini","description":"Lajme,Vijesti,Ulqini,Ulqin,Crna Gora,Mali i Zi","potentialAction":[{"@type":"SearchAction","target":{"@type":"EntryPoint","urlTemplate":"https:\/\/www.visit-ulcinj.com\/blog\/?s={search_term_string}"},"query-input":"required name=search_term_string"}],"inLanguage":"en-US"},{"@type":"ImageObject","inLanguage":"en-US","@id":"https:\/\/www.visit-ulcinj.com\/blog\/2009\/04\/14\/valdanos-krah-crnogorskog-turistickog-cuda\/#primaryimage","url":"http:\/\/www.visit-ulcinj.com\/blog\/wp-content\/uploads\/2009\/04\/krah-crnogorskog-turistickog-cuda-valdanos.jpg","contentUrl":"http:\/\/www.visit-ulcinj.com\/blog\/wp-content\/uploads\/2009\/04\/krah-crnogorskog-turistickog-cuda-valdanos.jpg"},{"@type":"WebPage","@id":"https:\/\/www.visit-ulcinj.com\/blog\/2009\/04\/14\/valdanos-krah-crnogorskog-turistickog-cuda\/#webpage","url":"https:\/\/www.visit-ulcinj.com\/blog\/2009\/04\/14\/valdanos-krah-crnogorskog-turistickog-cuda\/","name":"Valdanos-Krah crnogorskog turisti?kog ?uda - Lajme nga Ulqini","isPartOf":{"@id":"https:\/\/www.visit-ulcinj.com\/blog\/#website"},"primaryImageOfPage":{"@id":"https:\/\/www.visit-ulcinj.com\/blog\/2009\/04\/14\/valdanos-krah-crnogorskog-turistickog-cuda\/#primaryimage"},"datePublished":"2009-04-14T14:59:21+00:00","dateModified":"2009-04-14T14:59:21+00:00","author":{"@id":"https:\/\/www.visit-ulcinj.com\/blog\/#\/schema\/person\/dcab619c614d3038751c63bc2aadc06d"},"description":"Valdanos, koji se ubraja me?u najatraktivnije crnogorske lokacije, ponu?en je u zakup na 30 godina s mogu?no\u0161?u njegovog produ\u017eetka. Rije? je o uvali ?ija","breadcrumb":{"@id":"https:\/\/www.visit-ulcinj.com\/blog\/2009\/04\/14\/valdanos-krah-crnogorskog-turistickog-cuda\/#breadcrumb"},"inLanguage":"en-US","potentialAction":[{"@type":"ReadAction","target":["https:\/\/www.visit-ulcinj.com\/blog\/2009\/04\/14\/valdanos-krah-crnogorskog-turistickog-cuda\/"]}]},{"@type":"BreadcrumbList","@id":"https:\/\/www.visit-ulcinj.com\/blog\/2009\/04\/14\/valdanos-krah-crnogorskog-turistickog-cuda\/#breadcrumb","itemListElement":[{"@type":"ListItem","position":1,"name":"Valdanos-Krah crnogorskog turisti?kog ?uda"}]},{"@type":"Person","@id":"https:\/\/www.visit-ulcinj.com\/blog\/#\/schema\/person\/dcab619c614d3038751c63bc2aadc06d","name":"ulqini","sameAs":["http:\/\/www.visit-ulcinj.com"],"url":"https:\/\/www.visit-ulcinj.com\/blog\/author\/admin\/"}]}},"jetpack_featured_media_url":"","jetpack_sharing_enabled":true,"jetpack_shortlink":"https:\/\/wp.me\/pe6lTn-4EP","_links":{"self":[{"href":"https:\/\/www.visit-ulcinj.com\/blog\/wp-json\/wp\/v2\/posts\/17907"}],"collection":[{"href":"https:\/\/www.visit-ulcinj.com\/blog\/wp-json\/wp\/v2\/posts"}],"about":[{"href":"https:\/\/www.visit-ulcinj.com\/blog\/wp-json\/wp\/v2\/types\/post"}],"author":[{"embeddable":true,"href":"https:\/\/www.visit-ulcinj.com\/blog\/wp-json\/wp\/v2\/users\/1"}],"replies":[{"embeddable":true,"href":"https:\/\/www.visit-ulcinj.com\/blog\/wp-json\/wp\/v2\/comments?post=17907"}],"version-history":[{"count":0,"href":"https:\/\/www.visit-ulcinj.com\/blog\/wp-json\/wp\/v2\/posts\/17907\/revisions"}],"wp:attachment":[{"href":"https:\/\/www.visit-ulcinj.com\/blog\/wp-json\/wp\/v2\/media?parent=17907"}],"wp:term":[{"taxonomy":"category","embeddable":true,"href":"https:\/\/www.visit-ulcinj.com\/blog\/wp-json\/wp\/v2\/categories?post=17907"},{"taxonomy":"post_tag","embeddable":true,"href":"https:\/\/www.visit-ulcinj.com\/blog\/wp-json\/wp\/v2\/tags?post=17907"}],"curies":[{"name":"wp","href":"https:\/\/api.w.org\/{rel}","templated":true}]}}