{"id":17911,"date":"2009-04-14T17:26:53","date_gmt":"2009-04-14T15:26:53","guid":{"rendered":"http:\/\/www.visit-ulcinj.com\/blog\/?p=17911"},"modified":"2009-04-14T17:26:53","modified_gmt":"2009-04-14T15:26:53","slug":"ulqini-ne-tender","status":"publish","type":"post","link":"https:\/\/www.visit-ulcinj.com\/blog\/2009\/04\/14\/ulqini-ne-tender\/","title":{"rendered":"Ulqini n\u00eb tender!"},"content":{"rendered":"<p><a href=\"http:\/\/www.visit-ulcinj.com\/blog\/wp-content\/uploads\/2009\/04\/tenderi-i-ulqinit-si-i-dubajit.jpg\"><img loading=\"lazy\" class=\"alignleft size-full wp-image-17912\" title=\"tenderi-i-ulqinit-si-i-dubajit\" src=\"http:\/\/www.visit-ulcinj.com\/blog\/wp-content\/uploads\/2009\/04\/tenderi-i-ulqinit-si-i-dubajit.jpg\" alt=\"tenderi-i-ulqinit-si-i-dubajit\" width=\"570\" height=\"400\" \/><\/a>Ajo q\u00eb ndoshta \u00ebsht\u00eb m\u00eb e keqja, n\u00eb qoft\u00eb se nj\u00eb gj\u00eb e till\u00eb v\u00ebrtet\u00eb realizohet, \u00ebsht\u00eb q\u00eb Ulqinak\u00ebt dhe klient\u00ebt e tyre praktikisht nuk do t\u00eb ken\u00eb ku t\u00eb lahen!? Sepse, nga 100 mij\u00eb turist\u00eb t\u00eb cil\u00ebt pushojn\u00eb k\u00ebtu gjat\u00eb stin\u00ebs, gjysma e tyre q\u00ebndrojn\u00eb n\u00eb Plazhin e Madh.<br \/>\nA na duhet neve gjith\u00eb kjo, a do t\u00eb ndryshoj\u00eb struktura etnike e qytetit, sa do t\u00eb vlej\u00eb at\u00ebher\u00eb sht\u00ebpia n\u00eb Shtoj, a do t\u00eb flejn\u00eb n\u00eb to vet\u00ebm mij\u00ebra pun\u00ebtor\u00eb q\u00eb do t\u00eb punojn\u00eb n\u00eb t\u00eb ashtuquajturin \u201cDubai europian\u201d, kujt do t\u2019ia rentojn\u00eb dhomat e veta qiradh\u00ebn\u00ebsit privat\u00eb, kush do ta nd\u00ebrtoj\u00eb infrastruktur\u00ebn e re n\u00eb k\u00ebt\u00eb komun\u00eb, k\u00ebto jan\u00eb vet\u00ebm disa nga pyetjet q\u00eb parashtrohen aktualisht. Dhe t\u00eb cilat mbesin pa p\u00ebrgjigje.<br \/>\nPas shpalljes s\u00eb tenderit p\u00ebr valorizimin e Valdanosit, i cili d\u00ebshtoi, e pastaj u vazhdua s\u00eb pari m\u00eb 6 prill e pastaj edhe m\u00eb 15 prill, Qeveria malazeze, nj\u00eb dit\u00eb para zgjedhjeve, vendosi q\u00eb n\u00eb tender t\u00eb nxirren edhe Plazhi i Madh dhe Ada. Praktikisht, i t\u00ebr\u00eb Ulqini.<br \/>\nN\u00eb Qeveri tashm\u00eb kan\u00eb llogaritur \u00e7do gj\u00eb: vet\u00ebm brenda tri viteve t\u00eb para pas lidhjes s\u00eb kontrat\u00ebs s\u00eb qiradh\u00ebnies, investitorit do t\u2019i duhet q\u00eb n\u00eb Plazhin e Madh t\u00eb realizoj\u00eb programin e investimeve prej t\u00eb pakt\u00ebn nj\u00eb miliard euro. \u201cInvestimet e m\u00ebvonshme duhet t\u00eb kapin shum\u00ebn prej t\u00eb pakt\u00ebn tre miliard\u00eb euro\u201d, pohon ministri p\u00ebr Zhvillim Ekonomik Branimir Gvozdenoviq.<br \/>\nPor, edhe ai pranon q\u00eb nga qiradh\u00ebnia vjetore prej m\u00eb se 17 milion\u00eb metra katror\u00eb n\u00eb Plazhin e Madh dhe n\u00eb Ad\u00eb priten mezi dy milion\u00eb euro!? Kur dihet se p\u00ebr qiradh\u00ebnien vjetore t\u00eb Valdanosit dhe Mendr\u00ebs duhet t\u00eb ve\u00e7ohen nj\u00eb gjysm\u00eb milioni euro, at\u00ebher\u00eb mund t\u00eb vihet leht\u00eb n\u00eb p\u00ebrfundim se qiradh\u00ebnia e nj\u00ebzet kilometrave t\u00eb bregdetit t\u00eb Ulqinit p\u00ebr nj\u00eb vit do t\u00eb kap\u00eb shum\u00ebn vet\u00ebm 2.5 milion\u00eb euro!? Kjo sepse, \u00e7mimi i qiradh\u00ebnies s\u00eb nj\u00eb metri katror \u00ebsht\u00eb vet\u00ebm 15 cent\u00eb!? Duhet t\u00eb theksoj se qiramarr\u00ebsi i tri hoteleve n\u00eb Sv. Stefan dhe n\u00eb Millo\u00e7er, kompania \u201cAman rizorts\u201d e Singaporit paguan dy milion\u00eb e nj\u00ebqindmij\u00eb euro n\u00eb vit.<br \/>\nData e shpalljes s\u00eb tenderit d\u00ebshmon se edhe n\u00eb k\u00ebt\u00eb rast ishte fjala p\u00ebr \u201cbiberon\u201d paraelektoral, por edhe p\u00ebr skenarin me pasoja t\u00eb paparashikueshme p\u00ebr Komun\u00ebn e Ulqinit. Mbase, Qeveria vler\u00ebsoi n\u00eb m\u00ebnyr\u00eb t\u00eb drejt\u00eb q\u00eb qytetar\u00ebve t\u00eb Malit t\u00eb Zi, n\u00eb koh\u00ebn kur kriza ekonomike dhe financiare g\u00ebrryen themelet e Malit t\u00eb Zi, gj\u00ebja m\u00eb e r\u00ebnd\u00ebsishme \u00ebsht\u00eb t\u2019u ofrosh shifra dhe projekte t\u00eb m\u00ebdha, q\u00eb do t\u00eb sigurojn\u00eb rritjen ekonomike dhe zhvillimin e \u201cmrekullis\u00eb ekonomike malazeze\u201d t\u00eb gjunj\u00ebzuar.<br \/>\nDhe pati sukses, sepse n\u00eb Plazhin e Madh, si\u00e7 njoftuan krer\u00ebt tan\u00eb, do t\u00eb investohen \u201cedhe deri 15 miliard\u00eb euro\u201d. M\u00eb mir\u00eb s\u2019ka ku shkon, neve vet\u00ebm p\u00ebr nj\u00eb vit na mungon nj\u00eb miliard\u00eb.<br \/>\nTentuan q\u00eb edhe ulqinak\u00ebve t\u2019ua \u201cshesin\u201c p\u00ebrrall\u00ebn se qyteti i tyre do t\u00eb b\u00ebhet Dubai, Rimini, Nica, Kana, Monako, Monte Karlo. Gjith\u00e7ka tjet\u00ebr vet\u00ebm jo Ulqin. Si\u00e7 po shihet, me fare pak sukses.<br \/>\nFaktin q\u00eb n\u00eb Qeveri kan\u00eb nxituar mjaft q\u00eb t\u00eb gjejn\u00eb t\u00eb ashtuquajturin partner strategjik e d\u00ebshmon e dh\u00ebna q\u00eb me tender \u00ebsht\u00eb parashikuar q\u00eb Plazhi i Madh dhe Ada t\u00eb rentohen me qiradh\u00ebnie me afat prej 90 vitesh, q\u00eb \u00ebsht\u00eb afat maksimal i parashikuar me Ligjin mbi koncesionet. Ky akt juridik gjithashtu parashikon q\u00eb p\u00ebr koncesionin deri n\u00eb 30 vite, vendimin e merr Qeveria, kurse mbi k\u00ebt\u00eb afat &#8211; Kuvendi i Malit t\u00eb Zi.<br \/>\nPor, Kuvendin e Malit t\u00eb Zi, por as Kuvendin e Komun\u00ebs s\u00eb Ulqinit, askush nuk i ka pyetur p\u00ebr asgj\u00eb dhe as q\u00eb ka marr\u00eb \u00e7far\u00ebdo vendimi n\u00eb lidhje me k\u00ebt\u00eb. Por, do t\u00eb duhej q\u00eb: menaxhimi i ambientit hap\u00ebsinor t\u00eb ishte n\u00eb kompetenc\u00ebn e parlamentit lokal.<br \/>\nN\u00eb qoft\u00eb se k\u00ebto lokalitete nuk do t\u00eb ndodheshin n\u00ebn ingerenc\u00ebn e tij, do t\u00eb b\u00ebhej e pakuptimt\u00eb \u00e7far\u00ebdo politike dhe mund\u00ebsia e zhvillimit t\u00eb q\u00ebndruesh\u00ebm t\u00eb k\u00ebsaj komune.<br \/>\nP\u00ebrndryshe, nga t\u00eb gjith\u00eb k\u00ebta tender\u00eb t\u00eb shumt\u00eb n\u00eb territorin e saj, Komuna do t\u00eb ket\u00eb fare pak lev\u00ebrdi. Nj\u00eb konkluzion i till\u00eb imponohet vet\u00ebvetiu, kur dihet se investuesi nuk \u00ebsht\u00eb i detyruar t\u00eb paguaj\u00eb tagrat derisa t\u00eb zgjas\u00eb periudha e investimit. Si\u00e7 mundohen t\u00eb na bindin, i t\u00ebr\u00eb projekti i nd\u00ebrtimit t\u00eb t\u00eb pakt\u00ebn 25 mij\u00eb shtret\u00ebrve n\u00eb Plazhin e Madh do t\u00eb realizohet brenda 20 viteve.<br \/>\nAjo q\u00eb ndoshta \u00ebsht\u00eb m\u00eb e keqja, n\u00eb qoft\u00eb se nj\u00eb gj\u00eb e till\u00eb v\u00ebrtet\u00eb realizohet, \u00ebsht\u00eb q\u00eb Ulqinak\u00ebt dhe klient\u00ebt e tyre praktikisht nuk do t\u00eb ken\u00eb ku t\u00eb lahen!? Sepse, nga 100 mij\u00eb turist\u00eb t\u00eb cil\u00ebt pushojn\u00eb k\u00ebtu gjat\u00eb stin\u00ebs, gjysma e tyre q\u00ebndrojn\u00eb n\u00eb Plazhin e Madh.<br \/>\nA na duhet neve gjith\u00eb kjo, a do t\u00eb ndryshoj\u00eb struktura etnike e qytetit, sa do t\u00eb vlej\u00eb at\u00ebher\u00eb sht\u00ebpia n\u00eb Shtoj, a do t\u00eb flejn\u00eb n\u00eb to vet\u00ebm mij\u00ebra pun\u00ebtor\u00eb q\u00eb do t\u00eb punojn\u00eb n\u00eb t\u00eb ashtuquajturin \u201cDubai europian\u201d, kujt do t\u2019ia rentojn\u00eb dhomat e veta qiradh\u00ebn\u00ebsit privat\u00eb, kush do ta nd\u00ebrtoj\u00eb infrastruktur\u00ebn e re n\u00eb k\u00ebt\u00eb komun\u00eb, k\u00ebto jan\u00eb vet\u00ebm disa nga pyetjet q\u00eb parashtrohen aktualisht. Dhe t\u00eb cilat mbesin pa p\u00ebrgjigje.<br \/>\nSido q\u00eb t\u00eb jet\u00eb, radh\u00ebn e ka Kuvendi i Komun\u00ebs s\u00eb Ulqinit. Ai nuk ka t\u00eb drejt\u00eb shfaj\u00ebsimi! Nga veprimi apo mosveprimi i tij do t\u00eb varet ardhm\u00ebria dhe q\u00ebndrueshm\u00ebria e k\u00ebtyre qytetar\u00ebve dhe e k\u00ebtij populli n\u00eb k\u00ebt\u00eb vend, q\u00eb p\u00ebr ne \u00ebsht\u00eb m\u00eb i bukuri n\u00eb bot\u00eb.<br \/>\n<strong><br \/>\nMustafa Canka<br \/>\nKoha Javore<\/strong><\/p>\n<!-- vimeo error: not a vimeo video -->\n","protected":false},"excerpt":{"rendered":"<p>Ajo q\u00eb ndoshta \u00ebsht\u00eb m\u00eb e keqja, n\u00eb qoft\u00eb se nj\u00eb gj\u00eb e till\u00eb v\u00ebrtet\u00eb realizohet, \u00ebsht\u00eb q\u00eb Ulqinak\u00ebt dhe klient\u00ebt e tyre praktikisht nuk do t\u00eb ken\u00eb ku t\u00eb lahen!? Sepse, nga 100 mij\u00eb turist\u00eb t\u00eb cil\u00ebt pushojn\u00eb k\u00ebtu gjat\u00eb stin\u00ebs, gjysma e tyre q\u00ebndrojn\u00eb n\u00eb Plazhin e Madh. A na duhet neve gjith\u00eb [&hellip;]<\/p>\n","protected":false},"author":1,"featured_media":0,"comment_status":"open","ping_status":"closed","sticky":false,"template":"","format":"standard","meta":{"spay_email":"","jetpack_publicize_message":"","jetpack_is_tweetstorm":false,"jetpack_publicize_feature_enabled":true},"categories":[10],"tags":[9164,95,9162,9163,9161],"jetpack_publicize_connections":[],"yoast_head":"<!-- This site is optimized with the Yoast SEO plugin v19.1 - https:\/\/yoast.com\/wordpress\/plugins\/seo\/ -->\n<title>Ulqini n\u00eb tender! - Lajme nga Ulqini<\/title>\n<meta name=\"description\" content=\"Ajo q\u00eb ndoshta \u00ebsht\u00eb m\u00eb e keqja, n\u00eb qoft\u00eb se nj\u00eb gj\u00eb e till\u00eb v\u00ebrtet\u00eb realizohet, \u00ebsht\u00eb q\u00eb Ulqinak\u00ebt dhe klient\u00ebt e tyre praktikisht nuk do t\u00eb ken\u00eb ku t\u00eb\" \/>\n<meta name=\"robots\" content=\"index, follow, max-snippet:-1, max-image-preview:large, max-video-preview:-1\" \/>\n<link rel=\"canonical\" href=\"https:\/\/www.visit-ulcinj.com\/blog\/2009\/04\/14\/ulqini-ne-tender\/\" \/>\n<meta property=\"og:locale\" content=\"en_US\" \/>\n<meta property=\"og:type\" content=\"article\" \/>\n<meta property=\"og:title\" content=\"Ulqini n\u00eb tender! - Lajme nga Ulqini\" \/>\n<meta property=\"og:description\" content=\"Ajo q\u00eb ndoshta \u00ebsht\u00eb m\u00eb e keqja, n\u00eb qoft\u00eb se nj\u00eb gj\u00eb e till\u00eb v\u00ebrtet\u00eb realizohet, \u00ebsht\u00eb q\u00eb Ulqinak\u00ebt dhe klient\u00ebt e tyre praktikisht nuk do t\u00eb ken\u00eb ku t\u00eb\" \/>\n<meta property=\"og:url\" content=\"https:\/\/www.visit-ulcinj.com\/blog\/2009\/04\/14\/ulqini-ne-tender\/\" \/>\n<meta property=\"og:site_name\" content=\"Lajme nga Ulqini\" \/>\n<meta property=\"article:published_time\" content=\"2009-04-14T15:26:53+00:00\" \/>\n<meta property=\"og:image\" content=\"http:\/\/www.visit-ulcinj.com\/blog\/wp-content\/uploads\/2009\/04\/tenderi-i-ulqinit-si-i-dubajit.jpg\" \/>\n<meta name=\"twitter:label1\" content=\"Written by\" \/>\n\t<meta name=\"twitter:data1\" content=\"ulqini\" \/>\n\t<meta name=\"twitter:label2\" content=\"Est. reading time\" \/>\n\t<meta name=\"twitter:data2\" content=\"5 minutes\" \/>\n<script type=\"application\/ld+json\" class=\"yoast-schema-graph\">{\"@context\":\"https:\/\/schema.org\",\"@graph\":[{\"@type\":\"WebSite\",\"@id\":\"https:\/\/www.visit-ulcinj.com\/blog\/#website\",\"url\":\"https:\/\/www.visit-ulcinj.com\/blog\/\",\"name\":\"Lajme nga Ulqini\",\"description\":\"Lajme,Vijesti,Ulqini,Ulqin,Crna Gora,Mali i Zi\",\"potentialAction\":[{\"@type\":\"SearchAction\",\"target\":{\"@type\":\"EntryPoint\",\"urlTemplate\":\"https:\/\/www.visit-ulcinj.com\/blog\/?s={search_term_string}\"},\"query-input\":\"required name=search_term_string\"}],\"inLanguage\":\"en-US\"},{\"@type\":\"ImageObject\",\"inLanguage\":\"en-US\",\"@id\":\"https:\/\/www.visit-ulcinj.com\/blog\/2009\/04\/14\/ulqini-ne-tender\/#primaryimage\",\"url\":\"http:\/\/www.visit-ulcinj.com\/blog\/wp-content\/uploads\/2009\/04\/tenderi-i-ulqinit-si-i-dubajit.jpg\",\"contentUrl\":\"http:\/\/www.visit-ulcinj.com\/blog\/wp-content\/uploads\/2009\/04\/tenderi-i-ulqinit-si-i-dubajit.jpg\"},{\"@type\":\"WebPage\",\"@id\":\"https:\/\/www.visit-ulcinj.com\/blog\/2009\/04\/14\/ulqini-ne-tender\/#webpage\",\"url\":\"https:\/\/www.visit-ulcinj.com\/blog\/2009\/04\/14\/ulqini-ne-tender\/\",\"name\":\"Ulqini n\u00eb tender! - Lajme nga Ulqini\",\"isPartOf\":{\"@id\":\"https:\/\/www.visit-ulcinj.com\/blog\/#website\"},\"primaryImageOfPage\":{\"@id\":\"https:\/\/www.visit-ulcinj.com\/blog\/2009\/04\/14\/ulqini-ne-tender\/#primaryimage\"},\"datePublished\":\"2009-04-14T15:26:53+00:00\",\"dateModified\":\"2009-04-14T15:26:53+00:00\",\"author\":{\"@id\":\"https:\/\/www.visit-ulcinj.com\/blog\/#\/schema\/person\/dcab619c614d3038751c63bc2aadc06d\"},\"description\":\"Ajo q\u00eb ndoshta \u00ebsht\u00eb m\u00eb e keqja, n\u00eb qoft\u00eb se nj\u00eb gj\u00eb e till\u00eb v\u00ebrtet\u00eb realizohet, \u00ebsht\u00eb q\u00eb Ulqinak\u00ebt dhe klient\u00ebt e tyre praktikisht nuk do t\u00eb ken\u00eb ku t\u00eb\",\"breadcrumb\":{\"@id\":\"https:\/\/www.visit-ulcinj.com\/blog\/2009\/04\/14\/ulqini-ne-tender\/#breadcrumb\"},\"inLanguage\":\"en-US\",\"potentialAction\":[{\"@type\":\"ReadAction\",\"target\":[\"https:\/\/www.visit-ulcinj.com\/blog\/2009\/04\/14\/ulqini-ne-tender\/\"]}]},{\"@type\":\"BreadcrumbList\",\"@id\":\"https:\/\/www.visit-ulcinj.com\/blog\/2009\/04\/14\/ulqini-ne-tender\/#breadcrumb\",\"itemListElement\":[{\"@type\":\"ListItem\",\"position\":1,\"name\":\"Ulqini n\u00eb tender!\"}]},{\"@type\":\"Person\",\"@id\":\"https:\/\/www.visit-ulcinj.com\/blog\/#\/schema\/person\/dcab619c614d3038751c63bc2aadc06d\",\"name\":\"ulqini\",\"sameAs\":[\"http:\/\/www.visit-ulcinj.com\"],\"url\":\"https:\/\/www.visit-ulcinj.com\/blog\/author\/admin\/\"}]}<\/script>\n<!-- \/ Yoast SEO plugin. -->","yoast_head_json":{"title":"Ulqini n\u00eb tender! - Lajme nga Ulqini","description":"Ajo q\u00eb ndoshta \u00ebsht\u00eb m\u00eb e keqja, n\u00eb qoft\u00eb se nj\u00eb gj\u00eb e till\u00eb v\u00ebrtet\u00eb realizohet, \u00ebsht\u00eb q\u00eb Ulqinak\u00ebt dhe klient\u00ebt e tyre praktikisht nuk do t\u00eb ken\u00eb ku t\u00eb","robots":{"index":"index","follow":"follow","max-snippet":"max-snippet:-1","max-image-preview":"max-image-preview:large","max-video-preview":"max-video-preview:-1"},"canonical":"https:\/\/www.visit-ulcinj.com\/blog\/2009\/04\/14\/ulqini-ne-tender\/","og_locale":"en_US","og_type":"article","og_title":"Ulqini n\u00eb tender! - Lajme nga Ulqini","og_description":"Ajo q\u00eb ndoshta \u00ebsht\u00eb m\u00eb e keqja, n\u00eb qoft\u00eb se nj\u00eb gj\u00eb e till\u00eb v\u00ebrtet\u00eb realizohet, \u00ebsht\u00eb q\u00eb Ulqinak\u00ebt dhe klient\u00ebt e tyre praktikisht nuk do t\u00eb ken\u00eb ku t\u00eb","og_url":"https:\/\/www.visit-ulcinj.com\/blog\/2009\/04\/14\/ulqini-ne-tender\/","og_site_name":"Lajme nga Ulqini","article_published_time":"2009-04-14T15:26:53+00:00","og_image":[{"url":"http:\/\/www.visit-ulcinj.com\/blog\/wp-content\/uploads\/2009\/04\/tenderi-i-ulqinit-si-i-dubajit.jpg"}],"twitter_misc":{"Written by":"ulqini","Est. reading time":"5 minutes"},"schema":{"@context":"https:\/\/schema.org","@graph":[{"@type":"WebSite","@id":"https:\/\/www.visit-ulcinj.com\/blog\/#website","url":"https:\/\/www.visit-ulcinj.com\/blog\/","name":"Lajme nga Ulqini","description":"Lajme,Vijesti,Ulqini,Ulqin,Crna Gora,Mali i Zi","potentialAction":[{"@type":"SearchAction","target":{"@type":"EntryPoint","urlTemplate":"https:\/\/www.visit-ulcinj.com\/blog\/?s={search_term_string}"},"query-input":"required name=search_term_string"}],"inLanguage":"en-US"},{"@type":"ImageObject","inLanguage":"en-US","@id":"https:\/\/www.visit-ulcinj.com\/blog\/2009\/04\/14\/ulqini-ne-tender\/#primaryimage","url":"http:\/\/www.visit-ulcinj.com\/blog\/wp-content\/uploads\/2009\/04\/tenderi-i-ulqinit-si-i-dubajit.jpg","contentUrl":"http:\/\/www.visit-ulcinj.com\/blog\/wp-content\/uploads\/2009\/04\/tenderi-i-ulqinit-si-i-dubajit.jpg"},{"@type":"WebPage","@id":"https:\/\/www.visit-ulcinj.com\/blog\/2009\/04\/14\/ulqini-ne-tender\/#webpage","url":"https:\/\/www.visit-ulcinj.com\/blog\/2009\/04\/14\/ulqini-ne-tender\/","name":"Ulqini n\u00eb tender! - Lajme nga Ulqini","isPartOf":{"@id":"https:\/\/www.visit-ulcinj.com\/blog\/#website"},"primaryImageOfPage":{"@id":"https:\/\/www.visit-ulcinj.com\/blog\/2009\/04\/14\/ulqini-ne-tender\/#primaryimage"},"datePublished":"2009-04-14T15:26:53+00:00","dateModified":"2009-04-14T15:26:53+00:00","author":{"@id":"https:\/\/www.visit-ulcinj.com\/blog\/#\/schema\/person\/dcab619c614d3038751c63bc2aadc06d"},"description":"Ajo q\u00eb ndoshta \u00ebsht\u00eb m\u00eb e keqja, n\u00eb qoft\u00eb se nj\u00eb gj\u00eb e till\u00eb v\u00ebrtet\u00eb realizohet, \u00ebsht\u00eb q\u00eb Ulqinak\u00ebt dhe klient\u00ebt e tyre praktikisht nuk do t\u00eb ken\u00eb ku t\u00eb","breadcrumb":{"@id":"https:\/\/www.visit-ulcinj.com\/blog\/2009\/04\/14\/ulqini-ne-tender\/#breadcrumb"},"inLanguage":"en-US","potentialAction":[{"@type":"ReadAction","target":["https:\/\/www.visit-ulcinj.com\/blog\/2009\/04\/14\/ulqini-ne-tender\/"]}]},{"@type":"BreadcrumbList","@id":"https:\/\/www.visit-ulcinj.com\/blog\/2009\/04\/14\/ulqini-ne-tender\/#breadcrumb","itemListElement":[{"@type":"ListItem","position":1,"name":"Ulqini n\u00eb tender!"}]},{"@type":"Person","@id":"https:\/\/www.visit-ulcinj.com\/blog\/#\/schema\/person\/dcab619c614d3038751c63bc2aadc06d","name":"ulqini","sameAs":["http:\/\/www.visit-ulcinj.com"],"url":"https:\/\/www.visit-ulcinj.com\/blog\/author\/admin\/"}]}},"jetpack_featured_media_url":"","jetpack_sharing_enabled":true,"jetpack_shortlink":"https:\/\/wp.me\/pe6lTn-4ET","_links":{"self":[{"href":"https:\/\/www.visit-ulcinj.com\/blog\/wp-json\/wp\/v2\/posts\/17911"}],"collection":[{"href":"https:\/\/www.visit-ulcinj.com\/blog\/wp-json\/wp\/v2\/posts"}],"about":[{"href":"https:\/\/www.visit-ulcinj.com\/blog\/wp-json\/wp\/v2\/types\/post"}],"author":[{"embeddable":true,"href":"https:\/\/www.visit-ulcinj.com\/blog\/wp-json\/wp\/v2\/users\/1"}],"replies":[{"embeddable":true,"href":"https:\/\/www.visit-ulcinj.com\/blog\/wp-json\/wp\/v2\/comments?post=17911"}],"version-history":[{"count":0,"href":"https:\/\/www.visit-ulcinj.com\/blog\/wp-json\/wp\/v2\/posts\/17911\/revisions"}],"wp:attachment":[{"href":"https:\/\/www.visit-ulcinj.com\/blog\/wp-json\/wp\/v2\/media?parent=17911"}],"wp:term":[{"taxonomy":"category","embeddable":true,"href":"https:\/\/www.visit-ulcinj.com\/blog\/wp-json\/wp\/v2\/categories?post=17911"},{"taxonomy":"post_tag","embeddable":true,"href":"https:\/\/www.visit-ulcinj.com\/blog\/wp-json\/wp\/v2\/tags?post=17911"}],"curies":[{"name":"wp","href":"https:\/\/api.w.org\/{rel}","templated":true}]}}