{"id":17916,"date":"2009-04-14T17:43:23","date_gmt":"2009-04-14T15:43:23","guid":{"rendered":"http:\/\/www.visit-ulcinj.com\/blog\/?p=17916"},"modified":"2009-04-14T18:22:14","modified_gmt":"2009-04-14T16:22:14","slug":"dielli-nuk-mund-te-zihet-me-shoshe","status":"publish","type":"post","link":"https:\/\/www.visit-ulcinj.com\/blog\/2009\/04\/14\/dielli-nuk-mund-te-zihet-me-shoshe\/","title":{"rendered":"Dielli nuk mund t\u00eb zihet me shosh\u00eb"},"content":{"rendered":"<p><a href=\"http:\/\/www.visit-ulcinj.com\/blog\/wp-content\/uploads\/2009\/04\/nikolle-camaj.jpg\"><img loading=\"lazy\" class=\"alignleft size-full wp-image-17917\" title=\"nikolle-camaj\" src=\"http:\/\/www.visit-ulcinj.com\/blog\/wp-content\/uploads\/2009\/04\/nikolle-camaj.jpg\" alt=\"nikolle-camaj\" width=\"367\" height=\"240\" \/><\/a>Disa nga p\u00ebrfaq\u00ebsuesit e Shoqat\u00ebs \u201cAtdheu na bashkon\u201d shkuan aq larg saq\u00eb, p\u00ebrmes nj\u00eb (e)misioni t\u00eb ve\u00e7ant\u00eb propagandistik (edhe dy tekste autoriale n\u00eb numrin e kaluar t\u00eb \u201cKoh\u00ebs javore\u201d, q\u00eb po i anashkalojm\u00eb k\u00ebsaj radhe), publikisht u prononcuan kund\u00ebr List\u00ebs Shqiptare dhe LD-s\u00eb, duke i fyer ata me fjal\u00eb tejet t\u00eb r\u00ebnda (\u201ci turp\u00ebrohem List\u00ebs Shqiptare\u201d, thot\u00eb nj\u00ebri nga personazhet e k\u00ebtij pamfleti politik-elektronik) edhe pse, si Shoqat\u00eb, LAB-i ishte krijuar dhe zotuar p\u00ebr t\u00eb ruajtur neutralitetin ndaj subjekteve politike shqiptare, t\u00eb cil\u00ebn n\u00eb themelim fuqish\u00ebm e kishte p\u00ebrkrahur edhe Lidhja Demokratike dhe udh\u00ebheq\u00ebsia e saj. Emisioni u prodhua n\u00eb \u201cAlbanian culture TV\u201d n\u00eb New York dhe u riemetua disa her\u00eb nga televizionet lokale n\u00eb Ulqin e Tuz n\u00eb termine t\u00eb paguar(?). Nuk mbahet mend q\u00eb dikush, madje as nga rival\u00ebt e drejtp\u00ebrdrejt\u00eb t\u00eb fushat\u00ebs, t\u00eb ket\u00eb shprehur m\u00eb shum\u00eb shpifje, akuza e p\u00ebrbuzje ndaj nj\u00eb liste shqiptare n\u00eb t\u00ebr\u00ebsi, nd\u00ebrkoh\u00eb q\u00eb asnj\u00eb fjal\u00eb nuk u tha p\u00ebr partin\u00eb n\u00eb pushtet, p\u00ebr kolonat asimiliuese me flamujt\u00eb malazez\u00eb e boshnjak\u00eb, e tjera e tjera. Pak si e \u00e7uditshme, por kjo na p\u00ebrkujton vitin 1990, kur n\u00eb adres\u00eb t\u00eb LD-s\u00eb, hipotekat dhe akuzat vinin nga drejtime t\u00eb shumta e q\u00eb kund\u00ebrshtonin subjektivizimin politik t\u00eb shqiptar\u00ebve n\u00eb Mal t\u00eb Zi. Edhe at\u00ebher\u00eb pati shqiptar\u00eb t\u00eb cil\u00ebt ftuan q\u00eb t\u00eb mos votohet Lidhja Demokratike.<\/p>\n<p>Zgjedhjet e marsit 2009 p\u00ebrfunduan. Lista Shqiptare doli me nj\u00eb deputet. Ndon\u00ebse ishim n\u00eb pritje t\u00eb rezultatit m\u00eb t\u00eb mir\u00eb, shantazhet q\u00eb iu b\u00ebn k\u00ebsaj liste, e n\u00eb ve\u00e7anti Lidhjes Demokratike e liderit t\u00eb saj, duke filluar nga partit\u00eb simotra e deri tek disa veprimtar\u00eb nga diaspora jon\u00eb, na b\u00ebjn\u00eb t\u00eb k\u00ebnaqemi edhe me kaq.<\/p>\n<p>N\u00eb vigjilje t\u00eb k\u00ebtyre zgjedhjeve ndodhi nj\u00eb gj\u00eb e papar\u00eb deri m\u00eb sot, qoft\u00eb n\u00eb Shqip\u00ebri, Kosov\u00eb, Mal t\u00eb Zi apo gjetiu ku jetojn\u00eb shqiptar\u00ebt. N\u00eb fushat\u00eb, n\u00eb m\u00ebnyr\u00eb t\u00eb drejtp\u00ebrdrejt\u00eb dhe t\u00eb nj\u00ebanshme, nga diaspora u ky\u00e7 dikush q\u00eb pretendoi t\u00eb flas\u00eb n\u00eb em\u00ebr t\u00eb saj, me q\u00ebllim t\u00eb eliminimit t\u00eb nj\u00eb subjekti politik shqiptar, tashm\u00eb t\u00eb d\u00ebshmuar, Lidhjes Demokratike n\u00eb Mal t\u00eb Zi.<\/p>\n<p>N\u00eb k\u00ebt\u00eb drejtim, disa nga p\u00ebrfaq\u00ebsuesit e Shoqat\u00ebs \u201cAtdheu na bashkon\u201d shkuan aq larg saq\u00eb, p\u00ebrmes nj\u00eb (e)misioni t\u00eb ve\u00e7ant\u00eb propagandistik (edhe dy tekste autoriale n\u00eb numrin e kaluar t\u00eb \u201cKoh\u00ebs javore\u201d, q\u00eb po i anashkalojm\u00eb k\u00ebsaj radhe), publikisht u prononcuan kund\u00ebr List\u00ebs Shqiptare dhe LD-s\u00eb, duke i fyer ata me fjal\u00eb tejet t\u00eb r\u00ebnda (\u201ci turp\u00ebrohem List\u00ebs Shqiptare\u201d, thot\u00eb nj\u00ebri nga personazhet e k\u00ebtij pamfleti politik-elektronik) edhe pse, si Shoqat\u00eb, LAB-i ishte krijuar dhe zotuar p\u00ebr t\u00eb ruajtur neutralitetin ndaj subjekteve politike shqiptare, t\u00eb cil\u00ebn n\u00eb themelim fuqish\u00ebm e kishte p\u00ebrkrahur edhe Lidhja Demokratike dhe udh\u00ebheq\u00ebsia e saj. Emisioni u prodhua n\u00eb \u201cAlbanian culture TV\u201d n\u00eb New York dhe u riemetua disa her\u00eb nga televizionet lokale n\u00eb Ulqin e Tuz n\u00eb termine t\u00eb paguar(?). Nuk mbahet mend q\u00eb dikush, madje as nga rival\u00ebt e drejtp\u00ebrdrejt\u00eb t\u00eb fushat\u00ebs, t\u00eb ket\u00eb shprehur m\u00eb shum\u00eb shpifje, akuza e p\u00ebrbuzje ndaj nj\u00eb liste shqiptare n\u00eb t\u00ebr\u00ebsi, nd\u00ebrkoh\u00eb q\u00eb asnj\u00eb fjal\u00eb nuk u tha p\u00ebr partin\u00eb n\u00eb pushtet, p\u00ebr kolonat asimiliuese me flamujt\u00eb malazez\u00eb e boshnjak\u00eb, e tjera e tjera. Pak si e \u00e7uditshme, por kjo na p\u00ebrkujton vitin 1990, kur n\u00eb adres\u00eb t\u00eb LD-s\u00eb, hipotekat dhe akuzat vinin nga drejtime t\u00eb shumta e q\u00eb kund\u00ebrshtonin subjektivizimin politik t\u00eb shqiptar\u00ebve n\u00eb Mal t\u00eb Zi. Edhe at\u00ebher\u00eb pati shqiptar\u00eb t\u00eb cil\u00ebt ftuan q\u00eb t\u00eb mos votohet Lidhja Demokratike.<\/p>\n<p>Pra, orvatjet p\u00ebr ta d\u00ebmtuar LD-n\u00eb nuk jan\u00eb t\u00eb reja. Ne ato po i p\u00ebrjetojm\u00eb tash 19 vite dhe si\u00e7 shihet, i kap\u00ebrcyem edhe k\u00ebt\u00eb her\u00eb, edhe pse sulmet dhe goditjet ishin tejet t\u00eb ul\u00ebta dhe nga adresa q\u00eb nuk priteshin. Diaspora jon\u00eb ishte \u00e7do her\u00eb n\u00eb p\u00ebrkrahje t\u00eb qenies shqiptare dhe t\u00eb subjektit politik shqiptar, andaj \u00e7udit nj\u00eb q\u00ebndrim i k\u00ebtill\u00eb i individ\u00ebve.<\/p>\n<p>P\u00ebrpos t\u00eb tjerash, zot\u00ebrinjt\u00eb me tituj shkencor\u00eb e me p\u00ebrvoj\u00eb t\u00eb gjat\u00eb n\u00eb drejt\u00ebsi shprehin pak\u00ebnaq\u00ebsin\u00eb e vet edhe lidhur me deklarat\u00ebn time mbi autonomin\u00eb territoriale, dh\u00ebn\u00eb Televizionit shqiptar \u201cTOP Channel\u201d, duke e marr\u00eb p\u00ebr m\u00ebkat t\u00eb madh koh\u00ebn e publikimit t\u00eb saj; nj\u00eb muaj para zgjedhjeve. Por, montimi i improvizuar televiziv, i tyre, vet\u00ebm nj\u00eb dit\u00eb para zgjedhjeve, qenka me koh\u00eb?!<\/p>\n<p>Sidoqoft\u00eb, m\u00eb mbetet p\u00ebr t\u00eb shpjeguar se deklarata dh\u00ebn\u00eb TOP TV Channel, nuk ishte di\u00e7ka e re p\u00ebr njer\u00ebzit e LD-s\u00eb. Por, n\u00eb rastin konkret nuk b\u00ebhej fjal\u00eb p\u00ebr shpalosjen e programit t\u00eb LD-s\u00eb, por fjala ishte p\u00ebr nj\u00eb p\u00ebrgjigje n\u00eb pytjen e drejtp\u00ebrdrejt\u00eb t\u00eb gazetarit se \u00e7ka do t\u00eb ishte m\u00eb s\u00eb miri p\u00ebr shqiptar\u00ebt n\u00eb Mal t\u00eb Zi, p\u00ebr sa i p\u00ebrket statusit. P\u00ebrgjigjja ime e plot\u00eb ishte se, pos asaj q\u00eb \u00ebsht\u00eb aspirat\u00eb jona e q\u00eb do t\u00eb arrihet n\u00eb Evrop\u00ebn e bashkuar, pra q\u00eb t\u00eb jetojm\u00eb n\u00eb nj\u00eb shtet, p\u00ebr shqiptar\u00ebt e k\u00ebtush\u00ebm \u201czgjidhja m\u00eb e mir\u00eb do t\u00eb ishte autonomia territoriale\u201d, zgjidhje kjo q\u00eb e praktikon edhe Evropa. Nga nj\u00eb ekspert i s\u00eb drejt\u00ebs nd\u00ebrkomb\u00ebtare, pritej p\u00ebrkrahje, e jo e kund\u00ebrta. P\u00ebr aq m\u00eb pak priteshin fyerjet.<\/p>\n<p>Megjithat\u00eb, Lista Shqiptare q\u00ebndroi dhe veproi e qet\u00eb dhe pozitive n\u00eb fushat\u00ebn q\u00eb lam\u00eb pas. Madje edhe i ftuam votuesit q\u00eb, n\u00ebse p\u00ebr ndonj\u00eb arsye nuk duan ta votojn\u00eb List\u00ebn Shqiptare, le t\u00eb votojn\u00eb listat e tjera shqiptare. Ishim n\u00eb pritje q\u00eb, t\u00eb pakt\u00ebn, kjo t\u00eb jet\u00eb e pranuar, n\u00ebse jo nga rival\u00ebt ton\u00eb k\u00ebtu, s\u00eb paku nga diaspora. At\u00eb gj\u00eb e b\u00ebri edhe z. Lek\u00eb Lulgjuraj, (por jo vet\u00ebm ai), i cili edhe pse themelues i LD-s\u00eb, fton q\u00eb n\u00eb radh\u00eb t\u00eb par\u00eb t\u00eb votohen partit\u00eb shqiptare. Nga kjo, Lista Shqiptare p\u00ebrpos fitores faktike, del edhe fituese morale, sepse, fal\u00eb angazhimit t\u00eb saj, e jo t\u00eb q\u00ebndrimeve q\u00eb shpalosi emisioni n\u00eb fjal\u00eb, apo t\u00eb rival\u00ebve tan\u00eb k\u00ebtu, PDS mbeti vet\u00ebm me nj\u00eb mandat. Pra, sikur PDS t\u00eb kishte vet\u00ebm disa dhjet\u00ebra vota m\u00eb shum\u00eb, \u201cPerspektiva\u201d do t\u00eb mbetej jasht\u00eb. Ne jemi krenar\u00eb edhe p\u00ebr k\u00ebt\u00eb. Por kjo dikujt po i pengon. Po i pengon madje \u00e7do gjest i mir\u00eb i LD-s\u00eb! Pse vall\u00eb!?<\/p>\n<p>Jemi krenar\u00eb edhe p\u00ebr faktin se nga aktivist\u00ebt e LD-s\u00eb, k\u00ebsaj radhe nuk pati asnj\u00eb fjal\u00eb fyese ndaj kurrkujt, madje as si kund\u00ebrp\u00ebrgjigje ndaj atyre q\u00eb na fyen. Shpresoj se kjo do t\u2019u leht\u00ebsoj\u00eb pun\u00ebn atyre q\u00eb n\u00eb t\u00eb ardhmen do t\u00eb punojn\u00eb n\u00eb integrimin e subjektit politik shqiptar. Sidomos do t\u00eb ndihmoj\u00eb edhe fakti se LD nuk mban m\u00ebri ndaj askujt. LD ka kapacitet q\u00eb edhe atyre q\u00eb na kan\u00eb fyer, shantazhuar e tentuar t\u00eb na diskreditojn\u00eb t\u2019u shtrij\u00eb dor\u00ebn e bashk\u00ebpunimit. Ne, fjal\u00ebt q\u00eb nganj\u00ebher\u00eb i kalojn\u00eb kufijt\u00eb e mir\u00ebsjelljes, gjat\u00eb fushatave, po mundohemi t\u2019i kuptojm\u00eb vet\u00ebm si synim p\u00ebr t\u00eb shtuar votat dhe, n\u00ebse nuk ka q\u00ebllime t\u00eb tjera, ato do t\u00eb tejkalohen. Besoj se n\u00eb dit\u00ebt q\u00eb vijn\u00eb, gatishm\u00ebria q\u00eb \u00ebsht\u00eb shprehur nga t\u00eb zgjedhurit e popullit p\u00ebr t\u00eb bashk\u00ebvepruar, do t\u00eb jap\u00eb rezultate, pavar\u00ebsisht rreshtimeve t\u00eb k\u00ebtilla para zgjedhjeve.<\/p>\n<p>N\u00eb fund t\u00eb k\u00ebtij teksti m\u00eb duhet t\u00eb theksoj edhe sa vijon. Nikoll\u00eb Camaj, midis Vasel Sinshtaj e kandidat\u00ebve t\u00eb tjer\u00eb, n\u00eb vitin 2006 ka zgjedhur Vasel Sinishtaj, me \u00e7ka e ka d\u00ebshmuar edhe qendrimin e vet ndaj Mal\u00ebsis\u00eb dhe ndaj Vaselit. Por, midis Vasel Sinishtaj dhe Lidhjes Demokratike, natyrisht se zgjidhja ime mbetet LD-s\u00eb. Do t\u00eb ishte e pamoralshme, po t\u00eb ishte ndryshe! Pse dikush ka arsye q\u00eb k\u00ebt\u00eb ta marr\u00eb p\u00ebr t\u00eb keq?! E pse do t\u00eb duhej t\u00eb ishte ndryshe, kur fare mir\u00eb dihet se LD, kryetari i saj dhe deputeti z. Bardhi dhe ne, udh\u00ebheq\u00ebsit e tjer\u00eb t\u00eb LD nuk e mbrojt\u00ebm m\u00eb shum\u00eb, Ulqinin, An\u00ebn e Malit, Kraj\u00ebn e Plav\u00eb-Gucin\u00eb sesa Mal\u00ebsin\u00eb. N\u00eb shum\u00eb raste, madje, angazhimi yn\u00eb p\u00ebr Mal\u00ebsin\u00eb ishte m\u00eb i theksuar, por edhe m\u00eb i nevojsh\u00ebm, konkretisht n\u00eb lidhje me k\u00ebrkes\u00ebn programore p\u00ebr komun\u00eb t\u00eb plot\u00eb t\u00eb Mal\u00ebsis\u00eb.<\/p>\n<p>Po e p\u00ebrfundoj k\u00ebt\u00eb tekst autorial me nj\u00eb th\u00ebnie timen nga promovimi i fundit i List\u00ebs Shqiptare: \u201cAta jan\u00eb v\u00ebllez\u00ebrit tan\u00eb, bijt\u00eb tan\u00eb, familjar\u00ebt tan\u00eb dhe ne, t\u00eb bindur se sa t\u2019i shohin rezultatet e zgjedhjeve do t\u00eb pendohen, ua falim, me shpres\u00eb se k\u00ebso p\u00ebrzierjesh nuk do t\u00eb ket\u00eb m\u00eb\u201d. Urimi q\u00eb me rastin e fitores i erdhi z. Bardhi, nga e nj\u00ebjta adres\u00eb, d\u00ebshmon se kisha t\u00eb drejt\u00eb! Kurse k\u00ebt\u00eb autorial e b\u00ebra i nxitur nga urtia mal\u00ebsore e cila thot\u00eb se dielli nuk mund zihet me shosh\u00eb!<\/p>\n<p><strong>Nikoll\u00eb Camaj<br \/>\nKoha Javore<\/strong><\/p>\n<p><strong><!--YouTube Error: bad URL entered--><br \/>\n<\/strong><\/p>\n","protected":false},"excerpt":{"rendered":"<p>Disa nga p\u00ebrfaq\u00ebsuesit e Shoqat\u00ebs \u201cAtdheu na bashkon\u201d shkuan aq larg saq\u00eb, p\u00ebrmes nj\u00eb (e)misioni t\u00eb ve\u00e7ant\u00eb propagandistik (edhe dy tekste autoriale n\u00eb numrin e kaluar t\u00eb \u201cKoh\u00ebs javore\u201d, q\u00eb po i anashkalojm\u00eb k\u00ebsaj radhe), publikisht u prononcuan kund\u00ebr List\u00ebs Shqiptare dhe LD-s\u00eb, duke i fyer ata me fjal\u00eb tejet t\u00eb r\u00ebnda (\u201ci turp\u00ebrohem List\u00ebs [&hellip;]<\/p>\n","protected":false},"author":1,"featured_media":0,"comment_status":"open","ping_status":"closed","sticky":false,"template":"","format":"standard","meta":{"spay_email":"","jetpack_publicize_message":"","jetpack_is_tweetstorm":false,"jetpack_publicize_feature_enabled":true},"categories":[13],"tags":[9165,130,95,189],"jetpack_publicize_connections":[],"yoast_head":"<!-- This site is optimized with the Yoast SEO plugin v19.1 - https:\/\/yoast.com\/wordpress\/plugins\/seo\/ -->\n<title>Dielli nuk mund t\u00eb zihet me shosh\u00eb - Lajme nga Ulqini<\/title>\n<meta name=\"description\" content=\"Disa nga p\u00ebrfaq\u00ebsuesit e Shoqat\u00ebs \u201cAtdheu na bashkon\u201d shkuan aq larg saq\u00eb, p\u00ebrmes nj\u00eb (e)misioni t\u00eb ve\u00e7ant\u00eb propagandistik (edhe dy tekste autoriale n\u00eb\" \/>\n<meta name=\"robots\" content=\"index, follow, max-snippet:-1, max-image-preview:large, max-video-preview:-1\" \/>\n<link rel=\"canonical\" href=\"https:\/\/www.visit-ulcinj.com\/blog\/2009\/04\/14\/dielli-nuk-mund-te-zihet-me-shoshe\/\" \/>\n<meta property=\"og:locale\" content=\"en_US\" \/>\n<meta property=\"og:type\" content=\"article\" \/>\n<meta property=\"og:title\" content=\"Dielli nuk mund t\u00eb zihet me shosh\u00eb - Lajme nga Ulqini\" \/>\n<meta property=\"og:description\" content=\"Disa nga p\u00ebrfaq\u00ebsuesit e Shoqat\u00ebs \u201cAtdheu na bashkon\u201d shkuan aq larg saq\u00eb, p\u00ebrmes nj\u00eb (e)misioni t\u00eb ve\u00e7ant\u00eb propagandistik (edhe dy tekste autoriale n\u00eb\" \/>\n<meta property=\"og:url\" content=\"https:\/\/www.visit-ulcinj.com\/blog\/2009\/04\/14\/dielli-nuk-mund-te-zihet-me-shoshe\/\" \/>\n<meta property=\"og:site_name\" content=\"Lajme nga Ulqini\" \/>\n<meta property=\"article:published_time\" content=\"2009-04-14T15:43:23+00:00\" \/>\n<meta property=\"article:modified_time\" content=\"2009-04-14T16:22:14+00:00\" \/>\n<meta property=\"og:image\" content=\"http:\/\/www.visit-ulcinj.com\/blog\/wp-content\/uploads\/2009\/04\/nikolle-camaj.jpg\" \/>\n<meta name=\"twitter:label1\" content=\"Written by\" \/>\n\t<meta name=\"twitter:data1\" content=\"ulqini\" \/>\n\t<meta name=\"twitter:label2\" content=\"Est. reading time\" \/>\n\t<meta name=\"twitter:data2\" content=\"8 minutes\" \/>\n<script type=\"application\/ld+json\" class=\"yoast-schema-graph\">{\"@context\":\"https:\/\/schema.org\",\"@graph\":[{\"@type\":\"WebSite\",\"@id\":\"https:\/\/www.visit-ulcinj.com\/blog\/#website\",\"url\":\"https:\/\/www.visit-ulcinj.com\/blog\/\",\"name\":\"Lajme nga Ulqini\",\"description\":\"Lajme,Vijesti,Ulqini,Ulqin,Crna Gora,Mali i Zi\",\"potentialAction\":[{\"@type\":\"SearchAction\",\"target\":{\"@type\":\"EntryPoint\",\"urlTemplate\":\"https:\/\/www.visit-ulcinj.com\/blog\/?s={search_term_string}\"},\"query-input\":\"required name=search_term_string\"}],\"inLanguage\":\"en-US\"},{\"@type\":\"ImageObject\",\"inLanguage\":\"en-US\",\"@id\":\"https:\/\/www.visit-ulcinj.com\/blog\/2009\/04\/14\/dielli-nuk-mund-te-zihet-me-shoshe\/#primaryimage\",\"url\":\"https:\/\/www.visit-ulcinj.com\/blog\/wp-content\/uploads\/2009\/04\/nikolle-camaj.jpg\",\"contentUrl\":\"https:\/\/www.visit-ulcinj.com\/blog\/wp-content\/uploads\/2009\/04\/nikolle-camaj.jpg\",\"width\":\"290\",\"height\":\"190\"},{\"@type\":\"WebPage\",\"@id\":\"https:\/\/www.visit-ulcinj.com\/blog\/2009\/04\/14\/dielli-nuk-mund-te-zihet-me-shoshe\/#webpage\",\"url\":\"https:\/\/www.visit-ulcinj.com\/blog\/2009\/04\/14\/dielli-nuk-mund-te-zihet-me-shoshe\/\",\"name\":\"Dielli nuk mund t\u00eb zihet me shosh\u00eb - Lajme nga Ulqini\",\"isPartOf\":{\"@id\":\"https:\/\/www.visit-ulcinj.com\/blog\/#website\"},\"primaryImageOfPage\":{\"@id\":\"https:\/\/www.visit-ulcinj.com\/blog\/2009\/04\/14\/dielli-nuk-mund-te-zihet-me-shoshe\/#primaryimage\"},\"datePublished\":\"2009-04-14T15:43:23+00:00\",\"dateModified\":\"2009-04-14T16:22:14+00:00\",\"author\":{\"@id\":\"https:\/\/www.visit-ulcinj.com\/blog\/#\/schema\/person\/dcab619c614d3038751c63bc2aadc06d\"},\"description\":\"Disa nga p\u00ebrfaq\u00ebsuesit e Shoqat\u00ebs \u201cAtdheu na bashkon\u201d shkuan aq larg saq\u00eb, p\u00ebrmes nj\u00eb (e)misioni t\u00eb ve\u00e7ant\u00eb propagandistik (edhe dy tekste autoriale n\u00eb\",\"breadcrumb\":{\"@id\":\"https:\/\/www.visit-ulcinj.com\/blog\/2009\/04\/14\/dielli-nuk-mund-te-zihet-me-shoshe\/#breadcrumb\"},\"inLanguage\":\"en-US\",\"potentialAction\":[{\"@type\":\"ReadAction\",\"target\":[\"https:\/\/www.visit-ulcinj.com\/blog\/2009\/04\/14\/dielli-nuk-mund-te-zihet-me-shoshe\/\"]}]},{\"@type\":\"BreadcrumbList\",\"@id\":\"https:\/\/www.visit-ulcinj.com\/blog\/2009\/04\/14\/dielli-nuk-mund-te-zihet-me-shoshe\/#breadcrumb\",\"itemListElement\":[{\"@type\":\"ListItem\",\"position\":1,\"name\":\"Dielli nuk mund t\u00eb zihet me shosh\u00eb\"}]},{\"@type\":\"Person\",\"@id\":\"https:\/\/www.visit-ulcinj.com\/blog\/#\/schema\/person\/dcab619c614d3038751c63bc2aadc06d\",\"name\":\"ulqini\",\"sameAs\":[\"http:\/\/www.visit-ulcinj.com\"],\"url\":\"https:\/\/www.visit-ulcinj.com\/blog\/author\/admin\/\"}]}<\/script>\n<!-- \/ Yoast SEO plugin. -->","yoast_head_json":{"title":"Dielli nuk mund t\u00eb zihet me shosh\u00eb - Lajme nga Ulqini","description":"Disa nga p\u00ebrfaq\u00ebsuesit e Shoqat\u00ebs \u201cAtdheu na bashkon\u201d shkuan aq larg saq\u00eb, p\u00ebrmes nj\u00eb (e)misioni t\u00eb ve\u00e7ant\u00eb propagandistik (edhe dy tekste autoriale n\u00eb","robots":{"index":"index","follow":"follow","max-snippet":"max-snippet:-1","max-image-preview":"max-image-preview:large","max-video-preview":"max-video-preview:-1"},"canonical":"https:\/\/www.visit-ulcinj.com\/blog\/2009\/04\/14\/dielli-nuk-mund-te-zihet-me-shoshe\/","og_locale":"en_US","og_type":"article","og_title":"Dielli nuk mund t\u00eb zihet me shosh\u00eb - Lajme nga Ulqini","og_description":"Disa nga p\u00ebrfaq\u00ebsuesit e Shoqat\u00ebs \u201cAtdheu na bashkon\u201d shkuan aq larg saq\u00eb, p\u00ebrmes nj\u00eb (e)misioni t\u00eb ve\u00e7ant\u00eb propagandistik (edhe dy tekste autoriale n\u00eb","og_url":"https:\/\/www.visit-ulcinj.com\/blog\/2009\/04\/14\/dielli-nuk-mund-te-zihet-me-shoshe\/","og_site_name":"Lajme nga Ulqini","article_published_time":"2009-04-14T15:43:23+00:00","article_modified_time":"2009-04-14T16:22:14+00:00","og_image":[{"url":"http:\/\/www.visit-ulcinj.com\/blog\/wp-content\/uploads\/2009\/04\/nikolle-camaj.jpg"}],"twitter_misc":{"Written by":"ulqini","Est. reading time":"8 minutes"},"schema":{"@context":"https:\/\/schema.org","@graph":[{"@type":"WebSite","@id":"https:\/\/www.visit-ulcinj.com\/blog\/#website","url":"https:\/\/www.visit-ulcinj.com\/blog\/","name":"Lajme nga Ulqini","description":"Lajme,Vijesti,Ulqini,Ulqin,Crna Gora,Mali i Zi","potentialAction":[{"@type":"SearchAction","target":{"@type":"EntryPoint","urlTemplate":"https:\/\/www.visit-ulcinj.com\/blog\/?s={search_term_string}"},"query-input":"required name=search_term_string"}],"inLanguage":"en-US"},{"@type":"ImageObject","inLanguage":"en-US","@id":"https:\/\/www.visit-ulcinj.com\/blog\/2009\/04\/14\/dielli-nuk-mund-te-zihet-me-shoshe\/#primaryimage","url":"https:\/\/www.visit-ulcinj.com\/blog\/wp-content\/uploads\/2009\/04\/nikolle-camaj.jpg","contentUrl":"https:\/\/www.visit-ulcinj.com\/blog\/wp-content\/uploads\/2009\/04\/nikolle-camaj.jpg","width":"290","height":"190"},{"@type":"WebPage","@id":"https:\/\/www.visit-ulcinj.com\/blog\/2009\/04\/14\/dielli-nuk-mund-te-zihet-me-shoshe\/#webpage","url":"https:\/\/www.visit-ulcinj.com\/blog\/2009\/04\/14\/dielli-nuk-mund-te-zihet-me-shoshe\/","name":"Dielli nuk mund t\u00eb zihet me shosh\u00eb - Lajme nga Ulqini","isPartOf":{"@id":"https:\/\/www.visit-ulcinj.com\/blog\/#website"},"primaryImageOfPage":{"@id":"https:\/\/www.visit-ulcinj.com\/blog\/2009\/04\/14\/dielli-nuk-mund-te-zihet-me-shoshe\/#primaryimage"},"datePublished":"2009-04-14T15:43:23+00:00","dateModified":"2009-04-14T16:22:14+00:00","author":{"@id":"https:\/\/www.visit-ulcinj.com\/blog\/#\/schema\/person\/dcab619c614d3038751c63bc2aadc06d"},"description":"Disa nga p\u00ebrfaq\u00ebsuesit e Shoqat\u00ebs \u201cAtdheu na bashkon\u201d shkuan aq larg saq\u00eb, p\u00ebrmes nj\u00eb (e)misioni t\u00eb ve\u00e7ant\u00eb propagandistik (edhe dy tekste autoriale n\u00eb","breadcrumb":{"@id":"https:\/\/www.visit-ulcinj.com\/blog\/2009\/04\/14\/dielli-nuk-mund-te-zihet-me-shoshe\/#breadcrumb"},"inLanguage":"en-US","potentialAction":[{"@type":"ReadAction","target":["https:\/\/www.visit-ulcinj.com\/blog\/2009\/04\/14\/dielli-nuk-mund-te-zihet-me-shoshe\/"]}]},{"@type":"BreadcrumbList","@id":"https:\/\/www.visit-ulcinj.com\/blog\/2009\/04\/14\/dielli-nuk-mund-te-zihet-me-shoshe\/#breadcrumb","itemListElement":[{"@type":"ListItem","position":1,"name":"Dielli nuk mund t\u00eb zihet me shosh\u00eb"}]},{"@type":"Person","@id":"https:\/\/www.visit-ulcinj.com\/blog\/#\/schema\/person\/dcab619c614d3038751c63bc2aadc06d","name":"ulqini","sameAs":["http:\/\/www.visit-ulcinj.com"],"url":"https:\/\/www.visit-ulcinj.com\/blog\/author\/admin\/"}]}},"jetpack_featured_media_url":"","jetpack_sharing_enabled":true,"jetpack_shortlink":"https:\/\/wp.me\/pe6lTn-4EY","_links":{"self":[{"href":"https:\/\/www.visit-ulcinj.com\/blog\/wp-json\/wp\/v2\/posts\/17916"}],"collection":[{"href":"https:\/\/www.visit-ulcinj.com\/blog\/wp-json\/wp\/v2\/posts"}],"about":[{"href":"https:\/\/www.visit-ulcinj.com\/blog\/wp-json\/wp\/v2\/types\/post"}],"author":[{"embeddable":true,"href":"https:\/\/www.visit-ulcinj.com\/blog\/wp-json\/wp\/v2\/users\/1"}],"replies":[{"embeddable":true,"href":"https:\/\/www.visit-ulcinj.com\/blog\/wp-json\/wp\/v2\/comments?post=17916"}],"version-history":[{"count":0,"href":"https:\/\/www.visit-ulcinj.com\/blog\/wp-json\/wp\/v2\/posts\/17916\/revisions"}],"wp:attachment":[{"href":"https:\/\/www.visit-ulcinj.com\/blog\/wp-json\/wp\/v2\/media?parent=17916"}],"wp:term":[{"taxonomy":"category","embeddable":true,"href":"https:\/\/www.visit-ulcinj.com\/blog\/wp-json\/wp\/v2\/categories?post=17916"},{"taxonomy":"post_tag","embeddable":true,"href":"https:\/\/www.visit-ulcinj.com\/blog\/wp-json\/wp\/v2\/tags?post=17916"}],"curies":[{"name":"wp","href":"https:\/\/api.w.org\/{rel}","templated":true}]}}