{"id":1792,"date":"2008-05-29T13:07:35","date_gmt":"2008-05-29T18:07:35","guid":{"rendered":"http:\/\/www.visit-ulcinj.com\/blog\/?p=1792"},"modified":"2008-06-02T11:34:05","modified_gmt":"2008-06-02T16:34:05","slug":"mbi-keshillin-nacional-shqiptarkeshilli-i-segregacionit","status":"publish","type":"post","link":"https:\/\/www.visit-ulcinj.com\/blog\/2008\/05\/29\/mbi-keshillin-nacional-shqiptarkeshilli-i-segregacionit\/","title":{"rendered":"Mbi k\u00ebshillin nacional shqiptar,K\u00ebshilli i segregacionit"},"content":{"rendered":"<p><img loading=\"lazy\" class=\"alignleft\" style=\"float: left;\" src=\"http:\/\/www.shopzone.hhqc.com\/images\/BX2_Apartheid.jpg\" alt=\"APARHEJD NE MAL TE ZI\" width=\"285\" height=\"285\" \/>Femrat e nj\u00eb kombi q\u00eb e ka dh\u00ebn\u00eb, \u00e7far\u00eb ironie, femr\u00ebn m\u00eb t\u00eb fuqishme t\u00eb koh\u00ebs moderne, si\u00e7 e kan\u00eb cil\u00ebsuar n\u00eb Per\u00ebndim, N\u00ebn\u00ebn Terez\u00eb, duhet t\u00eb luftojn\u00eb p\u00ebr t\u00eb drejtat e tyre themelore, ato q\u00eb i takojn\u00eb fillimit t\u00eb shekullit XX e jo XXI.<br \/>\nK\u00ebshilli nacional i nj\u00eb pakice komb\u00ebtare duhet t\u00eb paraqes\u00eb at\u00eb q\u00eb \u00ebsht\u00eb m\u00eb e mir\u00eb dhe m\u00eb reprezentative n\u00eb nj\u00eb minoritet. K\u00ebshtu ndodh n\u00eb bot\u00ebn e demokracis\u00eb qytetare. Por jo edhe te ne, sepse ne jemi larg \u00e7do qytet\u00ebrimi. Dy jav\u00eb m\u00eb her\u00ebt, n\u00eb Ulqin u b\u00eb konstituimi i K\u00ebshillit Nacional t\u00eb shqiptar\u00ebve q\u00eb \u00ebsht\u00eb m\u00eb mir\u00eb t\u00eb quhet K\u00ebshilli i turpit. Nuk kam menduar t\u00eb shkruaj\u00eb fare p\u00ebr nj\u00eb gj\u00eb t\u00eb pashpres\u00eb si\u00e7 \u00ebsht\u00eb p\u00ebrb\u00ebrja e tij, por, m\u00eb shtyn\u00eb fjal\u00ebt e shkrimtarit nga Ulqini, z. Asllan Bisha, i cili reagoi fuqish\u00ebm kund\u00ebr diskriminimit t\u00eb femrave n\u00eb k\u00ebt\u00eb rast, dhe e p\u00ebrmendi emrin tim si nj\u00eb nga ata q\u00eb \u00ebsht\u00eb dashur t\u00eb jet\u00eb n\u00eb k\u00ebt\u00eb K\u00ebshill (KJ, 15 maj,f. 6). P\u00ebrve\u00e7 k\u00ebsaj arsye, si person q\u00eb \u00ebsht\u00eb prezent n\u00eb opinion publik, kam obligim dhe apel nga shum\u00eb femra intelektuale n\u00eb Mal\u00ebsi, q\u00eb t\u00eb reagoj\u00eb lidhur me k\u00ebt\u00eb segregacion. Nuk do t\u00eb diskutoj p\u00ebr vet\u00eb iden\u00eb dhe m\u00ebnyr\u00ebn e formimit t\u00eb k\u00ebtij trupi, por do t\u00eb flas p\u00ebr rezultatin, pra, at\u00eb q\u00eb shihet. Mund t`i ve\u00e7ojm\u00eb dy elemente:<br \/>\n<strong>Kush \u00ebsht\u00eb n\u00eb K\u00ebshill?<\/strong><a href=\"http:\/\/www.visit-ulcinj.com\/blog\/wp-content\/uploads\/2008\/04\/atedheu-na-bashkon.jpg\"><img loading=\"lazy\" class=\"alignright attachment wp-att-1296\" style=\"float: right;\" src=\"http:\/\/www.visit-ulcinj.com\/blog\/wp-content\/uploads\/2008\/04\/atedheu-na-bashkon.thumbnail.jpg\" alt=\"Gjith\u00eb partit politike ne mal te zi\" width=\"200\" height=\"150\" \/><\/a><br \/>\nAn\u00ebtar\u00ebt q\u00eb e p\u00ebrb\u00ebjn\u00eb K\u00ebshillin, s\u00eb paku pjesa dominuese e tyre, si ata q\u00eb kan\u00eb hyr\u00eb sipas automatizmit t\u00eb funksionit t\u00eb tyre politik (partiak, sepse edhe n\u00eb funksione politike jan\u00eb impostuar p\u00ebrmes partive), ashtu edhe ata q\u00eb kan\u00eb hyr\u00eb si individ\u00eb, jan\u00eb ajo q\u00eb quhet reliquiae reliquiarum t\u00eb nj\u00eb populli. Ata q\u00eb nuk e kuptojn\u00eb termin e p\u00ebrmendur, le t`i marrin fjalor\u00ebt, mos t\u00eb marrin m\u00ebsime pa kompensim p\u00ebrmes gazetave. N\u00ebse mua duhet t\u00eb m\u00eb p\u00ebrfaq\u00ebsojn\u00eb individ\u00ebt e k\u00ebtij niveli, nuk m\u00eb nevojitet k\u00ebsisoj p\u00ebrfaq\u00ebsimi.<br \/>\nKush jan\u00eb an\u00ebtar\u00ebt e K\u00ebshillit? Do t\u00eb p\u00ebrkufizohem n\u00eb pjes\u00ebn e an\u00ebtar\u00ebve nga Mal\u00ebsia. Ka aty njer\u00ebz t\u00eb cil\u00ebt kurr\u00eb nuk e kan\u00eb th\u00ebn\u00eb asnj\u00eb fjal\u00eb publikisht, qoft\u00eb pran\u00eb foltor\u00ebs, qoft\u00eb n\u00eb media, edhe pse disa prej tyre i mbajn\u00eb postet politike n\u00eb partit\u00eb e tyre dhe n\u00eb qeverisjen lokale dhe si t\u00eb till\u00eb jan\u00eb impostuar n\u00eb k\u00ebt\u00eb K\u00ebshill. K\u00eb mund t\u00eb p\u00ebrfaq\u00ebsojn\u00eb ata t\u00eb cil\u00ebt nuk kan\u00eb guxim qytetar, ose nuk kan\u00eb dije t`i flasin dy fjal\u00eb publikisht? Cilat jan\u00eb &#8220;meritat&#8221; e tyre p\u00ebr minoritetin shqiptar, p\u00ebr t`u impostuar n\u00eb nj\u00eb trup kaq t\u00eb r\u00ebnd\u00ebsish\u00ebm.<br \/>\nN\u00ebse nisemi prej supozimit se \u00ebsht\u00eb e natyrshme q\u00eb nj\u00eb popull duhet t\u00eb p\u00ebrfaq\u00ebsohet nga m\u00eb t\u00eb mir\u00ebt, at\u00ebher\u00eb nuk \u00ebsht\u00eb dashur t\u00eb vendos\u00eb faktori politik dhe partiak. \u00cbsht\u00eb dashur t\u00eb gjendet mund\u00ebsia t\u00eb ket\u00eb edhe pjes\u00ebtar\u00eb t\u00eb klerit (me q\u00ebllim nuk them &#8220;p\u00ebrfaq\u00ebsues&#8221;, sepse m\u00eb ting\u00ebllon burokratike dhe lind asociacione t\u00eb posteve kierarkike.) \u00cbsht\u00eb mir\u00eb t\u00eb na p\u00ebrfaq\u00ebsojn\u00eb njer\u00ebzit t\u00eb cil\u00ebt jan\u00eb d\u00ebshmuar n\u00eb popull si tolerant\u00eb dhe paq\u00ebsor\u00eb. N\u00eb nj\u00eb opcion t\u00eb nj\u00eb K\u00ebshilli ideal, ata do t\u00eb kandidoheshin si t\u00eb gjith\u00eb qytetar\u00ebt, pra, jo sipas delegimit nga ana e institucionit fetar, por, pik\u00ebrisht si person i caktuar, me em\u00ebr dhe mbiem\u00ebr. Sepse, neve na nevojiten njer\u00ebzit q\u00eb shquhen p\u00ebr toleranc\u00eb dhe kan\u00eb ndikim paq\u00ebsues n\u00eb momentet e v\u00ebshtira nd\u00ebrfetare dhe autoritet te pjes\u00ebtar\u00ebt e t\u00eb dy besimeve.<br \/>\n<img loading=\"lazy\" class=\"alignleft\" style=\"float: left;\" src=\"http:\/\/www.bashkimikombetar.com\/users\/73\/80\/67\/avatars\/6-90.jpg\" alt=\"cenimi i drejtave te femrave\" width=\"150\" height=\"200\" \/><strong>Partenogjeneza <\/strong><br \/>\nMe konstituimin e p\u00ebrb\u00ebrjes s\u00eb k\u00ebtij K\u00ebshilli, shqiptar\u00ebt e d\u00ebshmuan, m\u00eb n\u00eb fund, se jan\u00eb i vetmi popull n\u00eb bot\u00eb q\u00eb mund t\u00eb shum\u00ebzohet pa gjini t\u00eb kund\u00ebrt. Fakt \u00ebsht\u00eb se, p\u00ebrve\u00e7 nj\u00eb partie e cila i favorizon femrat dhe ka mjaft femra n\u00eb poste t\u00eb r\u00ebnd\u00ebsishme partiake, partit\u00eb e tjera shqiptare n\u00eb Mal t\u00eb Zi nuk kan\u00eb femra as nd\u00ebr an\u00ebtar\u00eb, se, l\u00ebre m\u00eb, n\u00eb poste, qofshin ato edhe me pesh\u00eb simbolike. Sepse, partit\u00eb tona jan\u00eb shnd\u00ebrruar n\u00eb grupe t\u00eb interesit.<br \/>\nVjet, n\u00eb n\u00ebntor, n\u00eb tryezen e rrumbullak\u00ebt, organizuar n\u00eb Ulqin nga OJQ &#8220;Horizonti i Ri&#8221; e kam shtruar \u00e7\u00ebshtjen e kuotave p\u00ebr femra dhe kam propozuar q\u00eb ligji p\u00ebr K\u00ebshillin t\u00eb modifikohet sa nuk \u00ebsht\u00eb b\u00ebr\u00eb von\u00eb ende, dhe p\u00ebr femra t\u00eb parashihen, s\u00eb paku, 1\/3 e vendeve n\u00eb K\u00ebshill. Nd\u00ebrsa, t\u00eb mos flas q\u00eb femra, n\u00ebse \u00ebsht\u00eb intelektuale e pavarur, \u00ebsht\u00eb dyfish e hendikepuar sepse nuk mund t\u00eb llogaris\u00eb n\u00eb mb\u00ebshtetjen e establishmentit politik ( partive politike). Pa mb\u00ebshtetje t\u00eb organizuar (mbledhja e n\u00ebnshkrimeve n\u00eb terren p\u00ebr personin e caktuar dhe marr\u00ebveshja mes elektor\u00ebve para se t\u00eb filloj\u00eb Kuvendi elektoral), nuk mund t\u00eb arrihet asgj\u00eb n\u00eb k\u00ebt\u00eb drejtim.<br \/>\nEdhe kjo \u00ebsht\u00eb d\u00ebshmi se partit\u00eb shqiptare, n\u00eb p\u00ebrgjith\u00ebsi, nuk kan\u00eb strategji dhe vizion t\u00eb veprimit afatgjat\u00eb dhe se veprojn\u00eb ad hoc. \u00c7far\u00eb mund t\u00eb presim nga nj\u00eb &#8220;potencial&#8221; i till\u00eb q\u00eb duhet t\u00eb na udh\u00ebheq\u00eb dhe i cili ka dh\u00ebn\u00eb k\u00ebsisoj an\u00ebtar\u00ebsh p\u00ebr nj\u00eb K\u00ebshill q\u00eb duhet t\u00eb jet\u00eb reprezentativ p\u00ebr shqiptar\u00ebt e Malit t\u00eb Zi?<br \/>\n<strong>\u00c7far\u00eb t\u00eb b\u00ebhet?<\/strong><img loading=\"lazy\" class=\"alignright\" style=\"float: right;\" src=\"http:\/\/www.bnr.bg\/NR\/rdonlyres\/32A09F52-69CB-4C7E-B930-FF4F482574FA\/0\/Breakthesilence.jpg\" alt=\"\" width=\"248\" height=\"357\" \/><br \/>\nSegregacioni gjinor i femr\u00ebs shqiptare n\u00eb Mal t\u00eb Zi, \u00ebsht\u00eb \u00e7\u00ebshtje me t\u00eb cil\u00ebn duhet t\u00eb merren urgjentisht organizatat dhe institucionet p\u00ebr t\u00eb drejtat e njeriut n\u00eb k\u00ebt\u00eb shtet, por, edhe n\u00eb suazat gjith\u00ebshqiptare. Ne, q\u00eb kemi pasur rast t\u00eb jetojm\u00eb n\u00eb mjedise t\u00eb tjera shqiptare, e dijm\u00eb se femra shqiptare n\u00eb Mal\u00ebsin\u00eb e Madhe gjendet n\u00eb pozit\u00eb aq t\u00eb v\u00ebshtir\u00eb n\u00eb krahasim me pjes\u00ebt e tjera t\u00eb Kombit, sa q\u00eb mund t\u00eb thuhet se i takon, jo vet\u00ebm rendit t\u00eb fundit t\u00eb qytetar\u00ebve, por, gjendet edhe jasht\u00eb \u00e7do mund\u00ebsie t\u00eb vendos p\u00ebr vetvet\u00ebn, se l\u00ebre m\u00eb t\u00eb vendos\u00eb p\u00ebr \u00e7\u00ebshtjet e r\u00ebnd\u00ebsishme n\u00eb shoq\u00ebri. N\u00eb politik\u00eb, femra nuk ekziston fare, ajo \u00ebsht\u00eb e ekskomunikuar, sikur n\u00eb Indi q\u00eb jan\u00eb shudrat, q\u00eb nuk i takojn\u00eb as kast\u00ebs m\u00eb t\u00eb ult\u00eb. Moszgjedhja e asnj\u00eb femre n\u00eb k\u00ebt\u00eb K\u00ebshilli, \u00ebsht\u00eb shokante, por, \u00ebsht\u00eb edhe m\u00eb shokante se asnj\u00eb parti shqiptare nuk e ka gjetur t\u00eb udh\u00ebs t\u00eb punoj\u00eb n\u00eb kandidimin, mb\u00ebshtetjen dhe lobimin p\u00ebr sa m\u00eb shum\u00eb femra n\u00eb fushat\u00ebn elektorale. Jo, ato e kan\u00eb paramenduar k\u00ebt\u00eb K\u00ebshill si vazhdim t\u00eb ndejave t\u00eb p\u00ebrditshme n\u00ebp\u00ebr kafe, ku jan\u00eb m\u00ebsuar t`i zgjidhin \u00e7\u00ebshtjet jetike p\u00ebr ne, mortar\u00eb t\u00eb thjesht\u00eb. Politika e kafeve edhe na ka sjellur deri aty q\u00eb asnj\u00ebri nga k\u00ebta q\u00eb vendosin p\u00ebr jet\u00ebn ton\u00eb, nuk ka b\u00ebr\u00eb asgj\u00eb, s\u00eb paku t\u00eb interesohet se a ka femra n\u00eb Mal\u00ebsi t\u00eb kandidohen p\u00ebr K\u00ebshill, se l\u00ebre m\u00eb t`i japin p\u00ebrkrahje dhe t\u00eb b\u00ebjn\u00eb lobim n\u00eb favor t\u00eb saj.<br \/>\n\u00c7far\u00eb mund t\u00eb b\u00ebhet n\u00eb k\u00ebt\u00eb situat\u00eb, edhe pse \u00ebsht\u00eb von\u00eb.<br \/>\n&#8211; P\u00ebr nga fakti se \u00ebsht\u00eb b\u00ebr\u00eb segregacion i r\u00ebnd\u00eb dhe shkelja e t\u00eb drejtave themelore njer\u00ebzore, kjo do kishte qen\u00eb, n\u00eb rend t\u00eb par\u00eb, detyr\u00eb e Ombudsmanit t\u00eb Malit t\u00eb Zi, por, si\u00e7 \u00ebsht\u00eb treguar indiferent n\u00eb shum\u00eb \u00e7\u00ebshtje, nuk ka shpres\u00eb se ky do t\u00eb reagoj\u00eb as n\u00eb k\u00ebt\u00eb rast.<br \/>\n&#8211; Do t\u00eb ishte mir\u00eb q\u00eb t\u00eb angazhohet Zyrja e Qeveris\u00eb p\u00ebr Barazin\u00eb Gjinore, Komiteti Malazez i Helsinkit dhe t\u00eb vazhdohet ashtu si\u00e7 e parasheh procedura e rregullt, deri n\u00eb Gjykat\u00ebn e Strasburit.<br \/>\n<img loading=\"lazy\" class=\"alignleft\" style=\"float: left;\" src=\"http:\/\/img118.imageshack.us\/img118\/7271\/amantimagrittecopybk7.gif\" alt=\"\" width=\"299\" height=\"221\" \/>&#8211; \u00cbsht\u00eb p\u00ebr \u00e7udi q\u00eb nuk ka reaguar asnj\u00eb zyre avokati dhe asnj\u00eb avokat shqiptar q\u00eb merret me t\u00eb drejtat e njeriut. Duhet t\u00eb reagoj\u00eb, dhe nuk \u00ebsht\u00eb von\u00eb ende, s\u00eb paku p\u00ebr shkak t\u00eb kredibilitetit moral, edhe zyrja e organizat\u00ebs shqiptaro &#8211; amerikane &#8220;Atdheu na bashkon&#8221; n\u00eb Tuz, sepse me rastin e hapjes s\u00eb saj, \u00ebsht\u00eb th\u00ebn\u00eb se detyra e tyre par\u00ebsore do t\u00eb jet\u00eb angazhimi n\u00eb l\u00ebmin e t\u00eb drejtave njer\u00ebzore. Si ka qen\u00eb e mundur q\u00eb nj\u00eb segregacion i till\u00eb t\u00eb kaloj\u00eb nga t\u00eb gjith\u00eb ata pa u v\u00ebrejtur dhe pa reaguar.<br \/>\n&#8211; Ku jan\u00eb deputet\u00ebt shqiptar\u00eb n\u00eb Parlamentin e Malit t\u00eb Zi? Dy prej tyre jan\u00eb nga Mal\u00ebsia, nd\u00ebrsa, dihet se n\u00eb k\u00ebt\u00eb enklav\u00eb shqiptare, pozita e femr\u00ebs \u00ebsht\u00eb m\u00eb e v\u00ebshtira n\u00eb mbar\u00eb kombin ton\u00eb. Ky nuk \u00ebsht\u00eb pohim imi, k\u00ebto jan\u00eb pohimet e femrave n\u00eb kontakte t\u00eb p\u00ebrditshme, t\u00eb cilat jan\u00eb t\u00eb revoltuara me apartheid gjinor. Deputet\u00ebt shqiptar\u00eb, n\u00ebse e p\u00ebrfaq\u00ebsojn\u00eb me t\u00eb v\u00ebrtet vullnetin e popullit, duhet ta procesuojn\u00eb \u00e7\u00ebshtjen e k\u00ebtij segregacioni n\u00eb adresat e duhura.<br \/>\n\u00cbsht\u00eb luks tep\u00ebr i madh q\u00eb kjo gj\u00eb t\u00eb l\u00ebshohet t\u00eb kaloj\u00eb kaq leht\u00eb, sikur t\u00eb mos kishte ndodhur asgj\u00eb. Un\u00eb nuk d\u00ebshiroj q\u00eb p\u00ebr mua t\u00eb vendosin t\u00eb paaftit, sepse ne nuk jemi popull gbejanash. Andaj, femrat shqiptare n\u00eb Mal t\u00eb Zi duhet t\u00eb nd\u00ebrmarrin hapa q\u00eb t\u00eb organizohen dhe t`i mbrojn\u00eb t\u00eb drejtat e tyre. Femrat e nj\u00eb kombi q\u00eb e ka dh\u00ebn\u00eb, \u00e7far\u00eb ironie, femr\u00ebn m\u00eb t\u00eb fuqishme t\u00eb koh\u00ebs moderne, si\u00e7 e kan\u00eb cil\u00ebsuar n\u00eb Per\u00ebndim, N\u00ebn\u00ebn Terez\u00eb, duhet t\u00eb luftojn\u00eb p\u00ebr t\u00eb drejtat e tyre themelore, ato q\u00eb i takojn\u00eb fillimit t\u00eb shekullit XX e jo XXI.<br \/>\n<strong>Xhoana M. Perkaj<br \/>\n<\/strong><strong><a href=\"xhoanaperkaj@yahoo.com\" target=\"_blank\">xhoanaperkaj@yahoo.com<\/a><br \/>\nKOHA JAVORE<\/strong><br \/>\n<a title=\"Holiday accommodation in Ulcinj, Montenegro\" href=\"http:\/\/www.visit-ulcinj.com\/tourism\/\" target=\"_blank\"><img loading=\"lazy\" style=\"vertical-align: middle;\" src=\"http:\/\/www.visit-ulcinj.com\/blog\/wp-content\/uploads\/2008\/05\/holiday-rental-ulcinj_ulqin_montenegro2.jpg\" alt=\"Holiday accommodation in Ulcinj, Montenegro\" width=\"424\" height=\"110\" \/><\/a><\/p>\n","protected":false},"excerpt":{"rendered":"<p><img loading=\"lazy\" class=\"alignleft\" style=\"float: left;\" src=\"http:\/\/www.shopzone.hhqc.com\/images\/BX2_Apartheid.jpg\" alt=\"APARHEJD NE MAL TE ZI\" width=\"140\" height=\"140\" \/><\/p>\n","protected":false},"author":1,"featured_media":0,"comment_status":"open","ping_status":"closed","sticky":false,"template":"","format":"standard","meta":{"spay_email":"","jetpack_publicize_message":"","jetpack_is_tweetstorm":false,"jetpack_publicize_feature_enabled":true},"categories":[4,11,12],"tags":[1936,95,3601,200,199],"jetpack_publicize_connections":[],"yoast_head":"<!-- This site is optimized with the Yoast SEO plugin v19.1 - https:\/\/yoast.com\/wordpress\/plugins\/seo\/ -->\n<title>Mbi k\u00ebshillin nacional shqiptar,K\u00ebshilli i segregacionit - Lajme nga Ulqini<\/title>\n<meta name=\"robots\" content=\"index, follow, max-snippet:-1, max-image-preview:large, max-video-preview:-1\" \/>\n<link rel=\"canonical\" href=\"https:\/\/www.visit-ulcinj.com\/blog\/2008\/05\/29\/mbi-keshillin-nacional-shqiptarkeshilli-i-segregacionit\/\" \/>\n<meta property=\"og:locale\" content=\"en_US\" \/>\n<meta property=\"og:type\" content=\"article\" \/>\n<meta property=\"og:title\" content=\"Mbi k\u00ebshillin nacional shqiptar,K\u00ebshilli i segregacionit - Lajme nga Ulqini\" \/>\n<meta property=\"og:url\" content=\"https:\/\/www.visit-ulcinj.com\/blog\/2008\/05\/29\/mbi-keshillin-nacional-shqiptarkeshilli-i-segregacionit\/\" \/>\n<meta property=\"og:site_name\" content=\"Lajme nga Ulqini\" \/>\n<meta property=\"article:published_time\" content=\"2008-05-29T18:07:35+00:00\" \/>\n<meta property=\"article:modified_time\" content=\"2008-06-02T16:34:05+00:00\" \/>\n<meta property=\"og:image\" content=\"http:\/\/www.shopzone.hhqc.com\/images\/BX2_Apartheid.jpg\" \/>\n<meta name=\"twitter:label1\" content=\"Written by\" \/>\n\t<meta name=\"twitter:data1\" content=\"ulqini\" \/>\n\t<meta name=\"twitter:label2\" content=\"Est. reading time\" \/>\n\t<meta name=\"twitter:data2\" content=\"8 minutes\" \/>\n<script type=\"application\/ld+json\" class=\"yoast-schema-graph\">{\"@context\":\"https:\/\/schema.org\",\"@graph\":[{\"@type\":\"WebSite\",\"@id\":\"https:\/\/www.visit-ulcinj.com\/blog\/#website\",\"url\":\"https:\/\/www.visit-ulcinj.com\/blog\/\",\"name\":\"Lajme nga Ulqini\",\"description\":\"Lajme,Vijesti,Ulqini,Ulqin,Crna Gora,Mali i Zi\",\"potentialAction\":[{\"@type\":\"SearchAction\",\"target\":{\"@type\":\"EntryPoint\",\"urlTemplate\":\"https:\/\/www.visit-ulcinj.com\/blog\/?s={search_term_string}\"},\"query-input\":\"required name=search_term_string\"}],\"inLanguage\":\"en-US\"},{\"@type\":\"ImageObject\",\"inLanguage\":\"en-US\",\"@id\":\"https:\/\/www.visit-ulcinj.com\/blog\/2008\/05\/29\/mbi-keshillin-nacional-shqiptarkeshilli-i-segregacionit\/#primaryimage\",\"url\":\"http:\/\/www.shopzone.hhqc.com\/images\/BX2_Apartheid.jpg\",\"contentUrl\":\"http:\/\/www.shopzone.hhqc.com\/images\/BX2_Apartheid.jpg\"},{\"@type\":\"WebPage\",\"@id\":\"https:\/\/www.visit-ulcinj.com\/blog\/2008\/05\/29\/mbi-keshillin-nacional-shqiptarkeshilli-i-segregacionit\/#webpage\",\"url\":\"https:\/\/www.visit-ulcinj.com\/blog\/2008\/05\/29\/mbi-keshillin-nacional-shqiptarkeshilli-i-segregacionit\/\",\"name\":\"Mbi k\u00ebshillin nacional shqiptar,K\u00ebshilli i segregacionit - Lajme nga Ulqini\",\"isPartOf\":{\"@id\":\"https:\/\/www.visit-ulcinj.com\/blog\/#website\"},\"primaryImageOfPage\":{\"@id\":\"https:\/\/www.visit-ulcinj.com\/blog\/2008\/05\/29\/mbi-keshillin-nacional-shqiptarkeshilli-i-segregacionit\/#primaryimage\"},\"datePublished\":\"2008-05-29T18:07:35+00:00\",\"dateModified\":\"2008-06-02T16:34:05+00:00\",\"author\":{\"@id\":\"https:\/\/www.visit-ulcinj.com\/blog\/#\/schema\/person\/dcab619c614d3038751c63bc2aadc06d\"},\"breadcrumb\":{\"@id\":\"https:\/\/www.visit-ulcinj.com\/blog\/2008\/05\/29\/mbi-keshillin-nacional-shqiptarkeshilli-i-segregacionit\/#breadcrumb\"},\"inLanguage\":\"en-US\",\"potentialAction\":[{\"@type\":\"ReadAction\",\"target\":[\"https:\/\/www.visit-ulcinj.com\/blog\/2008\/05\/29\/mbi-keshillin-nacional-shqiptarkeshilli-i-segregacionit\/\"]}]},{\"@type\":\"BreadcrumbList\",\"@id\":\"https:\/\/www.visit-ulcinj.com\/blog\/2008\/05\/29\/mbi-keshillin-nacional-shqiptarkeshilli-i-segregacionit\/#breadcrumb\",\"itemListElement\":[{\"@type\":\"ListItem\",\"position\":1,\"name\":\"Mbi k\u00ebshillin nacional shqiptar,K\u00ebshilli i segregacionit\"}]},{\"@type\":\"Person\",\"@id\":\"https:\/\/www.visit-ulcinj.com\/blog\/#\/schema\/person\/dcab619c614d3038751c63bc2aadc06d\",\"name\":\"ulqini\",\"sameAs\":[\"http:\/\/www.visit-ulcinj.com\"],\"url\":\"https:\/\/www.visit-ulcinj.com\/blog\/author\/admin\/\"}]}<\/script>\n<!-- \/ Yoast SEO plugin. -->","yoast_head_json":{"title":"Mbi k\u00ebshillin nacional shqiptar,K\u00ebshilli i segregacionit - Lajme nga Ulqini","robots":{"index":"index","follow":"follow","max-snippet":"max-snippet:-1","max-image-preview":"max-image-preview:large","max-video-preview":"max-video-preview:-1"},"canonical":"https:\/\/www.visit-ulcinj.com\/blog\/2008\/05\/29\/mbi-keshillin-nacional-shqiptarkeshilli-i-segregacionit\/","og_locale":"en_US","og_type":"article","og_title":"Mbi k\u00ebshillin nacional shqiptar,K\u00ebshilli i segregacionit - Lajme nga Ulqini","og_url":"https:\/\/www.visit-ulcinj.com\/blog\/2008\/05\/29\/mbi-keshillin-nacional-shqiptarkeshilli-i-segregacionit\/","og_site_name":"Lajme nga Ulqini","article_published_time":"2008-05-29T18:07:35+00:00","article_modified_time":"2008-06-02T16:34:05+00:00","og_image":[{"url":"http:\/\/www.shopzone.hhqc.com\/images\/BX2_Apartheid.jpg"}],"twitter_misc":{"Written by":"ulqini","Est. reading time":"8 minutes"},"schema":{"@context":"https:\/\/schema.org","@graph":[{"@type":"WebSite","@id":"https:\/\/www.visit-ulcinj.com\/blog\/#website","url":"https:\/\/www.visit-ulcinj.com\/blog\/","name":"Lajme nga Ulqini","description":"Lajme,Vijesti,Ulqini,Ulqin,Crna Gora,Mali i Zi","potentialAction":[{"@type":"SearchAction","target":{"@type":"EntryPoint","urlTemplate":"https:\/\/www.visit-ulcinj.com\/blog\/?s={search_term_string}"},"query-input":"required name=search_term_string"}],"inLanguage":"en-US"},{"@type":"ImageObject","inLanguage":"en-US","@id":"https:\/\/www.visit-ulcinj.com\/blog\/2008\/05\/29\/mbi-keshillin-nacional-shqiptarkeshilli-i-segregacionit\/#primaryimage","url":"http:\/\/www.shopzone.hhqc.com\/images\/BX2_Apartheid.jpg","contentUrl":"http:\/\/www.shopzone.hhqc.com\/images\/BX2_Apartheid.jpg"},{"@type":"WebPage","@id":"https:\/\/www.visit-ulcinj.com\/blog\/2008\/05\/29\/mbi-keshillin-nacional-shqiptarkeshilli-i-segregacionit\/#webpage","url":"https:\/\/www.visit-ulcinj.com\/blog\/2008\/05\/29\/mbi-keshillin-nacional-shqiptarkeshilli-i-segregacionit\/","name":"Mbi k\u00ebshillin nacional shqiptar,K\u00ebshilli i segregacionit - Lajme nga Ulqini","isPartOf":{"@id":"https:\/\/www.visit-ulcinj.com\/blog\/#website"},"primaryImageOfPage":{"@id":"https:\/\/www.visit-ulcinj.com\/blog\/2008\/05\/29\/mbi-keshillin-nacional-shqiptarkeshilli-i-segregacionit\/#primaryimage"},"datePublished":"2008-05-29T18:07:35+00:00","dateModified":"2008-06-02T16:34:05+00:00","author":{"@id":"https:\/\/www.visit-ulcinj.com\/blog\/#\/schema\/person\/dcab619c614d3038751c63bc2aadc06d"},"breadcrumb":{"@id":"https:\/\/www.visit-ulcinj.com\/blog\/2008\/05\/29\/mbi-keshillin-nacional-shqiptarkeshilli-i-segregacionit\/#breadcrumb"},"inLanguage":"en-US","potentialAction":[{"@type":"ReadAction","target":["https:\/\/www.visit-ulcinj.com\/blog\/2008\/05\/29\/mbi-keshillin-nacional-shqiptarkeshilli-i-segregacionit\/"]}]},{"@type":"BreadcrumbList","@id":"https:\/\/www.visit-ulcinj.com\/blog\/2008\/05\/29\/mbi-keshillin-nacional-shqiptarkeshilli-i-segregacionit\/#breadcrumb","itemListElement":[{"@type":"ListItem","position":1,"name":"Mbi k\u00ebshillin nacional shqiptar,K\u00ebshilli i segregacionit"}]},{"@type":"Person","@id":"https:\/\/www.visit-ulcinj.com\/blog\/#\/schema\/person\/dcab619c614d3038751c63bc2aadc06d","name":"ulqini","sameAs":["http:\/\/www.visit-ulcinj.com"],"url":"https:\/\/www.visit-ulcinj.com\/blog\/author\/admin\/"}]}},"jetpack_featured_media_url":"","jetpack_sharing_enabled":true,"jetpack_shortlink":"https:\/\/wp.me\/pe6lTn-sU","_links":{"self":[{"href":"https:\/\/www.visit-ulcinj.com\/blog\/wp-json\/wp\/v2\/posts\/1792"}],"collection":[{"href":"https:\/\/www.visit-ulcinj.com\/blog\/wp-json\/wp\/v2\/posts"}],"about":[{"href":"https:\/\/www.visit-ulcinj.com\/blog\/wp-json\/wp\/v2\/types\/post"}],"author":[{"embeddable":true,"href":"https:\/\/www.visit-ulcinj.com\/blog\/wp-json\/wp\/v2\/users\/1"}],"replies":[{"embeddable":true,"href":"https:\/\/www.visit-ulcinj.com\/blog\/wp-json\/wp\/v2\/comments?post=1792"}],"version-history":[{"count":0,"href":"https:\/\/www.visit-ulcinj.com\/blog\/wp-json\/wp\/v2\/posts\/1792\/revisions"}],"wp:attachment":[{"href":"https:\/\/www.visit-ulcinj.com\/blog\/wp-json\/wp\/v2\/media?parent=1792"}],"wp:term":[{"taxonomy":"category","embeddable":true,"href":"https:\/\/www.visit-ulcinj.com\/blog\/wp-json\/wp\/v2\/categories?post=1792"},{"taxonomy":"post_tag","embeddable":true,"href":"https:\/\/www.visit-ulcinj.com\/blog\/wp-json\/wp\/v2\/tags?post=1792"}],"curies":[{"name":"wp","href":"https:\/\/api.w.org\/{rel}","templated":true}]}}