{"id":17921,"date":"2009-04-14T17:58:20","date_gmt":"2009-04-14T15:58:20","guid":{"rendered":"http:\/\/www.visit-ulcinj.com\/blog\/?p=17921"},"modified":"2009-04-14T18:06:53","modified_gmt":"2009-04-14T16:06:53","slug":"koalicioni-shqiptar-%e2%80%9cperspektivavota-e-paster-dhe-e-ndergjegjshme","status":"publish","type":"post","link":"https:\/\/www.visit-ulcinj.com\/blog\/2009\/04\/14\/koalicioni-shqiptar-%e2%80%9cperspektivavota-e-paster-dhe-e-ndergjegjshme\/","title":{"rendered":"Koalicioni Shqiptar \u201cPerspektiva&#8221;Vota e past\u00ebr dhe e nd\u00ebrgjegjshme"},"content":{"rendered":"<p><a href=\"http:\/\/www.visit-ulcinj.com\/blog\/wp-content\/uploads\/2009\/03\/amir-hollaj-koalicioni-shqiptar-plotesoni-deshirenvoto-perspektiven.jpg\"><img loading=\"lazy\" class=\"alignleft size-full wp-image-16103\" title=\"amir-hollaj-koalicioni-shqiptar-plotesoni-deshirenvoto-perspektiven\" src=\"http:\/\/www.visit-ulcinj.com\/blog\/wp-content\/uploads\/2009\/03\/amir-hollaj-koalicioni-shqiptar-plotesoni-deshirenvoto-perspektiven.jpg\" alt=\"amir-hollaj-koalicioni-shqiptar-plotesoni-deshirenvoto-perspektiven\" width=\"463\" height=\"351\" srcset=\"https:\/\/www.visit-ulcinj.com\/blog\/wp-content\/uploads\/2009\/03\/amir-hollaj-koalicioni-shqiptar-plotesoni-deshirenvoto-perspektiven.jpg 463w, https:\/\/www.visit-ulcinj.com\/blog\/wp-content\/uploads\/2009\/03\/amir-hollaj-koalicioni-shqiptar-plotesoni-deshirenvoto-perspektiven-300x227.jpg 300w\" sizes=\"(max-width: 463px) 100vw, 463px\" \/><\/a>P\u00ebr fat t\u00eb keq, nj\u00eb pjes\u00eb e elektoratit ende nuk e ka t\u00eb qart\u00eb se ato investime momentale dhe provizore q\u00eb b\u00ebhen sa p\u00ebr sy e faqe,b\u00ebhen mu me djers\u00ebn dhe mundin e tyre. K\u00ebshtu ndodh q\u00eb votuesi me djers\u00ebn e vet shet t\u00eb drejt\u00ebn e vot\u00ebs s\u00eb lir\u00eb. Mendoj se \u00ebsht\u00eb nj\u00eb pap\u00ebrgjegj\u00ebsi e madhe e atij q\u00eb i prin k\u00ebsaj loje me elektorat dhe vullnetin e lir\u00eb t\u00eb vot\u00ebs. Prandaj disa prej \u201cfituesve\u201d n\u00eb k\u00ebto votime t\u00eb mos e ngren\u00eb kok\u00ebn lart sepse fitorja e tyre \u00ebsht\u00eb fitore e kanalizuar, e kusht\u00ebzuar dhe kurrsesi fitore e vot\u00ebs dhe vullnetit t\u00eb lir\u00eb t\u00eb votuesit.<br \/>\nDuke u nisur na fakti se n\u00eb trevat shqiptare n\u00eb Mal t\u00eb Zi vepron nj\u00eb num\u00ebr i madh i partive politike shqiptare n\u00eb krahasim me trupin zgjedhor, grupi i intelektual\u00ebve bashk\u00eb me qytetar\u00ebt e tjer\u00eb,p\u00ebrfaq\u00ebsuesit e BDSH dhe PPD vendos\u00ebn t\u00eb organizohen n\u00eb nj\u00eb formacion t\u00eb ri \u201cALEANCA E RE\u201d.Kjo skem\u00eb e p\u00ebr\u00e7ar\u00eb ishte m\u00eb s\u00eb shumti e theksuar n\u00eb trev\u00ebn e An\u00ebs s\u00eb Malit-Komuna e Ulqinit.Me nj\u00eb trup zgjedhor mbi 5000 votues t\u00eb cil\u00ebt me vite t\u00eb t\u00ebra votuan vet\u00ebm shqip, kjo trev\u00eb q\u00eb moti \u00ebsht\u00eb l\u00ebn\u00eb disi e pap\u00ebrfaq\u00ebsuar n\u00eb m\u00ebnyr\u00eb meritore.Kjo ndodhi p\u00ebr shkak t\u00eb cop\u00ebtimit t\u00eb vazhduesh\u00ebm t\u00eb trupit zgjedhor p\u00ebr t\u00eb vetmin q\u00ebllim q\u00eb individ\u00eb t\u00eb caktuar apo grupime t\u00eb vogla t`i realizojn\u00eb q\u00ebllimet e veta karieriste. Kjo nuk do koment sepse d\u00ebshmitar\u00eb \u00ebsht\u00eb vet\u00eb populli. Zhg\u00ebnjimi i votuesve arriti deri n\u00eb at\u00eb shkall\u00eb sa q\u00eb humbi arsyen dhe motivin p\u00ebr t\u00eb dalur n\u00eb zgjedhje. Mbeti vet\u00ebm nj\u00eb pjes\u00eb e vog\u00ebl e zgjedh\u00ebsve q\u00eb po manipulohen dita-dit\u00ebs p\u00ebrmes premtimeve boshe nga disa persona q\u00eb t\u00eb vetmen ide kan\u00eb arritjen e q\u00ebllimeve t\u00eb veta, ruajtjen e pozit\u00ebs dhe realizimin e t\u00eb mirave materiale.P\u00ebr fat t\u00eb keq po k\u00ebto persona po p\u00ebrkrahen materialisht nga instancat e ndryshme t\u00eb pushtetit.<br \/>\nP\u00ebr t\u00eb ndalur k\u00ebt\u00eb dukuri sa t\u00eb keqe aq edhe t\u00eb d\u00ebmshme p\u00ebr k\u00ebt\u00eb trev\u00eb, \u201cAleanca e Re\u201d ofroi nj\u00eb realitet t\u00eb ri-grumbullimin e votave rreth nj\u00eb kandidati t\u00eb ri p\u00ebr deputet, i cili n\u00eb m\u00ebnyr\u00eb dinjitoze do t\u00eb angazhohet p\u00ebr interesat e p\u00ebrgjithshme dhe afatgjat\u00eb t\u00eb k\u00ebsaj treve edhe m\u00eb gjer\u00eb. Parrulla \u201cT\u00eb gjith\u00eb s\u00ebbashku p\u00ebr deputetin e An\u00ebs s\u00eb Malit\u201d nuk ishte rast\u00ebsi por nevoj\u00eb e realitetit politik dhe vullnetit t\u00eb popullit.Duke u nisur nga ky paramet\u00ebr, jemi t\u00eb bindur se jemi n\u00eb rrug\u00eb t\u00eb drejt\u00eb, n\u00eb rrug\u00ebn e interesit t\u00eb p\u00ebrgjithsh\u00ebm t\u00eb shqip\u00ebtar\u00ebve, pa interesa personale dhe si shembull i mir\u00eb p\u00ebr nj\u00eb bashkim edhe m\u00eb t\u00eb gj\u00ebr\u00eb me epiqend\u00ebr interesin e p\u00ebrgjithsh\u00ebm t\u00eb shqip\u00ebtar\u00ebve n\u00eb Mal t\u00eb Zi.<br \/>\nPas zhurmave t\u00eb m\u00ebdha dhe mund\u00ebsive p\u00ebr koalicione t\u00eb ndryshme,q\u00eb me vite t\u00eb t\u00ebra imponohen nga t\u00eb nj\u00ebjtit persona,ndodhi ajo q\u00eb duhej t\u00eb ndodhte edhe m\u00eb par\u00eb-p\u00ebrfaq\u00ebsimi i shqiptar\u00ebve me 4 deputet\u00eb n\u00eb parlamentin republikan. P\u00ebr t\u00eb arritur deputetin e 4-t\u00eb kontribut t\u00eb madh dha Koalicioni Shqiptar \u201cPERSPEKTIVA\u201d. K\u00ebshtu dy iniciativa qytetar\u00ebsh \u201cAleanca e Re\u201d n\u00eb trev\u00ebn e An\u00ebs s\u00eb Malit dhe Ulqinit dhe Iniciativa Qytetare &#8220;nga Mal\u00ebsia brenda nj\u00eb kohe shum\u00eb t\u00eb shkurt\u00ebr arrit\u00ebn t\u00eb organizohen&#8221;, t\u00eb b\u00ebjn\u00eb koalicionin dhe t\u00eb korrin fitore n\u00eb zgjedhjet e 29 Marsit. Suksesi i k\u00ebtij kalicioni tregon se elektorati \u00ebsht\u00eb lodhur me repriza dhe retorika t\u00eb nj\u00ebjta, me premtime dhe deklarata t\u00eb thata, me karierist\u00eb t\u00eb pangopsh\u00ebm. Deputeti i Koalicionit shqiptar \u201cPERSPEKTIVA\u201d \u00ebsht\u00eb rezultat i vot\u00ebs s\u00eb past\u00ebr dhe qytetarit t\u00eb ndersh\u00ebm.<br \/>\nPreukopim kryesor p\u00ebr partit\u00eb e tjera shqiptare ishte sulmi i p\u00ebrqendruar ndaj Koalicionit Shqiptar \u201cPerspektiva\u201d.Si\u00e7 duket, ky koalicion ua prishi rehatin\u00eb disa t\u00eb ashtuquajturve lider\u00eb, sepse t\u00eb m\u00ebsuar me vite t\u00eb t\u00ebra n\u00eb kolltuqe t\u00eb nxehta pan\u00eb rrezikun e vet.Prandaj filluan loj\u00ebn me koalicionin e madh shqiptar p\u00ebr t\u00eb krijuar huti n\u00eb elektorat,nd\u00ebrsa q\u00ebllimi final i tyre ishte ruajtja e pozitave t\u00eb veta. Pasi kjo loj\u00eb patriotike e tyre p\u00ebrfundoi pa sukses (gj\u00eb q\u00eb pritej edhe m\u00eb par\u00eb), at\u00ebher\u00eb kaluan n\u00eb metod\u00ebn tjet\u00ebr po aq t\u00eb rrezikshme, sulmin dhe bllokimin e mundsh\u00ebm t\u00eb forcave t\u00eb reja politike.<br \/>\nDaljen n\u00eb sken\u00ebn politike t\u00eb \u201cAleanc\u00ebs s\u00eb Re\u201d forcat e amortizuara politike n\u00eb k\u00ebto treva e prit\u00ebn me nj\u00eb pez\u00ebm t\u00eb madh. Ato shkuan aq larg saq\u00eb na quajt\u00ebn getoist\u00eb, lokalist\u00eb e \u00e7kamos. Sigurisht se ata e dinin fort mir\u00eb se ne nuk ishim si ata q\u00eb me vite t\u00eb t\u00ebra sjellin v\u00ebrdall\u00eb fatin e popullit, por shfryt\u00ebzuan rastin q\u00eb mund\u00ebsisht sadopak t\u00eb pastrohen nga ato epitete n\u00eb t\u00eb cilat jan\u00eb zhytyr me vite e decenie t\u00eb t\u00ebra. P\u00ebr k\u00ebt\u00eb q\u00ebllim shryt\u00ebzuan t\u00ebr\u00eb arsenalin e fjalorit t\u00eb tyre demagogjik si dhe mjete t\u00eb m\u00ebdha materiale. Me keqardhje duhet p\u00ebrmendur se mu n\u00eb An\u00eb t\u00eb Malit p\u00ebrdor\u00ebn mjetet dhe mund\u00ebsit\u00eb m\u00eb t\u00eb ulta p\u00ebr ta gjunj\u00ebzuar votuesin. Nj\u00eb pjes\u00eb e votave t\u00eb k\u00ebsaj treve me t\u00eb v\u00ebrtet\u00eb u dhunua. Kjo dukuri fillon me pun\u00ebsimin e kusht\u00ebzuar, me mashtrimin e student\u00ebve, me kompenzim t\u00eb votave me drita, asfalt, \u00e7imento, zall etj. Kjo dukuri ka ndodhur edhe n\u00eb zgjedhjet e tjera por n\u00eb k\u00ebto votime ka marr\u00eb p\u00ebrmasa shqet\u00ebsuese. Shtrohet pyetja se kur do t\u00eb ndalet kjo dukuri sa e pandershme aq dhe komprometuese p\u00ebr ata q\u00eb me \u00e7do kusht duan t\u00eb arrijn\u00eb te votat. P\u00ebr fat t\u00eb keq, nj\u00eb pjes\u00eb e elektoratit ende nuk e ka t\u00eb qart\u00eb se ato investime momentale dhe provizore q\u00eb b\u00ebhen sa p\u00ebr sy e faqe, b\u00ebhen mu me djers\u00ebn dhe mundin e tyre. K\u00ebshtu ndodh q\u00eb votuesi me djers\u00ebn e vet shet t\u00eb drejt\u00ebn e vot\u00ebs s\u00eb lir\u00eb. Mendoj se \u00ebsht\u00eb nj\u00eb pap\u00ebrgjegj\u00ebsi e madhe e atij q\u00eb i prin k\u00ebsaj loje me elektorat dhe vullnetin e lir\u00eb t\u00eb vot\u00ebs. Prandaj disa prej \u201cfituesve\u201d n\u00eb k\u00ebto votime t\u00eb mos e ngren\u00eb kok\u00ebn lart\u00eb sepse fitorja e tyre \u00ebsht\u00eb fitore e kanalizuar, e kusht\u00ebzuar dhe kurrsesi fitore e vot\u00ebs dhe vullnetit t\u00eb lir\u00eb t\u00eb votuesit.<br \/>\nP\u00ebrkund\u00ebr k\u00ebsaj vota e \u201cAleanc\u00ebs s\u00eb Re\u201d, gjegj\u00ebsisht Koalicionit Shqip\u00ebtar \u201cPerspektiva\u201d \u00ebsht\u00eb vot\u00eb e past\u00ebr dhe e nd\u00ebrgjegj\u00ebshme e elektoratit ton\u00eb.Ne gjat\u00eb fushat\u00ebs votuesve u ofruam q\u00ebllimin e mir\u00eb, p\u00ebrgjegj\u00ebsin\u00eb e fjal\u00ebs s\u00eb dh\u00ebn\u00eb, ndershm\u00ebri dhe dinjitet. Ne arrit\u00ebm q\u00eb elektoratit t`ia ruajm\u00eb dhe kthejm\u00eb dinjitetin q\u00eb vota e tij\u00eb t\u00eb jet\u00eb e lir\u00eb dhe t\u00eb vendos\u00eb me mendjen dhe zemr\u00ebn e tij t\u00eb past\u00ebr.Vota e dh\u00ebn\u00eb Koalicionit Shqip\u00ebtar \u201cPERSPEKTIVA\u201d \u00ebsht\u00eb vota e interesit t\u00eb p\u00ebrgjithsh\u00ebm,vota e s\u00eb ardhmes.<\/p>\n<p><strong>Fehim Avdiu<br \/>\nKoha Javore<\/strong><\/p>\n<!--YouTube Error: bad URL entered-->\n","protected":false},"excerpt":{"rendered":"<p>P\u00ebr fat t\u00eb keq, nj\u00eb pjes\u00eb e elektoratit ende nuk e ka t\u00eb qart\u00eb se ato investime momentale dhe provizore q\u00eb b\u00ebhen sa p\u00ebr sy e faqe,b\u00ebhen mu me djers\u00ebn dhe mundin e tyre. K\u00ebshtu ndodh q\u00eb votuesi me djers\u00ebn e vet shet t\u00eb drejt\u00ebn e vot\u00ebs s\u00eb lir\u00eb. Mendoj se \u00ebsht\u00eb nj\u00eb pap\u00ebrgjegj\u00ebsi e [&hellip;]<\/p>\n","protected":false},"author":1,"featured_media":0,"comment_status":"open","ping_status":"closed","sticky":false,"template":"","format":"standard","meta":{"spay_email":"","jetpack_publicize_message":"","jetpack_is_tweetstorm":false,"jetpack_publicize_feature_enabled":true},"categories":[13],"tags":[9166,9167,95],"jetpack_publicize_connections":[],"yoast_head":"<!-- This site is optimized with the Yoast SEO plugin v19.1 - https:\/\/yoast.com\/wordpress\/plugins\/seo\/ -->\n<title>Koalicioni Shqiptar \u201cPerspektiva&quot;Vota e past\u00ebr dhe e nd\u00ebrgjegjshme - Lajme nga Ulqini<\/title>\n<meta name=\"description\" content=\"P\u00ebr fat t\u00eb keq, nj\u00eb pjes\u00eb e elektoratit ende nuk e ka t\u00eb qart\u00eb se ato investime momentale dhe provizore q\u00eb b\u00ebhen sa p\u00ebr sy e faqe,b\u00ebhen mu me djers\u00ebn dhe\" \/>\n<meta name=\"robots\" content=\"index, follow, max-snippet:-1, max-image-preview:large, max-video-preview:-1\" \/>\n<link rel=\"canonical\" href=\"https:\/\/www.visit-ulcinj.com\/blog\/2009\/04\/14\/koalicioni-shqiptar-\u201cperspektivavota-e-paster-dhe-e-ndergjegjshme\/\" \/>\n<meta property=\"og:locale\" content=\"en_US\" \/>\n<meta property=\"og:type\" content=\"article\" \/>\n<meta property=\"og:title\" content=\"Koalicioni Shqiptar \u201cPerspektiva&quot;Vota e past\u00ebr dhe e nd\u00ebrgjegjshme - Lajme nga Ulqini\" \/>\n<meta property=\"og:description\" content=\"P\u00ebr fat t\u00eb keq, nj\u00eb pjes\u00eb e elektoratit ende nuk e ka t\u00eb qart\u00eb se ato investime momentale dhe provizore q\u00eb b\u00ebhen sa p\u00ebr sy e faqe,b\u00ebhen mu me djers\u00ebn dhe\" \/>\n<meta property=\"og:url\" content=\"https:\/\/www.visit-ulcinj.com\/blog\/2009\/04\/14\/koalicioni-shqiptar-\u201cperspektivavota-e-paster-dhe-e-ndergjegjshme\/\" \/>\n<meta property=\"og:site_name\" content=\"Lajme nga Ulqini\" \/>\n<meta property=\"article:published_time\" content=\"2009-04-14T15:58:20+00:00\" \/>\n<meta property=\"article:modified_time\" content=\"2009-04-14T16:06:53+00:00\" \/>\n<meta property=\"og:image\" content=\"http:\/\/www.visit-ulcinj.com\/blog\/wp-content\/uploads\/2009\/03\/amir-hollaj-koalicioni-shqiptar-plotesoni-deshirenvoto-perspektiven.jpg\" \/>\n<meta name=\"twitter:label1\" content=\"Written by\" \/>\n\t<meta name=\"twitter:data1\" content=\"ulqini\" \/>\n\t<meta name=\"twitter:label2\" content=\"Est. reading time\" \/>\n\t<meta name=\"twitter:data2\" content=\"6 minutes\" \/>\n<script type=\"application\/ld+json\" class=\"yoast-schema-graph\">{\"@context\":\"https:\/\/schema.org\",\"@graph\":[{\"@type\":\"WebSite\",\"@id\":\"https:\/\/www.visit-ulcinj.com\/blog\/#website\",\"url\":\"https:\/\/www.visit-ulcinj.com\/blog\/\",\"name\":\"Lajme nga Ulqini\",\"description\":\"Lajme,Vijesti,Ulqini,Ulqin,Crna Gora,Mali i Zi\",\"potentialAction\":[{\"@type\":\"SearchAction\",\"target\":{\"@type\":\"EntryPoint\",\"urlTemplate\":\"https:\/\/www.visit-ulcinj.com\/blog\/?s={search_term_string}\"},\"query-input\":\"required name=search_term_string\"}],\"inLanguage\":\"en-US\"},{\"@type\":\"ImageObject\",\"inLanguage\":\"en-US\",\"@id\":\"https:\/\/www.visit-ulcinj.com\/blog\/2009\/04\/14\/koalicioni-shqiptar-%e2%80%9cperspektivavota-e-paster-dhe-e-ndergjegjshme\/#primaryimage\",\"url\":\"https:\/\/www.visit-ulcinj.com\/blog\/wp-content\/uploads\/2009\/03\/amir-hollaj-koalicioni-shqiptar-plotesoni-deshirenvoto-perspektiven.jpg\",\"contentUrl\":\"https:\/\/www.visit-ulcinj.com\/blog\/wp-content\/uploads\/2009\/03\/amir-hollaj-koalicioni-shqiptar-plotesoni-deshirenvoto-perspektiven.jpg\",\"width\":\"463\",\"height\":\"351\"},{\"@type\":\"WebPage\",\"@id\":\"https:\/\/www.visit-ulcinj.com\/blog\/2009\/04\/14\/koalicioni-shqiptar-%e2%80%9cperspektivavota-e-paster-dhe-e-ndergjegjshme\/#webpage\",\"url\":\"https:\/\/www.visit-ulcinj.com\/blog\/2009\/04\/14\/koalicioni-shqiptar-%e2%80%9cperspektivavota-e-paster-dhe-e-ndergjegjshme\/\",\"name\":\"Koalicioni Shqiptar \u201cPerspektiva\\\"Vota e past\u00ebr dhe e nd\u00ebrgjegjshme - Lajme nga Ulqini\",\"isPartOf\":{\"@id\":\"https:\/\/www.visit-ulcinj.com\/blog\/#website\"},\"primaryImageOfPage\":{\"@id\":\"https:\/\/www.visit-ulcinj.com\/blog\/2009\/04\/14\/koalicioni-shqiptar-%e2%80%9cperspektivavota-e-paster-dhe-e-ndergjegjshme\/#primaryimage\"},\"datePublished\":\"2009-04-14T15:58:20+00:00\",\"dateModified\":\"2009-04-14T16:06:53+00:00\",\"author\":{\"@id\":\"https:\/\/www.visit-ulcinj.com\/blog\/#\/schema\/person\/dcab619c614d3038751c63bc2aadc06d\"},\"description\":\"P\u00ebr fat t\u00eb keq, nj\u00eb pjes\u00eb e elektoratit ende nuk e ka t\u00eb qart\u00eb se ato investime momentale dhe provizore q\u00eb b\u00ebhen sa p\u00ebr sy e faqe,b\u00ebhen mu me djers\u00ebn dhe\",\"breadcrumb\":{\"@id\":\"https:\/\/www.visit-ulcinj.com\/blog\/2009\/04\/14\/koalicioni-shqiptar-%e2%80%9cperspektivavota-e-paster-dhe-e-ndergjegjshme\/#breadcrumb\"},\"inLanguage\":\"en-US\",\"potentialAction\":[{\"@type\":\"ReadAction\",\"target\":[\"https:\/\/www.visit-ulcinj.com\/blog\/2009\/04\/14\/koalicioni-shqiptar-%e2%80%9cperspektivavota-e-paster-dhe-e-ndergjegjshme\/\"]}]},{\"@type\":\"BreadcrumbList\",\"@id\":\"https:\/\/www.visit-ulcinj.com\/blog\/2009\/04\/14\/koalicioni-shqiptar-%e2%80%9cperspektivavota-e-paster-dhe-e-ndergjegjshme\/#breadcrumb\",\"itemListElement\":[{\"@type\":\"ListItem\",\"position\":1,\"name\":\"Koalicioni Shqiptar \u201cPerspektiva&#8221;Vota e past\u00ebr dhe e nd\u00ebrgjegjshme\"}]},{\"@type\":\"Person\",\"@id\":\"https:\/\/www.visit-ulcinj.com\/blog\/#\/schema\/person\/dcab619c614d3038751c63bc2aadc06d\",\"name\":\"ulqini\",\"sameAs\":[\"http:\/\/www.visit-ulcinj.com\"],\"url\":\"https:\/\/www.visit-ulcinj.com\/blog\/author\/admin\/\"}]}<\/script>\n<!-- \/ Yoast SEO plugin. -->","yoast_head_json":{"title":"Koalicioni Shqiptar \u201cPerspektiva\"Vota e past\u00ebr dhe e nd\u00ebrgjegjshme - Lajme nga Ulqini","description":"P\u00ebr fat t\u00eb keq, nj\u00eb pjes\u00eb e elektoratit ende nuk e ka t\u00eb qart\u00eb se ato investime momentale dhe provizore q\u00eb b\u00ebhen sa p\u00ebr sy e faqe,b\u00ebhen mu me djers\u00ebn dhe","robots":{"index":"index","follow":"follow","max-snippet":"max-snippet:-1","max-image-preview":"max-image-preview:large","max-video-preview":"max-video-preview:-1"},"canonical":"https:\/\/www.visit-ulcinj.com\/blog\/2009\/04\/14\/koalicioni-shqiptar-\u201cperspektivavota-e-paster-dhe-e-ndergjegjshme\/","og_locale":"en_US","og_type":"article","og_title":"Koalicioni Shqiptar \u201cPerspektiva\"Vota e past\u00ebr dhe e nd\u00ebrgjegjshme - Lajme nga Ulqini","og_description":"P\u00ebr fat t\u00eb keq, nj\u00eb pjes\u00eb e elektoratit ende nuk e ka t\u00eb qart\u00eb se ato investime momentale dhe provizore q\u00eb b\u00ebhen sa p\u00ebr sy e faqe,b\u00ebhen mu me djers\u00ebn dhe","og_url":"https:\/\/www.visit-ulcinj.com\/blog\/2009\/04\/14\/koalicioni-shqiptar-\u201cperspektivavota-e-paster-dhe-e-ndergjegjshme\/","og_site_name":"Lajme nga Ulqini","article_published_time":"2009-04-14T15:58:20+00:00","article_modified_time":"2009-04-14T16:06:53+00:00","og_image":[{"url":"http:\/\/www.visit-ulcinj.com\/blog\/wp-content\/uploads\/2009\/03\/amir-hollaj-koalicioni-shqiptar-plotesoni-deshirenvoto-perspektiven.jpg"}],"twitter_misc":{"Written by":"ulqini","Est. reading time":"6 minutes"},"schema":{"@context":"https:\/\/schema.org","@graph":[{"@type":"WebSite","@id":"https:\/\/www.visit-ulcinj.com\/blog\/#website","url":"https:\/\/www.visit-ulcinj.com\/blog\/","name":"Lajme nga Ulqini","description":"Lajme,Vijesti,Ulqini,Ulqin,Crna Gora,Mali i Zi","potentialAction":[{"@type":"SearchAction","target":{"@type":"EntryPoint","urlTemplate":"https:\/\/www.visit-ulcinj.com\/blog\/?s={search_term_string}"},"query-input":"required name=search_term_string"}],"inLanguage":"en-US"},{"@type":"ImageObject","inLanguage":"en-US","@id":"https:\/\/www.visit-ulcinj.com\/blog\/2009\/04\/14\/koalicioni-shqiptar-%e2%80%9cperspektivavota-e-paster-dhe-e-ndergjegjshme\/#primaryimage","url":"https:\/\/www.visit-ulcinj.com\/blog\/wp-content\/uploads\/2009\/03\/amir-hollaj-koalicioni-shqiptar-plotesoni-deshirenvoto-perspektiven.jpg","contentUrl":"https:\/\/www.visit-ulcinj.com\/blog\/wp-content\/uploads\/2009\/03\/amir-hollaj-koalicioni-shqiptar-plotesoni-deshirenvoto-perspektiven.jpg","width":"463","height":"351"},{"@type":"WebPage","@id":"https:\/\/www.visit-ulcinj.com\/blog\/2009\/04\/14\/koalicioni-shqiptar-%e2%80%9cperspektivavota-e-paster-dhe-e-ndergjegjshme\/#webpage","url":"https:\/\/www.visit-ulcinj.com\/blog\/2009\/04\/14\/koalicioni-shqiptar-%e2%80%9cperspektivavota-e-paster-dhe-e-ndergjegjshme\/","name":"Koalicioni Shqiptar \u201cPerspektiva\"Vota e past\u00ebr dhe e nd\u00ebrgjegjshme - Lajme nga Ulqini","isPartOf":{"@id":"https:\/\/www.visit-ulcinj.com\/blog\/#website"},"primaryImageOfPage":{"@id":"https:\/\/www.visit-ulcinj.com\/blog\/2009\/04\/14\/koalicioni-shqiptar-%e2%80%9cperspektivavota-e-paster-dhe-e-ndergjegjshme\/#primaryimage"},"datePublished":"2009-04-14T15:58:20+00:00","dateModified":"2009-04-14T16:06:53+00:00","author":{"@id":"https:\/\/www.visit-ulcinj.com\/blog\/#\/schema\/person\/dcab619c614d3038751c63bc2aadc06d"},"description":"P\u00ebr fat t\u00eb keq, nj\u00eb pjes\u00eb e elektoratit ende nuk e ka t\u00eb qart\u00eb se ato investime momentale dhe provizore q\u00eb b\u00ebhen sa p\u00ebr sy e faqe,b\u00ebhen mu me djers\u00ebn dhe","breadcrumb":{"@id":"https:\/\/www.visit-ulcinj.com\/blog\/2009\/04\/14\/koalicioni-shqiptar-%e2%80%9cperspektivavota-e-paster-dhe-e-ndergjegjshme\/#breadcrumb"},"inLanguage":"en-US","potentialAction":[{"@type":"ReadAction","target":["https:\/\/www.visit-ulcinj.com\/blog\/2009\/04\/14\/koalicioni-shqiptar-%e2%80%9cperspektivavota-e-paster-dhe-e-ndergjegjshme\/"]}]},{"@type":"BreadcrumbList","@id":"https:\/\/www.visit-ulcinj.com\/blog\/2009\/04\/14\/koalicioni-shqiptar-%e2%80%9cperspektivavota-e-paster-dhe-e-ndergjegjshme\/#breadcrumb","itemListElement":[{"@type":"ListItem","position":1,"name":"Koalicioni Shqiptar \u201cPerspektiva&#8221;Vota e past\u00ebr dhe e nd\u00ebrgjegjshme"}]},{"@type":"Person","@id":"https:\/\/www.visit-ulcinj.com\/blog\/#\/schema\/person\/dcab619c614d3038751c63bc2aadc06d","name":"ulqini","sameAs":["http:\/\/www.visit-ulcinj.com"],"url":"https:\/\/www.visit-ulcinj.com\/blog\/author\/admin\/"}]}},"jetpack_featured_media_url":"","jetpack_sharing_enabled":true,"jetpack_shortlink":"https:\/\/wp.me\/pe6lTn-4F3","_links":{"self":[{"href":"https:\/\/www.visit-ulcinj.com\/blog\/wp-json\/wp\/v2\/posts\/17921"}],"collection":[{"href":"https:\/\/www.visit-ulcinj.com\/blog\/wp-json\/wp\/v2\/posts"}],"about":[{"href":"https:\/\/www.visit-ulcinj.com\/blog\/wp-json\/wp\/v2\/types\/post"}],"author":[{"embeddable":true,"href":"https:\/\/www.visit-ulcinj.com\/blog\/wp-json\/wp\/v2\/users\/1"}],"replies":[{"embeddable":true,"href":"https:\/\/www.visit-ulcinj.com\/blog\/wp-json\/wp\/v2\/comments?post=17921"}],"version-history":[{"count":0,"href":"https:\/\/www.visit-ulcinj.com\/blog\/wp-json\/wp\/v2\/posts\/17921\/revisions"}],"wp:attachment":[{"href":"https:\/\/www.visit-ulcinj.com\/blog\/wp-json\/wp\/v2\/media?parent=17921"}],"wp:term":[{"taxonomy":"category","embeddable":true,"href":"https:\/\/www.visit-ulcinj.com\/blog\/wp-json\/wp\/v2\/categories?post=17921"},{"taxonomy":"post_tag","embeddable":true,"href":"https:\/\/www.visit-ulcinj.com\/blog\/wp-json\/wp\/v2\/tags?post=17921"}],"curies":[{"name":"wp","href":"https:\/\/api.w.org\/{rel}","templated":true}]}}