{"id":17925,"date":"2009-04-14T19:06:04","date_gmt":"2009-04-14T17:06:04","guid":{"rendered":"http:\/\/www.visit-ulcinj.com\/blog\/?p=17925"},"modified":"2009-09-30T08:55:04","modified_gmt":"2009-09-30T06:55:04","slug":"interviste-me-kengetaren-hana-cakuli-2","status":"publish","type":"post","link":"https:\/\/www.visit-ulcinj.com\/blog\/2009\/04\/14\/interviste-me-kengetaren-hana-cakuli-2\/","title":{"rendered":"Intervist\u00eb me k\u00ebng\u00ebtaren Hana Cakuli"},"content":{"rendered":"<p><strong><a href=\"http:\/\/www.visit-ulcinj.com\/blog\/wp-content\/uploads\/2009\/04\/hana-cakuli_ulqin_mali-i-zi3.jpg\"><img loading=\"lazy\" class=\"alignleft size-full wp-image-17926\" title=\"hana-cakuli_ulqin_mali-i-zi3\" src=\"http:\/\/www.visit-ulcinj.com\/blog\/wp-content\/uploads\/2009\/04\/hana-cakuli_ulqin_mali-i-zi3.jpg\" alt=\"hana-cakuli_ulqin_mali-i-zi3\" width=\"575\" height=\"400\" \/><\/a><\/strong><\/p>\n<p><strong>E madhe n\u00eb nj\u00eb vend t\u00eb vog\u00ebl<\/strong><\/p>\n<p>Nga ky vend i vog\u00ebl si\u00e7 \u00ebsht\u00eb Ulqini talent\u00ebt e artit dhe t\u00eb kultur\u00ebs nuk mund t\u00eb presin q\u00eb dicka t\u00eb jet\u00eb e p\u00ebrkrahur, e p\u00ebrfaq\u00ebsuar n\u00eb nivele m\u00eb t\u00eb larta dhe si mund\u00ebsi p\u00ebr t\u00eb ecur p\u00ebrpara pavar\u00ebsisht sa i kan\u00eb dh\u00ebn\u00eb qytetit t\u00eb tyre si ambasador\u00eb t\u00eb v\u00ebrtet\u00eb, por pasioni i tyre b\u00ebn q\u00eb ata t\u00eb jen\u00eb n\u00eb sken\u00eb, t\u00eb ken\u00eb p\u00ebrkrah\u00ebsit e tyre dhe ata ua din\u00eb emrat meq\u00eb kan\u00eb nj\u00eb axhend\u00eb shum\u00eb t\u00eb ngarkuar. Si em\u00ebr i njohur p\u00ebr artdash\u00ebsit e muzik\u00ebs n\u00eb t\u00eb gjitha trojet shqiptare \u00ebsht\u00eb edhe Hana Cakuli. Nj\u00eb vajz\u00eb e lindur n\u00eb qytetin e lasht\u00eb t\u00eb Ulqinit edhe pse n\u00eb mosh\u00eb t\u00eb re ( 20 vjet ), krahas m\u00ebsimit dhe studimeve zgjodhi muzik\u00ebn nga ku d\u00ebgjohet me \u00ebndje prej fansave t\u00eb saj. E re, por tashm\u00eb e njohur n\u00eb muzik\u00eb ajo i ka hedhur hapat e saj n\u00eb hap\u00ebsir\u00ebn gjith\u00ebshqiptare, duke sh\u00ebnuar k\u00ebshtu 7 vjet t\u00eb pun\u00ebs e t\u00eb aktivitetit muzikor. Q\u00eb nga paraqitja e par\u00eb e saj, kjo ulqinake e re shpejt u b\u00eb e njohur me shpirtin e saj t\u00eb but\u00eb e talent, duke mos u ndalur n\u00eb rrug\u00ebn e nisur, n\u00eb udh\u00ebn e bukur t\u00eb k\u00ebng\u00ebs. K\u00ebshtu paraqitja e saj n\u00eb sken\u00ebn e muzik\u00ebs si nj\u00eb artiste e v\u00ebrtet\u00eb b\u00ebri q\u00eb edhe qyteti i Ulqinit t\u00eb prezantohet kudo n\u00eb trojet shqiptare, me \u00e7ka d\u00ebshmoi se edhe k\u00ebtu ka talent\u00eb t\u00eb mir\u00ebfillt\u00eb p\u00ebr shum\u00eb fusha t\u00eb jet\u00ebs. Kjo \u00ebsht\u00eb ajo q\u00eb e b\u00ebn t\u00eb njohur Han\u00ebn, por edhe Ulqinin, me \u00e7ka k\u00ebng\u00ebt e saja mbeten p\u00ebrher\u00eb t\u00eb paharruara dhe vazhdojn\u00eb t\u00eb d\u00ebgjohen duartrokitjet frenetike t\u00eb spektator\u00ebve q\u00eb e shoq\u00ebrojn\u00eb kudo at\u00eb.<\/p>\n<p>Me nj\u00eb f\u00ebmij\u00ebri krejt ndryshe nga t\u00eb tjer\u00ebt fal\u00eb kushteve dhe p\u00ebrkrahjes q\u00eb i japin prind\u00ebrit, Hana diti t\u00eb mir\u00ebkuptojn\u00eb artdash\u00ebsit kur me k\u00ebng\u00ebt e saja e z\u00ebrin melodik arriti t\u00eb p\u00ebrveht\u00ebsoj\u00eb shum\u00eb adhurues kudo q\u00eb \u00ebsht\u00eb paraqitur. Duket se gjith\u00eb pun\u00ebn e saj n\u00eb muzik\u00eb e ka marr\u00eb p\u00ebrsip\u00ebr p\u00ebr ta b\u00ebr\u00eb vet\u00eb edhe pse ka nj\u00eb num\u00ebr p\u00ebrkrah\u00ebsish q\u00eb e mb\u00ebshtesin n\u00eb k\u00ebt\u00eb rrug\u00eb.<\/p>\n<p>Gjith\u00eb sharmin e vet Hana vazhdon ta ndjek\u00eb edhe n\u00eb realizimin e k\u00ebng\u00ebve t\u00eb saja, vazhdon t\u00eb jet\u00eb e pranishme kudo n\u00eb trojet shqiptare p\u00ebr t\u00eb dh\u00ebn\u00eb ate q\u00eb fansat e saj e k\u00ebrkojn\u00eb, thjesht\u00ebsin\u00eb, melodin\u00eb, shpirtin e saj t\u00eb \u00ebmb\u00ebl e z\u00ebrin e saj melodik.<\/p>\n<p><strong>Biografia-<\/strong><a href=\"http:\/\/www.visit-ulcinj.com\/blog\/wp-content\/uploads\/2009\/04\/hana-cakuli_ulqin_mali-i-zi1.jpg\"><img loading=\"lazy\" class=\"alignright size-full wp-image-17927\" title=\"hana-cakuli_ulqin_mali-i-zi1\" src=\"http:\/\/www.visit-ulcinj.com\/blog\/wp-content\/uploads\/2009\/04\/hana-cakuli_ulqin_mali-i-zi1.jpg\" alt=\"hana-cakuli_ulqin_mali-i-zi1\" width=\"195\" height=\"174\" \/><\/a><\/p>\n<p>Hana u lind m\u00eb 26 maj 1989, n\u00eb Ulqin,<\/p>\n<p>Kreu Shkoll\u00ebn Fillore \u201cMarshal Tito\u201d n\u00eb Ulqin, shkoll\u00ebn e mesme p\u00ebr tre vite n\u00eb Gjimnazin \u201cV\u00ebllaz\u00ebrin-Bashkim\u201d n\u00eb Ulqin, p\u00ebr t\u00eb vijuar vitin e fundit t\u00eb shkoll\u00ebs s\u00eb mesme \u201cSami Frash\u00ebri\u201d n\u00eb Prishtin\u00eb,<\/p>\n<p>Tani \u00ebsht\u00eb studente n\u00eb Universitetin Amerikan t\u00eb Kosov\u00ebs.(AUK).<\/p>\n<p><strong>Koha Javore:<\/strong> Kur ka filluar Hana t\u00eb merret me muzik\u00eb?<\/p>\n<p><strong>H. Cakuli:<\/strong> T\u00eb merrem me muzik\u00eb kam filluar n\u00eb mosh\u00ebn 13-vje\u00e7are. Se kam prirje p\u00ebr muzik\u00eb k\u00ebt\u00eb ma kan\u00eb hetuar s\u00eb pari profesor\u00ebt e muzik\u00ebs n\u00eb shkoll\u00eb ku zhvilloheshin gara t\u00eb k\u00ebndimit n\u00eb klas\u00eb. Kurse, momenti kur un\u00eb u zbulova realisht ishte nj\u00eb gar\u00eb n\u00eb nj\u00eb emision n\u00eb Radio Elita ku k\u00ebnga ime u shpall fituese dhe k\u00ebtu fillova karrier\u00ebn time.<\/p>\n<p><strong> <\/strong><\/p>\n<p><strong>Koha Javore:<\/strong> Kush Ju ndihmon p\u00ebr pjes\u00ebmarrje n\u00eb koncerte, nga i merr tekstet, me cilin kompozitor bash\u00ebpunon?<\/p>\n<p><strong>H. Cakuli:<\/strong> Deri tani kam punuar me kompozitor\u00ebt Armend Rexhepagiq, Florian Mumajesi, Genti Lako; me producent\u00ebt Ilir Osmani dhe Florent Boshnjaku. Tekstet n\u00eb t\u00eb shumt\u00ebn e rasteve m\u2019i kan\u00eb shkruar Aida Baraku, Kastro Zizo, Ardit Roshi etj. Ata q\u00eb m\u00eb kan\u00eb ndihmuar m\u00eb s\u00eb shumti p\u00ebr pjes\u00ebmarrje n\u00eb koncerte kan\u00eb qen\u00eb dhe jan\u00eb familja ime, si moralisht ashtu edhe p\u00ebr paraqitjen time.<\/p>\n<p><strong> <\/strong><\/p>\n<p><strong>Koha Javore: <\/strong>Po profesionalisht, kur \u00ebsht\u00eb paraqitur Hana p\u00ebr her\u00eb t\u00eb par\u00eb n\u00eb sken\u00ebn e muzik\u00ebs. Cilin lloj t\u00eb muzik\u00ebs e preferon?<\/p>\n<p><strong>H. Cakuli:<\/strong> N\u00ebse flasim profesionalisht dhe me nj\u00eb pjekuri t\u00eb z\u00ebrit, paraqitja ime e par\u00eb ishte n\u00eb Top Fest 3, ku jam paraqitur me k\u00ebng\u00ebn time \u201cNat\u00ebn kaloje me ne\u201d.<\/p>\n<p>Llojet e muzik\u00ebs q\u00eb m\u00eb p\u00eblqejn\u00eb jan\u00eb: Pop, Rock, Alternative, Soul, Jazz, Blues &#8230;<\/p>\n<p><a href=\"http:\/\/www.visit-ulcinj.com\/blog\/wp-content\/uploads\/2009\/04\/hana-cakuli_ulqin_mali-i-zi.jpg\"><img loading=\"lazy\" class=\"alignright size-full wp-image-17928\" title=\"hana-cakuli_ulqin_mali-i-zi\" src=\"http:\/\/www.visit-ulcinj.com\/blog\/wp-content\/uploads\/2009\/04\/hana-cakuli_ulqin_mali-i-zi.jpg\" alt=\"hana-cakuli_ulqin_mali-i-zi\" width=\"570\" height=\"333\" \/><\/a><\/p>\n<p><strong>Koha Javore:<\/strong> Ku jeni paraqitur deri m\u00eb tani?<\/p>\n<p><strong>H. Cakuli: <\/strong>Deri m\u00eb tani jam paraqitur n\u00eb Festivalet: Top Fest 3, 4 dhe 5, K\u00ebnga magjike 2007 dhe 2008, Video Fest 2008, si dhe n\u00eb garat republikane t\u00eb solo k\u00ebndimit n\u00eb Mal t\u00eb Zi, 2006.<\/p>\n<p><strong>Koha Javore:<\/strong> Cili \u00ebsht\u00eb suksesi i juaj m\u00eb i madh?<\/p>\n<p><strong>H. Cakuli:<\/strong> Ajo q\u00eb m\u00eb k\u00ebnaq\u00eb dhe m\u00eb b\u00ebn t\u00eb lumtur n\u00eb k\u00ebto momente \u00ebsht\u00eb arritja deri tek emocionet e publikut nga t\u00eb cil\u00ebt kam marr\u00eb komplimente dhe m\u00eb thon\u00eb se u p\u00eblqejn\u00eb k\u00ebng\u00ebt, z\u00ebri, tekstet dhe gj\u00ebrat e tjera n\u00eb p\u00ebrb\u00ebrjen time si k\u00ebng\u00ebtare.<\/p>\n<p><strong>Koha Javore:<\/strong> A i ka hedhur n\u00eb treg k\u00ebng\u00ebt e saja Hana?<\/p>\n<p><strong>H. Cakuli:<\/strong> K\u00ebng\u00ebt e mia jan\u00eb hedhur n\u00eb treg n\u00eb kompilacionet e Festivaleve Top Fest dhe K\u00ebnga magjike. Krahas k\u00ebsaj kam punuar edhe nj\u00eb CD me k\u00ebng\u00eb popullore t\u00eb orkestruar n\u00eb zhanrin jazz , nj\u00eb lancim ky i Koha TV t\u00eb Kosov\u00ebs me rastin e Vitit t\u00eb Ri 2008, ku isha pjes\u00eb e nj\u00eb kuarteti, bashk\u00eb me Flaka Krelanin, Yllka Kuqin e Fitore Gjonbal\u00ebn.<\/p>\n<p><a href=\"http:\/\/www.visit-ulcinj.com\/blog\/wp-content\/uploads\/2009\/04\/hana-cakuli_ulqin_mali-i-zi4.jpg\"><img loading=\"lazy\" class=\"alignright size-full wp-image-17929\" title=\"hana-cakuli_ulqin_mali-i-zi4\" src=\"http:\/\/www.visit-ulcinj.com\/blog\/wp-content\/uploads\/2009\/04\/hana-cakuli_ulqin_mali-i-zi4.jpg\" alt=\"hana-cakuli_ulqin_mali-i-zi4\" width=\"570\" height=\"300\" \/><\/a><\/p>\n<p><strong>Koha Javore:<\/strong> Cila \u00ebsht\u00eb k\u00ebnga q\u00eb i ka dh\u00ebn\u00eb em\u00ebr Han\u00ebs dhe \u00e7ka paraqet ajo p\u00ebr t\u00eb?<\/p>\n<p><strong>H. Cakuli: <\/strong>K\u00ebnga e cila m\u00eb ka ndihmuar t\u00eb njihem m\u00eb shum\u00eb, dhe mund t\u00eb them se i ka dh\u00ebn\u00eb vul\u00eb emrit tim, \u00ebsht\u00eb \u201c U sh\u00ebrova\u201d. Kjo k\u00ebng\u00eb p\u00ebr mua paraqet nj\u00eb k\u00ebnaq\u00ebsi dhe sukses t\u00eb ve\u00e7ant\u00eb p\u00ebr faktin se t\u00eb nj\u00ebjt\u00ebn e shijoj edhe sot e k\u00ebsaj dite.<\/p>\n<p><strong>Koha Javore:<\/strong> Do t\u00eb kishit d\u00ebshir\u00eb t\u00eb organizonit ndonj\u00eb spektak\u00ebl dhe ku?<\/p>\n<p><strong>H. Cakuli: <\/strong>Pse jo. Do ta b\u00ebja kudo, vet\u00ebm t\u00eb ishte nj\u00eb spektak\u00ebl serioz, me ide t\u00eb bukura dhe ekip profesional.<\/p>\n<p><strong> <\/strong><\/p>\n<p><strong><a href=\"http:\/\/www.visit-ulcinj.com\/blog\/wp-content\/uploads\/2009\/04\/hana-cakuli_ulqin_mali-i-zi5.jpg\"><img loading=\"lazy\" class=\"alignright size-full wp-image-17930\" title=\"hana-cakuli_ulqin_mali-i-zi5\" src=\"http:\/\/www.visit-ulcinj.com\/blog\/wp-content\/uploads\/2009\/04\/hana-cakuli_ulqin_mali-i-zi5.jpg\" alt=\"hana-cakuli_ulqin_mali-i-zi5\" width=\"300\" height=\"500\" \/><\/a>Koha Javore:<\/strong> Sa jeni e k\u00ebnaqur me publikun?<\/p>\n<p><strong>H. Cakuli: <\/strong>Jam jasht\u00ebzakonisht e k\u00ebnaqur. P\u00ebr k\u00ebto tre vite sa jam n\u00eb sken\u00ebn e estrad\u00ebs shqiptare m\u00eb p\u00eblqen reaksioni i tyre. Shpresoj t\u00eb vazhdojm\u00eb k\u00ebshtu.<\/p>\n<p><strong> <\/strong><\/p>\n<p><strong>Koha Javore:<\/strong> Si e ndjeni veten n\u00eb mesin e k\u00ebng\u00ebtar\u00ebve t\u00eb tjer\u00eb t\u00eb muzik\u00ebs shqiptare dhe k\u00eb do t\u00eb ve\u00e7onit?<\/p>\n<p><strong>H. Cakuli: <\/strong>Ndihem n\u00eb mesin tim. M\u00eb p\u00eblqen t\u00eb bisedoj me ta p\u00ebr t\u00eb shk\u00ebmbyer mendime s\u00eb bashku, sepse jan\u00eb ata q\u00eb m\u00eb kuptojn\u00eb m\u00eb s\u00eb miri n\u00eb t\u00eb shprehurit tim artistik, meq\u00eb edhe ata kalojn\u00eb n\u00ebp\u00ebr t\u00eb nj\u00ebjtat rrug\u00eb e sakrifica. Nuk di k\u00eb t\u00eb vecoj m\u00eb par\u00eb. Ka shum\u00eb &#8230;<\/p>\n<p><strong> <\/strong><\/p>\n<p><strong>Koha Javore: <\/strong>Jeni gjithmon\u00eb n\u00eb form\u00eb p\u00ebr t\u2019ju admiruar. Sa koh\u00eb t\u00eb kushton kjo?<\/p>\n<p><strong>H. Cakuli: <\/strong>Sigurisht se k\u00ebrkon koh\u00eb. P\u00ebr k\u00ebt\u00eb duhet rregull. Duhet kujdesur p\u00ebr vet\u00ebn, p\u00ebr p\u00ebrshtatjen e veshjes me k\u00ebng\u00ebn e cila gjithashtu k\u00ebrkon koh\u00eb p\u00ebr t\u2019u paraqitur n\u00eb m\u00ebnyr\u00ebn m\u00eb t\u00eb mir\u00eb para publikut.<\/p>\n<p><strong>Koha Javore:<\/strong> Jeni tri motra, gjithmon\u00eb t\u00eb veshura bukur. A konsultoheni me nj\u00ebra-tjetr\u00ebn?<\/p>\n<p><strong>H. Cakuli:<\/strong> Faleminderit. Po konsultohemi patjet\u00ebr. Motrat dhe n\u00ebna jan\u00eb ato me t\u00eb cilat k\u00ebshillohem p\u00ebr veshjet e mia n\u00eb sken\u00eb, por edhe p\u00ebr veshjen ton\u00eb n\u00eb p\u00ebrgjith\u00ebsi.<\/p>\n<p><strong>Koha Javore:<\/strong> Planet tuaja p\u00ebr t\u00eb ardhmen?<\/p>\n<p><strong>H. Cakuli:<\/strong> D\u00ebshiroj q\u00eb me pun\u00eb konstante t\u00eb vazhdoj t\u00eb prodhoj k\u00ebng\u00eb sa m\u00eb cil\u00ebsore p\u00ebr t\u00eb l\u00ebn\u00eb di\u00e7ka t\u00eb bukur n\u00eb muzik\u00ebn ton\u00eb.<\/p>\n<p>Quajeni si t\u00eb doni, por Hana Cakuli me eleganc\u00ebn, me k\u00ebng\u00ebt e veta ka pushtuar thuajse t\u00eb gjitha ekranet televizive, duke sfiduar t\u00eb gjith\u00eb, e sidomos ata q\u00eb nuk kan\u00eb besuar n\u00eb talentin e saj, nj\u00eb vajz\u00eb imcake q\u00eb nj\u00eb dit\u00eb do t\u00eb b\u00ebhet edhe m\u00eb e famshme. Ajo premton shum\u00eb.<\/p>\n<p><a title=\"hana cakuli\" href=\"http:\/\/www.visit-ulcinj.com\/blog\/2008\/12\/18\/hana-cakuli-prezanton-spotin-e-ri\/\" target=\"_blank\"><strong>Lexo m\u00eb shum\u00eb p\u00ebr Hana Cakulin<\/strong><\/a><\/p>\n<p><strong>Intervistoi Shaban Peraj<\/strong><\/p>\n<p><strong>Koha Javore<\/strong><\/p>\n<p><strong>\n\t\t<style type=\"text\/css\">\n\t\t\t#gallery-1 {\n\t\t\t\tmargin: auto;\n\t\t\t}\n\t\t\t#gallery-1 .gallery-item {\n\t\t\t\tfloat: left;\n\t\t\t\tmargin-top: 10px;\n\t\t\t\ttext-align: center;\n\t\t\t\twidth: 33%;\n\t\t\t}\n\t\t\t#gallery-1 img {\n\t\t\t\tborder: 2px solid #cfcfcf;\n\t\t\t}\n\t\t\t#gallery-1 .gallery-caption {\n\t\t\t\tmargin-left: 0;\n\t\t\t}\n\t\t\t\/* see gallery_shortcode() in wp-includes\/media.php *\/\n\t\t<\/style>\n\t\t<div id='gallery-1' class='gallery galleryid-17925 gallery-columns-3 gallery-size-thumbnail'><dl class='gallery-item'>\n\t\t\t<dt class='gallery-icon landscape'>\n\t\t\t\t<a href='https:\/\/www.visit-ulcinj.com\/blog\/wp-content\/uploads\/2009\/04\/hana-cakuli_ulqin_mali-i-zi3.jpg'><img width=\"150\" height=\"150\" src=\"https:\/\/www.visit-ulcinj.com\/blog\/wp-content\/uploads\/2009\/04\/hana-cakuli_ulqin_mali-i-zi3-150x150.jpg\" class=\"attachment-thumbnail size-thumbnail\" alt=\"\" loading=\"lazy\" \/><\/a>\n\t\t\t<\/dt><\/dl><dl class='gallery-item'>\n\t\t\t<dt class='gallery-icon landscape'>\n\t\t\t\t<a href='https:\/\/www.visit-ulcinj.com\/blog\/wp-content\/uploads\/2009\/04\/hana-cakuli_ulqin_mali-i-zi1.jpg'><img width=\"150\" height=\"150\" src=\"https:\/\/www.visit-ulcinj.com\/blog\/wp-content\/uploads\/2009\/04\/hana-cakuli_ulqin_mali-i-zi1.jpg\" class=\"attachment-thumbnail size-thumbnail\" alt=\"\" loading=\"lazy\" \/><\/a>\n\t\t\t<\/dt><\/dl><dl class='gallery-item'>\n\t\t\t<dt class='gallery-icon landscape'>\n\t\t\t\t<a href='https:\/\/www.visit-ulcinj.com\/blog\/wp-content\/uploads\/2009\/04\/hana-cakuli_ulqin_mali-i-zi.jpg'><img width=\"150\" height=\"150\" src=\"https:\/\/www.visit-ulcinj.com\/blog\/wp-content\/uploads\/2009\/04\/hana-cakuli_ulqin_mali-i-zi-150x150.jpg\" class=\"attachment-thumbnail size-thumbnail\" alt=\"\" loading=\"lazy\" \/><\/a>\n\t\t\t<\/dt><\/dl><br style=\"clear: both\" \/><dl class='gallery-item'>\n\t\t\t<dt class='gallery-icon landscape'>\n\t\t\t\t<a href='https:\/\/www.visit-ulcinj.com\/blog\/wp-content\/uploads\/2009\/04\/hana-cakuli_ulqin_mali-i-zi4.jpg'><img width=\"150\" height=\"150\" src=\"https:\/\/www.visit-ulcinj.com\/blog\/wp-content\/uploads\/2009\/04\/hana-cakuli_ulqin_mali-i-zi4-150x150.jpg\" class=\"attachment-thumbnail size-thumbnail\" alt=\"\" loading=\"lazy\" \/><\/a>\n\t\t\t<\/dt><\/dl><dl class='gallery-item'>\n\t\t\t<dt class='gallery-icon portrait'>\n\t\t\t\t<a href='https:\/\/www.visit-ulcinj.com\/blog\/wp-content\/uploads\/2009\/04\/hana-cakuli_ulqin_mali-i-zi5.jpg'><img width=\"150\" height=\"150\" src=\"https:\/\/www.visit-ulcinj.com\/blog\/wp-content\/uploads\/2009\/04\/hana-cakuli_ulqin_mali-i-zi5-150x150.jpg\" class=\"attachment-thumbnail size-thumbnail\" alt=\"\" loading=\"lazy\" \/><\/a>\n\t\t\t<\/dt><\/dl><dl class='gallery-item'>\n\t\t\t<dt class='gallery-icon portrait'>\n\t\t\t\t<a href='https:\/\/www.visit-ulcinj.com\/blog\/wp-content\/uploads\/2009\/04\/Hana-Cakuli.jpg'><img width=\"150\" height=\"150\" src=\"https:\/\/www.visit-ulcinj.com\/blog\/wp-content\/uploads\/2009\/04\/Hana-Cakuli-150x150.jpg\" class=\"attachment-thumbnail size-thumbnail\" alt=\"\" loading=\"lazy\" \/><\/a>\n\t\t\t<\/dt><\/dl><br style=\"clear: both\" \/><dl class='gallery-item'>\n\t\t\t<dt class='gallery-icon portrait'>\n\t\t\t\t<a href='https:\/\/www.visit-ulcinj.com\/blog\/wp-content\/uploads\/2009\/04\/Hana-Cakuli.1.jpg'><img width=\"150\" height=\"150\" src=\"https:\/\/www.visit-ulcinj.com\/blog\/wp-content\/uploads\/2009\/04\/Hana-Cakuli.1-150x150.jpg\" class=\"attachment-thumbnail size-thumbnail\" alt=\"\" loading=\"lazy\" \/><\/a>\n\t\t\t<\/dt><\/dl><dl class='gallery-item'>\n\t\t\t<dt class='gallery-icon portrait'>\n\t\t\t\t<a href='https:\/\/www.visit-ulcinj.com\/blog\/wp-content\/uploads\/2009\/04\/Hana-Cakuli.4.jpg'><img width=\"150\" height=\"150\" src=\"https:\/\/www.visit-ulcinj.com\/blog\/wp-content\/uploads\/2009\/04\/Hana-Cakuli.4-150x150.jpg\" class=\"attachment-thumbnail size-thumbnail\" alt=\"\" loading=\"lazy\" \/><\/a>\n\t\t\t<\/dt><\/dl><dl class='gallery-item'>\n\t\t\t<dt class='gallery-icon portrait'>\n\t\t\t\t<a href='https:\/\/www.visit-ulcinj.com\/blog\/wp-content\/uploads\/2009\/04\/Hana-Cakuli.5.jpg'><img width=\"150\" height=\"150\" src=\"https:\/\/www.visit-ulcinj.com\/blog\/wp-content\/uploads\/2009\/04\/Hana-Cakuli.5-150x150.jpg\" class=\"attachment-thumbnail size-thumbnail\" alt=\"\" loading=\"lazy\" \/><\/a>\n\t\t\t<\/dt><\/dl><br style=\"clear: both\" \/><dl class='gallery-item'>\n\t\t\t<dt class='gallery-icon landscape'>\n\t\t\t\t<a href='https:\/\/www.visit-ulcinj.com\/blog\/wp-content\/uploads\/2009\/04\/Hana-Cakuli.6.jpg'><img width=\"150\" height=\"150\" src=\"https:\/\/www.visit-ulcinj.com\/blog\/wp-content\/uploads\/2009\/04\/Hana-Cakuli.6-150x150.jpg\" class=\"attachment-thumbnail size-thumbnail\" alt=\"\" loading=\"lazy\" \/><\/a>\n\t\t\t<\/dt><\/dl><dl class='gallery-item'>\n\t\t\t<dt class='gallery-icon portrait'>\n\t\t\t\t<a href='https:\/\/www.visit-ulcinj.com\/blog\/wp-content\/uploads\/2009\/04\/Hana-Cakuli.7.jpg'><img width=\"150\" height=\"150\" src=\"https:\/\/www.visit-ulcinj.com\/blog\/wp-content\/uploads\/2009\/04\/Hana-Cakuli.7-150x150.jpg\" class=\"attachment-thumbnail size-thumbnail\" alt=\"\" loading=\"lazy\" \/><\/a>\n\t\t\t<\/dt><\/dl><dl class='gallery-item'>\n\t\t\t<dt class='gallery-icon portrait'>\n\t\t\t\t<a href='https:\/\/www.visit-ulcinj.com\/blog\/wp-content\/uploads\/2009\/04\/Hana-Cakuli.8.jpg'><img width=\"150\" height=\"150\" src=\"https:\/\/www.visit-ulcinj.com\/blog\/wp-content\/uploads\/2009\/04\/Hana-Cakuli.8-150x150.jpg\" class=\"attachment-thumbnail size-thumbnail\" alt=\"\" loading=\"lazy\" \/><\/a>\n\t\t\t<\/dt><\/dl><br style=\"clear: both\" \/><dl class='gallery-item'>\n\t\t\t<dt class='gallery-icon landscape'>\n\t\t\t\t<a href='https:\/\/www.visit-ulcinj.com\/blog\/wp-content\/uploads\/2009\/04\/Hana-Cakuli.9.jpg'><img width=\"150\" height=\"150\" src=\"https:\/\/www.visit-ulcinj.com\/blog\/wp-content\/uploads\/2009\/04\/Hana-Cakuli.9-150x150.jpg\" class=\"attachment-thumbnail size-thumbnail\" alt=\"\" loading=\"lazy\" \/><\/a>\n\t\t\t<\/dt><\/dl><dl class='gallery-item'>\n\t\t\t<dt class='gallery-icon landscape'>\n\t\t\t\t<a href='https:\/\/www.visit-ulcinj.com\/blog\/wp-content\/uploads\/2009\/04\/Hana-Cakuli.10.jpg'><img width=\"150\" height=\"150\" src=\"https:\/\/www.visit-ulcinj.com\/blog\/wp-content\/uploads\/2009\/04\/Hana-Cakuli.10-150x150.jpg\" class=\"attachment-thumbnail size-thumbnail\" alt=\"\" loading=\"lazy\" \/><\/a>\n\t\t\t<\/dt><\/dl><dl class='gallery-item'>\n\t\t\t<dt class='gallery-icon landscape'>\n\t\t\t\t<a href='https:\/\/www.visit-ulcinj.com\/blog\/wp-content\/uploads\/2009\/04\/Hana-Cakuli.12.jpg'><img width=\"150\" height=\"150\" src=\"https:\/\/www.visit-ulcinj.com\/blog\/wp-content\/uploads\/2009\/04\/Hana-Cakuli.12-150x150.jpg\" class=\"attachment-thumbnail size-thumbnail\" alt=\"\" loading=\"lazy\" \/><\/a>\n\t\t\t<\/dt><\/dl><br style=\"clear: both\" \/><dl class='gallery-item'>\n\t\t\t<dt class='gallery-icon landscape'>\n\t\t\t\t<a href='https:\/\/www.visit-ulcinj.com\/blog\/wp-content\/uploads\/2009\/04\/Hana-Cakuli.13.jpg'><img width=\"150\" height=\"150\" src=\"https:\/\/www.visit-ulcinj.com\/blog\/wp-content\/uploads\/2009\/04\/Hana-Cakuli.13-150x150.jpg\" class=\"attachment-thumbnail size-thumbnail\" alt=\"\" loading=\"lazy\" \/><\/a>\n\t\t\t<\/dt><\/dl><dl class='gallery-item'>\n\t\t\t<dt class='gallery-icon landscape'>\n\t\t\t\t<a href='https:\/\/www.visit-ulcinj.com\/blog\/wp-content\/uploads\/2009\/04\/Hana-Cakuli.14.jpg'><img width=\"150\" height=\"150\" src=\"https:\/\/www.visit-ulcinj.com\/blog\/wp-content\/uploads\/2009\/04\/Hana-Cakuli.14-150x150.jpg\" class=\"attachment-thumbnail size-thumbnail\" alt=\"\" loading=\"lazy\" \/><\/a>\n\t\t\t<\/dt><\/dl><dl class='gallery-item'>\n\t\t\t<dt class='gallery-icon landscape'>\n\t\t\t\t<a href='https:\/\/www.visit-ulcinj.com\/blog\/wp-content\/uploads\/2009\/04\/Hana-Cakuli.15.jpg'><img width=\"150\" height=\"150\" src=\"https:\/\/www.visit-ulcinj.com\/blog\/wp-content\/uploads\/2009\/04\/Hana-Cakuli.15-150x150.jpg\" class=\"attachment-thumbnail size-thumbnail\" alt=\"\" loading=\"lazy\" \/><\/a>\n\t\t\t<\/dt><\/dl><br style=\"clear: both\" \/><dl class='gallery-item'>\n\t\t\t<dt class='gallery-icon landscape'>\n\t\t\t\t<a href='https:\/\/www.visit-ulcinj.com\/blog\/wp-content\/uploads\/2009\/04\/Hana-Cakuli.16.jpg'><img width=\"150\" height=\"150\" src=\"https:\/\/www.visit-ulcinj.com\/blog\/wp-content\/uploads\/2009\/04\/Hana-Cakuli.16-150x150.jpg\" class=\"attachment-thumbnail size-thumbnail\" alt=\"\" loading=\"lazy\" \/><\/a>\n\t\t\t<\/dt><\/dl><dl class='gallery-item'>\n\t\t\t<dt class='gallery-icon landscape'>\n\t\t\t\t<a href='https:\/\/www.visit-ulcinj.com\/blog\/wp-content\/uploads\/2009\/04\/Hana-Cakuli.17.jpg'><img width=\"150\" height=\"150\" src=\"https:\/\/www.visit-ulcinj.com\/blog\/wp-content\/uploads\/2009\/04\/Hana-Cakuli.17-150x150.jpg\" class=\"attachment-thumbnail size-thumbnail\" alt=\"\" loading=\"lazy\" \/><\/a>\n\t\t\t<\/dt><\/dl><dl class='gallery-item'>\n\t\t\t<dt class='gallery-icon landscape'>\n\t\t\t\t<a href='https:\/\/www.visit-ulcinj.com\/blog\/wp-content\/uploads\/2009\/04\/Hana-Cakuli.18.jpg'><img width=\"150\" height=\"150\" src=\"https:\/\/www.visit-ulcinj.com\/blog\/wp-content\/uploads\/2009\/04\/Hana-Cakuli.18-150x150.jpg\" class=\"attachment-thumbnail size-thumbnail\" alt=\"\" loading=\"lazy\" \/><\/a>\n\t\t\t<\/dt><\/dl><br style=\"clear: both\" \/><dl class='gallery-item'>\n\t\t\t<dt class='gallery-icon landscape'>\n\t\t\t\t<a href='https:\/\/www.visit-ulcinj.com\/blog\/wp-content\/uploads\/2009\/04\/Hana-Cakuli.19.jpg'><img width=\"150\" height=\"150\" src=\"https:\/\/www.visit-ulcinj.com\/blog\/wp-content\/uploads\/2009\/04\/Hana-Cakuli.19-150x150.jpg\" class=\"attachment-thumbnail size-thumbnail\" alt=\"\" loading=\"lazy\" \/><\/a>\n\t\t\t<\/dt><\/dl><dl class='gallery-item'>\n\t\t\t<dt class='gallery-icon landscape'>\n\t\t\t\t<a href='https:\/\/www.visit-ulcinj.com\/blog\/wp-content\/uploads\/2009\/04\/Hana-Cakuli.20.jpg'><img width=\"150\" height=\"150\" src=\"https:\/\/www.visit-ulcinj.com\/blog\/wp-content\/uploads\/2009\/04\/Hana-Cakuli.20-150x150.jpg\" class=\"attachment-thumbnail size-thumbnail\" alt=\"\" loading=\"lazy\" \/><\/a>\n\t\t\t<\/dt><\/dl><dl class='gallery-item'>\n\t\t\t<dt class='gallery-icon portrait'>\n\t\t\t\t<a href='https:\/\/www.visit-ulcinj.com\/blog\/wp-content\/uploads\/2009\/04\/Hana-Cakuli.22.jpg'><img width=\"150\" height=\"150\" src=\"https:\/\/www.visit-ulcinj.com\/blog\/wp-content\/uploads\/2009\/04\/Hana-Cakuli.22-150x150.jpg\" class=\"attachment-thumbnail size-thumbnail\" alt=\"\" loading=\"lazy\" \/><\/a>\n\t\t\t<\/dt><\/dl><br style=\"clear: both\" \/><dl class='gallery-item'>\n\t\t\t<dt class='gallery-icon landscape'>\n\t\t\t\t<a href='https:\/\/www.visit-ulcinj.com\/blog\/wp-content\/uploads\/2009\/04\/Hana-Cakuli.23.jpg'><img width=\"150\" height=\"150\" src=\"https:\/\/www.visit-ulcinj.com\/blog\/wp-content\/uploads\/2009\/04\/Hana-Cakuli.23-150x150.jpg\" class=\"attachment-thumbnail size-thumbnail\" alt=\"\" loading=\"lazy\" \/><\/a>\n\t\t\t<\/dt><\/dl><dl class='gallery-item'>\n\t\t\t<dt class='gallery-icon landscape'>\n\t\t\t\t<a href='https:\/\/www.visit-ulcinj.com\/blog\/wp-content\/uploads\/2009\/04\/Hana-Cakuli.24.jpg'><img width=\"150\" height=\"150\" src=\"https:\/\/www.visit-ulcinj.com\/blog\/wp-content\/uploads\/2009\/04\/Hana-Cakuli.24-150x150.jpg\" class=\"attachment-thumbnail size-thumbnail\" alt=\"\" loading=\"lazy\" \/><\/a>\n\t\t\t<\/dt><\/dl>\n\t\t\t<br style='clear: both' \/>\n\t\t<\/div>\n<br \/>\n<\/strong><\/p>\n<p><!--YouTube Error: bad URL entered-->\n\t\t<style type=\"text\/css\">\n\t\t\t#gallery-2 {\n\t\t\t\tmargin: auto;\n\t\t\t}\n\t\t\t#gallery-2 .gallery-item {\n\t\t\t\tfloat: left;\n\t\t\t\tmargin-top: 10px;\n\t\t\t\ttext-align: center;\n\t\t\t\twidth: 33%;\n\t\t\t}\n\t\t\t#gallery-2 img {\n\t\t\t\tborder: 2px solid #cfcfcf;\n\t\t\t}\n\t\t\t#gallery-2 .gallery-caption {\n\t\t\t\tmargin-left: 0;\n\t\t\t}\n\t\t\t\/* see gallery_shortcode() in wp-includes\/media.php *\/\n\t\t<\/style>\n\t\t<div id='gallery-2' class='gallery galleryid-17925 gallery-columns-3 gallery-size-thumbnail'><dl class='gallery-item'>\n\t\t\t<dt class='gallery-icon landscape'>\n\t\t\t\t<a href='https:\/\/www.visit-ulcinj.com\/blog\/2009\/04\/14\/interviste-me-kengetaren-hana-cakuli-2\/hana-cakuli_ulqin_mali-i-zi3\/'><img width=\"150\" height=\"150\" src=\"https:\/\/www.visit-ulcinj.com\/blog\/wp-content\/uploads\/2009\/04\/hana-cakuli_ulqin_mali-i-zi3-150x150.jpg\" class=\"attachment-thumbnail size-thumbnail\" alt=\"\" loading=\"lazy\" \/><\/a>\n\t\t\t<\/dt><\/dl><dl class='gallery-item'>\n\t\t\t<dt class='gallery-icon landscape'>\n\t\t\t\t<a href='https:\/\/www.visit-ulcinj.com\/blog\/2009\/04\/14\/interviste-me-kengetaren-hana-cakuli-2\/hana-cakuli_ulqin_mali-i-zi1\/'><img width=\"150\" height=\"150\" src=\"https:\/\/www.visit-ulcinj.com\/blog\/wp-content\/uploads\/2009\/04\/hana-cakuli_ulqin_mali-i-zi1.jpg\" class=\"attachment-thumbnail size-thumbnail\" alt=\"\" loading=\"lazy\" \/><\/a>\n\t\t\t<\/dt><\/dl><dl class='gallery-item'>\n\t\t\t<dt class='gallery-icon landscape'>\n\t\t\t\t<a href='https:\/\/www.visit-ulcinj.com\/blog\/2009\/04\/14\/interviste-me-kengetaren-hana-cakuli-2\/hana-cakuli_ulqin_mali-i-zi\/'><img width=\"150\" height=\"150\" src=\"https:\/\/www.visit-ulcinj.com\/blog\/wp-content\/uploads\/2009\/04\/hana-cakuli_ulqin_mali-i-zi-150x150.jpg\" class=\"attachment-thumbnail size-thumbnail\" alt=\"\" loading=\"lazy\" \/><\/a>\n\t\t\t<\/dt><\/dl><br style=\"clear: both\" \/><dl class='gallery-item'>\n\t\t\t<dt class='gallery-icon landscape'>\n\t\t\t\t<a href='https:\/\/www.visit-ulcinj.com\/blog\/2009\/04\/14\/interviste-me-kengetaren-hana-cakuli-2\/hana-cakuli_ulqin_mali-i-zi4\/'><img width=\"150\" height=\"150\" src=\"https:\/\/www.visit-ulcinj.com\/blog\/wp-content\/uploads\/2009\/04\/hana-cakuli_ulqin_mali-i-zi4-150x150.jpg\" class=\"attachment-thumbnail size-thumbnail\" alt=\"\" loading=\"lazy\" \/><\/a>\n\t\t\t<\/dt><\/dl><dl class='gallery-item'>\n\t\t\t<dt class='gallery-icon portrait'>\n\t\t\t\t<a href='https:\/\/www.visit-ulcinj.com\/blog\/2009\/04\/14\/interviste-me-kengetaren-hana-cakuli-2\/hana-cakuli_ulqin_mali-i-zi5\/'><img width=\"150\" height=\"150\" src=\"https:\/\/www.visit-ulcinj.com\/blog\/wp-content\/uploads\/2009\/04\/hana-cakuli_ulqin_mali-i-zi5-150x150.jpg\" class=\"attachment-thumbnail size-thumbnail\" alt=\"\" loading=\"lazy\" \/><\/a>\n\t\t\t<\/dt><\/dl><dl class='gallery-item'>\n\t\t\t<dt class='gallery-icon portrait'>\n\t\t\t\t<a href='https:\/\/www.visit-ulcinj.com\/blog\/2009\/04\/14\/interviste-me-kengetaren-hana-cakuli-2\/hana-cakuli-3\/'><img width=\"150\" height=\"150\" src=\"https:\/\/www.visit-ulcinj.com\/blog\/wp-content\/uploads\/2009\/04\/Hana-Cakuli-150x150.jpg\" class=\"attachment-thumbnail size-thumbnail\" alt=\"\" loading=\"lazy\" \/><\/a>\n\t\t\t<\/dt><\/dl><br style=\"clear: both\" \/><dl class='gallery-item'>\n\t\t\t<dt class='gallery-icon portrait'>\n\t\t\t\t<a href='https:\/\/www.visit-ulcinj.com\/blog\/2009\/04\/14\/interviste-me-kengetaren-hana-cakuli-2\/hana-cakuli-1\/'><img width=\"150\" height=\"150\" src=\"https:\/\/www.visit-ulcinj.com\/blog\/wp-content\/uploads\/2009\/04\/Hana-Cakuli.1-150x150.jpg\" class=\"attachment-thumbnail size-thumbnail\" alt=\"\" loading=\"lazy\" \/><\/a>\n\t\t\t<\/dt><\/dl><dl class='gallery-item'>\n\t\t\t<dt class='gallery-icon portrait'>\n\t\t\t\t<a href='https:\/\/www.visit-ulcinj.com\/blog\/2009\/04\/14\/interviste-me-kengetaren-hana-cakuli-2\/hana-cakuli-4\/'><img width=\"150\" height=\"150\" src=\"https:\/\/www.visit-ulcinj.com\/blog\/wp-content\/uploads\/2009\/04\/Hana-Cakuli.4-150x150.jpg\" class=\"attachment-thumbnail size-thumbnail\" alt=\"\" loading=\"lazy\" \/><\/a>\n\t\t\t<\/dt><\/dl><dl class='gallery-item'>\n\t\t\t<dt class='gallery-icon portrait'>\n\t\t\t\t<a href='https:\/\/www.visit-ulcinj.com\/blog\/2009\/04\/14\/interviste-me-kengetaren-hana-cakuli-2\/hana-cakuli-5\/'><img width=\"150\" height=\"150\" src=\"https:\/\/www.visit-ulcinj.com\/blog\/wp-content\/uploads\/2009\/04\/Hana-Cakuli.5-150x150.jpg\" class=\"attachment-thumbnail size-thumbnail\" alt=\"\" loading=\"lazy\" \/><\/a>\n\t\t\t<\/dt><\/dl><br style=\"clear: both\" \/><dl class='gallery-item'>\n\t\t\t<dt class='gallery-icon landscape'>\n\t\t\t\t<a href='https:\/\/www.visit-ulcinj.com\/blog\/2009\/04\/14\/interviste-me-kengetaren-hana-cakuli-2\/hana-cakuli-6\/'><img width=\"150\" height=\"150\" src=\"https:\/\/www.visit-ulcinj.com\/blog\/wp-content\/uploads\/2009\/04\/Hana-Cakuli.6-150x150.jpg\" class=\"attachment-thumbnail size-thumbnail\" alt=\"\" loading=\"lazy\" \/><\/a>\n\t\t\t<\/dt><\/dl><dl class='gallery-item'>\n\t\t\t<dt class='gallery-icon portrait'>\n\t\t\t\t<a href='https:\/\/www.visit-ulcinj.com\/blog\/2009\/04\/14\/interviste-me-kengetaren-hana-cakuli-2\/hana-cakuli-7\/'><img width=\"150\" height=\"150\" src=\"https:\/\/www.visit-ulcinj.com\/blog\/wp-content\/uploads\/2009\/04\/Hana-Cakuli.7-150x150.jpg\" class=\"attachment-thumbnail size-thumbnail\" alt=\"\" loading=\"lazy\" \/><\/a>\n\t\t\t<\/dt><\/dl><dl class='gallery-item'>\n\t\t\t<dt class='gallery-icon portrait'>\n\t\t\t\t<a href='https:\/\/www.visit-ulcinj.com\/blog\/2009\/04\/14\/interviste-me-kengetaren-hana-cakuli-2\/hana-cakuli-8\/'><img width=\"150\" height=\"150\" src=\"https:\/\/www.visit-ulcinj.com\/blog\/wp-content\/uploads\/2009\/04\/Hana-Cakuli.8-150x150.jpg\" class=\"attachment-thumbnail size-thumbnail\" alt=\"\" loading=\"lazy\" \/><\/a>\n\t\t\t<\/dt><\/dl><br style=\"clear: both\" \/><dl class='gallery-item'>\n\t\t\t<dt class='gallery-icon landscape'>\n\t\t\t\t<a href='https:\/\/www.visit-ulcinj.com\/blog\/2009\/04\/14\/interviste-me-kengetaren-hana-cakuli-2\/hana-cakuli-9\/'><img width=\"150\" height=\"150\" src=\"https:\/\/www.visit-ulcinj.com\/blog\/wp-content\/uploads\/2009\/04\/Hana-Cakuli.9-150x150.jpg\" class=\"attachment-thumbnail size-thumbnail\" alt=\"\" loading=\"lazy\" \/><\/a>\n\t\t\t<\/dt><\/dl><dl class='gallery-item'>\n\t\t\t<dt class='gallery-icon landscape'>\n\t\t\t\t<a href='https:\/\/www.visit-ulcinj.com\/blog\/2009\/04\/14\/interviste-me-kengetaren-hana-cakuli-2\/hana-cakuli-10\/'><img width=\"150\" height=\"150\" src=\"https:\/\/www.visit-ulcinj.com\/blog\/wp-content\/uploads\/2009\/04\/Hana-Cakuli.10-150x150.jpg\" class=\"attachment-thumbnail size-thumbnail\" alt=\"\" loading=\"lazy\" \/><\/a>\n\t\t\t<\/dt><\/dl><dl class='gallery-item'>\n\t\t\t<dt class='gallery-icon landscape'>\n\t\t\t\t<a href='https:\/\/www.visit-ulcinj.com\/blog\/2009\/04\/14\/interviste-me-kengetaren-hana-cakuli-2\/hana-cakuli-12\/'><img width=\"150\" height=\"150\" src=\"https:\/\/www.visit-ulcinj.com\/blog\/wp-content\/uploads\/2009\/04\/Hana-Cakuli.12-150x150.jpg\" class=\"attachment-thumbnail size-thumbnail\" alt=\"\" loading=\"lazy\" \/><\/a>\n\t\t\t<\/dt><\/dl><br style=\"clear: both\" \/><dl class='gallery-item'>\n\t\t\t<dt class='gallery-icon landscape'>\n\t\t\t\t<a href='https:\/\/www.visit-ulcinj.com\/blog\/2009\/04\/14\/interviste-me-kengetaren-hana-cakuli-2\/hana-cakuli-13\/'><img width=\"150\" height=\"150\" src=\"https:\/\/www.visit-ulcinj.com\/blog\/wp-content\/uploads\/2009\/04\/Hana-Cakuli.13-150x150.jpg\" class=\"attachment-thumbnail size-thumbnail\" alt=\"\" loading=\"lazy\" \/><\/a>\n\t\t\t<\/dt><\/dl><dl class='gallery-item'>\n\t\t\t<dt class='gallery-icon landscape'>\n\t\t\t\t<a href='https:\/\/www.visit-ulcinj.com\/blog\/2009\/04\/14\/interviste-me-kengetaren-hana-cakuli-2\/hana-cakuli-14\/'><img width=\"150\" height=\"150\" src=\"https:\/\/www.visit-ulcinj.com\/blog\/wp-content\/uploads\/2009\/04\/Hana-Cakuli.14-150x150.jpg\" class=\"attachment-thumbnail size-thumbnail\" alt=\"\" loading=\"lazy\" \/><\/a>\n\t\t\t<\/dt><\/dl><dl class='gallery-item'>\n\t\t\t<dt class='gallery-icon landscape'>\n\t\t\t\t<a href='https:\/\/www.visit-ulcinj.com\/blog\/2009\/04\/14\/interviste-me-kengetaren-hana-cakuli-2\/hana-cakuli-15\/'><img width=\"150\" height=\"150\" src=\"https:\/\/www.visit-ulcinj.com\/blog\/wp-content\/uploads\/2009\/04\/Hana-Cakuli.15-150x150.jpg\" class=\"attachment-thumbnail size-thumbnail\" alt=\"\" loading=\"lazy\" \/><\/a>\n\t\t\t<\/dt><\/dl><br style=\"clear: both\" \/><dl class='gallery-item'>\n\t\t\t<dt class='gallery-icon landscape'>\n\t\t\t\t<a href='https:\/\/www.visit-ulcinj.com\/blog\/2009\/04\/14\/interviste-me-kengetaren-hana-cakuli-2\/hana-cakuli-16\/'><img width=\"150\" height=\"150\" src=\"https:\/\/www.visit-ulcinj.com\/blog\/wp-content\/uploads\/2009\/04\/Hana-Cakuli.16-150x150.jpg\" class=\"attachment-thumbnail size-thumbnail\" alt=\"\" loading=\"lazy\" \/><\/a>\n\t\t\t<\/dt><\/dl><dl class='gallery-item'>\n\t\t\t<dt class='gallery-icon landscape'>\n\t\t\t\t<a href='https:\/\/www.visit-ulcinj.com\/blog\/2009\/04\/14\/interviste-me-kengetaren-hana-cakuli-2\/hana-cakuli-17\/'><img width=\"150\" height=\"150\" src=\"https:\/\/www.visit-ulcinj.com\/blog\/wp-content\/uploads\/2009\/04\/Hana-Cakuli.17-150x150.jpg\" class=\"attachment-thumbnail size-thumbnail\" alt=\"\" loading=\"lazy\" \/><\/a>\n\t\t\t<\/dt><\/dl><dl class='gallery-item'>\n\t\t\t<dt class='gallery-icon landscape'>\n\t\t\t\t<a href='https:\/\/www.visit-ulcinj.com\/blog\/2009\/04\/14\/interviste-me-kengetaren-hana-cakuli-2\/hana-cakuli-18\/'><img width=\"150\" height=\"150\" src=\"https:\/\/www.visit-ulcinj.com\/blog\/wp-content\/uploads\/2009\/04\/Hana-Cakuli.18-150x150.jpg\" class=\"attachment-thumbnail size-thumbnail\" alt=\"\" loading=\"lazy\" \/><\/a>\n\t\t\t<\/dt><\/dl><br style=\"clear: both\" \/><dl class='gallery-item'>\n\t\t\t<dt class='gallery-icon landscape'>\n\t\t\t\t<a href='https:\/\/www.visit-ulcinj.com\/blog\/2009\/04\/14\/interviste-me-kengetaren-hana-cakuli-2\/hana-cakuli-19\/'><img width=\"150\" height=\"150\" src=\"https:\/\/www.visit-ulcinj.com\/blog\/wp-content\/uploads\/2009\/04\/Hana-Cakuli.19-150x150.jpg\" class=\"attachment-thumbnail size-thumbnail\" alt=\"\" loading=\"lazy\" \/><\/a>\n\t\t\t<\/dt><\/dl><dl class='gallery-item'>\n\t\t\t<dt class='gallery-icon landscape'>\n\t\t\t\t<a href='https:\/\/www.visit-ulcinj.com\/blog\/2009\/04\/14\/interviste-me-kengetaren-hana-cakuli-2\/hana-cakuli-20\/'><img width=\"150\" height=\"150\" src=\"https:\/\/www.visit-ulcinj.com\/blog\/wp-content\/uploads\/2009\/04\/Hana-Cakuli.20-150x150.jpg\" class=\"attachment-thumbnail size-thumbnail\" alt=\"\" loading=\"lazy\" \/><\/a>\n\t\t\t<\/dt><\/dl><dl class='gallery-item'>\n\t\t\t<dt class='gallery-icon portrait'>\n\t\t\t\t<a href='https:\/\/www.visit-ulcinj.com\/blog\/2009\/04\/14\/interviste-me-kengetaren-hana-cakuli-2\/hana-cakuli-22\/'><img width=\"150\" height=\"150\" src=\"https:\/\/www.visit-ulcinj.com\/blog\/wp-content\/uploads\/2009\/04\/Hana-Cakuli.22-150x150.jpg\" class=\"attachment-thumbnail size-thumbnail\" alt=\"\" loading=\"lazy\" \/><\/a>\n\t\t\t<\/dt><\/dl><br style=\"clear: both\" \/><dl class='gallery-item'>\n\t\t\t<dt class='gallery-icon landscape'>\n\t\t\t\t<a href='https:\/\/www.visit-ulcinj.com\/blog\/2009\/04\/14\/interviste-me-kengetaren-hana-cakuli-2\/hana-cakuli-23\/'><img width=\"150\" height=\"150\" src=\"https:\/\/www.visit-ulcinj.com\/blog\/wp-content\/uploads\/2009\/04\/Hana-Cakuli.23-150x150.jpg\" class=\"attachment-thumbnail size-thumbnail\" alt=\"\" loading=\"lazy\" \/><\/a>\n\t\t\t<\/dt><\/dl><dl class='gallery-item'>\n\t\t\t<dt class='gallery-icon landscape'>\n\t\t\t\t<a href='https:\/\/www.visit-ulcinj.com\/blog\/2009\/04\/14\/interviste-me-kengetaren-hana-cakuli-2\/hana-cakuli-24\/'><img width=\"150\" height=\"150\" src=\"https:\/\/www.visit-ulcinj.com\/blog\/wp-content\/uploads\/2009\/04\/Hana-Cakuli.24-150x150.jpg\" class=\"attachment-thumbnail size-thumbnail\" alt=\"\" loading=\"lazy\" \/><\/a>\n\t\t\t<\/dt><\/dl>\n\t\t\t<br style='clear: both' \/>\n\t\t<\/div>\n<\/p>\n","protected":false},"excerpt":{"rendered":"<p>E madhe n\u00eb nj\u00eb vend t\u00eb vog\u00ebl Nga ky vend i vog\u00ebl si\u00e7 \u00ebsht\u00eb Ulqini talent\u00ebt e artit dhe t\u00eb kultur\u00ebs nuk mund t\u00eb presin q\u00eb dicka t\u00eb jet\u00eb e p\u00ebrkrahur, e p\u00ebrfaq\u00ebsuar n\u00eb nivele m\u00eb t\u00eb larta dhe si mund\u00ebsi p\u00ebr t\u00eb ecur p\u00ebrpara pavar\u00ebsisht sa i kan\u00eb dh\u00ebn\u00eb qytetit t\u00eb tyre si ambasador\u00eb [&hellip;]<\/p>\n","protected":false},"author":1,"featured_media":0,"comment_status":"open","ping_status":"closed","sticky":false,"template":"","format":"standard","meta":{"spay_email":"","jetpack_publicize_message":"","jetpack_is_tweetstorm":false,"jetpack_publicize_feature_enabled":true},"categories":[1],"tags":[9169,9168],"jetpack_publicize_connections":[],"yoast_head":"<!-- This site is optimized with the Yoast SEO plugin v19.1 - https:\/\/yoast.com\/wordpress\/plugins\/seo\/ -->\n<title>Intervist\u00eb me k\u00ebng\u00ebtaren Hana Cakuli - Lajme nga Ulqini<\/title>\n<meta name=\"description\" content=\"E madhe n\u00eb nj\u00eb vend t\u00eb vog\u00ebl Nga ky vend i vog\u00ebl si\u00e7 \u00ebsht\u00eb Ulqini talent\u00ebt e artit dhe t\u00eb kultur\u00ebs nuk mund t\u00eb presin q\u00eb dicka t\u00eb jet\u00eb e p\u00ebrkrahur, e\" \/>\n<meta name=\"robots\" content=\"index, follow, max-snippet:-1, max-image-preview:large, max-video-preview:-1\" \/>\n<link rel=\"canonical\" href=\"https:\/\/www.visit-ulcinj.com\/blog\/2009\/04\/14\/interviste-me-kengetaren-hana-cakuli-2\/\" \/>\n<meta property=\"og:locale\" content=\"en_US\" \/>\n<meta property=\"og:type\" content=\"article\" \/>\n<meta property=\"og:title\" content=\"Intervist\u00eb me k\u00ebng\u00ebtaren Hana Cakuli - Lajme nga Ulqini\" \/>\n<meta property=\"og:description\" content=\"E madhe n\u00eb nj\u00eb vend t\u00eb vog\u00ebl Nga ky vend i vog\u00ebl si\u00e7 \u00ebsht\u00eb Ulqini talent\u00ebt e artit dhe t\u00eb kultur\u00ebs nuk mund t\u00eb presin q\u00eb dicka t\u00eb jet\u00eb e p\u00ebrkrahur, e\" \/>\n<meta property=\"og:url\" content=\"https:\/\/www.visit-ulcinj.com\/blog\/2009\/04\/14\/interviste-me-kengetaren-hana-cakuli-2\/\" \/>\n<meta property=\"og:site_name\" content=\"Lajme nga Ulqini\" \/>\n<meta property=\"article:published_time\" content=\"2009-04-14T17:06:04+00:00\" \/>\n<meta property=\"article:modified_time\" content=\"2009-09-30T06:55:04+00:00\" \/>\n<meta property=\"og:image\" content=\"https:\/\/www.visit-ulcinj.com\/blog\/wp-content\/uploads\/2009\/04\/hana-cakuli_ulqin_mali-i-zi3-150x150.jpg\" \/>\n<meta name=\"twitter:label1\" content=\"Written by\" \/>\n\t<meta name=\"twitter:data1\" content=\"ulqini\" \/>\n\t<meta name=\"twitter:label2\" content=\"Est. reading time\" \/>\n\t<meta name=\"twitter:data2\" content=\"7 minutes\" \/>\n<script type=\"application\/ld+json\" class=\"yoast-schema-graph\">{\"@context\":\"https:\/\/schema.org\",\"@graph\":[{\"@type\":\"WebSite\",\"@id\":\"https:\/\/www.visit-ulcinj.com\/blog\/#website\",\"url\":\"https:\/\/www.visit-ulcinj.com\/blog\/\",\"name\":\"Lajme nga Ulqini\",\"description\":\"Lajme,Vijesti,Ulqini,Ulqin,Crna Gora,Mali i Zi\",\"potentialAction\":[{\"@type\":\"SearchAction\",\"target\":{\"@type\":\"EntryPoint\",\"urlTemplate\":\"https:\/\/www.visit-ulcinj.com\/blog\/?s={search_term_string}\"},\"query-input\":\"required name=search_term_string\"}],\"inLanguage\":\"en-US\"},{\"@type\":\"ImageObject\",\"inLanguage\":\"en-US\",\"@id\":\"https:\/\/www.visit-ulcinj.com\/blog\/2009\/04\/14\/interviste-me-kengetaren-hana-cakuli-2\/#primaryimage\",\"url\":\"https:\/\/www.visit-ulcinj.com\/blog\/wp-content\/uploads\/2009\/04\/hana-cakuli_ulqin_mali-i-zi3.jpg\",\"contentUrl\":\"https:\/\/www.visit-ulcinj.com\/blog\/wp-content\/uploads\/2009\/04\/hana-cakuli_ulqin_mali-i-zi3.jpg\",\"width\":\"1024\",\"height\":\"565\"},{\"@type\":\"WebPage\",\"@id\":\"https:\/\/www.visit-ulcinj.com\/blog\/2009\/04\/14\/interviste-me-kengetaren-hana-cakuli-2\/#webpage\",\"url\":\"https:\/\/www.visit-ulcinj.com\/blog\/2009\/04\/14\/interviste-me-kengetaren-hana-cakuli-2\/\",\"name\":\"Intervist\u00eb me k\u00ebng\u00ebtaren Hana Cakuli - Lajme nga Ulqini\",\"isPartOf\":{\"@id\":\"https:\/\/www.visit-ulcinj.com\/blog\/#website\"},\"primaryImageOfPage\":{\"@id\":\"https:\/\/www.visit-ulcinj.com\/blog\/2009\/04\/14\/interviste-me-kengetaren-hana-cakuli-2\/#primaryimage\"},\"datePublished\":\"2009-04-14T17:06:04+00:00\",\"dateModified\":\"2009-09-30T06:55:04+00:00\",\"author\":{\"@id\":\"https:\/\/www.visit-ulcinj.com\/blog\/#\/schema\/person\/dcab619c614d3038751c63bc2aadc06d\"},\"description\":\"E madhe n\u00eb nj\u00eb vend t\u00eb vog\u00ebl Nga ky vend i vog\u00ebl si\u00e7 \u00ebsht\u00eb Ulqini talent\u00ebt e artit dhe t\u00eb kultur\u00ebs nuk mund t\u00eb presin q\u00eb dicka t\u00eb jet\u00eb e p\u00ebrkrahur, e\",\"breadcrumb\":{\"@id\":\"https:\/\/www.visit-ulcinj.com\/blog\/2009\/04\/14\/interviste-me-kengetaren-hana-cakuli-2\/#breadcrumb\"},\"inLanguage\":\"en-US\",\"potentialAction\":[{\"@type\":\"ReadAction\",\"target\":[\"https:\/\/www.visit-ulcinj.com\/blog\/2009\/04\/14\/interviste-me-kengetaren-hana-cakuli-2\/\"]}]},{\"@type\":\"BreadcrumbList\",\"@id\":\"https:\/\/www.visit-ulcinj.com\/blog\/2009\/04\/14\/interviste-me-kengetaren-hana-cakuli-2\/#breadcrumb\",\"itemListElement\":[{\"@type\":\"ListItem\",\"position\":1,\"name\":\"Intervist\u00eb me k\u00ebng\u00ebtaren Hana Cakuli\"}]},{\"@type\":\"Person\",\"@id\":\"https:\/\/www.visit-ulcinj.com\/blog\/#\/schema\/person\/dcab619c614d3038751c63bc2aadc06d\",\"name\":\"ulqini\",\"sameAs\":[\"http:\/\/www.visit-ulcinj.com\"],\"url\":\"https:\/\/www.visit-ulcinj.com\/blog\/author\/admin\/\"}]}<\/script>\n<!-- \/ Yoast SEO plugin. -->","yoast_head_json":{"title":"Intervist\u00eb me k\u00ebng\u00ebtaren Hana Cakuli - Lajme nga Ulqini","description":"E madhe n\u00eb nj\u00eb vend t\u00eb vog\u00ebl Nga ky vend i vog\u00ebl si\u00e7 \u00ebsht\u00eb Ulqini talent\u00ebt e artit dhe t\u00eb kultur\u00ebs nuk mund t\u00eb presin q\u00eb dicka t\u00eb jet\u00eb e p\u00ebrkrahur, e","robots":{"index":"index","follow":"follow","max-snippet":"max-snippet:-1","max-image-preview":"max-image-preview:large","max-video-preview":"max-video-preview:-1"},"canonical":"https:\/\/www.visit-ulcinj.com\/blog\/2009\/04\/14\/interviste-me-kengetaren-hana-cakuli-2\/","og_locale":"en_US","og_type":"article","og_title":"Intervist\u00eb me k\u00ebng\u00ebtaren Hana Cakuli - Lajme nga Ulqini","og_description":"E madhe n\u00eb nj\u00eb vend t\u00eb vog\u00ebl Nga ky vend i vog\u00ebl si\u00e7 \u00ebsht\u00eb Ulqini talent\u00ebt e artit dhe t\u00eb kultur\u00ebs nuk mund t\u00eb presin q\u00eb dicka t\u00eb jet\u00eb e p\u00ebrkrahur, e","og_url":"https:\/\/www.visit-ulcinj.com\/blog\/2009\/04\/14\/interviste-me-kengetaren-hana-cakuli-2\/","og_site_name":"Lajme nga Ulqini","article_published_time":"2009-04-14T17:06:04+00:00","article_modified_time":"2009-09-30T06:55:04+00:00","og_image":[{"url":"https:\/\/www.visit-ulcinj.com\/blog\/wp-content\/uploads\/2009\/04\/hana-cakuli_ulqin_mali-i-zi3-150x150.jpg"}],"twitter_misc":{"Written by":"ulqini","Est. reading time":"7 minutes"},"schema":{"@context":"https:\/\/schema.org","@graph":[{"@type":"WebSite","@id":"https:\/\/www.visit-ulcinj.com\/blog\/#website","url":"https:\/\/www.visit-ulcinj.com\/blog\/","name":"Lajme nga Ulqini","description":"Lajme,Vijesti,Ulqini,Ulqin,Crna Gora,Mali i Zi","potentialAction":[{"@type":"SearchAction","target":{"@type":"EntryPoint","urlTemplate":"https:\/\/www.visit-ulcinj.com\/blog\/?s={search_term_string}"},"query-input":"required name=search_term_string"}],"inLanguage":"en-US"},{"@type":"ImageObject","inLanguage":"en-US","@id":"https:\/\/www.visit-ulcinj.com\/blog\/2009\/04\/14\/interviste-me-kengetaren-hana-cakuli-2\/#primaryimage","url":"https:\/\/www.visit-ulcinj.com\/blog\/wp-content\/uploads\/2009\/04\/hana-cakuli_ulqin_mali-i-zi3.jpg","contentUrl":"https:\/\/www.visit-ulcinj.com\/blog\/wp-content\/uploads\/2009\/04\/hana-cakuli_ulqin_mali-i-zi3.jpg","width":"1024","height":"565"},{"@type":"WebPage","@id":"https:\/\/www.visit-ulcinj.com\/blog\/2009\/04\/14\/interviste-me-kengetaren-hana-cakuli-2\/#webpage","url":"https:\/\/www.visit-ulcinj.com\/blog\/2009\/04\/14\/interviste-me-kengetaren-hana-cakuli-2\/","name":"Intervist\u00eb me k\u00ebng\u00ebtaren Hana Cakuli - Lajme nga Ulqini","isPartOf":{"@id":"https:\/\/www.visit-ulcinj.com\/blog\/#website"},"primaryImageOfPage":{"@id":"https:\/\/www.visit-ulcinj.com\/blog\/2009\/04\/14\/interviste-me-kengetaren-hana-cakuli-2\/#primaryimage"},"datePublished":"2009-04-14T17:06:04+00:00","dateModified":"2009-09-30T06:55:04+00:00","author":{"@id":"https:\/\/www.visit-ulcinj.com\/blog\/#\/schema\/person\/dcab619c614d3038751c63bc2aadc06d"},"description":"E madhe n\u00eb nj\u00eb vend t\u00eb vog\u00ebl Nga ky vend i vog\u00ebl si\u00e7 \u00ebsht\u00eb Ulqini talent\u00ebt e artit dhe t\u00eb kultur\u00ebs nuk mund t\u00eb presin q\u00eb dicka t\u00eb jet\u00eb e p\u00ebrkrahur, e","breadcrumb":{"@id":"https:\/\/www.visit-ulcinj.com\/blog\/2009\/04\/14\/interviste-me-kengetaren-hana-cakuli-2\/#breadcrumb"},"inLanguage":"en-US","potentialAction":[{"@type":"ReadAction","target":["https:\/\/www.visit-ulcinj.com\/blog\/2009\/04\/14\/interviste-me-kengetaren-hana-cakuli-2\/"]}]},{"@type":"BreadcrumbList","@id":"https:\/\/www.visit-ulcinj.com\/blog\/2009\/04\/14\/interviste-me-kengetaren-hana-cakuli-2\/#breadcrumb","itemListElement":[{"@type":"ListItem","position":1,"name":"Intervist\u00eb me k\u00ebng\u00ebtaren Hana Cakuli"}]},{"@type":"Person","@id":"https:\/\/www.visit-ulcinj.com\/blog\/#\/schema\/person\/dcab619c614d3038751c63bc2aadc06d","name":"ulqini","sameAs":["http:\/\/www.visit-ulcinj.com"],"url":"https:\/\/www.visit-ulcinj.com\/blog\/author\/admin\/"}]}},"jetpack_featured_media_url":"","jetpack_sharing_enabled":true,"jetpack_shortlink":"https:\/\/wp.me\/pe6lTn-4F7","_links":{"self":[{"href":"https:\/\/www.visit-ulcinj.com\/blog\/wp-json\/wp\/v2\/posts\/17925"}],"collection":[{"href":"https:\/\/www.visit-ulcinj.com\/blog\/wp-json\/wp\/v2\/posts"}],"about":[{"href":"https:\/\/www.visit-ulcinj.com\/blog\/wp-json\/wp\/v2\/types\/post"}],"author":[{"embeddable":true,"href":"https:\/\/www.visit-ulcinj.com\/blog\/wp-json\/wp\/v2\/users\/1"}],"replies":[{"embeddable":true,"href":"https:\/\/www.visit-ulcinj.com\/blog\/wp-json\/wp\/v2\/comments?post=17925"}],"version-history":[{"count":0,"href":"https:\/\/www.visit-ulcinj.com\/blog\/wp-json\/wp\/v2\/posts\/17925\/revisions"}],"wp:attachment":[{"href":"https:\/\/www.visit-ulcinj.com\/blog\/wp-json\/wp\/v2\/media?parent=17925"}],"wp:term":[{"taxonomy":"category","embeddable":true,"href":"https:\/\/www.visit-ulcinj.com\/blog\/wp-json\/wp\/v2\/categories?post=17925"},{"taxonomy":"post_tag","embeddable":true,"href":"https:\/\/www.visit-ulcinj.com\/blog\/wp-json\/wp\/v2\/tags?post=17925"}],"curies":[{"name":"wp","href":"https:\/\/api.w.org\/{rel}","templated":true}]}}