{"id":17942,"date":"2009-04-14T20:40:03","date_gmt":"2009-04-14T18:40:03","guid":{"rendered":"http:\/\/www.visit-ulcinj.com\/blog\/?p=17942"},"modified":"2009-04-14T20:40:29","modified_gmt":"2009-04-14T18:40:29","slug":"ura-e-klleznes-monument-i-pambrojtur","status":"publish","type":"post","link":"https:\/\/www.visit-ulcinj.com\/blog\/2009\/04\/14\/ura-e-klleznes-monument-i-pambrojtur\/","title":{"rendered":"Ura e Kllezn\u00ebs, monument i pambrojtur"},"content":{"rendered":"<p><a href=\"http:\/\/www.visit-ulcinj.com\/blog\/wp-content\/uploads\/2009\/04\/ura-e-klleznes_ulqin_mali-i-zi.jpg\"><img loading=\"lazy\" class=\"alignleft size-full wp-image-17943\" title=\"ura-e-klleznes_ulqin_mali-i-zi\" src=\"http:\/\/www.visit-ulcinj.com\/blog\/wp-content\/uploads\/2009\/04\/ura-e-klleznes_ulqin_mali-i-zi.jpg\" alt=\"ura-e-klleznes_ulqin_mali-i-zi\" width=\"570\" height=\"330\" \/><\/a>N\u00eb \u00e7do mjedis t\u00eb qytet\u00ebruar, nj\u00eb monument kulture, si\u00e7 \u00ebsht\u00eb Ura e Kllezn\u00ebs, jo vet\u00ebm se do t\u00eb mbrohej me ligj, por vazhdimisht do t\u00eb kishte mbikqyrje nga ekspert\u00ebt p\u00ebrkat\u00ebs p\u00ebr ta mir\u00ebmbajtur duke mos lejuar q\u00eb t\u00eb humbuin vlerat arkitektonike dhe artistike, sepse monumentet jan\u00eb historia e nj\u00eb mjedisi<br \/>\nNga koh\u00ebrat m\u00eb t\u00eb hershme e deri n\u00eb dit\u00ebt tona n\u00eb mjedise t\u00eb caktura, n\u00eb saj\u00eb t\u00eb pengesave t\u00eb rrjedhave ujore p\u00ebr qarkullim dhe komunikim jan\u00eb nd\u00ebrtuar ura t\u00eb ndryshme, t\u00eb cilat me kalimin e koh\u00ebs me t\u00eb drejt\u00eb jan\u00eb quajtur vepra t\u00eb artit.N\u00eb k\u00ebt\u00eb aspekt n\u00eb t\u00eb kaluar\u00ebn edhe n\u00eb An\u00eb t\u00eb Malit jan\u00eb nd\u00ebrtuar nj\u00eb num\u00ebr i konsideruesh\u00ebm urash t\u00eb cilat kan\u00eb mund\u00ebsuar qarkullimin pa pengesa t\u00eb udh\u00ebtar\u00ebve. Ne k\u00ebt\u00eb aspekt ura m\u00eb e njohur n\u00eb k\u00ebt\u00eb mjedis \u00ebsht\u00eb ura e nd\u00ebrtuar n\u00eb fshatin Kllez\u00ebn, q\u00eb m\u00eb t\u00eb drejt\u00eb mund ta quajm\u00eb monumentin m\u00eb impozant t\u00eb k\u00ebsaj natyre jo vet\u00ebm n\u00eb k\u00ebt\u00eb mjedis por edhe m\u00eb gj\u00ebr\u00eb.<\/p>\n<p><strong>Ur\u00eb mesjetare me vlera arkitektonike<\/strong><\/p>\n<p>Ura e Kllezn\u00ebs \u00ebsht\u00eb ur\u00eb guri mbi p\u00ebrroin e Megjyre\u00e7it, e nd\u00ebrtuar ne vitin 1696, n\u00eb Kllezn\u00ebn e Nalt\u00eb(komuna e Ulqinit).Ajo ka k\u00ebto dimensione:gjat\u00ebsi 12m, gjer\u00ebsi 3,60m, lart\u00ebsia nga fundi i p\u00ebrroit 9,26m, trash\u00ebsia e gur\u00ebve te \u00e7\u00ebl\u00ebsi 0,80m.N\u00eb lidhje me nd\u00ebrtimin e k\u00ebsaj ure ekziston nj\u00eb rr\u00ebfim interesant q\u00eb \u00ebsht\u00eb p\u00ebrcjellur nga nj\u00ebri brez n\u00eb tjetrin deri n\u00eb dit\u00ebt tona. Thuhet se mjeshtri i cili e ka nd\u00ebrtuar k\u00ebt\u00eb ur\u00eb ka qen\u00eb dibran.Atij i \u00ebsht\u00eb ofruar nj\u00eb pun\u00eb e till\u00eb nga banor\u00ebt e k\u00ebtij fshati m\u00eb par\u00eb, por pasi ai ka ardhur dhe ka par\u00eb vendin, ka th\u00ebn\u00eb se g\u00eblqerja e cila do t\u00eb p\u00ebrdoret p\u00ebr nd\u00ebrtim duhet t\u00eb q\u00ebndroj\u00eb n\u00eb grop\u00eb 15 vjet.Ai ka dh\u00ebn\u00eb premtimin se pas 15 vit\u00ebve do t\u00ebparaqitet p\u00ebrs\u00ebri dhe do ta nd\u00ebrtoj\u00eb k\u00ebt\u00eb objekt. Dhe pik\u00ebrisht pas 15 vjet\u00ebve ka ardhur mjeshtri dibrani s\u00eb bashku me nj\u00eb pun\u00ebtor tjet\u00ebr dhe e kan\u00eb nd\u00ebrtuar k\u00ebt\u00eb ur\u00eb. Me t\u00eb nd\u00ebrtuar ur\u00ebn mjeshtri \u00ebsht\u00eb vrar\u00eb dhe \u00ebsht\u00eb varrosur n\u00eb af\u00ebrsi t\u00eb xhamis\u00eb, ku edhe sot ekziston varri.Thuhet se at\u00eb e ka vrar\u00eb p\u00ebr motive t\u00eb dob\u00ebta ish pun\u00ebtori i tij. Kjo ur\u00eb edhe pse \u00ebsht\u00eb monument kulture unik jo vet\u00ebm n\u00eb An\u00eb t\u00eb Malit por edhe p\u00ebr t\u00ebr\u00eb Komun\u00ebn e Ulqinit, nuk e ka trajtimin e monumentit me mbrojtje ligjore.<\/p>\n<p><a href=\"http:\/\/www.visit-ulcinj.com\/blog\/wp-content\/uploads\/2009\/04\/ura-e-klleznes_ulqin_mali-i-zi1.jpg\"><img loading=\"lazy\" class=\"alignleft size-full wp-image-17944\" title=\"ura-e-klleznes_ulqin_mali-i-zi1\" src=\"http:\/\/www.visit-ulcinj.com\/blog\/wp-content\/uploads\/2009\/04\/ura-e-klleznes_ulqin_mali-i-zi1.jpg\" alt=\"ura-e-klleznes_ulqin_mali-i-zi1\" width=\"340\" height=\"452\" srcset=\"https:\/\/www.visit-ulcinj.com\/blog\/wp-content\/uploads\/2009\/04\/ura-e-klleznes_ulqin_mali-i-zi1.jpg 263w, https:\/\/www.visit-ulcinj.com\/blog\/wp-content\/uploads\/2009\/04\/ura-e-klleznes_ulqin_mali-i-zi1-225x300.jpg 225w\" sizes=\"(max-width: 340px) 100vw, 340px\" \/><\/a><br \/>\n<strong>Monument pa mbrojtje ligjore<\/strong><\/p>\n<p>Nep\u00ebr k\u00ebt\u00eb ur\u00eb q\u00eb nga nd\u00ebrtimi i saj kan\u00eb qarkulluar banor\u00ebt e Kllezn\u00ebs, por edhe t\u00eb tjer\u00eb t\u00eb cil\u00ebt kan\u00eb udh\u00ebtuar nga kjo an\u00eb p\u00ebr n\u00eb Ulqin e gjetiu. Nd\u00ebrsa me rastin e nd\u00ebrtimit t\u00eb rrug\u00ebs Ulqin-Kryth\u00eb n\u00eb vitin 1954, pran\u00eb k\u00ebsaj ure \u00ebsht\u00eb nd\u00ebrtuar ura e re p\u00ebr qarkullim t\u00eb mjeteve t\u00eb komunikacionit, dhe nga ajo koh\u00eb ura e vjet\u00ebr humbi vlerat e m\u00ebparshme duke u b\u00ebr\u00eb dyt\u00ebsore.<br \/>\nN\u00eb at\u00eb gjendje q\u00eb ishte nga koha e nd\u00ebrtimit nuk \u00ebsht\u00eb b\u00ebr\u00eb ndonj\u00eb intervenim apo restaurim i saj, nd\u00ebrsa n\u00eb vitin 1982 ajo p\u00ebsoi goditje sepse mbi t\u00eb u vendos\u00ebn gypat e uj\u00ebsjell\u00ebsit t\u00eb Mill\u00ebs. Ata jan\u00eb vendosur pasi jan\u00eb hequr gur\u00ebt duke krijuar kanalin p\u00ebrkat\u00ebs. Ndodhi mrekullia sepse ura nuk p\u00ebsoi d\u00ebme t\u00eb konsiderueshme, edhe pse nj\u00eb gj\u00eb e till\u00eb ka mundur t\u00eb ndodh\u00eb n\u00eb \u00e7do moment.<br \/>\nPo t\u00eb kishte pasur trajtimin e monumentit t\u00eb kultur\u00ebs, kuptohet t\u00eb mbrojtur m\u00eb ligj, nj\u00eb gj\u00eb e till\u00eb nuk do t\u00eb kishte ndodhur. Por, as tash nuk \u00ebsht\u00eb von\u00eb t\u00eb ndreqet nj\u00eb gabim i till\u00eb, i b\u00ebr\u00eb dekada m\u00eb par\u00eb. Sepse, n\u00ebse di\u00e7ka t\u00eb till\u00eb e ka lejuar nj\u00eb pushtet vendor n\u00eb nj\u00eb koh\u00eb e sistem ideologjik tjet\u00ebr, tash ekzistojn\u00eb t\u00eb gjitha gjasat qe ai d\u00ebshtim i b\u00ebr\u00eb dekada m\u00eb par\u00eb ndaj nj\u00eb monumenti t\u00eb kultur\u00ebs p\u00ebrfundimisht t\u00eb p\u00ebrmir\u00ebsohet.<\/p>\n<p><strong>Monument unik jo vet\u00ebm p\u00ebr An\u00ebn e Malit<\/strong><\/p>\n<p>Duke marr\u00eb shembuj nga mjedise dhe popuj t\u00eb ndrysh\u00ebm q\u00eb n\u00eb k\u00ebt\u00eb aspekt kan\u00eb p\u00ebrvoj\u00eb t\u00eb madhe sepse i vler\u00ebsojn\u00eb monumentet kulturore, \u00ebsht\u00eb e udh\u00ebs q\u00eb edhe pushteti vendor i Ulqinit t\u00eb marr\u00eb iniciativ\u00eb q\u00eb Ura e Kllezn\u00ebs si monument kulture t\u00eb evidencohet n\u00eb regjistrin e monumenteve t\u00eb kultur\u00ebs dhe si e till\u00eb te k\u00ebt\u00eb mbrojtje ligjore.<br \/>\nVet\u00ebm n\u00eb k\u00ebt\u00eb m\u00ebnyr\u00eb do t\u00eb d\u00ebshmonim n\u00eb praktik\u00eb se d\u00ebshirojm\u00eb t\u00eb ruajm\u00eb dhe t\u00eb p\u00ebrkujdesimi edhe p\u00ebr k\u00ebto pak monumente t\u00eb cilat ekzistojn\u00eb n\u00eb mjedisin ton\u00eb. Jo vet\u00ebm kaq, por p\u00ebr monumente t\u00eb tilla duhet t\u00eb ndahen mjete materiale n\u00eb m\u00ebnyr\u00eb q\u00eb restaurimi dhe mir\u00ebmbajtja e tyre t\u00eb mos paraqes\u00eb penges\u00eb par\u00ebsore.Me nj\u00eb fjal\u00eb, \u00ebsht\u00eb koha e fundit q\u00eb pushteti vendor i Ulqinit t\u00eb tregoj\u00eb interesimin e duhur p\u00ebr nj\u00eb objekt t\u00eb till\u00eb ashtu si\u00e7 veprohet kudo n\u00eb bot\u00ebn e qytet\u00ebruar.<br \/>\n<a href=\"http:\/\/www.visit-ulcinj.com\/blog\/wp-content\/uploads\/2009\/04\/ura-e-klleznes_ulqin_mali-i-zi2.jpg\"><img loading=\"lazy\" class=\"alignleft size-full wp-image-17945\" title=\"ura-e-klleznes_ulqin_mali-i-zi2\" src=\"http:\/\/www.visit-ulcinj.com\/blog\/wp-content\/uploads\/2009\/04\/ura-e-klleznes_ulqin_mali-i-zi2.jpg\" alt=\"ura-e-klleznes_ulqin_mali-i-zi2\" width=\"570\" height=\"350\" \/><\/a><br \/>\n<strong>Monumentet jan\u00eb historia jon\u00eb<\/strong><\/p>\n<p>P\u00ebrfundimisht ka ardhur koha q\u00eb m\u00eb n\u00eb fund duhet t\u00eb m\u00ebsojm\u00eb nga t\u00eb tjer\u00ebt, sepse derisa ata nga hi\u00e7 gj\u00eb krijojn\u00eb monumente ne veprojm\u00eb n\u00eb t\u00eb kund\u00ebrt\u00ebn. At\u00eb q\u00eb mundemi ta b\u00ebjm\u00eb ne nuk duhet pritur, sepse pun\u00ebt tona nuk do t\u00eb na i b\u00ebjn\u00eb t\u00eb tjer\u00ebt, andaj duhet vepruar sa m\u00eb par\u00eb, p\u00ebr ta mos l\u00ebn\u00eb nj\u00eb objekt t\u00eb till\u00eb n\u00eb m\u00ebshir\u00ebn e koh\u00ebs, sepse \u00ebsht\u00eb pap\u00ebrgjegj\u00ebsi apsolute p\u00ebr koh\u00ebn ton\u00eb dhe brezat e ardhsh\u00ebm. Nj\u00eb veprim i till\u00eb antikulturor \u00ebsht\u00eb edhe antiqytet\u00ebrues dhe me pasoja p\u00ebr t\u00eb gjith\u00eb ne, sepse monumentet jan\u00eb historia jon\u00eb.<\/p>\n<p><strong>Nail Draga<br \/>\nKoha Javore<\/strong><\/p>\n<!--YouTube Error: bad URL entered-->\n","protected":false},"excerpt":{"rendered":"<p>N\u00eb \u00e7do mjedis t\u00eb qytet\u00ebruar, nj\u00eb monument kulture, si\u00e7 \u00ebsht\u00eb Ura e Kllezn\u00ebs, jo vet\u00ebm se do t\u00eb mbrohej me ligj, por vazhdimisht do t\u00eb kishte mbikqyrje nga ekspert\u00ebt p\u00ebrkat\u00ebs p\u00ebr ta mir\u00ebmbajtur duke mos lejuar q\u00eb t\u00eb humbuin vlerat arkitektonike dhe artistike, sepse monumentet jan\u00eb historia e nj\u00eb mjedisi Nga koh\u00ebrat m\u00eb t\u00eb hershme [&hellip;]<\/p>\n","protected":false},"author":1,"featured_media":0,"comment_status":"open","ping_status":"closed","sticky":false,"template":"","format":"standard","meta":{"spay_email":"","jetpack_publicize_message":"","jetpack_is_tweetstorm":false,"jetpack_publicize_feature_enabled":true},"categories":[4],"tags":[212,95,200,835],"jetpack_publicize_connections":[],"yoast_head":"<!-- This site is optimized with the Yoast SEO plugin v19.1 - https:\/\/yoast.com\/wordpress\/plugins\/seo\/ -->\n<title>Ura e Kllezn\u00ebs, monument i pambrojtur - Lajme nga Ulqini<\/title>\n<meta name=\"description\" content=\"N\u00eb \u00e7do mjedis t\u00eb qytet\u00ebruar, nj\u00eb monument kulture, si\u00e7 \u00ebsht\u00eb Ura e Kllezn\u00ebs, jo vet\u00ebm se do t\u00eb mbrohej me ligj, por vazhdimisht do t\u00eb kishte mbikqyrje nga\" \/>\n<meta name=\"robots\" content=\"index, follow, max-snippet:-1, max-image-preview:large, max-video-preview:-1\" \/>\n<link rel=\"canonical\" href=\"https:\/\/www.visit-ulcinj.com\/blog\/2009\/04\/14\/ura-e-klleznes-monument-i-pambrojtur\/\" \/>\n<meta property=\"og:locale\" content=\"en_US\" \/>\n<meta property=\"og:type\" content=\"article\" \/>\n<meta property=\"og:title\" content=\"Ura e Kllezn\u00ebs, monument i pambrojtur - Lajme nga Ulqini\" \/>\n<meta property=\"og:description\" content=\"N\u00eb \u00e7do mjedis t\u00eb qytet\u00ebruar, nj\u00eb monument kulture, si\u00e7 \u00ebsht\u00eb Ura e Kllezn\u00ebs, jo vet\u00ebm se do t\u00eb mbrohej me ligj, por vazhdimisht do t\u00eb kishte mbikqyrje nga\" \/>\n<meta property=\"og:url\" content=\"https:\/\/www.visit-ulcinj.com\/blog\/2009\/04\/14\/ura-e-klleznes-monument-i-pambrojtur\/\" \/>\n<meta property=\"og:site_name\" content=\"Lajme nga Ulqini\" \/>\n<meta property=\"article:published_time\" content=\"2009-04-14T18:40:03+00:00\" \/>\n<meta property=\"article:modified_time\" content=\"2009-04-14T18:40:29+00:00\" \/>\n<meta property=\"og:image\" content=\"http:\/\/www.visit-ulcinj.com\/blog\/wp-content\/uploads\/2009\/04\/ura-e-klleznes_ulqin_mali-i-zi.jpg\" \/>\n<meta name=\"twitter:label1\" content=\"Written by\" \/>\n\t<meta name=\"twitter:data1\" content=\"ulqini\" \/>\n\t<meta name=\"twitter:label2\" content=\"Est. reading time\" \/>\n\t<meta name=\"twitter:data2\" content=\"5 minutes\" \/>\n<script type=\"application\/ld+json\" class=\"yoast-schema-graph\">{\"@context\":\"https:\/\/schema.org\",\"@graph\":[{\"@type\":\"WebSite\",\"@id\":\"https:\/\/www.visit-ulcinj.com\/blog\/#website\",\"url\":\"https:\/\/www.visit-ulcinj.com\/blog\/\",\"name\":\"Lajme nga Ulqini\",\"description\":\"Lajme,Vijesti,Ulqini,Ulqin,Crna Gora,Mali i Zi\",\"potentialAction\":[{\"@type\":\"SearchAction\",\"target\":{\"@type\":\"EntryPoint\",\"urlTemplate\":\"https:\/\/www.visit-ulcinj.com\/blog\/?s={search_term_string}\"},\"query-input\":\"required name=search_term_string\"}],\"inLanguage\":\"en-US\"},{\"@type\":\"ImageObject\",\"inLanguage\":\"en-US\",\"@id\":\"https:\/\/www.visit-ulcinj.com\/blog\/2009\/04\/14\/ura-e-klleznes-monument-i-pambrojtur\/#primaryimage\",\"url\":\"https:\/\/www.visit-ulcinj.com\/blog\/wp-content\/uploads\/2009\/04\/ura-e-klleznes_ulqin_mali-i-zi.jpg\",\"contentUrl\":\"https:\/\/www.visit-ulcinj.com\/blog\/wp-content\/uploads\/2009\/04\/ura-e-klleznes_ulqin_mali-i-zi.jpg\",\"width\":\"300\",\"height\":\"186\"},{\"@type\":\"WebPage\",\"@id\":\"https:\/\/www.visit-ulcinj.com\/blog\/2009\/04\/14\/ura-e-klleznes-monument-i-pambrojtur\/#webpage\",\"url\":\"https:\/\/www.visit-ulcinj.com\/blog\/2009\/04\/14\/ura-e-klleznes-monument-i-pambrojtur\/\",\"name\":\"Ura e Kllezn\u00ebs, monument i pambrojtur - Lajme nga Ulqini\",\"isPartOf\":{\"@id\":\"https:\/\/www.visit-ulcinj.com\/blog\/#website\"},\"primaryImageOfPage\":{\"@id\":\"https:\/\/www.visit-ulcinj.com\/blog\/2009\/04\/14\/ura-e-klleznes-monument-i-pambrojtur\/#primaryimage\"},\"datePublished\":\"2009-04-14T18:40:03+00:00\",\"dateModified\":\"2009-04-14T18:40:29+00:00\",\"author\":{\"@id\":\"https:\/\/www.visit-ulcinj.com\/blog\/#\/schema\/person\/dcab619c614d3038751c63bc2aadc06d\"},\"description\":\"N\u00eb \u00e7do mjedis t\u00eb qytet\u00ebruar, nj\u00eb monument kulture, si\u00e7 \u00ebsht\u00eb Ura e Kllezn\u00ebs, jo vet\u00ebm se do t\u00eb mbrohej me ligj, por vazhdimisht do t\u00eb kishte mbikqyrje nga\",\"breadcrumb\":{\"@id\":\"https:\/\/www.visit-ulcinj.com\/blog\/2009\/04\/14\/ura-e-klleznes-monument-i-pambrojtur\/#breadcrumb\"},\"inLanguage\":\"en-US\",\"potentialAction\":[{\"@type\":\"ReadAction\",\"target\":[\"https:\/\/www.visit-ulcinj.com\/blog\/2009\/04\/14\/ura-e-klleznes-monument-i-pambrojtur\/\"]}]},{\"@type\":\"BreadcrumbList\",\"@id\":\"https:\/\/www.visit-ulcinj.com\/blog\/2009\/04\/14\/ura-e-klleznes-monument-i-pambrojtur\/#breadcrumb\",\"itemListElement\":[{\"@type\":\"ListItem\",\"position\":1,\"name\":\"Ura e Kllezn\u00ebs, monument i pambrojtur\"}]},{\"@type\":\"Person\",\"@id\":\"https:\/\/www.visit-ulcinj.com\/blog\/#\/schema\/person\/dcab619c614d3038751c63bc2aadc06d\",\"name\":\"ulqini\",\"sameAs\":[\"http:\/\/www.visit-ulcinj.com\"],\"url\":\"https:\/\/www.visit-ulcinj.com\/blog\/author\/admin\/\"}]}<\/script>\n<!-- \/ Yoast SEO plugin. -->","yoast_head_json":{"title":"Ura e Kllezn\u00ebs, monument i pambrojtur - Lajme nga Ulqini","description":"N\u00eb \u00e7do mjedis t\u00eb qytet\u00ebruar, nj\u00eb monument kulture, si\u00e7 \u00ebsht\u00eb Ura e Kllezn\u00ebs, jo vet\u00ebm se do t\u00eb mbrohej me ligj, por vazhdimisht do t\u00eb kishte mbikqyrje nga","robots":{"index":"index","follow":"follow","max-snippet":"max-snippet:-1","max-image-preview":"max-image-preview:large","max-video-preview":"max-video-preview:-1"},"canonical":"https:\/\/www.visit-ulcinj.com\/blog\/2009\/04\/14\/ura-e-klleznes-monument-i-pambrojtur\/","og_locale":"en_US","og_type":"article","og_title":"Ura e Kllezn\u00ebs, monument i pambrojtur - Lajme nga Ulqini","og_description":"N\u00eb \u00e7do mjedis t\u00eb qytet\u00ebruar, nj\u00eb monument kulture, si\u00e7 \u00ebsht\u00eb Ura e Kllezn\u00ebs, jo vet\u00ebm se do t\u00eb mbrohej me ligj, por vazhdimisht do t\u00eb kishte mbikqyrje nga","og_url":"https:\/\/www.visit-ulcinj.com\/blog\/2009\/04\/14\/ura-e-klleznes-monument-i-pambrojtur\/","og_site_name":"Lajme nga Ulqini","article_published_time":"2009-04-14T18:40:03+00:00","article_modified_time":"2009-04-14T18:40:29+00:00","og_image":[{"url":"http:\/\/www.visit-ulcinj.com\/blog\/wp-content\/uploads\/2009\/04\/ura-e-klleznes_ulqin_mali-i-zi.jpg"}],"twitter_misc":{"Written by":"ulqini","Est. reading time":"5 minutes"},"schema":{"@context":"https:\/\/schema.org","@graph":[{"@type":"WebSite","@id":"https:\/\/www.visit-ulcinj.com\/blog\/#website","url":"https:\/\/www.visit-ulcinj.com\/blog\/","name":"Lajme nga Ulqini","description":"Lajme,Vijesti,Ulqini,Ulqin,Crna Gora,Mali i Zi","potentialAction":[{"@type":"SearchAction","target":{"@type":"EntryPoint","urlTemplate":"https:\/\/www.visit-ulcinj.com\/blog\/?s={search_term_string}"},"query-input":"required name=search_term_string"}],"inLanguage":"en-US"},{"@type":"ImageObject","inLanguage":"en-US","@id":"https:\/\/www.visit-ulcinj.com\/blog\/2009\/04\/14\/ura-e-klleznes-monument-i-pambrojtur\/#primaryimage","url":"https:\/\/www.visit-ulcinj.com\/blog\/wp-content\/uploads\/2009\/04\/ura-e-klleznes_ulqin_mali-i-zi.jpg","contentUrl":"https:\/\/www.visit-ulcinj.com\/blog\/wp-content\/uploads\/2009\/04\/ura-e-klleznes_ulqin_mali-i-zi.jpg","width":"300","height":"186"},{"@type":"WebPage","@id":"https:\/\/www.visit-ulcinj.com\/blog\/2009\/04\/14\/ura-e-klleznes-monument-i-pambrojtur\/#webpage","url":"https:\/\/www.visit-ulcinj.com\/blog\/2009\/04\/14\/ura-e-klleznes-monument-i-pambrojtur\/","name":"Ura e Kllezn\u00ebs, monument i pambrojtur - Lajme nga Ulqini","isPartOf":{"@id":"https:\/\/www.visit-ulcinj.com\/blog\/#website"},"primaryImageOfPage":{"@id":"https:\/\/www.visit-ulcinj.com\/blog\/2009\/04\/14\/ura-e-klleznes-monument-i-pambrojtur\/#primaryimage"},"datePublished":"2009-04-14T18:40:03+00:00","dateModified":"2009-04-14T18:40:29+00:00","author":{"@id":"https:\/\/www.visit-ulcinj.com\/blog\/#\/schema\/person\/dcab619c614d3038751c63bc2aadc06d"},"description":"N\u00eb \u00e7do mjedis t\u00eb qytet\u00ebruar, nj\u00eb monument kulture, si\u00e7 \u00ebsht\u00eb Ura e Kllezn\u00ebs, jo vet\u00ebm se do t\u00eb mbrohej me ligj, por vazhdimisht do t\u00eb kishte mbikqyrje nga","breadcrumb":{"@id":"https:\/\/www.visit-ulcinj.com\/blog\/2009\/04\/14\/ura-e-klleznes-monument-i-pambrojtur\/#breadcrumb"},"inLanguage":"en-US","potentialAction":[{"@type":"ReadAction","target":["https:\/\/www.visit-ulcinj.com\/blog\/2009\/04\/14\/ura-e-klleznes-monument-i-pambrojtur\/"]}]},{"@type":"BreadcrumbList","@id":"https:\/\/www.visit-ulcinj.com\/blog\/2009\/04\/14\/ura-e-klleznes-monument-i-pambrojtur\/#breadcrumb","itemListElement":[{"@type":"ListItem","position":1,"name":"Ura e Kllezn\u00ebs, monument i pambrojtur"}]},{"@type":"Person","@id":"https:\/\/www.visit-ulcinj.com\/blog\/#\/schema\/person\/dcab619c614d3038751c63bc2aadc06d","name":"ulqini","sameAs":["http:\/\/www.visit-ulcinj.com"],"url":"https:\/\/www.visit-ulcinj.com\/blog\/author\/admin\/"}]}},"jetpack_featured_media_url":"","jetpack_sharing_enabled":true,"jetpack_shortlink":"https:\/\/wp.me\/pe6lTn-4Fo","_links":{"self":[{"href":"https:\/\/www.visit-ulcinj.com\/blog\/wp-json\/wp\/v2\/posts\/17942"}],"collection":[{"href":"https:\/\/www.visit-ulcinj.com\/blog\/wp-json\/wp\/v2\/posts"}],"about":[{"href":"https:\/\/www.visit-ulcinj.com\/blog\/wp-json\/wp\/v2\/types\/post"}],"author":[{"embeddable":true,"href":"https:\/\/www.visit-ulcinj.com\/blog\/wp-json\/wp\/v2\/users\/1"}],"replies":[{"embeddable":true,"href":"https:\/\/www.visit-ulcinj.com\/blog\/wp-json\/wp\/v2\/comments?post=17942"}],"version-history":[{"count":0,"href":"https:\/\/www.visit-ulcinj.com\/blog\/wp-json\/wp\/v2\/posts\/17942\/revisions"}],"wp:attachment":[{"href":"https:\/\/www.visit-ulcinj.com\/blog\/wp-json\/wp\/v2\/media?parent=17942"}],"wp:term":[{"taxonomy":"category","embeddable":true,"href":"https:\/\/www.visit-ulcinj.com\/blog\/wp-json\/wp\/v2\/categories?post=17942"},{"taxonomy":"post_tag","embeddable":true,"href":"https:\/\/www.visit-ulcinj.com\/blog\/wp-json\/wp\/v2\/tags?post=17942"}],"curies":[{"name":"wp","href":"https:\/\/api.w.org\/{rel}","templated":true}]}}