{"id":1798,"date":"2008-05-31T15:21:11","date_gmt":"2008-05-31T20:21:11","guid":{"rendered":"http:\/\/www.visit-ulcinj.com\/blog\/?p=1798"},"modified":"2008-06-02T11:32:59","modified_gmt":"2008-06-02T16:32:59","slug":"nove-linije-i-jeftinije-karte-nacionalne-avio-kompanije-%e2%80%9cmontenegro-erlajnz%e2%80%9d","status":"publish","type":"post","link":"https:\/\/www.visit-ulcinj.com\/blog\/2008\/05\/31\/nove-linije-i-jeftinije-karte-nacionalne-avio-kompanije-%e2%80%9cmontenegro-erlajnz%e2%80%9d\/","title":{"rendered":"Nove linije i jeftinije karte nacionalne avio-kompanije \u201cMontenegro erlajnz\u201d"},"content":{"rendered":"<p><img loading=\"lazy\" class=\"alignleft\" style=\"float: left;\" src=\"http:\/\/www.vijesti.cg.yu\/_slike\/1212101064.jpg\" alt=\"montenegro erlajnz\" width=\"290\" height=\"190\" \/><strong>Vlada i \u201cmontenegro erlajnz\u201d dogovaraju specijalni aran\u017eman<\/strong><br \/>\nPodgorica &#8211; Predstavnici Vlade i nacionalne avio-kompanije \u201cMontenegro erlajnz\u201d dogovorili su uvo?enje novih avio-linija, koje bi ve? od ovog ljeta Crnu Goru povezale sa jo\u0161 nekoliko evropskih destinacija.<br \/>\nRije? je o aran\u017emanu kojim ?e Vlada subvencionisati \u201cMontenegro erlajnz\u201d, kako bi bile sni\u017eene i cijene putnih karata. Do po?etka naredne sedmice precizno ?e se znati koje se nove linije uvode, a u igri su Milano, Dizeldorf i Berlin.<br \/>\nPored ovih destinacija i uvo?enja linije za London od 15. juna, planirano je i pove?anje broja rotacija prema gradovima koje avioni \u201cMontenegro erlajnza\u201d ve? lete, naro?ito prema Frankfurtu, Moskvi i Parizu.<br \/>\n?lanovi Vlade proteklih dana su razmatrali mogu?nosti predvi?ene elaboratom eksperata \u201cMontenegro erlajnza\u201d, a kona?nu odluku treba da donesu do narednog ponedjeljka &#8211; kazao je \u201cVijestima\u201d sagovornik iz Vlade.<br \/>\nTakva odluka podrazumijevala bi finansijsku podr\u0161ku Vlade u realizaciji ovog projekta, ?ija projekcija tro\u0161kova na godi\u0161njem nivou iznosi oko 2,5 miliona eura.<br \/>\nDobro upu?eni izvori \u201cVijesti\u201d tvrde da ?e se pove?anjem broja linija i podr\u0161kom Vlade, stvoriti mogu?nost za smanjenje cijena putnih karti koje su prema op\u0161toj ocjeni visoke.<br \/>\n&#8211; Prema internoj analizi predvi?eno je uve?anje broja putnika za oko 40.000 na godi\u0161njem nivou. Samim tim, pove?ao bi se i broj turista, od kojih bi, prema procjenama, bili ostvareni direktni i indirektni finansijski efekti od oko 30 miliona eura godi\u0161nje &#8211; tvrdi isti sagovornik \u201cVijesti\u201d.Vlada i \u201cMontenegro erlajnz\u201d ve? od jula planiraju otvaranje linije za Milano, na kojoj bi \u201cfokeri\u201d letjeli dva puta sedmi?no, dok ?e Dizeldorf i Berlin crnogorskim putnicima bi?e dostupni, najvjerovatnije, krajem ove godine .U nacionalnoj avio-kompaniji planiraju da tokom ljetnje sezone uvedu svakodnevne letove za Moskvu i Frankfurt, dok ?e broj letova za Pariz biti uve?an umjesto dosada\u0161nje dvije, na tri rotacije sedmi?no. Pored ovih, avioni \u201cMontenegro erlajnza\u201d lete i za Beograd, Rim, Be?, Budimpe\u0161tu, Cirih i Ljubljanu.U \u201cMontenegro erlajnzu\u201d, kako je ranije saop\u0161teno, predvi?aju da ?e do kraja godine prevesti vi\u0161e od 500.000 putnika, \u0161to bi predstavljalo rekord u dosada\u0161njem poslovanju kompanije. Realizaciji tog cilja zna?ajno ?e doprinijeti i novi avion \u201cebraer\u201d, koji narednih dana predstavnici kompanije treba da preuzmu u Brazilu.Prema nezvani?nim informacijama, nacionalni avioprevoznik je, prema finansijskim izvje\u0161tajima, u pro\u0161loj godini ostvario pozitivne rezultate sa vi\u0161kom u bud\u017eetu od oko 300.000 eura. U prvim mjesecima ove godine, kako je ranije saop\u0161teno iz kompanije, ostvaren je zna?ajan rast u prevozu broja putnika, u odnosu na isti pro\u0161logodi\u0161nji period. To ukazuje da ?e u ovoj godini, \u201cMontvenegro erlajnz\u201d postaviti novi rekord u prevozu putnika.<img loading=\"lazy\" class=\"alignright\" style=\"float: right;\" src=\"http:\/\/www.seebiz.eu\/files\/img\/2007\/11\/7\/montenegro-airlines.jpg\" alt=\"\" width=\"408\" height=\"209\" \/><br \/>\n<strong>U planu i low cost sjedi\u0161ta<\/strong><br \/>\nDa bi pospije\u0161ili promet putnika, predstavnici Vlade i \u201cMontenegro erlajnza\u201d razmatraju mogu?nost da se od jeseni uvede low cost, niskotarifni sistem na redovnim linijama ove kompanije.<br \/>\nVijesti\u201d nezvani?no saznaju da ?e Vlada razmotriti mogu?nost da u avionima ograni?i broj mjesta, za koja bi se prodavale karte po principu low cost. Taj sistem predvi?a da se karte rezervi\u0161u i kupuju posredstvom Interneta. Do jeftine karte mo\u017ee se do?i, ukoliko se \u0161to ranije rezervi\u0161e i kupi. Kako se vrijeme leta primi?e, tako su i karte sve skuplje.<br \/>\n&#8211; Razmatra se mogu?nost da na godi\u0161njem nivou po letu bude 30 sjedi\u0161ta sa niskim tarifama. Naravno, taj broj ne?e biti isti na svakom letu, ve? ?e se kreirati u skladu sa procjenama o tra\u017enji i dobom godine &#8211; ispri?ao je izvor \u201cVijesti\u201d iz Vlade.<br \/>\n<strong>J. MUMINOVI?<br \/>\nIzvor \/Vijesti<\/strong><br \/>\n<a title=\"Holiday accommodation in Ulcinj, Montenegro\" href=\"http:\/\/www.visit-ulcinj.com\/tourism\/\" target=\"_blank\"><img loading=\"lazy\" style=\"vertical-align: middle;\" src=\"http:\/\/www.visit-ulcinj.com\/blog\/wp-content\/uploads\/2008\/05\/holiday-rental-ulcinj_ulqin_montenegro2.jpg\" alt=\"Holiday accommodation in Ulcinj, Montenegro\" width=\"424\" height=\"110\" \/><\/a><\/p>\n<!-- vimeo error: not a vimeo video -->\n","protected":false},"excerpt":{"rendered":"<p><img loading=\"lazy\" class=\"alignleft\" style=\"float: left;\" src=\"http:\/\/www.vijesti.cg.yu\/_slike\/1212101064.jpg\" alt=\"montenegro erlajnz\" width=\"140\" height=\"140\" \/><\/p>\n","protected":false},"author":1,"featured_media":0,"comment_status":"open","ping_status":"closed","sticky":false,"template":"","format":"standard","meta":{"spay_email":"","jetpack_publicize_message":"","jetpack_is_tweetstorm":false,"jetpack_publicize_feature_enabled":true},"categories":[12,15],"tags":[3368,3325,3541,3542,3351,3344,3362,2227,2228,3365,2862,2229,2230,3338,3340,2233,2235,2236,2237,2240,2243,2244,3539,3540,20,2246,2247,2248,2249,45,3543,2250,2252,2253,3345,3544,1499,2255,2254,3546,3545,3547,2257,3363,2260,3339,2261,2262,3348,3358,3548,2267,2268,3324,3330,3331,3367,2270,3549,3346,3327,3550,3551,3603,3552,3350,3553,2271,3349,2272,3606,1716,2273,2277,3323,3334,3353,2279,3347,3554,3602,3555,3556,3356,3342,3336,92,3335,3352,3557,3341,3558,3604,2196,3361,2280,2281,3366,242,3605,1503,3328,3343,3559,3357,2195,2285,2286,3359,3560,2351,3354,3369,3563,1502,3564,3565,3316,19,3332,3329,3566,3567,3569,3568,3570,3322,3333,3364,3360,1721,2207,3337,2274,2275,3355,2276,3326,3561,3562,3572,3571],"jetpack_publicize_connections":[],"yoast_head":"<!-- This site is optimized with the Yoast SEO plugin v19.1 - https:\/\/yoast.com\/wordpress\/plugins\/seo\/ -->\n<title>Nove linije i jeftinije karte nacionalne avio-kompanije \u201cMontenegro erlajnz\u201d - Lajme nga Ulqini<\/title>\n<meta name=\"robots\" content=\"index, follow, max-snippet:-1, max-image-preview:large, max-video-preview:-1\" \/>\n<link rel=\"canonical\" href=\"https:\/\/www.visit-ulcinj.com\/blog\/2008\/05\/31\/nove-linije-i-jeftinije-karte-nacionalne-avio-kompanije-\u201cmontenegro-erlajnz\u201d\/\" \/>\n<meta property=\"og:locale\" content=\"en_US\" \/>\n<meta property=\"og:type\" content=\"article\" \/>\n<meta property=\"og:title\" content=\"Nove linije i jeftinije karte nacionalne avio-kompanije \u201cMontenegro erlajnz\u201d - Lajme nga Ulqini\" \/>\n<meta property=\"og:url\" content=\"https:\/\/www.visit-ulcinj.com\/blog\/2008\/05\/31\/nove-linije-i-jeftinije-karte-nacionalne-avio-kompanije-\u201cmontenegro-erlajnz\u201d\/\" \/>\n<meta property=\"og:site_name\" content=\"Lajme nga Ulqini\" \/>\n<meta property=\"article:published_time\" content=\"2008-05-31T20:21:11+00:00\" \/>\n<meta property=\"article:modified_time\" content=\"2008-06-02T16:32:59+00:00\" \/>\n<meta property=\"og:image\" content=\"http:\/\/www.vijesti.cg.yu\/_slike\/1212101064.jpg\" \/>\n<meta name=\"twitter:label1\" content=\"Written by\" \/>\n\t<meta name=\"twitter:data1\" content=\"ulqini\" \/>\n\t<meta name=\"twitter:label2\" content=\"Est. reading time\" \/>\n\t<meta name=\"twitter:data2\" content=\"3 minutes\" \/>\n<script type=\"application\/ld+json\" class=\"yoast-schema-graph\">{\"@context\":\"https:\/\/schema.org\",\"@graph\":[{\"@type\":\"WebSite\",\"@id\":\"https:\/\/www.visit-ulcinj.com\/blog\/#website\",\"url\":\"https:\/\/www.visit-ulcinj.com\/blog\/\",\"name\":\"Lajme nga Ulqini\",\"description\":\"Lajme,Vijesti,Ulqini,Ulqin,Crna Gora,Mali i Zi\",\"potentialAction\":[{\"@type\":\"SearchAction\",\"target\":{\"@type\":\"EntryPoint\",\"urlTemplate\":\"https:\/\/www.visit-ulcinj.com\/blog\/?s={search_term_string}\"},\"query-input\":\"required name=search_term_string\"}],\"inLanguage\":\"en-US\"},{\"@type\":\"ImageObject\",\"inLanguage\":\"en-US\",\"@id\":\"https:\/\/www.visit-ulcinj.com\/blog\/2008\/05\/31\/nove-linije-i-jeftinije-karte-nacionalne-avio-kompanije-%e2%80%9cmontenegro-erlajnz%e2%80%9d\/#primaryimage\",\"url\":\"http:\/\/www.vijesti.cg.yu\/_slike\/1212101064.jpg\",\"contentUrl\":\"http:\/\/www.vijesti.cg.yu\/_slike\/1212101064.jpg\"},{\"@type\":\"WebPage\",\"@id\":\"https:\/\/www.visit-ulcinj.com\/blog\/2008\/05\/31\/nove-linije-i-jeftinije-karte-nacionalne-avio-kompanije-%e2%80%9cmontenegro-erlajnz%e2%80%9d\/#webpage\",\"url\":\"https:\/\/www.visit-ulcinj.com\/blog\/2008\/05\/31\/nove-linije-i-jeftinije-karte-nacionalne-avio-kompanije-%e2%80%9cmontenegro-erlajnz%e2%80%9d\/\",\"name\":\"Nove linije i jeftinije karte nacionalne avio-kompanije \u201cMontenegro erlajnz\u201d - Lajme nga Ulqini\",\"isPartOf\":{\"@id\":\"https:\/\/www.visit-ulcinj.com\/blog\/#website\"},\"primaryImageOfPage\":{\"@id\":\"https:\/\/www.visit-ulcinj.com\/blog\/2008\/05\/31\/nove-linije-i-jeftinije-karte-nacionalne-avio-kompanije-%e2%80%9cmontenegro-erlajnz%e2%80%9d\/#primaryimage\"},\"datePublished\":\"2008-05-31T20:21:11+00:00\",\"dateModified\":\"2008-06-02T16:32:59+00:00\",\"author\":{\"@id\":\"https:\/\/www.visit-ulcinj.com\/blog\/#\/schema\/person\/dcab619c614d3038751c63bc2aadc06d\"},\"breadcrumb\":{\"@id\":\"https:\/\/www.visit-ulcinj.com\/blog\/2008\/05\/31\/nove-linije-i-jeftinije-karte-nacionalne-avio-kompanije-%e2%80%9cmontenegro-erlajnz%e2%80%9d\/#breadcrumb\"},\"inLanguage\":\"en-US\",\"potentialAction\":[{\"@type\":\"ReadAction\",\"target\":[\"https:\/\/www.visit-ulcinj.com\/blog\/2008\/05\/31\/nove-linije-i-jeftinije-karte-nacionalne-avio-kompanije-%e2%80%9cmontenegro-erlajnz%e2%80%9d\/\"]}]},{\"@type\":\"BreadcrumbList\",\"@id\":\"https:\/\/www.visit-ulcinj.com\/blog\/2008\/05\/31\/nove-linije-i-jeftinije-karte-nacionalne-avio-kompanije-%e2%80%9cmontenegro-erlajnz%e2%80%9d\/#breadcrumb\",\"itemListElement\":[{\"@type\":\"ListItem\",\"position\":1,\"name\":\"Nove linije i jeftinije karte nacionalne avio-kompanije \u201cMontenegro erlajnz\u201d\"}]},{\"@type\":\"Person\",\"@id\":\"https:\/\/www.visit-ulcinj.com\/blog\/#\/schema\/person\/dcab619c614d3038751c63bc2aadc06d\",\"name\":\"ulqini\",\"sameAs\":[\"http:\/\/www.visit-ulcinj.com\"],\"url\":\"https:\/\/www.visit-ulcinj.com\/blog\/author\/admin\/\"}]}<\/script>\n<!-- \/ Yoast SEO plugin. -->","yoast_head_json":{"title":"Nove linije i jeftinije karte nacionalne avio-kompanije \u201cMontenegro erlajnz\u201d - Lajme nga Ulqini","robots":{"index":"index","follow":"follow","max-snippet":"max-snippet:-1","max-image-preview":"max-image-preview:large","max-video-preview":"max-video-preview:-1"},"canonical":"https:\/\/www.visit-ulcinj.com\/blog\/2008\/05\/31\/nove-linije-i-jeftinije-karte-nacionalne-avio-kompanije-\u201cmontenegro-erlajnz\u201d\/","og_locale":"en_US","og_type":"article","og_title":"Nove linije i jeftinije karte nacionalne avio-kompanije \u201cMontenegro erlajnz\u201d - Lajme nga Ulqini","og_url":"https:\/\/www.visit-ulcinj.com\/blog\/2008\/05\/31\/nove-linije-i-jeftinije-karte-nacionalne-avio-kompanije-\u201cmontenegro-erlajnz\u201d\/","og_site_name":"Lajme nga Ulqini","article_published_time":"2008-05-31T20:21:11+00:00","article_modified_time":"2008-06-02T16:32:59+00:00","og_image":[{"url":"http:\/\/www.vijesti.cg.yu\/_slike\/1212101064.jpg"}],"twitter_misc":{"Written by":"ulqini","Est. reading time":"3 minutes"},"schema":{"@context":"https:\/\/schema.org","@graph":[{"@type":"WebSite","@id":"https:\/\/www.visit-ulcinj.com\/blog\/#website","url":"https:\/\/www.visit-ulcinj.com\/blog\/","name":"Lajme nga Ulqini","description":"Lajme,Vijesti,Ulqini,Ulqin,Crna Gora,Mali i Zi","potentialAction":[{"@type":"SearchAction","target":{"@type":"EntryPoint","urlTemplate":"https:\/\/www.visit-ulcinj.com\/blog\/?s={search_term_string}"},"query-input":"required name=search_term_string"}],"inLanguage":"en-US"},{"@type":"ImageObject","inLanguage":"en-US","@id":"https:\/\/www.visit-ulcinj.com\/blog\/2008\/05\/31\/nove-linije-i-jeftinije-karte-nacionalne-avio-kompanije-%e2%80%9cmontenegro-erlajnz%e2%80%9d\/#primaryimage","url":"http:\/\/www.vijesti.cg.yu\/_slike\/1212101064.jpg","contentUrl":"http:\/\/www.vijesti.cg.yu\/_slike\/1212101064.jpg"},{"@type":"WebPage","@id":"https:\/\/www.visit-ulcinj.com\/blog\/2008\/05\/31\/nove-linije-i-jeftinije-karte-nacionalne-avio-kompanije-%e2%80%9cmontenegro-erlajnz%e2%80%9d\/#webpage","url":"https:\/\/www.visit-ulcinj.com\/blog\/2008\/05\/31\/nove-linije-i-jeftinije-karte-nacionalne-avio-kompanije-%e2%80%9cmontenegro-erlajnz%e2%80%9d\/","name":"Nove linije i jeftinije karte nacionalne avio-kompanije \u201cMontenegro erlajnz\u201d - Lajme nga Ulqini","isPartOf":{"@id":"https:\/\/www.visit-ulcinj.com\/blog\/#website"},"primaryImageOfPage":{"@id":"https:\/\/www.visit-ulcinj.com\/blog\/2008\/05\/31\/nove-linije-i-jeftinije-karte-nacionalne-avio-kompanije-%e2%80%9cmontenegro-erlajnz%e2%80%9d\/#primaryimage"},"datePublished":"2008-05-31T20:21:11+00:00","dateModified":"2008-06-02T16:32:59+00:00","author":{"@id":"https:\/\/www.visit-ulcinj.com\/blog\/#\/schema\/person\/dcab619c614d3038751c63bc2aadc06d"},"breadcrumb":{"@id":"https:\/\/www.visit-ulcinj.com\/blog\/2008\/05\/31\/nove-linije-i-jeftinije-karte-nacionalne-avio-kompanije-%e2%80%9cmontenegro-erlajnz%e2%80%9d\/#breadcrumb"},"inLanguage":"en-US","potentialAction":[{"@type":"ReadAction","target":["https:\/\/www.visit-ulcinj.com\/blog\/2008\/05\/31\/nove-linije-i-jeftinije-karte-nacionalne-avio-kompanije-%e2%80%9cmontenegro-erlajnz%e2%80%9d\/"]}]},{"@type":"BreadcrumbList","@id":"https:\/\/www.visit-ulcinj.com\/blog\/2008\/05\/31\/nove-linije-i-jeftinije-karte-nacionalne-avio-kompanije-%e2%80%9cmontenegro-erlajnz%e2%80%9d\/#breadcrumb","itemListElement":[{"@type":"ListItem","position":1,"name":"Nove linije i jeftinije karte nacionalne avio-kompanije \u201cMontenegro erlajnz\u201d"}]},{"@type":"Person","@id":"https:\/\/www.visit-ulcinj.com\/blog\/#\/schema\/person\/dcab619c614d3038751c63bc2aadc06d","name":"ulqini","sameAs":["http:\/\/www.visit-ulcinj.com"],"url":"https:\/\/www.visit-ulcinj.com\/blog\/author\/admin\/"}]}},"jetpack_featured_media_url":"","jetpack_sharing_enabled":true,"jetpack_shortlink":"https:\/\/wp.me\/pe6lTn-t0","_links":{"self":[{"href":"https:\/\/www.visit-ulcinj.com\/blog\/wp-json\/wp\/v2\/posts\/1798"}],"collection":[{"href":"https:\/\/www.visit-ulcinj.com\/blog\/wp-json\/wp\/v2\/posts"}],"about":[{"href":"https:\/\/www.visit-ulcinj.com\/blog\/wp-json\/wp\/v2\/types\/post"}],"author":[{"embeddable":true,"href":"https:\/\/www.visit-ulcinj.com\/blog\/wp-json\/wp\/v2\/users\/1"}],"replies":[{"embeddable":true,"href":"https:\/\/www.visit-ulcinj.com\/blog\/wp-json\/wp\/v2\/comments?post=1798"}],"version-history":[{"count":0,"href":"https:\/\/www.visit-ulcinj.com\/blog\/wp-json\/wp\/v2\/posts\/1798\/revisions"}],"wp:attachment":[{"href":"https:\/\/www.visit-ulcinj.com\/blog\/wp-json\/wp\/v2\/media?parent=1798"}],"wp:term":[{"taxonomy":"category","embeddable":true,"href":"https:\/\/www.visit-ulcinj.com\/blog\/wp-json\/wp\/v2\/categories?post=1798"},{"taxonomy":"post_tag","embeddable":true,"href":"https:\/\/www.visit-ulcinj.com\/blog\/wp-json\/wp\/v2\/tags?post=1798"}],"curies":[{"name":"wp","href":"https:\/\/api.w.org\/{rel}","templated":true}]}}