{"id":17983,"date":"2009-04-16T11:03:51","date_gmt":"2009-04-16T09:03:51","guid":{"rendered":"http:\/\/www.visit-ulcinj.com\/blog\/?p=17983"},"modified":"2009-04-16T19:34:50","modified_gmt":"2009-04-16T17:34:50","slug":"u-ulcinju-evropski-eksperti-porucili-crnoj-gori","status":"publish","type":"post","link":"https:\/\/www.visit-ulcinj.com\/blog\/2009\/04\/16\/u-ulcinju-evropski-eksperti-porucili-crnoj-gori\/","title":{"rendered":"U Ulcinju evropski eksperti poru?ili Crnoj Gori"},"content":{"rendered":"<p><strong><a href=\"http:\/\/www.adriaticflyway.com\/#\" target=\"_blank\"><img loading=\"lazy\" class=\"alignleft size-full wp-image-18021\" title=\"euronatur1\" src=\"http:\/\/www.visit-ulcinj.com\/blog\/wp-content\/uploads\/2009\/04\/euronatur1.jpg\" alt=\"euronatur1\" width=\"570\" height=\"350\" \/><\/a>Prirodu morate ?uvati<\/strong><br \/>\nUlcinj &#8211; Postoji nada za o?uvanje \u017eivotne sredine i na ovom prelijepom dijelu svijeta. Ukoliko uspijete u tome, ne morate brinuti za budu?nost &#8211; kazao je predsjednik \u201cEuronatura\u201d prof. dr Hartmut Vogtman, nakon \u0161to je sino? u Domu kulture u Ulcinju ?uo po?etna izlaganja na otvaranju konferencije o migracijama ptica jadranskim koridorom.<\/p>\n<p>&#8211; Za\u0161tita migratornih vrsta ptica, njihovih stani\u0161ta i selidbenih puteva su na\u0161a obaveza. Bogatstvo faune ptica u mnogim podru?jima kao \u0161to su Skadarsko jezero, delta Bojane i Velika pla\u017ea, koja se nalaze na jadranskom koridoru migratornih vrsta ptica, na\u0161a su prirodna prednost &#8211; odgovorio je ministar turizma Predrag Nenezi?.<\/p>\n<p>Ambasador Njema?ke Peter Plate kazao je da se \u201cdivlja ljepota Crne Gore mora sa?uvati za budu?e generacije\u201d, istakao je Plate.<\/p>\n<p>Ministar za\u0161tite \u017eivotne sredine u vladi Albanije Taulant Bino, kazao je da njegova zemlja predano radi na uskla?ivanju legislative o za\u0161titi \u017eivotne sredine sa evropskim standardima.<\/p>\n<p>-Skadarsko jezero, Prokletije i rijeka Bojana jedan su eko sistem bez obzira na to \u0161to ga je istorija podijelila. Zato bi trebalo da jo\u0161 vi\u0161e intenziviramo saradnju &#8211; kazao je Bino.<\/p>\n<p>\u0160ef vladine kancelarije za odr\u017eivi razvoj Ljubi\u0161a Perovi? kazao je da se nada da ?e i turisti i ptice stizati u \u0161to ve?em broju na Adu, Veliku pla\u017eu i Solanu, jer ?e to biti dobar znak da se Crna Gora nalazi na pravom putu ka dostizanju evropskih standarda i principa odr\u017eivog razvoja\u201d- istakao je Perovi?.<\/p>\n<p>Gradona?elnik Ulcinja Gzim Hajdinaga kazao je da se rijetko na planeti sre?e tako malo mjesto u kome postoje toliko brojne prirodne i istorijske vrijednosti.<\/p>\n<p>-\u017delimo da te vrijednosti podijelimo sa svima na planeti. To je na\u0161 izazov &#8211; kazao je Hajdinaga.<\/p>\n<p>Trodnevnu konferenciju su organizovali Op\u0161tina Ulcinj, \u201eMava\u201c Fondacija iz \u0160vajcarske, hotel \u201cMediteran\u201d iz Ulcinja, Agencija \u201eBlack Mountain\u201c iz Herceg Novog, Centar za za\u0161titu i prou?avanje ptica i \u201eEuronatur\u201c iz Njema?ke, koji je i incicirao skup. Vogtman je poru?io da sve zemlje koje stoje na koridoru migratornih ptica, moraju preuzeti odgovornost za za\u0161titu ptica. Na konferenciji, koja zasjedanje nastavlja u hotelu \u201cMediteran\u201d, u?estvuje 125 stru?njaka i nau?nika iz 16 zemalja Evrope i Afrike.<br \/>\n<strong><a href=\"http:\/\/www.adriaticflyway.com\/#\" target=\"_blank\">www.adriaticflyway.com<\/a><\/strong><br \/>\n<strong>S. A.<br \/>\nVijesti<\/strong><\/p>\n<p><strong>\n\t\t<style type=\"text\/css\">\n\t\t\t#gallery-1 {\n\t\t\t\tmargin: auto;\n\t\t\t}\n\t\t\t#gallery-1 .gallery-item {\n\t\t\t\tfloat: left;\n\t\t\t\tmargin-top: 10px;\n\t\t\t\ttext-align: center;\n\t\t\t\twidth: 33%;\n\t\t\t}\n\t\t\t#gallery-1 img {\n\t\t\t\tborder: 2px solid #cfcfcf;\n\t\t\t}\n\t\t\t#gallery-1 .gallery-caption {\n\t\t\t\tmargin-left: 0;\n\t\t\t}\n\t\t\t\/* see gallery_shortcode() in wp-includes\/media.php *\/\n\t\t<\/style>\n\t\t<div id='gallery-1' class='gallery galleryid-17983 gallery-columns-3 gallery-size-thumbnail'><dl class='gallery-item'>\n\t\t\t<dt class='gallery-icon landscape'>\n\t\t\t\t<a href='https:\/\/www.visit-ulcinj.com\/blog\/2009\/04\/16\/u-ulcinju-evropski-eksperti-porucili-crnoj-gori\/predsjednik-hajdinaga-i-ambasador-plate_ulcinj1\/'><img width=\"150\" height=\"150\" src=\"https:\/\/www.visit-ulcinj.com\/blog\/wp-content\/uploads\/2009\/04\/predsjednik-hajdinaga-i-ambasador-plate_ulcinj1-150x150.jpg\" class=\"attachment-thumbnail size-thumbnail\" alt=\"\" loading=\"lazy\" \/><\/a>\n\t\t\t<\/dt><\/dl><dl class='gallery-item'>\n\t\t\t<dt class='gallery-icon landscape'>\n\t\t\t\t<a href='https:\/\/www.visit-ulcinj.com\/blog\/2009\/04\/16\/u-ulcinju-evropski-eksperti-porucili-crnoj-gori\/predsjednik-hajdinaga-i-ambasador-plate_ulcinj2\/'><img width=\"150\" height=\"150\" src=\"https:\/\/www.visit-ulcinj.com\/blog\/wp-content\/uploads\/2009\/04\/predsjednik-hajdinaga-i-ambasador-plate_ulcinj2-150x150.jpg\" class=\"attachment-thumbnail size-thumbnail\" alt=\"\" loading=\"lazy\" \/><\/a>\n\t\t\t<\/dt><\/dl><dl class='gallery-item'>\n\t\t\t<dt class='gallery-icon landscape'>\n\t\t\t\t<a href='https:\/\/www.visit-ulcinj.com\/blog\/2009\/04\/16\/u-ulcinju-evropski-eksperti-porucili-crnoj-gori\/predsjednik-hajdinaga-i-ambasador-plate_ulcinj\/'><img width=\"150\" height=\"150\" src=\"https:\/\/www.visit-ulcinj.com\/blog\/wp-content\/uploads\/2009\/04\/predsjednik-hajdinaga-i-ambasador-plate_ulcinj-150x150.jpg\" class=\"attachment-thumbnail size-thumbnail\" alt=\"\" loading=\"lazy\" \/><\/a>\n\t\t\t<\/dt><\/dl><br style=\"clear: both\" \/><dl class='gallery-item'>\n\t\t\t<dt class='gallery-icon landscape'>\n\t\t\t\t<a href='https:\/\/www.visit-ulcinj.com\/blog\/2009\/04\/16\/u-ulcinju-evropski-eksperti-porucili-crnoj-gori\/predsjednik-hajdinaga-i-ambasador-plate_ulcinj3\/'><img width=\"150\" height=\"150\" src=\"https:\/\/www.visit-ulcinj.com\/blog\/wp-content\/uploads\/2009\/04\/predsjednik-hajdinaga-i-ambasador-plate_ulcinj3-150x150.jpg\" class=\"attachment-thumbnail size-thumbnail\" alt=\"\" loading=\"lazy\" \/><\/a>\n\t\t\t<\/dt><\/dl><dl class='gallery-item'>\n\t\t\t<dt class='gallery-icon landscape'>\n\t\t\t\t<a href='https:\/\/www.visit-ulcinj.com\/blog\/2009\/04\/16\/u-ulcinju-evropski-eksperti-porucili-crnoj-gori\/predsjednik-hajdinaga-i-ambasador-plate_ulcinj5\/'><img width=\"150\" height=\"150\" src=\"https:\/\/www.visit-ulcinj.com\/blog\/wp-content\/uploads\/2009\/04\/predsjednik-hajdinaga-i-ambasador-plate_ulcinj5-150x150.jpg\" class=\"attachment-thumbnail size-thumbnail\" alt=\"\" loading=\"lazy\" \/><\/a>\n\t\t\t<\/dt><\/dl><dl class='gallery-item'>\n\t\t\t<dt class='gallery-icon landscape'>\n\t\t\t\t<a href='https:\/\/www.visit-ulcinj.com\/blog\/2009\/04\/16\/u-ulcinju-evropski-eksperti-porucili-crnoj-gori\/predsjednik-hajdinaga-i-ambasador-plate_ulcinj6\/'><img width=\"150\" height=\"150\" src=\"https:\/\/www.visit-ulcinj.com\/blog\/wp-content\/uploads\/2009\/04\/predsjednik-hajdinaga-i-ambasador-plate_ulcinj6-150x150.jpg\" class=\"attachment-thumbnail size-thumbnail\" alt=\"\" loading=\"lazy\" \/><\/a>\n\t\t\t<\/dt><\/dl><br style=\"clear: both\" \/><dl class='gallery-item'>\n\t\t\t<dt class='gallery-icon landscape'>\n\t\t\t\t<a href='https:\/\/www.visit-ulcinj.com\/blog\/2009\/04\/16\/u-ulcinju-evropski-eksperti-porucili-crnoj-gori\/predsjednik-hajdinaga-i-ambasador-plate_ulcinj7\/'><img width=\"150\" height=\"150\" src=\"https:\/\/www.visit-ulcinj.com\/blog\/wp-content\/uploads\/2009\/04\/predsjednik-hajdinaga-i-ambasador-plate_ulcinj7-150x150.jpg\" class=\"attachment-thumbnail size-thumbnail\" alt=\"\" loading=\"lazy\" \/><\/a>\n\t\t\t<\/dt><\/dl><dl class='gallery-item'>\n\t\t\t<dt class='gallery-icon landscape'>\n\t\t\t\t<a href='https:\/\/www.visit-ulcinj.com\/blog\/2009\/04\/16\/u-ulcinju-evropski-eksperti-porucili-crnoj-gori\/predsjednik-hajdinaga-i-ambasador-plate_ulcinj8\/'><img width=\"150\" height=\"150\" src=\"https:\/\/www.visit-ulcinj.com\/blog\/wp-content\/uploads\/2009\/04\/predsjednik-hajdinaga-i-ambasador-plate_ulcinj8-150x150.jpg\" class=\"attachment-thumbnail size-thumbnail\" alt=\"\" loading=\"lazy\" \/><\/a>\n\t\t\t<\/dt><\/dl><dl class='gallery-item'>\n\t\t\t<dt class='gallery-icon landscape'>\n\t\t\t\t<a href='https:\/\/www.visit-ulcinj.com\/blog\/2009\/04\/16\/u-ulcinju-evropski-eksperti-porucili-crnoj-gori\/euronatur1\/'><img width=\"150\" height=\"150\" src=\"https:\/\/www.visit-ulcinj.com\/blog\/wp-content\/uploads\/2009\/04\/euronatur1-150x150.jpg\" class=\"attachment-thumbnail size-thumbnail\" alt=\"\" loading=\"lazy\" \/><\/a>\n\t\t\t<\/dt><\/dl><br style=\"clear: both\" \/>\n\t\t<\/div>\n<br \/>\n<\/strong><\/p>\n","protected":false},"excerpt":{"rendered":"<p>Prirodu morate ?uvati Ulcinj &#8211; Postoji nada za o?uvanje \u017eivotne sredine i na ovom prelijepom dijelu svijeta. Ukoliko uspijete u tome, ne morate brinuti za budu?nost &#8211; kazao je predsjednik \u201cEuronatura\u201d prof. dr Hartmut Vogtman, nakon \u0161to je sino? u Domu kulture u Ulcinju ?uo po?etna izlaganja na otvaranju konferencije o migracijama ptica jadranskim koridorom. [&hellip;]<\/p>\n","protected":false},"author":1,"featured_media":0,"comment_status":"open","ping_status":"closed","sticky":false,"template":"","format":"standard","meta":{"spay_email":"","jetpack_publicize_message":"","jetpack_is_tweetstorm":false,"jetpack_publicize_feature_enabled":true},"categories":[8337],"tags":[9219,9216,9220,9215,9101,9217,9218,2448,9214,9213],"jetpack_publicize_connections":[],"yoast_head":"<!-- This site is optimized with the Yoast SEO plugin v19.1 - https:\/\/yoast.com\/wordpress\/plugins\/seo\/ -->\n<title>U Ulcinju evropski eksperti poru?ili Crnoj Gori - Lajme nga Ulqini<\/title>\n<meta name=\"description\" content=\"Prirodu morate ?uvati Ulcinj - Postoji nada za o?uvanje \u017eivotne sredine i na ovom prelijepom dijelu svijeta. Ukoliko uspijete u tome, ne morate brinuti za\" \/>\n<meta name=\"robots\" content=\"index, follow, max-snippet:-1, max-image-preview:large, max-video-preview:-1\" \/>\n<link rel=\"canonical\" href=\"https:\/\/www.visit-ulcinj.com\/blog\/2009\/04\/16\/u-ulcinju-evropski-eksperti-porucili-crnoj-gori\/\" \/>\n<meta property=\"og:locale\" content=\"en_US\" \/>\n<meta property=\"og:type\" content=\"article\" \/>\n<meta property=\"og:title\" content=\"U Ulcinju evropski eksperti poru?ili Crnoj Gori - Lajme nga Ulqini\" \/>\n<meta property=\"og:description\" content=\"Prirodu morate ?uvati Ulcinj - Postoji nada za o?uvanje \u017eivotne sredine i na ovom prelijepom dijelu svijeta. Ukoliko uspijete u tome, ne morate brinuti za\" \/>\n<meta property=\"og:url\" content=\"https:\/\/www.visit-ulcinj.com\/blog\/2009\/04\/16\/u-ulcinju-evropski-eksperti-porucili-crnoj-gori\/\" \/>\n<meta property=\"og:site_name\" content=\"Lajme nga Ulqini\" \/>\n<meta property=\"article:published_time\" content=\"2009-04-16T09:03:51+00:00\" \/>\n<meta property=\"article:modified_time\" content=\"2009-04-16T17:34:50+00:00\" \/>\n<meta property=\"og:image\" content=\"https:\/\/www.visit-ulcinj.com\/blog\/wp-content\/uploads\/2009\/04\/predsjednik-hajdinaga-i-ambasador-plate_ulcinj1-150x150.jpg\" \/>\n<meta name=\"twitter:label1\" content=\"Written by\" \/>\n\t<meta name=\"twitter:data1\" content=\"ulqini\" \/>\n\t<meta name=\"twitter:label2\" content=\"Est. reading time\" \/>\n\t<meta name=\"twitter:data2\" content=\"2 minutes\" \/>\n<script type=\"application\/ld+json\" class=\"yoast-schema-graph\">{\"@context\":\"https:\/\/schema.org\",\"@graph\":[{\"@type\":\"WebSite\",\"@id\":\"https:\/\/www.visit-ulcinj.com\/blog\/#website\",\"url\":\"https:\/\/www.visit-ulcinj.com\/blog\/\",\"name\":\"Lajme nga Ulqini\",\"description\":\"Lajme,Vijesti,Ulqini,Ulqin,Crna Gora,Mali i Zi\",\"potentialAction\":[{\"@type\":\"SearchAction\",\"target\":{\"@type\":\"EntryPoint\",\"urlTemplate\":\"https:\/\/www.visit-ulcinj.com\/blog\/?s={search_term_string}\"},\"query-input\":\"required name=search_term_string\"}],\"inLanguage\":\"en-US\"},{\"@type\":\"ImageObject\",\"inLanguage\":\"en-US\",\"@id\":\"https:\/\/www.visit-ulcinj.com\/blog\/2009\/04\/16\/u-ulcinju-evropski-eksperti-porucili-crnoj-gori\/#primaryimage\",\"url\":\"https:\/\/www.visit-ulcinj.com\/blog\/wp-content\/uploads\/2009\/04\/euronatur1.jpg\",\"contentUrl\":\"https:\/\/www.visit-ulcinj.com\/blog\/wp-content\/uploads\/2009\/04\/euronatur1.jpg\",\"width\":\"976\",\"height\":\"461\"},{\"@type\":\"WebPage\",\"@id\":\"https:\/\/www.visit-ulcinj.com\/blog\/2009\/04\/16\/u-ulcinju-evropski-eksperti-porucili-crnoj-gori\/#webpage\",\"url\":\"https:\/\/www.visit-ulcinj.com\/blog\/2009\/04\/16\/u-ulcinju-evropski-eksperti-porucili-crnoj-gori\/\",\"name\":\"U Ulcinju evropski eksperti poru?ili Crnoj Gori - Lajme nga Ulqini\",\"isPartOf\":{\"@id\":\"https:\/\/www.visit-ulcinj.com\/blog\/#website\"},\"primaryImageOfPage\":{\"@id\":\"https:\/\/www.visit-ulcinj.com\/blog\/2009\/04\/16\/u-ulcinju-evropski-eksperti-porucili-crnoj-gori\/#primaryimage\"},\"datePublished\":\"2009-04-16T09:03:51+00:00\",\"dateModified\":\"2009-04-16T17:34:50+00:00\",\"author\":{\"@id\":\"https:\/\/www.visit-ulcinj.com\/blog\/#\/schema\/person\/dcab619c614d3038751c63bc2aadc06d\"},\"description\":\"Prirodu morate ?uvati Ulcinj - Postoji nada za o?uvanje \u017eivotne sredine i na ovom prelijepom dijelu svijeta. Ukoliko uspijete u tome, ne morate brinuti za\",\"breadcrumb\":{\"@id\":\"https:\/\/www.visit-ulcinj.com\/blog\/2009\/04\/16\/u-ulcinju-evropski-eksperti-porucili-crnoj-gori\/#breadcrumb\"},\"inLanguage\":\"en-US\",\"potentialAction\":[{\"@type\":\"ReadAction\",\"target\":[\"https:\/\/www.visit-ulcinj.com\/blog\/2009\/04\/16\/u-ulcinju-evropski-eksperti-porucili-crnoj-gori\/\"]}]},{\"@type\":\"BreadcrumbList\",\"@id\":\"https:\/\/www.visit-ulcinj.com\/blog\/2009\/04\/16\/u-ulcinju-evropski-eksperti-porucili-crnoj-gori\/#breadcrumb\",\"itemListElement\":[{\"@type\":\"ListItem\",\"position\":1,\"name\":\"U Ulcinju evropski eksperti poru?ili Crnoj Gori\"}]},{\"@type\":\"Person\",\"@id\":\"https:\/\/www.visit-ulcinj.com\/blog\/#\/schema\/person\/dcab619c614d3038751c63bc2aadc06d\",\"name\":\"ulqini\",\"sameAs\":[\"http:\/\/www.visit-ulcinj.com\"],\"url\":\"https:\/\/www.visit-ulcinj.com\/blog\/author\/admin\/\"}]}<\/script>\n<!-- \/ Yoast SEO plugin. -->","yoast_head_json":{"title":"U Ulcinju evropski eksperti poru?ili Crnoj Gori - Lajme nga Ulqini","description":"Prirodu morate ?uvati Ulcinj - Postoji nada za o?uvanje \u017eivotne sredine i na ovom prelijepom dijelu svijeta. Ukoliko uspijete u tome, ne morate brinuti za","robots":{"index":"index","follow":"follow","max-snippet":"max-snippet:-1","max-image-preview":"max-image-preview:large","max-video-preview":"max-video-preview:-1"},"canonical":"https:\/\/www.visit-ulcinj.com\/blog\/2009\/04\/16\/u-ulcinju-evropski-eksperti-porucili-crnoj-gori\/","og_locale":"en_US","og_type":"article","og_title":"U Ulcinju evropski eksperti poru?ili Crnoj Gori - Lajme nga Ulqini","og_description":"Prirodu morate ?uvati Ulcinj - Postoji nada za o?uvanje \u017eivotne sredine i na ovom prelijepom dijelu svijeta. Ukoliko uspijete u tome, ne morate brinuti za","og_url":"https:\/\/www.visit-ulcinj.com\/blog\/2009\/04\/16\/u-ulcinju-evropski-eksperti-porucili-crnoj-gori\/","og_site_name":"Lajme nga Ulqini","article_published_time":"2009-04-16T09:03:51+00:00","article_modified_time":"2009-04-16T17:34:50+00:00","og_image":[{"url":"https:\/\/www.visit-ulcinj.com\/blog\/wp-content\/uploads\/2009\/04\/predsjednik-hajdinaga-i-ambasador-plate_ulcinj1-150x150.jpg"}],"twitter_misc":{"Written by":"ulqini","Est. reading time":"2 minutes"},"schema":{"@context":"https:\/\/schema.org","@graph":[{"@type":"WebSite","@id":"https:\/\/www.visit-ulcinj.com\/blog\/#website","url":"https:\/\/www.visit-ulcinj.com\/blog\/","name":"Lajme nga Ulqini","description":"Lajme,Vijesti,Ulqini,Ulqin,Crna Gora,Mali i Zi","potentialAction":[{"@type":"SearchAction","target":{"@type":"EntryPoint","urlTemplate":"https:\/\/www.visit-ulcinj.com\/blog\/?s={search_term_string}"},"query-input":"required name=search_term_string"}],"inLanguage":"en-US"},{"@type":"ImageObject","inLanguage":"en-US","@id":"https:\/\/www.visit-ulcinj.com\/blog\/2009\/04\/16\/u-ulcinju-evropski-eksperti-porucili-crnoj-gori\/#primaryimage","url":"https:\/\/www.visit-ulcinj.com\/blog\/wp-content\/uploads\/2009\/04\/euronatur1.jpg","contentUrl":"https:\/\/www.visit-ulcinj.com\/blog\/wp-content\/uploads\/2009\/04\/euronatur1.jpg","width":"976","height":"461"},{"@type":"WebPage","@id":"https:\/\/www.visit-ulcinj.com\/blog\/2009\/04\/16\/u-ulcinju-evropski-eksperti-porucili-crnoj-gori\/#webpage","url":"https:\/\/www.visit-ulcinj.com\/blog\/2009\/04\/16\/u-ulcinju-evropski-eksperti-porucili-crnoj-gori\/","name":"U Ulcinju evropski eksperti poru?ili Crnoj Gori - Lajme nga Ulqini","isPartOf":{"@id":"https:\/\/www.visit-ulcinj.com\/blog\/#website"},"primaryImageOfPage":{"@id":"https:\/\/www.visit-ulcinj.com\/blog\/2009\/04\/16\/u-ulcinju-evropski-eksperti-porucili-crnoj-gori\/#primaryimage"},"datePublished":"2009-04-16T09:03:51+00:00","dateModified":"2009-04-16T17:34:50+00:00","author":{"@id":"https:\/\/www.visit-ulcinj.com\/blog\/#\/schema\/person\/dcab619c614d3038751c63bc2aadc06d"},"description":"Prirodu morate ?uvati Ulcinj - Postoji nada za o?uvanje \u017eivotne sredine i na ovom prelijepom dijelu svijeta. Ukoliko uspijete u tome, ne morate brinuti za","breadcrumb":{"@id":"https:\/\/www.visit-ulcinj.com\/blog\/2009\/04\/16\/u-ulcinju-evropski-eksperti-porucili-crnoj-gori\/#breadcrumb"},"inLanguage":"en-US","potentialAction":[{"@type":"ReadAction","target":["https:\/\/www.visit-ulcinj.com\/blog\/2009\/04\/16\/u-ulcinju-evropski-eksperti-porucili-crnoj-gori\/"]}]},{"@type":"BreadcrumbList","@id":"https:\/\/www.visit-ulcinj.com\/blog\/2009\/04\/16\/u-ulcinju-evropski-eksperti-porucili-crnoj-gori\/#breadcrumb","itemListElement":[{"@type":"ListItem","position":1,"name":"U Ulcinju evropski eksperti poru?ili Crnoj Gori"}]},{"@type":"Person","@id":"https:\/\/www.visit-ulcinj.com\/blog\/#\/schema\/person\/dcab619c614d3038751c63bc2aadc06d","name":"ulqini","sameAs":["http:\/\/www.visit-ulcinj.com"],"url":"https:\/\/www.visit-ulcinj.com\/blog\/author\/admin\/"}]}},"jetpack_featured_media_url":"","jetpack_sharing_enabled":true,"jetpack_shortlink":"https:\/\/wp.me\/pe6lTn-4G3","_links":{"self":[{"href":"https:\/\/www.visit-ulcinj.com\/blog\/wp-json\/wp\/v2\/posts\/17983"}],"collection":[{"href":"https:\/\/www.visit-ulcinj.com\/blog\/wp-json\/wp\/v2\/posts"}],"about":[{"href":"https:\/\/www.visit-ulcinj.com\/blog\/wp-json\/wp\/v2\/types\/post"}],"author":[{"embeddable":true,"href":"https:\/\/www.visit-ulcinj.com\/blog\/wp-json\/wp\/v2\/users\/1"}],"replies":[{"embeddable":true,"href":"https:\/\/www.visit-ulcinj.com\/blog\/wp-json\/wp\/v2\/comments?post=17983"}],"version-history":[{"count":0,"href":"https:\/\/www.visit-ulcinj.com\/blog\/wp-json\/wp\/v2\/posts\/17983\/revisions"}],"wp:attachment":[{"href":"https:\/\/www.visit-ulcinj.com\/blog\/wp-json\/wp\/v2\/media?parent=17983"}],"wp:term":[{"taxonomy":"category","embeddable":true,"href":"https:\/\/www.visit-ulcinj.com\/blog\/wp-json\/wp\/v2\/categories?post=17983"},{"taxonomy":"post_tag","embeddable":true,"href":"https:\/\/www.visit-ulcinj.com\/blog\/wp-json\/wp\/v2\/tags?post=17983"}],"curies":[{"name":"wp","href":"https:\/\/api.w.org\/{rel}","templated":true}]}}