{"id":180,"date":"2008-01-17T13:59:08","date_gmt":"2008-01-17T18:59:08","guid":{"rendered":"http:\/\/www.visit-ulcinj.com\/blog\/2008\/01\/17\/radulloviq-mali-i-zi-nuk-do-te-nxitoje-me-njohjen-e-kosoves\/"},"modified":"2008-02-12T18:48:10","modified_gmt":"2008-02-12T23:48:10","slug":"radulloviq-mali-i-zi-nuk-do-te-nxitoje-me-njohjen-e-kosoves","status":"publish","type":"post","link":"https:\/\/www.visit-ulcinj.com\/blog\/2008\/01\/17\/radulloviq-mali-i-zi-nuk-do-te-nxitoje-me-njohjen-e-kosoves\/","title":{"rendered":"Radulloviq: Mali i Zi nuk do t\u00eb nxitoj\u00eb me njohjen e Kosov\u00ebs"},"content":{"rendered":"<p><a href=\"http:\/\/www.visit-ulcinj.com\/blog\/2008\/01\/17\/radulloviq-mali-i-zi-nuk-do-te-nxitoje-me-njohjen-e-kosoves\/vlladimir-radulloviq\/\" rel=\"attachment wp-att-181\" title=\"Vlladimir Radulloviq\"><img loading=\"lazy\" src=\"http:\/\/www.visit-ulcinj.com\/blog\/wp-content\/uploads\/2008\/01\/vlladimir-radulloviq.jpg\" alt=\"Vlladimir Radulloviq\" align=\"left\" height=\"119\" hspace=\"2\" vspace=\"2\" width=\"119\" \/><\/a>Mali i Zi do t\u00eb vazhdoj\u00eb t\u00eb p\u00ebrcjell\u00eb me kujdes situat\u00ebn n\u00eb Kosov\u00eb, sikur edhe hapat paralajm\u00ebrues t\u00eb Qeveris\u00eb s\u00eb Kosov\u00ebs ,mir\u00ebpo sigurisht se nuk do t\u00eb nxitoj\u00eb, e as nuk do t\u00eb sjell\u00eb vendime t\u00eb parakohshme, ka deklaruar sot drejtori politik i Ministris\u00eb s\u00eb Pun\u00ebve t\u00eb Jashtme t\u00eb Malit t\u00eb Zi, Vlladimir Radulloviq.<!--more--> Ai ka th\u00ebn\u00eb se Mali i Zi, n\u00eb bashk\u00ebpunim dhe n\u00eb koordinim me partner\u00ebt nga Bashkimi Evropian dhe bashk\u00ebsia nd\u00ebrkomb\u00ebtare &#8211; kur t\u00eb vije koha p\u00ebr nj\u00eb gj\u00eb t\u00eb till\u00eb &#8211; do t\u00eb gjej\u00eb p\u00ebrgjigjen e duhur rreth k\u00ebsaj \u00e7\u00ebshtjeje.<br \/>\n&#8220;Nj\u00eb p\u00ebrgjigje q\u00eb do t\u00eb jet\u00eb n\u00eb pajtim me prioritetet tashm\u00eb t\u00eb deklaruara t\u00eb politik\u00ebs s\u00eb jashtme dhe t\u00eb aspiratave euro-atlantike, n\u00eb pajtim me interesat tona. Nj\u00eb p\u00ebrgjigje reale, mir\u00ebpo t\u00eb p\u00ebrgjegjshme ndaj vetes, fqinj\u00ebve tan\u00eb dhe regjionit n\u00eb t\u00ebr\u00ebsi\u201d, ka th\u00ebn\u00eb ai p\u00ebr gazet\u00ebn \u201cVijesti\u201d.<\/p>\n","protected":false},"excerpt":{"rendered":"<p><img loading=\"lazy\" src=\"http:\/\/www.visit-ulcinj.com\/blog\/wp-content\/uploads\/2008\/01\/vlladimir-radulloviq.jpg\" alt=\"Vlladimir Radulloviq\" height=\"140\" width=\"140\" \/><\/p>\n","protected":false},"author":1,"featured_media":0,"comment_status":"open","ping_status":"closed","sticky":false,"template":"","format":"standard","meta":{"spay_email":"","jetpack_publicize_message":"","jetpack_is_tweetstorm":false,"jetpack_publicize_feature_enabled":true},"categories":[1],"tags":[],"jetpack_publicize_connections":[],"yoast_head":"<!-- This site is optimized with the Yoast SEO plugin v19.1 - https:\/\/yoast.com\/wordpress\/plugins\/seo\/ -->\n<title>Radulloviq: Mali i Zi nuk do t\u00eb nxitoj\u00eb me njohjen e Kosov\u00ebs - Lajme nga Ulqini<\/title>\n<meta name=\"robots\" content=\"index, follow, max-snippet:-1, max-image-preview:large, max-video-preview:-1\" \/>\n<link rel=\"canonical\" href=\"https:\/\/www.visit-ulcinj.com\/blog\/2008\/01\/17\/radulloviq-mali-i-zi-nuk-do-te-nxitoje-me-njohjen-e-kosoves\/\" \/>\n<meta property=\"og:locale\" content=\"en_US\" \/>\n<meta property=\"og:type\" content=\"article\" \/>\n<meta property=\"og:title\" content=\"Radulloviq: Mali i Zi nuk do t\u00eb nxitoj\u00eb me njohjen e Kosov\u00ebs - Lajme nga Ulqini\" \/>\n<meta property=\"og:url\" content=\"https:\/\/www.visit-ulcinj.com\/blog\/2008\/01\/17\/radulloviq-mali-i-zi-nuk-do-te-nxitoje-me-njohjen-e-kosoves\/\" \/>\n<meta property=\"og:site_name\" content=\"Lajme nga Ulqini\" \/>\n<meta property=\"article:published_time\" content=\"2008-01-17T18:59:08+00:00\" \/>\n<meta property=\"article:modified_time\" content=\"2008-02-12T23:48:10+00:00\" \/>\n<meta property=\"og:image\" content=\"http:\/\/www.visit-ulcinj.com\/blog\/wp-content\/uploads\/2008\/01\/vlladimir-radulloviq.jpg\" \/>\n<meta name=\"twitter:label1\" content=\"Written by\" \/>\n\t<meta name=\"twitter:data1\" content=\"ulqini\" \/>\n\t<meta name=\"twitter:label2\" content=\"Est. reading time\" \/>\n\t<meta name=\"twitter:data2\" content=\"1 minute\" \/>\n<script type=\"application\/ld+json\" class=\"yoast-schema-graph\">{\"@context\":\"https:\/\/schema.org\",\"@graph\":[{\"@type\":\"WebSite\",\"@id\":\"https:\/\/www.visit-ulcinj.com\/blog\/#website\",\"url\":\"https:\/\/www.visit-ulcinj.com\/blog\/\",\"name\":\"Lajme nga Ulqini\",\"description\":\"Lajme,Vijesti,Ulqini,Ulqin,Crna Gora,Mali i Zi\",\"potentialAction\":[{\"@type\":\"SearchAction\",\"target\":{\"@type\":\"EntryPoint\",\"urlTemplate\":\"https:\/\/www.visit-ulcinj.com\/blog\/?s={search_term_string}\"},\"query-input\":\"required name=search_term_string\"}],\"inLanguage\":\"en-US\"},{\"@type\":\"ImageObject\",\"inLanguage\":\"en-US\",\"@id\":\"https:\/\/www.visit-ulcinj.com\/blog\/2008\/01\/17\/radulloviq-mali-i-zi-nuk-do-te-nxitoje-me-njohjen-e-kosoves\/#primaryimage\",\"url\":\"http:\/\/www.visit-ulcinj.com\/blog\/wp-content\/uploads\/2008\/01\/vlladimir-radulloviq.jpg\",\"contentUrl\":\"http:\/\/www.visit-ulcinj.com\/blog\/wp-content\/uploads\/2008\/01\/vlladimir-radulloviq.jpg\"},{\"@type\":\"WebPage\",\"@id\":\"https:\/\/www.visit-ulcinj.com\/blog\/2008\/01\/17\/radulloviq-mali-i-zi-nuk-do-te-nxitoje-me-njohjen-e-kosoves\/#webpage\",\"url\":\"https:\/\/www.visit-ulcinj.com\/blog\/2008\/01\/17\/radulloviq-mali-i-zi-nuk-do-te-nxitoje-me-njohjen-e-kosoves\/\",\"name\":\"Radulloviq: Mali i Zi nuk do t\u00eb nxitoj\u00eb me njohjen e Kosov\u00ebs - Lajme nga Ulqini\",\"isPartOf\":{\"@id\":\"https:\/\/www.visit-ulcinj.com\/blog\/#website\"},\"primaryImageOfPage\":{\"@id\":\"https:\/\/www.visit-ulcinj.com\/blog\/2008\/01\/17\/radulloviq-mali-i-zi-nuk-do-te-nxitoje-me-njohjen-e-kosoves\/#primaryimage\"},\"datePublished\":\"2008-01-17T18:59:08+00:00\",\"dateModified\":\"2008-02-12T23:48:10+00:00\",\"author\":{\"@id\":\"https:\/\/www.visit-ulcinj.com\/blog\/#\/schema\/person\/dcab619c614d3038751c63bc2aadc06d\"},\"breadcrumb\":{\"@id\":\"https:\/\/www.visit-ulcinj.com\/blog\/2008\/01\/17\/radulloviq-mali-i-zi-nuk-do-te-nxitoje-me-njohjen-e-kosoves\/#breadcrumb\"},\"inLanguage\":\"en-US\",\"potentialAction\":[{\"@type\":\"ReadAction\",\"target\":[\"https:\/\/www.visit-ulcinj.com\/blog\/2008\/01\/17\/radulloviq-mali-i-zi-nuk-do-te-nxitoje-me-njohjen-e-kosoves\/\"]}]},{\"@type\":\"BreadcrumbList\",\"@id\":\"https:\/\/www.visit-ulcinj.com\/blog\/2008\/01\/17\/radulloviq-mali-i-zi-nuk-do-te-nxitoje-me-njohjen-e-kosoves\/#breadcrumb\",\"itemListElement\":[{\"@type\":\"ListItem\",\"position\":1,\"name\":\"Radulloviq: Mali i Zi nuk do t\u00eb nxitoj\u00eb me njohjen e Kosov\u00ebs\"}]},{\"@type\":\"Person\",\"@id\":\"https:\/\/www.visit-ulcinj.com\/blog\/#\/schema\/person\/dcab619c614d3038751c63bc2aadc06d\",\"name\":\"ulqini\",\"sameAs\":[\"http:\/\/www.visit-ulcinj.com\"],\"url\":\"https:\/\/www.visit-ulcinj.com\/blog\/author\/admin\/\"}]}<\/script>\n<!-- \/ Yoast SEO plugin. -->","yoast_head_json":{"title":"Radulloviq: Mali i Zi nuk do t\u00eb nxitoj\u00eb me njohjen e Kosov\u00ebs - Lajme nga Ulqini","robots":{"index":"index","follow":"follow","max-snippet":"max-snippet:-1","max-image-preview":"max-image-preview:large","max-video-preview":"max-video-preview:-1"},"canonical":"https:\/\/www.visit-ulcinj.com\/blog\/2008\/01\/17\/radulloviq-mali-i-zi-nuk-do-te-nxitoje-me-njohjen-e-kosoves\/","og_locale":"en_US","og_type":"article","og_title":"Radulloviq: Mali i Zi nuk do t\u00eb nxitoj\u00eb me njohjen e Kosov\u00ebs - Lajme nga Ulqini","og_url":"https:\/\/www.visit-ulcinj.com\/blog\/2008\/01\/17\/radulloviq-mali-i-zi-nuk-do-te-nxitoje-me-njohjen-e-kosoves\/","og_site_name":"Lajme nga Ulqini","article_published_time":"2008-01-17T18:59:08+00:00","article_modified_time":"2008-02-12T23:48:10+00:00","og_image":[{"url":"http:\/\/www.visit-ulcinj.com\/blog\/wp-content\/uploads\/2008\/01\/vlladimir-radulloviq.jpg"}],"twitter_misc":{"Written by":"ulqini","Est. reading time":"1 minute"},"schema":{"@context":"https:\/\/schema.org","@graph":[{"@type":"WebSite","@id":"https:\/\/www.visit-ulcinj.com\/blog\/#website","url":"https:\/\/www.visit-ulcinj.com\/blog\/","name":"Lajme nga Ulqini","description":"Lajme,Vijesti,Ulqini,Ulqin,Crna Gora,Mali i Zi","potentialAction":[{"@type":"SearchAction","target":{"@type":"EntryPoint","urlTemplate":"https:\/\/www.visit-ulcinj.com\/blog\/?s={search_term_string}"},"query-input":"required name=search_term_string"}],"inLanguage":"en-US"},{"@type":"ImageObject","inLanguage":"en-US","@id":"https:\/\/www.visit-ulcinj.com\/blog\/2008\/01\/17\/radulloviq-mali-i-zi-nuk-do-te-nxitoje-me-njohjen-e-kosoves\/#primaryimage","url":"http:\/\/www.visit-ulcinj.com\/blog\/wp-content\/uploads\/2008\/01\/vlladimir-radulloviq.jpg","contentUrl":"http:\/\/www.visit-ulcinj.com\/blog\/wp-content\/uploads\/2008\/01\/vlladimir-radulloviq.jpg"},{"@type":"WebPage","@id":"https:\/\/www.visit-ulcinj.com\/blog\/2008\/01\/17\/radulloviq-mali-i-zi-nuk-do-te-nxitoje-me-njohjen-e-kosoves\/#webpage","url":"https:\/\/www.visit-ulcinj.com\/blog\/2008\/01\/17\/radulloviq-mali-i-zi-nuk-do-te-nxitoje-me-njohjen-e-kosoves\/","name":"Radulloviq: Mali i Zi nuk do t\u00eb nxitoj\u00eb me njohjen e Kosov\u00ebs - Lajme nga Ulqini","isPartOf":{"@id":"https:\/\/www.visit-ulcinj.com\/blog\/#website"},"primaryImageOfPage":{"@id":"https:\/\/www.visit-ulcinj.com\/blog\/2008\/01\/17\/radulloviq-mali-i-zi-nuk-do-te-nxitoje-me-njohjen-e-kosoves\/#primaryimage"},"datePublished":"2008-01-17T18:59:08+00:00","dateModified":"2008-02-12T23:48:10+00:00","author":{"@id":"https:\/\/www.visit-ulcinj.com\/blog\/#\/schema\/person\/dcab619c614d3038751c63bc2aadc06d"},"breadcrumb":{"@id":"https:\/\/www.visit-ulcinj.com\/blog\/2008\/01\/17\/radulloviq-mali-i-zi-nuk-do-te-nxitoje-me-njohjen-e-kosoves\/#breadcrumb"},"inLanguage":"en-US","potentialAction":[{"@type":"ReadAction","target":["https:\/\/www.visit-ulcinj.com\/blog\/2008\/01\/17\/radulloviq-mali-i-zi-nuk-do-te-nxitoje-me-njohjen-e-kosoves\/"]}]},{"@type":"BreadcrumbList","@id":"https:\/\/www.visit-ulcinj.com\/blog\/2008\/01\/17\/radulloviq-mali-i-zi-nuk-do-te-nxitoje-me-njohjen-e-kosoves\/#breadcrumb","itemListElement":[{"@type":"ListItem","position":1,"name":"Radulloviq: Mali i Zi nuk do t\u00eb nxitoj\u00eb me njohjen e Kosov\u00ebs"}]},{"@type":"Person","@id":"https:\/\/www.visit-ulcinj.com\/blog\/#\/schema\/person\/dcab619c614d3038751c63bc2aadc06d","name":"ulqini","sameAs":["http:\/\/www.visit-ulcinj.com"],"url":"https:\/\/www.visit-ulcinj.com\/blog\/author\/admin\/"}]}},"jetpack_featured_media_url":"","jetpack_sharing_enabled":true,"jetpack_shortlink":"https:\/\/wp.me\/pe6lTn-2U","_links":{"self":[{"href":"https:\/\/www.visit-ulcinj.com\/blog\/wp-json\/wp\/v2\/posts\/180"}],"collection":[{"href":"https:\/\/www.visit-ulcinj.com\/blog\/wp-json\/wp\/v2\/posts"}],"about":[{"href":"https:\/\/www.visit-ulcinj.com\/blog\/wp-json\/wp\/v2\/types\/post"}],"author":[{"embeddable":true,"href":"https:\/\/www.visit-ulcinj.com\/blog\/wp-json\/wp\/v2\/users\/1"}],"replies":[{"embeddable":true,"href":"https:\/\/www.visit-ulcinj.com\/blog\/wp-json\/wp\/v2\/comments?post=180"}],"version-history":[{"count":0,"href":"https:\/\/www.visit-ulcinj.com\/blog\/wp-json\/wp\/v2\/posts\/180\/revisions"}],"wp:attachment":[{"href":"https:\/\/www.visit-ulcinj.com\/blog\/wp-json\/wp\/v2\/media?parent=180"}],"wp:term":[{"taxonomy":"category","embeddable":true,"href":"https:\/\/www.visit-ulcinj.com\/blog\/wp-json\/wp\/v2\/categories?post=180"},{"taxonomy":"post_tag","embeddable":true,"href":"https:\/\/www.visit-ulcinj.com\/blog\/wp-json\/wp\/v2\/tags?post=180"}],"curies":[{"name":"wp","href":"https:\/\/api.w.org\/{rel}","templated":true}]}}