{"id":18028,"date":"2009-04-16T20:14:04","date_gmt":"2009-04-16T18:14:04","guid":{"rendered":"http:\/\/www.visit-ulcinj.com\/blog\/?p=18028"},"modified":"2009-04-16T20:14:04","modified_gmt":"2009-04-16T18:14:04","slug":"tri-decenije-od-zemljotresa-u-crnoj-gori","status":"publish","type":"post","link":"https:\/\/www.visit-ulcinj.com\/blog\/2009\/04\/16\/tri-decenije-od-zemljotresa-u-crnoj-gori\/","title":{"rendered":"Tri decenije od zemljotresa u Crnoj Gori"},"content":{"rendered":"<p><img loading=\"lazy\" class=\"alignleft size-full wp-image-18029\" title=\"zemljotres-u-crnoj-gori-15-aprila-1979_ulcinj\" src=\"http:\/\/www.visit-ulcinj.com\/blog\/wp-content\/uploads\/2009\/04\/zemljotres-u-crnoj-gori-15-aprila-1979_ulcinj.jpg\" alt=\"zemljotres-u-crnoj-gori-15-aprila-1979_ulcinj\" width=\"570\" height=\"341\" \/>Sje?anje na 15. april 1979, kada je nemilosrdna ruka prirode za sobom ostavila &#8211; suze, pusto\u0161 i ru\u0161evine. Danas, 30 godina kasnije, aprilske rane zarastaju &#8211; ostala su samo sje?anja na 101 \u017ertvu i o\u017eiljci na du\u0161i njihovih najbli\u017eih.<br \/>\nBila je nedjelja, 15. april 1979. Bilo je ta?no 7 sati i 20 minuta, kad je Crna Gora &#8211; stravi?no zadrhtala. Kada je za samo nekoliko sekundi zavijena u crno. Kada je nestao drevni Kotor i njegovi tragovi, kad su poklekli stari ulcinjski grad i staro jezgro Budve, kad su se oburdale rasko\u0161ne kapije i kule barske, kada su zauvijek potonuli voltovi u \u017eivopisnim crmni?kim selima&#8230; Rije?ju, kada je nemilosrdna ruka prirode za tili ?as gotovo promijenila mapu Crnogorskog primorja i njegovog zale?a. Stravi?no drhtanje trajalo je veoma kratko, ali su posljedice bile katastrofalne &#8211; 101 mrtvih i 1.700 povrije?enih, od ?ega 159 te\u017ee.<br \/>\nRazoreno je 250 manjih i ve?ih naselja sa preko 60 hiljada objekata, o\u0161te?eno je 540 spomenika kulture, razoreno 544 kilometra puteva, o\u0161te?eno tridesetak \u0161kola, veliki broj hotela i odmarali\u0161ta. Ra?una se da je toga jutra 80 hiljada \u017eitelja Crnogorskog primorja ostalo bez krova nad glavom&#8230;<br \/>\n&#8220;Nikad ne?emo mo?i namiriti mnogobrojne ljudske \u017eivote, ali ho?emo povratiti ljepotu mediteranskog prisoja u ovoj maloj zemlji, \u0161to pripada sredozemnoj kolijevci civilizacije&#8221;, pisale su novine tih dana i obe?avale: sagradi?emo novo i restaurirati staro, pa makar kamen po kamen vra?ali nazad u kotorske, budvanske i ulcinjske fasade. Zato lelek ne prelama na\u0161e gore i na\u0161e more, ve? se ?uje mu\u0161ki odziv na pru\u017eene ruke pomo?i iz ?itave Jugoslavije. I iz svijeta. Crna Gora ?e postati feniks. Kad mogu laste, mogu i ljudi, pisala je Pobjeda te godine. I po?eli su nicati novi hoteli, novi objekti, nove ku?e, nove \u0161kole. Ponovo su uspostavljeni novi tokovi \u017eivota&#8230;<br \/>\nAprilski zemljotres 1979. ?e se pamtiti po jo\u0161 ne?emu. Po po\u017ertvovanosti i solidarnosti na\u0161eg ?ovjeka, koji je tada vi\u0161e nego ikad ranije pokazao da je ja?i od svake nevolje.<br \/>\nNa\u017ealost, u aprilskom zemljotresu zahva?eno je osam op\u0161tina i, bila je isklju?ena efikasna i organizovana me?usobna saradnja. Me?utim, brzo je djelovao Republi?ki \u0161tab civilne za\u0161tite ali i strukture u op\u0161tinama. Tako?e je va\u017eno i \u0161to su se gra?ani samoorganizovali. U op\u0161tini Kotor na primjer, dvadesetak omladinaca je podijelilo Stari grad na vi\u0161e reona i za kratko vrijeme iznijelo sve stare i povrije?ene, odnosno za svega 40 minuta cjelokupno stanovni\u0161tvo starog Kotora na\u0161lo se na bezbjednom mjestu.<br \/>\n&#8220;Na drugoj strani i organi vlasti su efikasno po?eli djelovati, a zna?ajnu ulogu odigrao je i tada\u0161nji predsjednik Jugoslavije Josip Broz Tito apelima za pomo?. I ubrzo su ruke pune solidarnosti pru\u017eene iz ?itavog svijeta, prije svega iz biv\u0161ih jugoslovenskih republika. Formirali smo Fond solidarnosti, Crveni krst je bio neumoran, komisije za utv?ivanje o\u0161te?enja tako?e. Ukupno je pregledano 62.199 objekta&#8221;, ka\u017ee za Pobjedu Vukajlo Vlahovi?, biv\u0161i na?elnik Republi?kog \u0161taba civilne za\u0161tite.<\/p>\n<p><strong>Omladinci ja?i od stihije<\/strong><\/p>\n<p>Aprilskog zemljotresa 1979. prisje?a se i Ivica ?arapi? jedan od ?lanova tada\u0161njeg glavnog Republi?kog \u0161taba SORA &#8220;Bratstvo -jedinstvo&#8221; zadu\u017een za organizovanje i koordinaciju radova koje su omladinske radne brigade izvodile na postradalom podru?ju.<br \/>\n&#8220;Situacija je zaista bila te\u0161ka i najva\u017enije je bilo organizovati se&#8221;, ka\u017ee on.<br \/>\n&#8220;U koordinaciji sa tada\u0161njim Savezom omladine Jugoslavije u pomo? su nam pristigle radne brigade iz svih biv\u0161ih republika.\u00a0 Solidarnost je prevazi\u0161la sva o?ekivanja. U postradalim op\u0161tinama smo napravili planove sanacije, formirali lokalne omladinske \u0161tabove sa ?ijim radom je koordinirao Glavni \u0161tab koji se tada nalazio u Buljarici.<br \/>\nSje?am se, omladinci su radili sa nezapam?enim elanom, prakti?no bez predaha. Rije?ju, bili su ja?i od ove stihije. Sje?anja na to vrijeme potvr?uju staru istinu da humanost i solidarnost na\u0161eg crnogorskog ?ovjeka nema alternativu&#8221;, ka\u017ee ?arapi?.<\/p>\n<p><strong>Spomen plo?a na zgradi Doma zdravlja<\/strong><\/p>\n<p>Na zgradi Doma zdravlja u Budvi danas ?e biti postavljena spomen plo?a Ameri?ke ambasade u Crnoj Gori, povodom trideset godina od katastrofalnog zemljotresa u Crnoj Gori 1979. godine.<\/p>\n<p>Objekat Doma zdravlja u Budvi, nakon zemljotresa, izgra?en je donacijom ameri?ke vlade.<br \/>\nMur ?e tako?e posjetiti zdravstvenu ambulantu u Sutomoru ?iju izgradnju su finansirale Sjedinjene Dr\u017eave. On ?e uru?iti i vatrogasnu opremu jedinici i centru za obuku vatrogasaca u Baru. Oprema je donacija Komande SAD za Evropu.<br \/>\nSve?anosti ?e, pored predstavnika Op\u0161tine, budvanskog Doma zdravlja i Vlade Crne Gore, prisustvovati, kako je najavljeno, i ameri?ki ambasador Roderik Mur.<\/p>\n<p><strong>Pobjeda<\/strong><\/p>\n<!--YouTube Error: bad URL entered-->\n","protected":false},"excerpt":{"rendered":"<p>Sje?anje na 15. april 1979, kada je nemilosrdna ruka prirode za sobom ostavila &#8211; suze, pusto\u0161 i ru\u0161evine. Danas, 30 godina kasnije, aprilske rane zarastaju &#8211; ostala su samo sje?anja na 101 \u017ertvu i o\u017eiljci na du\u0161i njihovih najbli\u017eih. Bila je nedjelja, 15. april 1979. Bilo je ta?no 7 sati i 20 minuta, kad je [&hellip;]<\/p>\n","protected":false},"author":1,"featured_media":0,"comment_status":"open","ping_status":"closed","sticky":false,"template":"","format":"standard","meta":{"spay_email":"","jetpack_publicize_message":"","jetpack_is_tweetstorm":false,"jetpack_publicize_feature_enabled":true},"categories":[8337],"tags":[9231],"jetpack_publicize_connections":[],"yoast_head":"<!-- This site is optimized with the Yoast SEO plugin v19.1 - https:\/\/yoast.com\/wordpress\/plugins\/seo\/ -->\n<title>Tri decenije od zemljotresa u Crnoj Gori - Lajme nga Ulqini<\/title>\n<meta name=\"description\" content=\"Sje?anje na 15. april 1979, kada je nemilosrdna ruka prirode za sobom ostavila - suze, pusto\u0161 i ru\u0161evine. Danas, 30 godina kasnije, aprilske rane\" \/>\n<meta name=\"robots\" content=\"index, follow, max-snippet:-1, max-image-preview:large, max-video-preview:-1\" \/>\n<link rel=\"canonical\" href=\"https:\/\/www.visit-ulcinj.com\/blog\/2009\/04\/16\/tri-decenije-od-zemljotresa-u-crnoj-gori\/\" \/>\n<meta property=\"og:locale\" content=\"en_US\" \/>\n<meta property=\"og:type\" content=\"article\" \/>\n<meta property=\"og:title\" content=\"Tri decenije od zemljotresa u Crnoj Gori - Lajme nga Ulqini\" \/>\n<meta property=\"og:description\" content=\"Sje?anje na 15. april 1979, kada je nemilosrdna ruka prirode za sobom ostavila - suze, pusto\u0161 i ru\u0161evine. Danas, 30 godina kasnije, aprilske rane\" \/>\n<meta property=\"og:url\" content=\"https:\/\/www.visit-ulcinj.com\/blog\/2009\/04\/16\/tri-decenije-od-zemljotresa-u-crnoj-gori\/\" \/>\n<meta property=\"og:site_name\" content=\"Lajme nga Ulqini\" \/>\n<meta property=\"article:published_time\" content=\"2009-04-16T18:14:04+00:00\" \/>\n<meta property=\"og:image\" content=\"http:\/\/www.visit-ulcinj.com\/blog\/wp-content\/uploads\/2009\/04\/zemljotres-u-crnoj-gori-15-aprila-1979_ulcinj.jpg\" \/>\n<meta name=\"twitter:label1\" content=\"Written by\" \/>\n\t<meta name=\"twitter:data1\" content=\"ulqini\" \/>\n\t<meta name=\"twitter:label2\" content=\"Est. reading time\" \/>\n\t<meta name=\"twitter:data2\" content=\"4 minutes\" \/>\n<script type=\"application\/ld+json\" class=\"yoast-schema-graph\">{\"@context\":\"https:\/\/schema.org\",\"@graph\":[{\"@type\":\"WebSite\",\"@id\":\"https:\/\/www.visit-ulcinj.com\/blog\/#website\",\"url\":\"https:\/\/www.visit-ulcinj.com\/blog\/\",\"name\":\"Lajme nga Ulqini\",\"description\":\"Lajme,Vijesti,Ulqini,Ulqin,Crna Gora,Mali i Zi\",\"potentialAction\":[{\"@type\":\"SearchAction\",\"target\":{\"@type\":\"EntryPoint\",\"urlTemplate\":\"https:\/\/www.visit-ulcinj.com\/blog\/?s={search_term_string}\"},\"query-input\":\"required name=search_term_string\"}],\"inLanguage\":\"en-US\"},{\"@type\":\"ImageObject\",\"inLanguage\":\"en-US\",\"@id\":\"https:\/\/www.visit-ulcinj.com\/blog\/2009\/04\/16\/tri-decenije-od-zemljotresa-u-crnoj-gori\/#primaryimage\",\"url\":\"https:\/\/www.visit-ulcinj.com\/blog\/wp-content\/uploads\/2009\/04\/zemljotres-u-crnoj-gori-15-aprila-1979_ulcinj.jpg\",\"contentUrl\":\"https:\/\/www.visit-ulcinj.com\/blog\/wp-content\/uploads\/2009\/04\/zemljotres-u-crnoj-gori-15-aprila-1979_ulcinj.jpg\",\"width\":\"444\",\"height\":\"341\"},{\"@type\":\"WebPage\",\"@id\":\"https:\/\/www.visit-ulcinj.com\/blog\/2009\/04\/16\/tri-decenije-od-zemljotresa-u-crnoj-gori\/#webpage\",\"url\":\"https:\/\/www.visit-ulcinj.com\/blog\/2009\/04\/16\/tri-decenije-od-zemljotresa-u-crnoj-gori\/\",\"name\":\"Tri decenije od zemljotresa u Crnoj Gori - Lajme nga Ulqini\",\"isPartOf\":{\"@id\":\"https:\/\/www.visit-ulcinj.com\/blog\/#website\"},\"primaryImageOfPage\":{\"@id\":\"https:\/\/www.visit-ulcinj.com\/blog\/2009\/04\/16\/tri-decenije-od-zemljotresa-u-crnoj-gori\/#primaryimage\"},\"datePublished\":\"2009-04-16T18:14:04+00:00\",\"dateModified\":\"2009-04-16T18:14:04+00:00\",\"author\":{\"@id\":\"https:\/\/www.visit-ulcinj.com\/blog\/#\/schema\/person\/dcab619c614d3038751c63bc2aadc06d\"},\"description\":\"Sje?anje na 15. april 1979, kada je nemilosrdna ruka prirode za sobom ostavila - suze, pusto\u0161 i ru\u0161evine. Danas, 30 godina kasnije, aprilske rane\",\"breadcrumb\":{\"@id\":\"https:\/\/www.visit-ulcinj.com\/blog\/2009\/04\/16\/tri-decenije-od-zemljotresa-u-crnoj-gori\/#breadcrumb\"},\"inLanguage\":\"en-US\",\"potentialAction\":[{\"@type\":\"ReadAction\",\"target\":[\"https:\/\/www.visit-ulcinj.com\/blog\/2009\/04\/16\/tri-decenije-od-zemljotresa-u-crnoj-gori\/\"]}]},{\"@type\":\"BreadcrumbList\",\"@id\":\"https:\/\/www.visit-ulcinj.com\/blog\/2009\/04\/16\/tri-decenije-od-zemljotresa-u-crnoj-gori\/#breadcrumb\",\"itemListElement\":[{\"@type\":\"ListItem\",\"position\":1,\"name\":\"Tri decenije od zemljotresa u Crnoj Gori\"}]},{\"@type\":\"Person\",\"@id\":\"https:\/\/www.visit-ulcinj.com\/blog\/#\/schema\/person\/dcab619c614d3038751c63bc2aadc06d\",\"name\":\"ulqini\",\"sameAs\":[\"http:\/\/www.visit-ulcinj.com\"],\"url\":\"https:\/\/www.visit-ulcinj.com\/blog\/author\/admin\/\"}]}<\/script>\n<!-- \/ Yoast SEO plugin. -->","yoast_head_json":{"title":"Tri decenije od zemljotresa u Crnoj Gori - Lajme nga Ulqini","description":"Sje?anje na 15. april 1979, kada je nemilosrdna ruka prirode za sobom ostavila - suze, pusto\u0161 i ru\u0161evine. Danas, 30 godina kasnije, aprilske rane","robots":{"index":"index","follow":"follow","max-snippet":"max-snippet:-1","max-image-preview":"max-image-preview:large","max-video-preview":"max-video-preview:-1"},"canonical":"https:\/\/www.visit-ulcinj.com\/blog\/2009\/04\/16\/tri-decenije-od-zemljotresa-u-crnoj-gori\/","og_locale":"en_US","og_type":"article","og_title":"Tri decenije od zemljotresa u Crnoj Gori - Lajme nga Ulqini","og_description":"Sje?anje na 15. april 1979, kada je nemilosrdna ruka prirode za sobom ostavila - suze, pusto\u0161 i ru\u0161evine. Danas, 30 godina kasnije, aprilske rane","og_url":"https:\/\/www.visit-ulcinj.com\/blog\/2009\/04\/16\/tri-decenije-od-zemljotresa-u-crnoj-gori\/","og_site_name":"Lajme nga Ulqini","article_published_time":"2009-04-16T18:14:04+00:00","og_image":[{"url":"http:\/\/www.visit-ulcinj.com\/blog\/wp-content\/uploads\/2009\/04\/zemljotres-u-crnoj-gori-15-aprila-1979_ulcinj.jpg"}],"twitter_misc":{"Written by":"ulqini","Est. reading time":"4 minutes"},"schema":{"@context":"https:\/\/schema.org","@graph":[{"@type":"WebSite","@id":"https:\/\/www.visit-ulcinj.com\/blog\/#website","url":"https:\/\/www.visit-ulcinj.com\/blog\/","name":"Lajme nga Ulqini","description":"Lajme,Vijesti,Ulqini,Ulqin,Crna Gora,Mali i Zi","potentialAction":[{"@type":"SearchAction","target":{"@type":"EntryPoint","urlTemplate":"https:\/\/www.visit-ulcinj.com\/blog\/?s={search_term_string}"},"query-input":"required name=search_term_string"}],"inLanguage":"en-US"},{"@type":"ImageObject","inLanguage":"en-US","@id":"https:\/\/www.visit-ulcinj.com\/blog\/2009\/04\/16\/tri-decenije-od-zemljotresa-u-crnoj-gori\/#primaryimage","url":"https:\/\/www.visit-ulcinj.com\/blog\/wp-content\/uploads\/2009\/04\/zemljotres-u-crnoj-gori-15-aprila-1979_ulcinj.jpg","contentUrl":"https:\/\/www.visit-ulcinj.com\/blog\/wp-content\/uploads\/2009\/04\/zemljotres-u-crnoj-gori-15-aprila-1979_ulcinj.jpg","width":"444","height":"341"},{"@type":"WebPage","@id":"https:\/\/www.visit-ulcinj.com\/blog\/2009\/04\/16\/tri-decenije-od-zemljotresa-u-crnoj-gori\/#webpage","url":"https:\/\/www.visit-ulcinj.com\/blog\/2009\/04\/16\/tri-decenije-od-zemljotresa-u-crnoj-gori\/","name":"Tri decenije od zemljotresa u Crnoj Gori - Lajme nga Ulqini","isPartOf":{"@id":"https:\/\/www.visit-ulcinj.com\/blog\/#website"},"primaryImageOfPage":{"@id":"https:\/\/www.visit-ulcinj.com\/blog\/2009\/04\/16\/tri-decenije-od-zemljotresa-u-crnoj-gori\/#primaryimage"},"datePublished":"2009-04-16T18:14:04+00:00","dateModified":"2009-04-16T18:14:04+00:00","author":{"@id":"https:\/\/www.visit-ulcinj.com\/blog\/#\/schema\/person\/dcab619c614d3038751c63bc2aadc06d"},"description":"Sje?anje na 15. april 1979, kada je nemilosrdna ruka prirode za sobom ostavila - suze, pusto\u0161 i ru\u0161evine. Danas, 30 godina kasnije, aprilske rane","breadcrumb":{"@id":"https:\/\/www.visit-ulcinj.com\/blog\/2009\/04\/16\/tri-decenije-od-zemljotresa-u-crnoj-gori\/#breadcrumb"},"inLanguage":"en-US","potentialAction":[{"@type":"ReadAction","target":["https:\/\/www.visit-ulcinj.com\/blog\/2009\/04\/16\/tri-decenije-od-zemljotresa-u-crnoj-gori\/"]}]},{"@type":"BreadcrumbList","@id":"https:\/\/www.visit-ulcinj.com\/blog\/2009\/04\/16\/tri-decenije-od-zemljotresa-u-crnoj-gori\/#breadcrumb","itemListElement":[{"@type":"ListItem","position":1,"name":"Tri decenije od zemljotresa u Crnoj Gori"}]},{"@type":"Person","@id":"https:\/\/www.visit-ulcinj.com\/blog\/#\/schema\/person\/dcab619c614d3038751c63bc2aadc06d","name":"ulqini","sameAs":["http:\/\/www.visit-ulcinj.com"],"url":"https:\/\/www.visit-ulcinj.com\/blog\/author\/admin\/"}]}},"jetpack_featured_media_url":"","jetpack_sharing_enabled":true,"jetpack_shortlink":"https:\/\/wp.me\/pe6lTn-4GM","_links":{"self":[{"href":"https:\/\/www.visit-ulcinj.com\/blog\/wp-json\/wp\/v2\/posts\/18028"}],"collection":[{"href":"https:\/\/www.visit-ulcinj.com\/blog\/wp-json\/wp\/v2\/posts"}],"about":[{"href":"https:\/\/www.visit-ulcinj.com\/blog\/wp-json\/wp\/v2\/types\/post"}],"author":[{"embeddable":true,"href":"https:\/\/www.visit-ulcinj.com\/blog\/wp-json\/wp\/v2\/users\/1"}],"replies":[{"embeddable":true,"href":"https:\/\/www.visit-ulcinj.com\/blog\/wp-json\/wp\/v2\/comments?post=18028"}],"version-history":[{"count":0,"href":"https:\/\/www.visit-ulcinj.com\/blog\/wp-json\/wp\/v2\/posts\/18028\/revisions"}],"wp:attachment":[{"href":"https:\/\/www.visit-ulcinj.com\/blog\/wp-json\/wp\/v2\/media?parent=18028"}],"wp:term":[{"taxonomy":"category","embeddable":true,"href":"https:\/\/www.visit-ulcinj.com\/blog\/wp-json\/wp\/v2\/categories?post=18028"},{"taxonomy":"post_tag","embeddable":true,"href":"https:\/\/www.visit-ulcinj.com\/blog\/wp-json\/wp\/v2\/tags?post=18028"}],"curies":[{"name":"wp","href":"https:\/\/api.w.org\/{rel}","templated":true}]}}