{"id":18035,"date":"2009-04-16T22:58:34","date_gmt":"2009-04-16T20:58:34","guid":{"rendered":"http:\/\/www.visit-ulcinj.com\/blog\/?p=18035"},"modified":"2009-04-16T22:58:34","modified_gmt":"2009-04-16T20:58:34","slug":"adelajda-mesuese-krasta","status":"publish","type":"post","link":"https:\/\/www.visit-ulcinj.com\/blog\/2009\/04\/16\/adelajda-mesuese-krasta\/","title":{"rendered":"Adelajda : M\u00ebsuese Krasta"},"content":{"rendered":"<p><em><span class=\"newsdate\"><a href=\"http:\/\/www.visit-ulcinj.com\/blog\/wp-content\/uploads\/2009\/04\/ari-adeles-per-krasten.jpg\"><img loading=\"lazy\" class=\"size-full wp-image-18036 alignleft\" title=\"ari-adeles-per-krasten-big-brother-albania-2\" src=\"http:\/\/www.visit-ulcinj.com\/blog\/wp-content\/uploads\/2009\/04\/ari-adeles-per-krasten.jpg\" alt=\"ari-adeles-per-krasten-big-brother-albania-2\" width=\"300\" height=\"205\" \/><\/a>13\/04\/09 12:22<\/span><\/em><\/p>\n<p>Adelajda \u00ebsht\u00eb nj\u00eb nga banor\u00ebt e fundit q\u00eb \u00ebsht\u00eb zgjuar nga gjumi. Ajo shkon n\u00eb kop\u00ebsht duke u bashkuar me banor\u00ebt e tjer\u00eb. N\u00eb momentin q\u00eb ajo ka dal\u00eb n\u00eb kop\u00ebsht \u00ebsht\u00eb pritur nga batuta e Arit:-\u201cM\u00ebsuese Krasta!\u201d Adelajda i thot\u00eb djemve q\u00eb ishin b\u00ebr\u00eb t\u00eb mir\u00eb pasi ishte hera e par\u00eb q\u00eb zgjimin nuk ja kishin b\u00ebr\u00eb duke i gjuajtur me jastik\u00eb, dhe shton:-\u201cNuk di se cfar\u00eb ju gjeti!\u201d T\u00eb gjith\u00eb banor\u00ebt ngacmojn\u00eb Adelajd\u00ebn n\u00eb lidhje me surpriz\u00ebn e saj. Adi pasi ka b\u00ebr\u00eb vrapin e m\u00ebngjesit shkon tek ajo duke i b\u00ebr\u00eb batuta. Ai i thot\u00eb:-\u201cAdi Krasta dua t\u00eb t\u00eb takoj!\u201d<\/p>\n","protected":false},"excerpt":{"rendered":"<p>13\/04\/09 12:22 Adelajda \u00ebsht\u00eb nj\u00eb nga banor\u00ebt e fundit q\u00eb \u00ebsht\u00eb zgjuar nga gjumi. Ajo shkon n\u00eb kop\u00ebsht duke u bashkuar me banor\u00ebt e tjer\u00eb. N\u00eb momentin q\u00eb ajo ka dal\u00eb n\u00eb kop\u00ebsht \u00ebsht\u00eb pritur nga batuta e Arit:-\u201cM\u00ebsuese Krasta!\u201d Adelajda i thot\u00eb djemve q\u00eb ishin b\u00ebr\u00eb t\u00eb mir\u00eb pasi ishte hera e par\u00eb q\u00eb [&hellip;]<\/p>\n","protected":false},"author":1,"featured_media":0,"comment_status":"open","ping_status":"closed","sticky":false,"template":"","format":"standard","meta":{"spay_email":"","jetpack_publicize_message":"","jetpack_is_tweetstorm":false,"jetpack_publicize_feature_enabled":true},"categories":[6502],"tags":[6562,6529,5057,6506,6516,6712,7129,6522,9232,6891,6693,6887],"jetpack_publicize_connections":[],"yoast_head":"<!-- This site is optimized with the Yoast SEO plugin v19.1 - https:\/\/yoast.com\/wordpress\/plugins\/seo\/ -->\n<title>Adelajda : M\u00c3\u00absuese Krasta | Big Brother Albania 2<\/title>\n<meta name=\"description\" content=\"Big Brother Albania 2 - Adelajda \u00c3\u00absht\u00c3\u00ab nj\u00c3\u00ab nga banor\u00c3\u00abt e fundit q\u00c3\u00ab \u00c3\u00absht\u00c3\u00ab zgjuar nga gjumi. Ajo shkon n\u00c3\u00ab kop\u00c3\u00absht duke u bashkuar me banor\u00c3\u00abt e tjer\u00c3\u00ab.\" \/>\n<meta name=\"robots\" content=\"index, follow, max-snippet:-1, max-image-preview:large, max-video-preview:-1\" \/>\n<link rel=\"canonical\" href=\"https:\/\/www.visit-ulcinj.com\/blog\/2009\/04\/16\/adelajda-mesuese-krasta\/\" \/>\n<meta property=\"og:locale\" content=\"en_US\" \/>\n<meta property=\"og:type\" content=\"article\" \/>\n<meta property=\"og:title\" content=\"Adelajda : M\u00c3\u00absuese Krasta | Big Brother Albania 2\" \/>\n<meta property=\"og:description\" content=\"Big Brother Albania 2 - Adelajda \u00c3\u00absht\u00c3\u00ab nj\u00c3\u00ab nga banor\u00c3\u00abt e fundit q\u00c3\u00ab \u00c3\u00absht\u00c3\u00ab zgjuar nga gjumi. Ajo shkon n\u00c3\u00ab kop\u00c3\u00absht duke u bashkuar me banor\u00c3\u00abt e tjer\u00c3\u00ab.\" \/>\n<meta property=\"og:url\" content=\"https:\/\/www.visit-ulcinj.com\/blog\/2009\/04\/16\/adelajda-mesuese-krasta\/\" \/>\n<meta property=\"og:site_name\" content=\"Lajme nga Ulqini\" \/>\n<meta property=\"article:published_time\" content=\"2009-04-16T20:58:34+00:00\" \/>\n<meta property=\"og:image\" content=\"http:\/\/www.visit-ulcinj.com\/blog\/wp-content\/uploads\/2009\/04\/ari-adeles-per-krasten.jpg\" \/>\n<meta name=\"twitter:label1\" content=\"Written by\" \/>\n\t<meta name=\"twitter:data1\" content=\"ulqini\" \/>\n\t<meta name=\"twitter:label2\" content=\"Est. reading time\" \/>\n\t<meta name=\"twitter:data2\" content=\"1 minute\" \/>\n<script type=\"application\/ld+json\" class=\"yoast-schema-graph\">{\"@context\":\"https:\/\/schema.org\",\"@graph\":[{\"@type\":\"WebSite\",\"@id\":\"https:\/\/www.visit-ulcinj.com\/blog\/#website\",\"url\":\"https:\/\/www.visit-ulcinj.com\/blog\/\",\"name\":\"Lajme nga Ulqini\",\"description\":\"Lajme,Vijesti,Ulqini,Ulqin,Crna Gora,Mali i Zi\",\"potentialAction\":[{\"@type\":\"SearchAction\",\"target\":{\"@type\":\"EntryPoint\",\"urlTemplate\":\"https:\/\/www.visit-ulcinj.com\/blog\/?s={search_term_string}\"},\"query-input\":\"required name=search_term_string\"}],\"inLanguage\":\"en-US\"},{\"@type\":\"ImageObject\",\"inLanguage\":\"en-US\",\"@id\":\"https:\/\/www.visit-ulcinj.com\/blog\/2009\/04\/16\/adelajda-mesuese-krasta\/#primaryimage\",\"url\":\"http:\/\/www.visit-ulcinj.com\/blog\/wp-content\/uploads\/2009\/04\/ari-adeles-per-krasten.jpg\",\"contentUrl\":\"http:\/\/www.visit-ulcinj.com\/blog\/wp-content\/uploads\/2009\/04\/ari-adeles-per-krasten.jpg\"},{\"@type\":\"WebPage\",\"@id\":\"https:\/\/www.visit-ulcinj.com\/blog\/2009\/04\/16\/adelajda-mesuese-krasta\/#webpage\",\"url\":\"https:\/\/www.visit-ulcinj.com\/blog\/2009\/04\/16\/adelajda-mesuese-krasta\/\",\"name\":\"Adelajda : M\u00c3\u00absuese Krasta | Big Brother Albania 2\",\"isPartOf\":{\"@id\":\"https:\/\/www.visit-ulcinj.com\/blog\/#website\"},\"primaryImageOfPage\":{\"@id\":\"https:\/\/www.visit-ulcinj.com\/blog\/2009\/04\/16\/adelajda-mesuese-krasta\/#primaryimage\"},\"datePublished\":\"2009-04-16T20:58:34+00:00\",\"dateModified\":\"2009-04-16T20:58:34+00:00\",\"author\":{\"@id\":\"https:\/\/www.visit-ulcinj.com\/blog\/#\/schema\/person\/dcab619c614d3038751c63bc2aadc06d\"},\"description\":\"Big Brother Albania 2 - Adelajda \u00c3\u00absht\u00c3\u00ab nj\u00c3\u00ab nga banor\u00c3\u00abt e fundit q\u00c3\u00ab \u00c3\u00absht\u00c3\u00ab zgjuar nga gjumi. Ajo shkon n\u00c3\u00ab kop\u00c3\u00absht duke u bashkuar me banor\u00c3\u00abt e tjer\u00c3\u00ab.\",\"breadcrumb\":{\"@id\":\"https:\/\/www.visit-ulcinj.com\/blog\/2009\/04\/16\/adelajda-mesuese-krasta\/#breadcrumb\"},\"inLanguage\":\"en-US\",\"potentialAction\":[{\"@type\":\"ReadAction\",\"target\":[\"https:\/\/www.visit-ulcinj.com\/blog\/2009\/04\/16\/adelajda-mesuese-krasta\/\"]}]},{\"@type\":\"BreadcrumbList\",\"@id\":\"https:\/\/www.visit-ulcinj.com\/blog\/2009\/04\/16\/adelajda-mesuese-krasta\/#breadcrumb\",\"itemListElement\":[{\"@type\":\"ListItem\",\"position\":1,\"name\":\"Adelajda : M\u00ebsuese Krasta\"}]},{\"@type\":\"Person\",\"@id\":\"https:\/\/www.visit-ulcinj.com\/blog\/#\/schema\/person\/dcab619c614d3038751c63bc2aadc06d\",\"name\":\"ulqini\",\"sameAs\":[\"http:\/\/www.visit-ulcinj.com\"],\"url\":\"https:\/\/www.visit-ulcinj.com\/blog\/author\/admin\/\"}]}<\/script>\n<!-- \/ Yoast SEO plugin. -->","yoast_head_json":{"title":"Adelajda : M\u00c3\u00absuese Krasta | Big Brother Albania 2","description":"Big Brother Albania 2 - Adelajda \u00c3\u00absht\u00c3\u00ab nj\u00c3\u00ab nga banor\u00c3\u00abt e fundit q\u00c3\u00ab \u00c3\u00absht\u00c3\u00ab zgjuar nga gjumi. Ajo shkon n\u00c3\u00ab kop\u00c3\u00absht duke u bashkuar me banor\u00c3\u00abt e tjer\u00c3\u00ab.","robots":{"index":"index","follow":"follow","max-snippet":"max-snippet:-1","max-image-preview":"max-image-preview:large","max-video-preview":"max-video-preview:-1"},"canonical":"https:\/\/www.visit-ulcinj.com\/blog\/2009\/04\/16\/adelajda-mesuese-krasta\/","og_locale":"en_US","og_type":"article","og_title":"Adelajda : M\u00c3\u00absuese Krasta | Big Brother Albania 2","og_description":"Big Brother Albania 2 - Adelajda \u00c3\u00absht\u00c3\u00ab nj\u00c3\u00ab nga banor\u00c3\u00abt e fundit q\u00c3\u00ab \u00c3\u00absht\u00c3\u00ab zgjuar nga gjumi. Ajo shkon n\u00c3\u00ab kop\u00c3\u00absht duke u bashkuar me banor\u00c3\u00abt e tjer\u00c3\u00ab.","og_url":"https:\/\/www.visit-ulcinj.com\/blog\/2009\/04\/16\/adelajda-mesuese-krasta\/","og_site_name":"Lajme nga Ulqini","article_published_time":"2009-04-16T20:58:34+00:00","og_image":[{"url":"http:\/\/www.visit-ulcinj.com\/blog\/wp-content\/uploads\/2009\/04\/ari-adeles-per-krasten.jpg"}],"twitter_misc":{"Written by":"ulqini","Est. reading time":"1 minute"},"schema":{"@context":"https:\/\/schema.org","@graph":[{"@type":"WebSite","@id":"https:\/\/www.visit-ulcinj.com\/blog\/#website","url":"https:\/\/www.visit-ulcinj.com\/blog\/","name":"Lajme nga Ulqini","description":"Lajme,Vijesti,Ulqini,Ulqin,Crna Gora,Mali i Zi","potentialAction":[{"@type":"SearchAction","target":{"@type":"EntryPoint","urlTemplate":"https:\/\/www.visit-ulcinj.com\/blog\/?s={search_term_string}"},"query-input":"required name=search_term_string"}],"inLanguage":"en-US"},{"@type":"ImageObject","inLanguage":"en-US","@id":"https:\/\/www.visit-ulcinj.com\/blog\/2009\/04\/16\/adelajda-mesuese-krasta\/#primaryimage","url":"http:\/\/www.visit-ulcinj.com\/blog\/wp-content\/uploads\/2009\/04\/ari-adeles-per-krasten.jpg","contentUrl":"http:\/\/www.visit-ulcinj.com\/blog\/wp-content\/uploads\/2009\/04\/ari-adeles-per-krasten.jpg"},{"@type":"WebPage","@id":"https:\/\/www.visit-ulcinj.com\/blog\/2009\/04\/16\/adelajda-mesuese-krasta\/#webpage","url":"https:\/\/www.visit-ulcinj.com\/blog\/2009\/04\/16\/adelajda-mesuese-krasta\/","name":"Adelajda : M\u00c3\u00absuese Krasta | Big Brother Albania 2","isPartOf":{"@id":"https:\/\/www.visit-ulcinj.com\/blog\/#website"},"primaryImageOfPage":{"@id":"https:\/\/www.visit-ulcinj.com\/blog\/2009\/04\/16\/adelajda-mesuese-krasta\/#primaryimage"},"datePublished":"2009-04-16T20:58:34+00:00","dateModified":"2009-04-16T20:58:34+00:00","author":{"@id":"https:\/\/www.visit-ulcinj.com\/blog\/#\/schema\/person\/dcab619c614d3038751c63bc2aadc06d"},"description":"Big Brother Albania 2 - Adelajda \u00c3\u00absht\u00c3\u00ab nj\u00c3\u00ab nga banor\u00c3\u00abt e fundit q\u00c3\u00ab \u00c3\u00absht\u00c3\u00ab zgjuar nga gjumi. Ajo shkon n\u00c3\u00ab kop\u00c3\u00absht duke u bashkuar me banor\u00c3\u00abt e tjer\u00c3\u00ab.","breadcrumb":{"@id":"https:\/\/www.visit-ulcinj.com\/blog\/2009\/04\/16\/adelajda-mesuese-krasta\/#breadcrumb"},"inLanguage":"en-US","potentialAction":[{"@type":"ReadAction","target":["https:\/\/www.visit-ulcinj.com\/blog\/2009\/04\/16\/adelajda-mesuese-krasta\/"]}]},{"@type":"BreadcrumbList","@id":"https:\/\/www.visit-ulcinj.com\/blog\/2009\/04\/16\/adelajda-mesuese-krasta\/#breadcrumb","itemListElement":[{"@type":"ListItem","position":1,"name":"Adelajda : M\u00ebsuese Krasta"}]},{"@type":"Person","@id":"https:\/\/www.visit-ulcinj.com\/blog\/#\/schema\/person\/dcab619c614d3038751c63bc2aadc06d","name":"ulqini","sameAs":["http:\/\/www.visit-ulcinj.com"],"url":"https:\/\/www.visit-ulcinj.com\/blog\/author\/admin\/"}]}},"jetpack_featured_media_url":"","jetpack_sharing_enabled":true,"jetpack_shortlink":"https:\/\/wp.me\/pe6lTn-4GT","_links":{"self":[{"href":"https:\/\/www.visit-ulcinj.com\/blog\/wp-json\/wp\/v2\/posts\/18035"}],"collection":[{"href":"https:\/\/www.visit-ulcinj.com\/blog\/wp-json\/wp\/v2\/posts"}],"about":[{"href":"https:\/\/www.visit-ulcinj.com\/blog\/wp-json\/wp\/v2\/types\/post"}],"author":[{"embeddable":true,"href":"https:\/\/www.visit-ulcinj.com\/blog\/wp-json\/wp\/v2\/users\/1"}],"replies":[{"embeddable":true,"href":"https:\/\/www.visit-ulcinj.com\/blog\/wp-json\/wp\/v2\/comments?post=18035"}],"version-history":[{"count":0,"href":"https:\/\/www.visit-ulcinj.com\/blog\/wp-json\/wp\/v2\/posts\/18035\/revisions"}],"wp:attachment":[{"href":"https:\/\/www.visit-ulcinj.com\/blog\/wp-json\/wp\/v2\/media?parent=18035"}],"wp:term":[{"taxonomy":"category","embeddable":true,"href":"https:\/\/www.visit-ulcinj.com\/blog\/wp-json\/wp\/v2\/categories?post=18035"},{"taxonomy":"post_tag","embeddable":true,"href":"https:\/\/www.visit-ulcinj.com\/blog\/wp-json\/wp\/v2\/tags?post=18035"}],"curies":[{"name":"wp","href":"https:\/\/api.w.org\/{rel}","templated":true}]}}