{"id":18038,"date":"2009-04-16T23:01:15","date_gmt":"2009-04-16T21:01:15","guid":{"rendered":"http:\/\/www.visit-ulcinj.com\/blog\/?p=18038"},"modified":"2009-04-16T23:01:15","modified_gmt":"2009-04-16T21:01:15","slug":"adelajda-java-do-jete-e-forte","status":"publish","type":"post","link":"https:\/\/www.visit-ulcinj.com\/blog\/2009\/04\/16\/adelajda-java-do-jete-e-forte\/","title":{"rendered":"Adelajda : Java do jet\u00eb e fort\u00eb"},"content":{"rendered":"<p><em><span class=\"newsdate\"><a href=\"http:\/\/www.visit-ulcinj.com\/blog\/wp-content\/uploads\/2009\/04\/moza-adela-per-arjon.jpg\"><img loading=\"lazy\" class=\"alignleft size-full wp-image-18039\" title=\"moza-adela-per-arjon-big-brother-albania-2\" src=\"http:\/\/www.visit-ulcinj.com\/blog\/wp-content\/uploads\/2009\/04\/moza-adela-per-arjon.jpg\" alt=\"moza-adela-per-arjon-big-brother-albania-2\" width=\"300\" height=\"205\" \/><\/a>13\/04\/09 14:09<\/span><\/em><\/p>\n<p>Adelajda dhe Mimoza duke q\u00ebndruar n\u00eb dhom\u00eb kan\u00eb diskutuar p\u00ebr nominimet. Mimoza i tregon q\u00eb kishte nominuar Arjonin dhe Anjez\u00ebn por pa patur nj\u00eb arsye. Arsyet q\u00eb kishte th\u00ebn\u00eb ishin t\u00eb rast\u00ebsishme dhe jo me baza, pasi shprehet q\u00eb nuk kishte menduar k\u00eb t\u00eb nominonte. Ajo thot\u00eb:-\u201cPasi b\u00ebn dy jav\u00eb pushim, thash\u00eb ti nominoj k\u00ebt\u00eb jav\u00eb!\u201d dhe vazhdon duke shtuar, q\u00eb arsyeja q\u00eb kishte th\u00ebn\u00eb p\u00ebr Anjez\u00ebn ishte se nuk i kishte treguar p\u00ebr puthjen e saj me Arjonin. Mimoza thot\u00eb q\u00eb ajo cdo jav\u00eb nominon persona t\u00eb ndrysh\u00ebm. Adelajda thot\u00eb:-\u201cJava do jet\u00eb e fort\u00eb! Gjynah q\u00eb jemi ne!\u201d Mimoza dyshon q\u00eb nj\u00eb nga banor\u00ebt e nominon cdo jav\u00eb Arjonin.<\/p>\n","protected":false},"excerpt":{"rendered":"<p>13\/04\/09 14:09 Adelajda dhe Mimoza duke q\u00ebndruar n\u00eb dhom\u00eb kan\u00eb diskutuar p\u00ebr nominimet. Mimoza i tregon q\u00eb kishte nominuar Arjonin dhe Anjez\u00ebn por pa patur nj\u00eb arsye. Arsyet q\u00eb kishte th\u00ebn\u00eb ishin t\u00eb rast\u00ebsishme dhe jo me baza, pasi shprehet q\u00eb nuk kishte menduar k\u00eb t\u00eb nominonte. Ajo thot\u00eb:-\u201cPasi b\u00ebn dy jav\u00eb pushim, thash\u00eb ti [&hellip;]<\/p>\n","protected":false},"author":1,"featured_media":0,"comment_status":"open","ping_status":"closed","sticky":false,"template":"","format":"standard","meta":{"spay_email":"","jetpack_publicize_message":"","jetpack_is_tweetstorm":false,"jetpack_publicize_feature_enabled":true},"categories":[6502],"tags":[9233,6529,6525,5057,6506,6516,6712,7129,6544,6891,6693,6887],"jetpack_publicize_connections":[],"yoast_head":"<!-- This site is optimized with the Yoast SEO plugin v19.1 - https:\/\/yoast.com\/wordpress\/plugins\/seo\/ -->\n<title>Adelajda : Java do jet\u00c3\u00ab e fort\u00c3\u00ab | Big Brother Albania 2<\/title>\n<meta name=\"description\" content=\"Big Brother Albania 2 - Adelajda dhe Mimoza duke q\u00c3\u00abndruar n\u00c3\u00ab dhom\u00c3\u00ab kan\u00c3\u00ab diskutuar p\u00c3\u00abr nominimet.\" \/>\n<meta name=\"robots\" content=\"index, follow, max-snippet:-1, max-image-preview:large, max-video-preview:-1\" \/>\n<link rel=\"canonical\" href=\"https:\/\/www.visit-ulcinj.com\/blog\/2009\/04\/16\/adelajda-java-do-jete-e-forte\/\" \/>\n<meta property=\"og:locale\" content=\"en_US\" \/>\n<meta property=\"og:type\" content=\"article\" \/>\n<meta property=\"og:title\" content=\"Adelajda : Java do jet\u00c3\u00ab e fort\u00c3\u00ab | Big Brother Albania 2\" \/>\n<meta property=\"og:description\" content=\"Big Brother Albania 2 - Adelajda dhe Mimoza duke q\u00c3\u00abndruar n\u00c3\u00ab dhom\u00c3\u00ab kan\u00c3\u00ab diskutuar p\u00c3\u00abr nominimet.\" \/>\n<meta property=\"og:url\" content=\"https:\/\/www.visit-ulcinj.com\/blog\/2009\/04\/16\/adelajda-java-do-jete-e-forte\/\" \/>\n<meta property=\"og:site_name\" content=\"Lajme nga Ulqini\" \/>\n<meta property=\"article:published_time\" content=\"2009-04-16T21:01:15+00:00\" \/>\n<meta property=\"og:image\" content=\"http:\/\/www.visit-ulcinj.com\/blog\/wp-content\/uploads\/2009\/04\/moza-adela-per-arjon.jpg\" \/>\n<meta name=\"twitter:label1\" content=\"Written by\" \/>\n\t<meta name=\"twitter:data1\" content=\"ulqini\" \/>\n\t<meta name=\"twitter:label2\" content=\"Est. reading time\" \/>\n\t<meta name=\"twitter:data2\" content=\"1 minute\" \/>\n<script type=\"application\/ld+json\" class=\"yoast-schema-graph\">{\"@context\":\"https:\/\/schema.org\",\"@graph\":[{\"@type\":\"WebSite\",\"@id\":\"https:\/\/www.visit-ulcinj.com\/blog\/#website\",\"url\":\"https:\/\/www.visit-ulcinj.com\/blog\/\",\"name\":\"Lajme nga Ulqini\",\"description\":\"Lajme,Vijesti,Ulqini,Ulqin,Crna Gora,Mali i Zi\",\"potentialAction\":[{\"@type\":\"SearchAction\",\"target\":{\"@type\":\"EntryPoint\",\"urlTemplate\":\"https:\/\/www.visit-ulcinj.com\/blog\/?s={search_term_string}\"},\"query-input\":\"required name=search_term_string\"}],\"inLanguage\":\"en-US\"},{\"@type\":\"ImageObject\",\"inLanguage\":\"en-US\",\"@id\":\"https:\/\/www.visit-ulcinj.com\/blog\/2009\/04\/16\/adelajda-java-do-jete-e-forte\/#primaryimage\",\"url\":\"http:\/\/www.visit-ulcinj.com\/blog\/wp-content\/uploads\/2009\/04\/moza-adela-per-arjon.jpg\",\"contentUrl\":\"http:\/\/www.visit-ulcinj.com\/blog\/wp-content\/uploads\/2009\/04\/moza-adela-per-arjon.jpg\"},{\"@type\":\"WebPage\",\"@id\":\"https:\/\/www.visit-ulcinj.com\/blog\/2009\/04\/16\/adelajda-java-do-jete-e-forte\/#webpage\",\"url\":\"https:\/\/www.visit-ulcinj.com\/blog\/2009\/04\/16\/adelajda-java-do-jete-e-forte\/\",\"name\":\"Adelajda : Java do jet\u00c3\u00ab e fort\u00c3\u00ab | Big Brother Albania 2\",\"isPartOf\":{\"@id\":\"https:\/\/www.visit-ulcinj.com\/blog\/#website\"},\"primaryImageOfPage\":{\"@id\":\"https:\/\/www.visit-ulcinj.com\/blog\/2009\/04\/16\/adelajda-java-do-jete-e-forte\/#primaryimage\"},\"datePublished\":\"2009-04-16T21:01:15+00:00\",\"dateModified\":\"2009-04-16T21:01:15+00:00\",\"author\":{\"@id\":\"https:\/\/www.visit-ulcinj.com\/blog\/#\/schema\/person\/dcab619c614d3038751c63bc2aadc06d\"},\"description\":\"Big Brother Albania 2 - Adelajda dhe Mimoza duke q\u00c3\u00abndruar n\u00c3\u00ab dhom\u00c3\u00ab kan\u00c3\u00ab diskutuar p\u00c3\u00abr nominimet.\",\"breadcrumb\":{\"@id\":\"https:\/\/www.visit-ulcinj.com\/blog\/2009\/04\/16\/adelajda-java-do-jete-e-forte\/#breadcrumb\"},\"inLanguage\":\"en-US\",\"potentialAction\":[{\"@type\":\"ReadAction\",\"target\":[\"https:\/\/www.visit-ulcinj.com\/blog\/2009\/04\/16\/adelajda-java-do-jete-e-forte\/\"]}]},{\"@type\":\"BreadcrumbList\",\"@id\":\"https:\/\/www.visit-ulcinj.com\/blog\/2009\/04\/16\/adelajda-java-do-jete-e-forte\/#breadcrumb\",\"itemListElement\":[{\"@type\":\"ListItem\",\"position\":1,\"name\":\"Adelajda : Java do jet\u00eb e fort\u00eb\"}]},{\"@type\":\"Person\",\"@id\":\"https:\/\/www.visit-ulcinj.com\/blog\/#\/schema\/person\/dcab619c614d3038751c63bc2aadc06d\",\"name\":\"ulqini\",\"sameAs\":[\"http:\/\/www.visit-ulcinj.com\"],\"url\":\"https:\/\/www.visit-ulcinj.com\/blog\/author\/admin\/\"}]}<\/script>\n<!-- \/ Yoast SEO plugin. -->","yoast_head_json":{"title":"Adelajda : Java do jet\u00c3\u00ab e fort\u00c3\u00ab | Big Brother Albania 2","description":"Big Brother Albania 2 - Adelajda dhe Mimoza duke q\u00c3\u00abndruar n\u00c3\u00ab dhom\u00c3\u00ab kan\u00c3\u00ab diskutuar p\u00c3\u00abr nominimet.","robots":{"index":"index","follow":"follow","max-snippet":"max-snippet:-1","max-image-preview":"max-image-preview:large","max-video-preview":"max-video-preview:-1"},"canonical":"https:\/\/www.visit-ulcinj.com\/blog\/2009\/04\/16\/adelajda-java-do-jete-e-forte\/","og_locale":"en_US","og_type":"article","og_title":"Adelajda : Java do jet\u00c3\u00ab e fort\u00c3\u00ab | Big Brother Albania 2","og_description":"Big Brother Albania 2 - Adelajda dhe Mimoza duke q\u00c3\u00abndruar n\u00c3\u00ab dhom\u00c3\u00ab kan\u00c3\u00ab diskutuar p\u00c3\u00abr nominimet.","og_url":"https:\/\/www.visit-ulcinj.com\/blog\/2009\/04\/16\/adelajda-java-do-jete-e-forte\/","og_site_name":"Lajme nga Ulqini","article_published_time":"2009-04-16T21:01:15+00:00","og_image":[{"url":"http:\/\/www.visit-ulcinj.com\/blog\/wp-content\/uploads\/2009\/04\/moza-adela-per-arjon.jpg"}],"twitter_misc":{"Written by":"ulqini","Est. reading time":"1 minute"},"schema":{"@context":"https:\/\/schema.org","@graph":[{"@type":"WebSite","@id":"https:\/\/www.visit-ulcinj.com\/blog\/#website","url":"https:\/\/www.visit-ulcinj.com\/blog\/","name":"Lajme nga Ulqini","description":"Lajme,Vijesti,Ulqini,Ulqin,Crna Gora,Mali i Zi","potentialAction":[{"@type":"SearchAction","target":{"@type":"EntryPoint","urlTemplate":"https:\/\/www.visit-ulcinj.com\/blog\/?s={search_term_string}"},"query-input":"required name=search_term_string"}],"inLanguage":"en-US"},{"@type":"ImageObject","inLanguage":"en-US","@id":"https:\/\/www.visit-ulcinj.com\/blog\/2009\/04\/16\/adelajda-java-do-jete-e-forte\/#primaryimage","url":"http:\/\/www.visit-ulcinj.com\/blog\/wp-content\/uploads\/2009\/04\/moza-adela-per-arjon.jpg","contentUrl":"http:\/\/www.visit-ulcinj.com\/blog\/wp-content\/uploads\/2009\/04\/moza-adela-per-arjon.jpg"},{"@type":"WebPage","@id":"https:\/\/www.visit-ulcinj.com\/blog\/2009\/04\/16\/adelajda-java-do-jete-e-forte\/#webpage","url":"https:\/\/www.visit-ulcinj.com\/blog\/2009\/04\/16\/adelajda-java-do-jete-e-forte\/","name":"Adelajda : Java do jet\u00c3\u00ab e fort\u00c3\u00ab | Big Brother Albania 2","isPartOf":{"@id":"https:\/\/www.visit-ulcinj.com\/blog\/#website"},"primaryImageOfPage":{"@id":"https:\/\/www.visit-ulcinj.com\/blog\/2009\/04\/16\/adelajda-java-do-jete-e-forte\/#primaryimage"},"datePublished":"2009-04-16T21:01:15+00:00","dateModified":"2009-04-16T21:01:15+00:00","author":{"@id":"https:\/\/www.visit-ulcinj.com\/blog\/#\/schema\/person\/dcab619c614d3038751c63bc2aadc06d"},"description":"Big Brother Albania 2 - Adelajda dhe Mimoza duke q\u00c3\u00abndruar n\u00c3\u00ab dhom\u00c3\u00ab kan\u00c3\u00ab diskutuar p\u00c3\u00abr nominimet.","breadcrumb":{"@id":"https:\/\/www.visit-ulcinj.com\/blog\/2009\/04\/16\/adelajda-java-do-jete-e-forte\/#breadcrumb"},"inLanguage":"en-US","potentialAction":[{"@type":"ReadAction","target":["https:\/\/www.visit-ulcinj.com\/blog\/2009\/04\/16\/adelajda-java-do-jete-e-forte\/"]}]},{"@type":"BreadcrumbList","@id":"https:\/\/www.visit-ulcinj.com\/blog\/2009\/04\/16\/adelajda-java-do-jete-e-forte\/#breadcrumb","itemListElement":[{"@type":"ListItem","position":1,"name":"Adelajda : Java do jet\u00eb e fort\u00eb"}]},{"@type":"Person","@id":"https:\/\/www.visit-ulcinj.com\/blog\/#\/schema\/person\/dcab619c614d3038751c63bc2aadc06d","name":"ulqini","sameAs":["http:\/\/www.visit-ulcinj.com"],"url":"https:\/\/www.visit-ulcinj.com\/blog\/author\/admin\/"}]}},"jetpack_featured_media_url":"","jetpack_sharing_enabled":true,"jetpack_shortlink":"https:\/\/wp.me\/pe6lTn-4GW","_links":{"self":[{"href":"https:\/\/www.visit-ulcinj.com\/blog\/wp-json\/wp\/v2\/posts\/18038"}],"collection":[{"href":"https:\/\/www.visit-ulcinj.com\/blog\/wp-json\/wp\/v2\/posts"}],"about":[{"href":"https:\/\/www.visit-ulcinj.com\/blog\/wp-json\/wp\/v2\/types\/post"}],"author":[{"embeddable":true,"href":"https:\/\/www.visit-ulcinj.com\/blog\/wp-json\/wp\/v2\/users\/1"}],"replies":[{"embeddable":true,"href":"https:\/\/www.visit-ulcinj.com\/blog\/wp-json\/wp\/v2\/comments?post=18038"}],"version-history":[{"count":0,"href":"https:\/\/www.visit-ulcinj.com\/blog\/wp-json\/wp\/v2\/posts\/18038\/revisions"}],"wp:attachment":[{"href":"https:\/\/www.visit-ulcinj.com\/blog\/wp-json\/wp\/v2\/media?parent=18038"}],"wp:term":[{"taxonomy":"category","embeddable":true,"href":"https:\/\/www.visit-ulcinj.com\/blog\/wp-json\/wp\/v2\/categories?post=18038"},{"taxonomy":"post_tag","embeddable":true,"href":"https:\/\/www.visit-ulcinj.com\/blog\/wp-json\/wp\/v2\/tags?post=18038"}],"curies":[{"name":"wp","href":"https:\/\/api.w.org\/{rel}","templated":true}]}}