{"id":18042,"date":"2009-04-16T23:04:13","date_gmt":"2009-04-16T21:04:13","guid":{"rendered":"http:\/\/www.visit-ulcinj.com\/blog\/?p=18042"},"modified":"2009-05-04T11:26:19","modified_gmt":"2009-05-04T09:26:19","slug":"toni-dhe-aida-te-paraqitesh-sic-je","status":"publish","type":"post","link":"https:\/\/www.visit-ulcinj.com\/blog\/2009\/04\/16\/toni-dhe-aida-te-paraqitesh-sic-je\/","title":{"rendered":"Toni dhe Aida : T\u00eb paraqitesh sic je"},"content":{"rendered":"<p><a href=\"http:\/\/www.visit-ulcinj.com\/blog\/wp-content\/uploads\/2009\/04\/ariaida-toni.jpg\"><img loading=\"lazy\" class=\"alignleft size-full wp-image-18043\" title=\"ariaida-toni\" src=\"http:\/\/www.visit-ulcinj.com\/blog\/wp-content\/uploads\/2009\/04\/ariaida-toni.jpg\" alt=\"ariaida-toni\" width=\"300\" height=\"205\" \/><\/a><em><span class=\"newsdate\">13\/04\/09 16:30<\/span><\/em><\/p>\n<p><em><\/em>Aida, Ari dhe Eltoni diskutojn\u00eb p\u00ebr sjelljen e Mimoz\u00ebs, faktin q\u00eb ajo thot\u00eb q\u00eb nuk ka puthur asnj\u00ebher\u00eb. Eltoni thot\u00eb q\u00eb ajo nuk \u00ebsht\u00eb aq naive sa duket, dhe shton q\u00eb banor\u00ebt nuk i kan\u00eb th\u00ebn\u00eb t\u00eb v\u00ebrtet\u00ebn nj\u00ebri-tjetrit. Ari thot\u00eb:-\u201cSi ka mund\u00ebsi q\u00eb gjith\u00eb kjo vajz\u00eb e bukur t\u00eb jet\u00eb manipulatore?!\u201d Eltoni mendon se njer\u00ebzit e shfryt\u00ebzojn\u00eb pamjen p\u00ebr ta b\u00ebr\u00eb nj\u00eb gj\u00eb t\u00eb till\u00eb. Aida mundohet ta justifikoj\u00eb, duke th\u00ebn\u00eb q\u00eb ndoshta Mimoza mund ta ket\u00eb problemin nga familja q\u00eb nuk shprehet hapur. Eltoni e pyet Aid\u00ebn n\u00ebse ajo v\u00ebrtet mendonte q\u00eb banor\u00ebt kan\u00eb q\u00ebn\u00eb realist brenda sht\u00ebpis\u00eb. Ajo i thot\u00eb:-\u201cKoha do e tregoj\u00eb se sa realist kan\u00eb q\u00ebn\u00eb!\u201d Sipas saj brenda sht\u00ebpis\u00eb ka dhe persona q\u00eb kan\u00eb q\u00ebn\u00eb real, dhe kan\u00eb th\u00ebn\u00eb t\u00eb v\u00ebrtet\u00ebn. Eltoni thot\u00eb:-\u201cUn\u00eb mendoj q\u00eb \u00ebsht\u00eb m\u00eb mir\u00eb t\u00eb paraqitesh sic je!\u201d Mendimi i tij bazohet n\u00eb faktin q\u00eb publiku q\u00eb i ndjek arrin t\u00eb kuptoj\u00eb se sa real jan\u00eb.<\/p>\n","protected":false},"excerpt":{"rendered":"<p>13\/04\/09 16:30 Aida, Ari dhe Eltoni diskutojn\u00eb p\u00ebr sjelljen e Mimoz\u00ebs, faktin q\u00eb ajo thot\u00eb q\u00eb nuk ka puthur asnj\u00ebher\u00eb. Eltoni thot\u00eb q\u00eb ajo nuk \u00ebsht\u00eb aq naive sa duket, dhe shton q\u00eb banor\u00ebt nuk i kan\u00eb th\u00ebn\u00eb t\u00eb v\u00ebrtet\u00ebn nj\u00ebri-tjetrit. Ari thot\u00eb:-\u201cSi ka mund\u00ebsi q\u00eb gjith\u00eb kjo vajz\u00eb e bukur t\u00eb jet\u00eb manipulatore?!\u201d Eltoni [&hellip;]<\/p>\n","protected":false},"author":1,"featured_media":0,"comment_status":"open","ping_status":"closed","sticky":false,"template":"","format":"standard","meta":{"spay_email":"","jetpack_publicize_message":"","jetpack_is_tweetstorm":false,"jetpack_publicize_feature_enabled":true},"categories":[6502],"tags":[6537,8784,9235,5057,6506,6516,6712,7129,8943,6544,6891,6693,6887,9234],"jetpack_publicize_connections":[],"yoast_head":"<!-- This site is optimized with the Yoast SEO plugin v19.1 - https:\/\/yoast.com\/wordpress\/plugins\/seo\/ -->\n<title>Toni dhe Aida : T\u00c3\u00ab paraqitesh sic je | Big Brother Albania 2<\/title>\n<meta name=\"description\" content=\"Big Brother Albania 2 - Aida, Ari dhe Eltoni diskutojn\u00c3\u00ab p\u00c3\u00abr sjelljen e Mimoz\u00c3\u00abs, faktin q\u00c3\u00ab ajo thot\u00c3\u00ab q\u00c3\u00ab nuk ka puthur asnj\u00c3\u00abher\u00c3\u00ab. Eltoni thot\u00c3\u00ab q\u00c3\u00ab ajo nuk \u00c3\u00absht\u00c3\u00ab aq naive sa duket\" \/>\n<meta name=\"robots\" content=\"index, follow, max-snippet:-1, max-image-preview:large, max-video-preview:-1\" \/>\n<link rel=\"canonical\" href=\"https:\/\/www.visit-ulcinj.com\/blog\/2009\/04\/16\/toni-dhe-aida-te-paraqitesh-sic-je\/\" \/>\n<meta property=\"og:locale\" content=\"en_US\" \/>\n<meta property=\"og:type\" content=\"article\" \/>\n<meta property=\"og:title\" content=\"Toni dhe Aida : T\u00c3\u00ab paraqitesh sic je | Big Brother Albania 2\" \/>\n<meta property=\"og:description\" content=\"Big Brother Albania 2 - Aida, Ari dhe Eltoni diskutojn\u00c3\u00ab p\u00c3\u00abr sjelljen e Mimoz\u00c3\u00abs, faktin q\u00c3\u00ab ajo thot\u00c3\u00ab q\u00c3\u00ab nuk ka puthur asnj\u00c3\u00abher\u00c3\u00ab. Eltoni thot\u00c3\u00ab q\u00c3\u00ab ajo nuk \u00c3\u00absht\u00c3\u00ab aq naive sa duket\" \/>\n<meta property=\"og:url\" content=\"https:\/\/www.visit-ulcinj.com\/blog\/2009\/04\/16\/toni-dhe-aida-te-paraqitesh-sic-je\/\" \/>\n<meta property=\"og:site_name\" content=\"Lajme nga Ulqini\" \/>\n<meta property=\"article:published_time\" content=\"2009-04-16T21:04:13+00:00\" \/>\n<meta property=\"article:modified_time\" content=\"2009-05-04T09:26:19+00:00\" \/>\n<meta property=\"og:image\" content=\"http:\/\/www.visit-ulcinj.com\/blog\/wp-content\/uploads\/2009\/04\/ariaida-toni.jpg\" \/>\n<meta name=\"twitter:label1\" content=\"Written by\" \/>\n\t<meta name=\"twitter:data1\" content=\"ulqini\" \/>\n\t<meta name=\"twitter:label2\" content=\"Est. reading time\" \/>\n\t<meta name=\"twitter:data2\" content=\"1 minute\" \/>\n<script type=\"application\/ld+json\" class=\"yoast-schema-graph\">{\"@context\":\"https:\/\/schema.org\",\"@graph\":[{\"@type\":\"WebSite\",\"@id\":\"https:\/\/www.visit-ulcinj.com\/blog\/#website\",\"url\":\"https:\/\/www.visit-ulcinj.com\/blog\/\",\"name\":\"Lajme nga Ulqini\",\"description\":\"Lajme,Vijesti,Ulqini,Ulqin,Crna Gora,Mali i Zi\",\"potentialAction\":[{\"@type\":\"SearchAction\",\"target\":{\"@type\":\"EntryPoint\",\"urlTemplate\":\"https:\/\/www.visit-ulcinj.com\/blog\/?s={search_term_string}\"},\"query-input\":\"required name=search_term_string\"}],\"inLanguage\":\"en-US\"},{\"@type\":\"ImageObject\",\"inLanguage\":\"en-US\",\"@id\":\"https:\/\/www.visit-ulcinj.com\/blog\/2009\/04\/16\/toni-dhe-aida-te-paraqitesh-sic-je\/#primaryimage\",\"url\":\"http:\/\/www.visit-ulcinj.com\/blog\/wp-content\/uploads\/2009\/04\/ariaida-toni.jpg\",\"contentUrl\":\"http:\/\/www.visit-ulcinj.com\/blog\/wp-content\/uploads\/2009\/04\/ariaida-toni.jpg\"},{\"@type\":\"WebPage\",\"@id\":\"https:\/\/www.visit-ulcinj.com\/blog\/2009\/04\/16\/toni-dhe-aida-te-paraqitesh-sic-je\/#webpage\",\"url\":\"https:\/\/www.visit-ulcinj.com\/blog\/2009\/04\/16\/toni-dhe-aida-te-paraqitesh-sic-je\/\",\"name\":\"Toni dhe Aida : T\u00c3\u00ab paraqitesh sic je | Big Brother Albania 2\",\"isPartOf\":{\"@id\":\"https:\/\/www.visit-ulcinj.com\/blog\/#website\"},\"primaryImageOfPage\":{\"@id\":\"https:\/\/www.visit-ulcinj.com\/blog\/2009\/04\/16\/toni-dhe-aida-te-paraqitesh-sic-je\/#primaryimage\"},\"datePublished\":\"2009-04-16T21:04:13+00:00\",\"dateModified\":\"2009-05-04T09:26:19+00:00\",\"author\":{\"@id\":\"https:\/\/www.visit-ulcinj.com\/blog\/#\/schema\/person\/dcab619c614d3038751c63bc2aadc06d\"},\"description\":\"Big Brother Albania 2 - Aida, Ari dhe Eltoni diskutojn\u00c3\u00ab p\u00c3\u00abr sjelljen e Mimoz\u00c3\u00abs, faktin q\u00c3\u00ab ajo thot\u00c3\u00ab q\u00c3\u00ab nuk ka puthur asnj\u00c3\u00abher\u00c3\u00ab. Eltoni thot\u00c3\u00ab q\u00c3\u00ab ajo nuk \u00c3\u00absht\u00c3\u00ab aq naive sa duket\",\"breadcrumb\":{\"@id\":\"https:\/\/www.visit-ulcinj.com\/blog\/2009\/04\/16\/toni-dhe-aida-te-paraqitesh-sic-je\/#breadcrumb\"},\"inLanguage\":\"en-US\",\"potentialAction\":[{\"@type\":\"ReadAction\",\"target\":[\"https:\/\/www.visit-ulcinj.com\/blog\/2009\/04\/16\/toni-dhe-aida-te-paraqitesh-sic-je\/\"]}]},{\"@type\":\"BreadcrumbList\",\"@id\":\"https:\/\/www.visit-ulcinj.com\/blog\/2009\/04\/16\/toni-dhe-aida-te-paraqitesh-sic-je\/#breadcrumb\",\"itemListElement\":[{\"@type\":\"ListItem\",\"position\":1,\"name\":\"Toni dhe Aida : T\u00eb paraqitesh sic je\"}]},{\"@type\":\"Person\",\"@id\":\"https:\/\/www.visit-ulcinj.com\/blog\/#\/schema\/person\/dcab619c614d3038751c63bc2aadc06d\",\"name\":\"ulqini\",\"sameAs\":[\"http:\/\/www.visit-ulcinj.com\"],\"url\":\"https:\/\/www.visit-ulcinj.com\/blog\/author\/admin\/\"}]}<\/script>\n<!-- \/ Yoast SEO plugin. -->","yoast_head_json":{"title":"Toni dhe Aida : T\u00c3\u00ab paraqitesh sic je | Big Brother Albania 2","description":"Big Brother Albania 2 - Aida, Ari dhe Eltoni diskutojn\u00c3\u00ab p\u00c3\u00abr sjelljen e Mimoz\u00c3\u00abs, faktin q\u00c3\u00ab ajo thot\u00c3\u00ab q\u00c3\u00ab nuk ka puthur asnj\u00c3\u00abher\u00c3\u00ab. Eltoni thot\u00c3\u00ab q\u00c3\u00ab ajo nuk \u00c3\u00absht\u00c3\u00ab aq naive sa duket","robots":{"index":"index","follow":"follow","max-snippet":"max-snippet:-1","max-image-preview":"max-image-preview:large","max-video-preview":"max-video-preview:-1"},"canonical":"https:\/\/www.visit-ulcinj.com\/blog\/2009\/04\/16\/toni-dhe-aida-te-paraqitesh-sic-je\/","og_locale":"en_US","og_type":"article","og_title":"Toni dhe Aida : T\u00c3\u00ab paraqitesh sic je | Big Brother Albania 2","og_description":"Big Brother Albania 2 - Aida, Ari dhe Eltoni diskutojn\u00c3\u00ab p\u00c3\u00abr sjelljen e Mimoz\u00c3\u00abs, faktin q\u00c3\u00ab ajo thot\u00c3\u00ab q\u00c3\u00ab nuk ka puthur asnj\u00c3\u00abher\u00c3\u00ab. Eltoni thot\u00c3\u00ab q\u00c3\u00ab ajo nuk \u00c3\u00absht\u00c3\u00ab aq naive sa duket","og_url":"https:\/\/www.visit-ulcinj.com\/blog\/2009\/04\/16\/toni-dhe-aida-te-paraqitesh-sic-je\/","og_site_name":"Lajme nga Ulqini","article_published_time":"2009-04-16T21:04:13+00:00","article_modified_time":"2009-05-04T09:26:19+00:00","og_image":[{"url":"http:\/\/www.visit-ulcinj.com\/blog\/wp-content\/uploads\/2009\/04\/ariaida-toni.jpg"}],"twitter_misc":{"Written by":"ulqini","Est. reading time":"1 minute"},"schema":{"@context":"https:\/\/schema.org","@graph":[{"@type":"WebSite","@id":"https:\/\/www.visit-ulcinj.com\/blog\/#website","url":"https:\/\/www.visit-ulcinj.com\/blog\/","name":"Lajme nga Ulqini","description":"Lajme,Vijesti,Ulqini,Ulqin,Crna Gora,Mali i Zi","potentialAction":[{"@type":"SearchAction","target":{"@type":"EntryPoint","urlTemplate":"https:\/\/www.visit-ulcinj.com\/blog\/?s={search_term_string}"},"query-input":"required name=search_term_string"}],"inLanguage":"en-US"},{"@type":"ImageObject","inLanguage":"en-US","@id":"https:\/\/www.visit-ulcinj.com\/blog\/2009\/04\/16\/toni-dhe-aida-te-paraqitesh-sic-je\/#primaryimage","url":"http:\/\/www.visit-ulcinj.com\/blog\/wp-content\/uploads\/2009\/04\/ariaida-toni.jpg","contentUrl":"http:\/\/www.visit-ulcinj.com\/blog\/wp-content\/uploads\/2009\/04\/ariaida-toni.jpg"},{"@type":"WebPage","@id":"https:\/\/www.visit-ulcinj.com\/blog\/2009\/04\/16\/toni-dhe-aida-te-paraqitesh-sic-je\/#webpage","url":"https:\/\/www.visit-ulcinj.com\/blog\/2009\/04\/16\/toni-dhe-aida-te-paraqitesh-sic-je\/","name":"Toni dhe Aida : T\u00c3\u00ab paraqitesh sic je | Big Brother Albania 2","isPartOf":{"@id":"https:\/\/www.visit-ulcinj.com\/blog\/#website"},"primaryImageOfPage":{"@id":"https:\/\/www.visit-ulcinj.com\/blog\/2009\/04\/16\/toni-dhe-aida-te-paraqitesh-sic-je\/#primaryimage"},"datePublished":"2009-04-16T21:04:13+00:00","dateModified":"2009-05-04T09:26:19+00:00","author":{"@id":"https:\/\/www.visit-ulcinj.com\/blog\/#\/schema\/person\/dcab619c614d3038751c63bc2aadc06d"},"description":"Big Brother Albania 2 - Aida, Ari dhe Eltoni diskutojn\u00c3\u00ab p\u00c3\u00abr sjelljen e Mimoz\u00c3\u00abs, faktin q\u00c3\u00ab ajo thot\u00c3\u00ab q\u00c3\u00ab nuk ka puthur asnj\u00c3\u00abher\u00c3\u00ab. Eltoni thot\u00c3\u00ab q\u00c3\u00ab ajo nuk \u00c3\u00absht\u00c3\u00ab aq naive sa duket","breadcrumb":{"@id":"https:\/\/www.visit-ulcinj.com\/blog\/2009\/04\/16\/toni-dhe-aida-te-paraqitesh-sic-je\/#breadcrumb"},"inLanguage":"en-US","potentialAction":[{"@type":"ReadAction","target":["https:\/\/www.visit-ulcinj.com\/blog\/2009\/04\/16\/toni-dhe-aida-te-paraqitesh-sic-je\/"]}]},{"@type":"BreadcrumbList","@id":"https:\/\/www.visit-ulcinj.com\/blog\/2009\/04\/16\/toni-dhe-aida-te-paraqitesh-sic-je\/#breadcrumb","itemListElement":[{"@type":"ListItem","position":1,"name":"Toni dhe Aida : T\u00eb paraqitesh sic je"}]},{"@type":"Person","@id":"https:\/\/www.visit-ulcinj.com\/blog\/#\/schema\/person\/dcab619c614d3038751c63bc2aadc06d","name":"ulqini","sameAs":["http:\/\/www.visit-ulcinj.com"],"url":"https:\/\/www.visit-ulcinj.com\/blog\/author\/admin\/"}]}},"jetpack_featured_media_url":"","jetpack_sharing_enabled":true,"jetpack_shortlink":"https:\/\/wp.me\/pe6lTn-4H0","_links":{"self":[{"href":"https:\/\/www.visit-ulcinj.com\/blog\/wp-json\/wp\/v2\/posts\/18042"}],"collection":[{"href":"https:\/\/www.visit-ulcinj.com\/blog\/wp-json\/wp\/v2\/posts"}],"about":[{"href":"https:\/\/www.visit-ulcinj.com\/blog\/wp-json\/wp\/v2\/types\/post"}],"author":[{"embeddable":true,"href":"https:\/\/www.visit-ulcinj.com\/blog\/wp-json\/wp\/v2\/users\/1"}],"replies":[{"embeddable":true,"href":"https:\/\/www.visit-ulcinj.com\/blog\/wp-json\/wp\/v2\/comments?post=18042"}],"version-history":[{"count":0,"href":"https:\/\/www.visit-ulcinj.com\/blog\/wp-json\/wp\/v2\/posts\/18042\/revisions"}],"wp:attachment":[{"href":"https:\/\/www.visit-ulcinj.com\/blog\/wp-json\/wp\/v2\/media?parent=18042"}],"wp:term":[{"taxonomy":"category","embeddable":true,"href":"https:\/\/www.visit-ulcinj.com\/blog\/wp-json\/wp\/v2\/categories?post=18042"},{"taxonomy":"post_tag","embeddable":true,"href":"https:\/\/www.visit-ulcinj.com\/blog\/wp-json\/wp\/v2\/tags?post=18042"}],"curies":[{"name":"wp","href":"https:\/\/api.w.org\/{rel}","templated":true}]}}