{"id":1805,"date":"2008-06-01T01:10:12","date_gmt":"2008-06-01T06:10:12","guid":{"rendered":"http:\/\/www.visit-ulcinj.com\/blog\/?p=1805"},"modified":"2008-06-02T11:28:04","modified_gmt":"2008-06-02T16:28:04","slug":"interesimi-per-librin-shqip-jo-aq-i-madh-ne-podgorice","status":"publish","type":"post","link":"https:\/\/www.visit-ulcinj.com\/blog\/2008\/06\/01\/interesimi-per-librin-shqip-jo-aq-i-madh-ne-podgorice\/","title":{"rendered":"Interesimi p\u00ebr librin shqip jo aq i madh n\u00eb Podgoric\u00eb"},"content":{"rendered":"<p><a title=\"sajam knjiga u podgoricu\" href=\"http:\/\/i185.photobucket.com\/albums\/x202\/medox_np\/Sajam%20knjiga%202007\/Sajam07.jpg\" target=\"_blank\"><img loading=\"lazy\" class=\"alignleft\" style=\"float: left;\" src=\"http:\/\/i185.photobucket.com\/albums\/x202\/medox_np\/Sajam%20knjiga%202007\/Sajam07.jpg\" alt=\"sajam knjiga podgorica\" width=\"340\" height=\"229\" \/><\/a><strong>N\u00eb podgoric\u00eb u mbyll panairi i tret\u00eb nd\u00ebrkomb\u00ebtar i librit<\/strong><br \/>\nPanairi i tret\u00eb me radh\u00eb nd\u00ebrkomb\u00ebtar i librit n\u00eb Podgoric\u00eb q\u00eb filloi nga data 13 e k\u00ebtij muaji u mbyll mbr\u00ebm\u00eb n\u00eb Qendr\u00ebn Distributive q\u00eb gjendet pran\u00eb rrug\u00ebs q\u00eb \u00e7on drejt qytez\u00ebs s\u00eb Tuzit. N\u00eb panairin e sivjetsh\u00ebm n\u00eb Podgoric\u00eb u prezantua nj\u00eb num\u00ebr i madh i sht\u00ebpive botuese nga vendi, rajoni dhe bota. Nd\u00ebr to ishte edhe Botimi &#8220;Camaj-Pipa&#8221;, nga Shkodra, q\u00eb k\u00ebt\u00eb vit kishte sjellur p\u00ebrkthimin e &#8220;Galeris\u00eb Private&#8221; n\u00eb gjuh\u00ebn shqipe t\u00eb shkrimtarit malazias, Ballsha Brkoviqit (me nj\u00eb titull tjet\u00ebr, &#8220;Asgj\u00eb nuk \u00ebsht\u00eb ajo q\u00eb duket se \u00ebsht\u00eb&#8221;) , pastaj &#8220;Ballkaniad\u00ebn&#8221; e Bllaga Dimitrovn\u00ebs, por edhe libra t\u00eb autor\u00ebve shkodran\u00eb si dhe studime t\u00eb fushave t\u00eb ndryshme me interes p\u00ebr lexuesin shqiptar. Libri shqip n\u00eb panairin e Podgoric\u00ebs sivjet nuk ishte aq i k\u00ebrkuar sa vitet e m\u00ebparshme.<br \/>\nN\u00eb panairin e sivjetsh\u00ebm t\u00eb librit n\u00eb Podgoric\u00eb u organizuan mjaft p\u00ebrurime librash, takime t\u00eb ndryshme midis shkrimtar\u00ebve dhe pronar\u00ebve t\u00eb sht\u00ebpive botuese, ekspozita dhe shum\u00eb gj\u00ebra t\u00eb tjera, q\u00eb e b\u00ebn\u00eb k\u00ebt\u00eb eveniment kulturor edhe m\u00eb t\u00eb r\u00ebnd\u00ebsish\u00ebm. Nj\u00ebra nga stendat e panairit ishte rezervuar p\u00ebr librat shqip t\u00eb botusit &#8220;Camaj-Pipa&#8221; nga Shkodra, pronar i s\u00eb cil\u00ebs \u00ebsht\u00eb Hasan Lekaj, q\u00eb mori pjes\u00eb edhe n\u00eb dy panairet e m\u00ebpashme n\u00eb Podgoric\u00eb.<br \/>\nK\u00ebt\u00eb eveniment kulturor Lekaj e konsideroi si mjaft t\u00eb r\u00ebnd\u00ebsish\u00ebm p\u00ebr Malin e Zi, duke th\u00ebn\u00eb se nuk \u00ebsht\u00eb leht\u00eb p\u00ebr t\u00eb organizuar nj\u00eb panair t\u00eb till\u00eb, aq m\u00eb tep\u00ebr kur shitja e librit aktualisht dhe numri i njer\u00ebzve t\u00eb interesuar p\u00ebr librin nuk e ka at\u00eb masivitet si dikur. Botuesi Lekaj kujton se n\u00eb dy panairet e m\u00ebparshme t\u00ebr\u00eb dit\u00ebn kishte vizitor\u00eb dhe bler\u00ebs nga t\u00eb gjitha fushat, kurse n\u00eb panairin e sivjetsh\u00ebm nuk e ka v\u00ebrejtur at\u00eb ngroht\u00ebsin\u00eb q\u00eb ka qen\u00eb n\u00eb dy vitet e para.<br \/>\n&#8220;Ndoshta n\u00eb panairin e tret\u00eb interesimi ka qen\u00eb vet\u00ebm p\u00ebr gj\u00ebra q\u00eb kan\u00eb t\u00eb b\u00ebjn\u00eb me profesionin. Ka pasur edhe nj\u00eb lloj let\u00ebrsie si\u00e7 ndodh edhe n\u00eb Shqip\u00ebri, nj\u00eb let\u00ebrsi m\u00eb tep\u00ebr komerciale, nj\u00eb let\u00ebrsi q\u00eb \u00ebsht\u00eb leht\u00eb p\u00ebr t`u kap\u00ebrdi&#8221;, thot\u00eb ai.<br \/>\nMungesa e botimeve nga Kroacia p\u00ebr Lekajn u ndie shum\u00eb, pasi q\u00eb, si\u00e7 tregoi ai, n\u00eb dy panairet e para n\u00eb Podgoric\u00eb botimet nga Kroacia i kan\u00eb dh\u00ebn\u00eb gjall\u00ebri panairit n\u00eb t\u00eb gjitha aspektet. Po ashtu, n\u00eb k\u00ebt\u00eb panair ai ka pritur m\u00eb tep\u00ebr interesim p\u00ebr librin shqip.<a title=\"sajam knjiga u podgoricu\" href=\"http:\/\/i185.photobucket.com\/albums\/x202\/medox_np\/Sajam%20knjiga%202007\/Sajam08.jpg\" target=\"_blank\"><img loading=\"lazy\" class=\"alignright\" style=\"float: right;\" src=\"http:\/\/i185.photobucket.com\/albums\/x202\/medox_np\/Sajam%20knjiga%202007\/Sajam08.jpg\" alt=\"sajam knjiga podgorica1\" width=\"296\" height=\"197\" \/><\/a><br \/>\nI pyetur se a duhet organizuar \u00e7do vit panaire ai u p\u00ebrgjigj:<br \/>\n&#8220;N\u00ebse vazhdohet me k\u00ebt\u00eb tradit\u00eb, panair n\u00eb Podgoric\u00eb, panair n\u00eb Ulqin, panair n\u00eb Tiran\u00eb dhe qytetet e tjera, at\u00ebher\u00eb nuk shoh ndonj\u00eb perspektiv\u00eb dhe m\u00eb n\u00eb fund nuk mund t\u00eb ket\u00eb as interes aq t\u00eb madh p\u00ebr librin&#8221;.<br \/>\nP\u00ebrshtypja e Lekajt p\u00ebr k\u00ebt\u00eb panair ishte se sivjet ka pasur m\u00eb tep\u00ebr hap\u00ebsir\u00eb dhe drit\u00eb se n\u00eb vitete kaluara. Ai vuri n\u00eb dukje se sivjet vendi i stend\u00ebs ka qen\u00eb jasht\u00ebzakonisht shtrenjt. Sipas tij, nga dita e par\u00eb n\u00eb panair duhet t\u00eb ket\u00eb ulje \u00e7mimesh, \u00e7ka organizatori duhet ta ket\u00eb parasysh.<br \/>\n&#8220;Sot \u00ebsht\u00eb dita e pest\u00eb dhe nuk v\u00ebrej ndonj\u00eb ulje \u00e7mimi, p\u00ebrve\u00e7 atyre librave q\u00eb jan\u00eb botime t\u00eb vjetra&#8221;, shpreh mendimet e veta Hasan Lekaj. Gjithashtu, ai tregoi se n\u00eb k\u00ebt\u00eb panair mungoi kontakti me krijues dhe ardhja e shkrimtar\u00ebve t\u00eb njohur t\u00eb trev\u00ebs s\u00eb Ballkanit. N\u00eb k\u00ebt\u00eb panair ai ka ndier edhe munges\u00ebn e pjes\u00ebmarrjes s\u00eb njer\u00ebzve me pesh\u00eb n\u00eb Mal t\u00eb Zi, sepse, sipas tij, ardhja e tyre do t`i kishte t\u00ebrhequr edhe t\u00eb tjer\u00ebt.<br \/>\nPanairin e librit n\u00eb Podgoric\u00eb e hapi kryetari i PEN Qendr\u00ebs nga Bosnja dhe Hercegovina, filozofi Ugo Vlaisavleviq, kurse si p\u00ebrfaq\u00ebsues i Kryeqytetit ka folur sekretari i Sekretariatit p\u00ebr Kultur\u00eb t\u00eb Podgoric\u00ebs, Zoran Shoshkiq.<br \/>\n<strong>Rr.Dushaj<br \/>\nKOHA JAVORE<\/strong><br \/>\n<a title=\"Holiday accommodation in Ulcinj, Montenegro\" href=\"http:\/\/www.visit-ulcinj.com\/tourism\/\" target=\"_blank\"><img loading=\"lazy\" style=\"vertical-align: middle;\" src=\"http:\/\/www.visit-ulcinj.com\/blog\/wp-content\/uploads\/2008\/05\/holiday-rental-ulcinj_ulqin_montenegro2.jpg\" alt=\"Holiday accommodation in Ulcinj, Montenegro\" width=\"424\" height=\"110\" \/><\/a><\/p>\n","protected":false},"excerpt":{"rendered":"<p><img loading=\"lazy\" class=\"alignleft\" style=\"float: left;\" src=\"http:\/\/i185.photobucket.com\/albums\/x202\/medox_np\/Sajam%20knjiga%202007\/Sajam07.jpg\" alt=\"sajam knjiga podgorica\" width=\"140\" height=\"140\" \/><\/p>\n","protected":false},"author":1,"featured_media":0,"comment_status":"open","ping_status":"closed","sticky":false,"template":"","format":"standard","meta":{"spay_email":"","jetpack_publicize_message":"","jetpack_is_tweetstorm":false,"jetpack_publicize_feature_enabled":true},"categories":[8,4],"tags":[3616,3615,195,3617,201,200,18],"jetpack_publicize_connections":[],"yoast_head":"<!-- This site is optimized with the Yoast SEO plugin v19.1 - https:\/\/yoast.com\/wordpress\/plugins\/seo\/ -->\n<title>Interesimi p\u00ebr librin shqip jo aq i madh n\u00eb Podgoric\u00eb - Lajme nga Ulqini<\/title>\n<meta name=\"robots\" content=\"index, follow, max-snippet:-1, max-image-preview:large, max-video-preview:-1\" \/>\n<link rel=\"canonical\" href=\"https:\/\/www.visit-ulcinj.com\/blog\/2008\/06\/01\/interesimi-per-librin-shqip-jo-aq-i-madh-ne-podgorice\/\" \/>\n<meta property=\"og:locale\" content=\"en_US\" \/>\n<meta property=\"og:type\" content=\"article\" \/>\n<meta property=\"og:title\" content=\"Interesimi p\u00ebr librin shqip jo aq i madh n\u00eb Podgoric\u00eb - Lajme nga Ulqini\" \/>\n<meta property=\"og:url\" content=\"https:\/\/www.visit-ulcinj.com\/blog\/2008\/06\/01\/interesimi-per-librin-shqip-jo-aq-i-madh-ne-podgorice\/\" \/>\n<meta property=\"og:site_name\" content=\"Lajme nga Ulqini\" \/>\n<meta property=\"article:published_time\" content=\"2008-06-01T06:10:12+00:00\" \/>\n<meta property=\"article:modified_time\" content=\"2008-06-02T16:28:04+00:00\" \/>\n<meta property=\"og:image\" content=\"http:\/\/i185.photobucket.com\/albums\/x202\/medox_np\/Sajam%20knjiga%202007\/Sajam07.jpg\" \/>\n<meta name=\"twitter:label1\" content=\"Written by\" \/>\n\t<meta name=\"twitter:data1\" content=\"ulqini\" \/>\n\t<meta name=\"twitter:label2\" content=\"Est. reading time\" \/>\n\t<meta name=\"twitter:data2\" content=\"4 minutes\" \/>\n<script type=\"application\/ld+json\" class=\"yoast-schema-graph\">{\"@context\":\"https:\/\/schema.org\",\"@graph\":[{\"@type\":\"WebSite\",\"@id\":\"https:\/\/www.visit-ulcinj.com\/blog\/#website\",\"url\":\"https:\/\/www.visit-ulcinj.com\/blog\/\",\"name\":\"Lajme nga Ulqini\",\"description\":\"Lajme,Vijesti,Ulqini,Ulqin,Crna Gora,Mali i Zi\",\"potentialAction\":[{\"@type\":\"SearchAction\",\"target\":{\"@type\":\"EntryPoint\",\"urlTemplate\":\"https:\/\/www.visit-ulcinj.com\/blog\/?s={search_term_string}\"},\"query-input\":\"required name=search_term_string\"}],\"inLanguage\":\"en-US\"},{\"@type\":\"ImageObject\",\"inLanguage\":\"en-US\",\"@id\":\"https:\/\/www.visit-ulcinj.com\/blog\/2008\/06\/01\/interesimi-per-librin-shqip-jo-aq-i-madh-ne-podgorice\/#primaryimage\",\"url\":\"http:\/\/i185.photobucket.com\/albums\/x202\/medox_np\/Sajam%20knjiga%202007\/Sajam07.jpg\",\"contentUrl\":\"http:\/\/i185.photobucket.com\/albums\/x202\/medox_np\/Sajam%20knjiga%202007\/Sajam07.jpg\"},{\"@type\":\"WebPage\",\"@id\":\"https:\/\/www.visit-ulcinj.com\/blog\/2008\/06\/01\/interesimi-per-librin-shqip-jo-aq-i-madh-ne-podgorice\/#webpage\",\"url\":\"https:\/\/www.visit-ulcinj.com\/blog\/2008\/06\/01\/interesimi-per-librin-shqip-jo-aq-i-madh-ne-podgorice\/\",\"name\":\"Interesimi p\u00ebr librin shqip jo aq i madh n\u00eb Podgoric\u00eb - Lajme nga Ulqini\",\"isPartOf\":{\"@id\":\"https:\/\/www.visit-ulcinj.com\/blog\/#website\"},\"primaryImageOfPage\":{\"@id\":\"https:\/\/www.visit-ulcinj.com\/blog\/2008\/06\/01\/interesimi-per-librin-shqip-jo-aq-i-madh-ne-podgorice\/#primaryimage\"},\"datePublished\":\"2008-06-01T06:10:12+00:00\",\"dateModified\":\"2008-06-02T16:28:04+00:00\",\"author\":{\"@id\":\"https:\/\/www.visit-ulcinj.com\/blog\/#\/schema\/person\/dcab619c614d3038751c63bc2aadc06d\"},\"breadcrumb\":{\"@id\":\"https:\/\/www.visit-ulcinj.com\/blog\/2008\/06\/01\/interesimi-per-librin-shqip-jo-aq-i-madh-ne-podgorice\/#breadcrumb\"},\"inLanguage\":\"en-US\",\"potentialAction\":[{\"@type\":\"ReadAction\",\"target\":[\"https:\/\/www.visit-ulcinj.com\/blog\/2008\/06\/01\/interesimi-per-librin-shqip-jo-aq-i-madh-ne-podgorice\/\"]}]},{\"@type\":\"BreadcrumbList\",\"@id\":\"https:\/\/www.visit-ulcinj.com\/blog\/2008\/06\/01\/interesimi-per-librin-shqip-jo-aq-i-madh-ne-podgorice\/#breadcrumb\",\"itemListElement\":[{\"@type\":\"ListItem\",\"position\":1,\"name\":\"Interesimi p\u00ebr librin shqip jo aq i madh n\u00eb Podgoric\u00eb\"}]},{\"@type\":\"Person\",\"@id\":\"https:\/\/www.visit-ulcinj.com\/blog\/#\/schema\/person\/dcab619c614d3038751c63bc2aadc06d\",\"name\":\"ulqini\",\"sameAs\":[\"http:\/\/www.visit-ulcinj.com\"],\"url\":\"https:\/\/www.visit-ulcinj.com\/blog\/author\/admin\/\"}]}<\/script>\n<!-- \/ Yoast SEO plugin. -->","yoast_head_json":{"title":"Interesimi p\u00ebr librin shqip jo aq i madh n\u00eb Podgoric\u00eb - Lajme nga Ulqini","robots":{"index":"index","follow":"follow","max-snippet":"max-snippet:-1","max-image-preview":"max-image-preview:large","max-video-preview":"max-video-preview:-1"},"canonical":"https:\/\/www.visit-ulcinj.com\/blog\/2008\/06\/01\/interesimi-per-librin-shqip-jo-aq-i-madh-ne-podgorice\/","og_locale":"en_US","og_type":"article","og_title":"Interesimi p\u00ebr librin shqip jo aq i madh n\u00eb Podgoric\u00eb - Lajme nga Ulqini","og_url":"https:\/\/www.visit-ulcinj.com\/blog\/2008\/06\/01\/interesimi-per-librin-shqip-jo-aq-i-madh-ne-podgorice\/","og_site_name":"Lajme nga Ulqini","article_published_time":"2008-06-01T06:10:12+00:00","article_modified_time":"2008-06-02T16:28:04+00:00","og_image":[{"url":"http:\/\/i185.photobucket.com\/albums\/x202\/medox_np\/Sajam%20knjiga%202007\/Sajam07.jpg"}],"twitter_misc":{"Written by":"ulqini","Est. reading time":"4 minutes"},"schema":{"@context":"https:\/\/schema.org","@graph":[{"@type":"WebSite","@id":"https:\/\/www.visit-ulcinj.com\/blog\/#website","url":"https:\/\/www.visit-ulcinj.com\/blog\/","name":"Lajme nga Ulqini","description":"Lajme,Vijesti,Ulqini,Ulqin,Crna Gora,Mali i Zi","potentialAction":[{"@type":"SearchAction","target":{"@type":"EntryPoint","urlTemplate":"https:\/\/www.visit-ulcinj.com\/blog\/?s={search_term_string}"},"query-input":"required name=search_term_string"}],"inLanguage":"en-US"},{"@type":"ImageObject","inLanguage":"en-US","@id":"https:\/\/www.visit-ulcinj.com\/blog\/2008\/06\/01\/interesimi-per-librin-shqip-jo-aq-i-madh-ne-podgorice\/#primaryimage","url":"http:\/\/i185.photobucket.com\/albums\/x202\/medox_np\/Sajam%20knjiga%202007\/Sajam07.jpg","contentUrl":"http:\/\/i185.photobucket.com\/albums\/x202\/medox_np\/Sajam%20knjiga%202007\/Sajam07.jpg"},{"@type":"WebPage","@id":"https:\/\/www.visit-ulcinj.com\/blog\/2008\/06\/01\/interesimi-per-librin-shqip-jo-aq-i-madh-ne-podgorice\/#webpage","url":"https:\/\/www.visit-ulcinj.com\/blog\/2008\/06\/01\/interesimi-per-librin-shqip-jo-aq-i-madh-ne-podgorice\/","name":"Interesimi p\u00ebr librin shqip jo aq i madh n\u00eb Podgoric\u00eb - Lajme nga Ulqini","isPartOf":{"@id":"https:\/\/www.visit-ulcinj.com\/blog\/#website"},"primaryImageOfPage":{"@id":"https:\/\/www.visit-ulcinj.com\/blog\/2008\/06\/01\/interesimi-per-librin-shqip-jo-aq-i-madh-ne-podgorice\/#primaryimage"},"datePublished":"2008-06-01T06:10:12+00:00","dateModified":"2008-06-02T16:28:04+00:00","author":{"@id":"https:\/\/www.visit-ulcinj.com\/blog\/#\/schema\/person\/dcab619c614d3038751c63bc2aadc06d"},"breadcrumb":{"@id":"https:\/\/www.visit-ulcinj.com\/blog\/2008\/06\/01\/interesimi-per-librin-shqip-jo-aq-i-madh-ne-podgorice\/#breadcrumb"},"inLanguage":"en-US","potentialAction":[{"@type":"ReadAction","target":["https:\/\/www.visit-ulcinj.com\/blog\/2008\/06\/01\/interesimi-per-librin-shqip-jo-aq-i-madh-ne-podgorice\/"]}]},{"@type":"BreadcrumbList","@id":"https:\/\/www.visit-ulcinj.com\/blog\/2008\/06\/01\/interesimi-per-librin-shqip-jo-aq-i-madh-ne-podgorice\/#breadcrumb","itemListElement":[{"@type":"ListItem","position":1,"name":"Interesimi p\u00ebr librin shqip jo aq i madh n\u00eb Podgoric\u00eb"}]},{"@type":"Person","@id":"https:\/\/www.visit-ulcinj.com\/blog\/#\/schema\/person\/dcab619c614d3038751c63bc2aadc06d","name":"ulqini","sameAs":["http:\/\/www.visit-ulcinj.com"],"url":"https:\/\/www.visit-ulcinj.com\/blog\/author\/admin\/"}]}},"jetpack_featured_media_url":"","jetpack_sharing_enabled":true,"jetpack_shortlink":"https:\/\/wp.me\/pe6lTn-t7","_links":{"self":[{"href":"https:\/\/www.visit-ulcinj.com\/blog\/wp-json\/wp\/v2\/posts\/1805"}],"collection":[{"href":"https:\/\/www.visit-ulcinj.com\/blog\/wp-json\/wp\/v2\/posts"}],"about":[{"href":"https:\/\/www.visit-ulcinj.com\/blog\/wp-json\/wp\/v2\/types\/post"}],"author":[{"embeddable":true,"href":"https:\/\/www.visit-ulcinj.com\/blog\/wp-json\/wp\/v2\/users\/1"}],"replies":[{"embeddable":true,"href":"https:\/\/www.visit-ulcinj.com\/blog\/wp-json\/wp\/v2\/comments?post=1805"}],"version-history":[{"count":0,"href":"https:\/\/www.visit-ulcinj.com\/blog\/wp-json\/wp\/v2\/posts\/1805\/revisions"}],"wp:attachment":[{"href":"https:\/\/www.visit-ulcinj.com\/blog\/wp-json\/wp\/v2\/media?parent=1805"}],"wp:term":[{"taxonomy":"category","embeddable":true,"href":"https:\/\/www.visit-ulcinj.com\/blog\/wp-json\/wp\/v2\/categories?post=1805"},{"taxonomy":"post_tag","embeddable":true,"href":"https:\/\/www.visit-ulcinj.com\/blog\/wp-json\/wp\/v2\/tags?post=1805"}],"curies":[{"name":"wp","href":"https:\/\/api.w.org\/{rel}","templated":true}]}}