{"id":18051,"date":"2009-04-16T23:11:41","date_gmt":"2009-04-16T21:11:41","guid":{"rendered":"http:\/\/www.visit-ulcinj.com\/blog\/?p=18051"},"modified":"2009-04-16T23:11:41","modified_gmt":"2009-04-16T21:11:41","slug":"bjordi-mos-u-merr-me-aiden","status":"publish","type":"post","link":"https:\/\/www.visit-ulcinj.com\/blog\/2009\/04\/16\/bjordi-mos-u-merr-me-aiden\/","title":{"rendered":"Bjordi: Mos u merr me Aid\u00ebn"},"content":{"rendered":"<p><a href=\"http:\/\/www.visit-ulcinj.com\/blog\/wp-content\/uploads\/2009\/04\/bjordi-puth-adelen.jpg\"><img loading=\"lazy\" class=\"alignleft size-full wp-image-18052\" title=\"bjordi-puth-adelen-big-brother-albania-2\" src=\"http:\/\/www.visit-ulcinj.com\/blog\/wp-content\/uploads\/2009\/04\/bjordi-puth-adelen.jpg\" alt=\"bjordi-puth-adelen-big-brother-albania-2\" width=\"300\" height=\"205\" \/><\/a><em><span class=\"newsdate\">13\/04\/09 19:33<\/span><\/em><\/p>\n<p>Bjordi ka p\u00ebrfituar nga rasti q\u00eb \u00ebsht\u00eb vet\u00ebm n\u00eb kop\u00ebsht me Adelajd\u00ebn duke e k\u00ebshilluar n\u00eb lidhje me nominimet. Ai i thot\u00eb:-\u201cMos u merr me njer\u00ebzit e keq (p\u00ebr Aid\u00ebn), se ti je shum\u00eb e mir\u00eb!\u201d Sipas tij ajo nuk \u00ebsht\u00eb vet\u00ebdijshme q\u00eb \u00ebsht\u00eb e till\u00eb. Bjordi i jep kurajo, duke i th\u00ebn\u00eb q\u00eb mos t\u00eb ket\u00eb frik\u00eb k\u00ebt\u00eb jav\u00eb. Ato q\u00ebndrojn\u00eb t\u00eb p\u00ebrqafuar dhe duke u puthur. Ai shprehet se mund t\u00eb rri me t\u00eb i p\u00ebrqafuar me or\u00eb t\u00eb t\u00ebra.<\/p>\n","protected":false},"excerpt":{"rendered":"<p>13\/04\/09 19:33 Bjordi ka p\u00ebrfituar nga rasti q\u00eb \u00ebsht\u00eb vet\u00ebm n\u00eb kop\u00ebsht me Adelajd\u00ebn duke e k\u00ebshilluar n\u00eb lidhje me nominimet. Ai i thot\u00eb:-\u201cMos u merr me njer\u00ebzit e keq (p\u00ebr Aid\u00ebn), se ti je shum\u00eb e mir\u00eb!\u201d Sipas tij ajo nuk \u00ebsht\u00eb vet\u00ebdijshme q\u00eb \u00ebsht\u00eb e till\u00eb. Bjordi i jep kurajo, duke i th\u00ebn\u00eb [&hellip;]<\/p>\n","protected":false},"author":1,"featured_media":0,"comment_status":"open","ping_status":"closed","sticky":false,"template":"","format":"standard","meta":{"spay_email":"","jetpack_publicize_message":"","jetpack_is_tweetstorm":false,"jetpack_publicize_feature_enabled":true},"categories":[6502],"tags":[6529,6537,5057,6506,6516,6712,7129,6522,6891,6693,6887],"jetpack_publicize_connections":[],"yoast_head":"<!-- This site is optimized with the Yoast SEO plugin v19.1 - https:\/\/yoast.com\/wordpress\/plugins\/seo\/ -->\n<title>Bjordi: Mos u merr me Aid\u00c3\u00abn | Big Brother Albania 2<\/title>\n<meta name=\"description\" content=\"Big Brother Albania 2 - Bjordi ka p\u00c3\u00abrfituar nga rasti q\u00c3\u00ab \u00c3\u00absht\u00c3\u00ab vet\u00c3\u00abm n\u00c3\u00ab kop\u00c3\u00absht me Adelajd\u00c3\u00abn duke e k\u00c3\u00abshilluar n\u00c3\u00ab lidhje me nominimet. Ai i thot\u00c3\u00ab\" \/>\n<meta name=\"robots\" content=\"index, follow, max-snippet:-1, max-image-preview:large, max-video-preview:-1\" \/>\n<link rel=\"canonical\" href=\"https:\/\/www.visit-ulcinj.com\/blog\/2009\/04\/16\/bjordi-mos-u-merr-me-aiden\/\" \/>\n<meta property=\"og:locale\" content=\"en_US\" \/>\n<meta property=\"og:type\" content=\"article\" \/>\n<meta property=\"og:title\" content=\"Bjordi: Mos u merr me Aid\u00c3\u00abn | Big Brother Albania 2\" \/>\n<meta property=\"og:description\" content=\"Big Brother Albania 2 - Bjordi ka p\u00c3\u00abrfituar nga rasti q\u00c3\u00ab \u00c3\u00absht\u00c3\u00ab vet\u00c3\u00abm n\u00c3\u00ab kop\u00c3\u00absht me Adelajd\u00c3\u00abn duke e k\u00c3\u00abshilluar n\u00c3\u00ab lidhje me nominimet. Ai i thot\u00c3\u00ab\" \/>\n<meta property=\"og:url\" content=\"https:\/\/www.visit-ulcinj.com\/blog\/2009\/04\/16\/bjordi-mos-u-merr-me-aiden\/\" \/>\n<meta property=\"og:site_name\" content=\"Lajme nga Ulqini\" \/>\n<meta property=\"article:published_time\" content=\"2009-04-16T21:11:41+00:00\" \/>\n<meta property=\"og:image\" content=\"http:\/\/www.visit-ulcinj.com\/blog\/wp-content\/uploads\/2009\/04\/bjordi-puth-adelen.jpg\" \/>\n<meta name=\"twitter:label1\" content=\"Written by\" \/>\n\t<meta name=\"twitter:data1\" content=\"ulqini\" \/>\n<script type=\"application\/ld+json\" class=\"yoast-schema-graph\">{\"@context\":\"https:\/\/schema.org\",\"@graph\":[{\"@type\":\"WebSite\",\"@id\":\"https:\/\/www.visit-ulcinj.com\/blog\/#website\",\"url\":\"https:\/\/www.visit-ulcinj.com\/blog\/\",\"name\":\"Lajme nga Ulqini\",\"description\":\"Lajme,Vijesti,Ulqini,Ulqin,Crna Gora,Mali i Zi\",\"potentialAction\":[{\"@type\":\"SearchAction\",\"target\":{\"@type\":\"EntryPoint\",\"urlTemplate\":\"https:\/\/www.visit-ulcinj.com\/blog\/?s={search_term_string}\"},\"query-input\":\"required name=search_term_string\"}],\"inLanguage\":\"en-US\"},{\"@type\":\"ImageObject\",\"inLanguage\":\"en-US\",\"@id\":\"https:\/\/www.visit-ulcinj.com\/blog\/2009\/04\/16\/bjordi-mos-u-merr-me-aiden\/#primaryimage\",\"url\":\"http:\/\/www.visit-ulcinj.com\/blog\/wp-content\/uploads\/2009\/04\/bjordi-puth-adelen.jpg\",\"contentUrl\":\"http:\/\/www.visit-ulcinj.com\/blog\/wp-content\/uploads\/2009\/04\/bjordi-puth-adelen.jpg\"},{\"@type\":\"WebPage\",\"@id\":\"https:\/\/www.visit-ulcinj.com\/blog\/2009\/04\/16\/bjordi-mos-u-merr-me-aiden\/#webpage\",\"url\":\"https:\/\/www.visit-ulcinj.com\/blog\/2009\/04\/16\/bjordi-mos-u-merr-me-aiden\/\",\"name\":\"Bjordi: Mos u merr me Aid\u00c3\u00abn | Big Brother Albania 2\",\"isPartOf\":{\"@id\":\"https:\/\/www.visit-ulcinj.com\/blog\/#website\"},\"primaryImageOfPage\":{\"@id\":\"https:\/\/www.visit-ulcinj.com\/blog\/2009\/04\/16\/bjordi-mos-u-merr-me-aiden\/#primaryimage\"},\"datePublished\":\"2009-04-16T21:11:41+00:00\",\"dateModified\":\"2009-04-16T21:11:41+00:00\",\"author\":{\"@id\":\"https:\/\/www.visit-ulcinj.com\/blog\/#\/schema\/person\/dcab619c614d3038751c63bc2aadc06d\"},\"description\":\"Big Brother Albania 2 - Bjordi ka p\u00c3\u00abrfituar nga rasti q\u00c3\u00ab \u00c3\u00absht\u00c3\u00ab vet\u00c3\u00abm n\u00c3\u00ab kop\u00c3\u00absht me Adelajd\u00c3\u00abn duke e k\u00c3\u00abshilluar n\u00c3\u00ab lidhje me nominimet. Ai i thot\u00c3\u00ab\",\"breadcrumb\":{\"@id\":\"https:\/\/www.visit-ulcinj.com\/blog\/2009\/04\/16\/bjordi-mos-u-merr-me-aiden\/#breadcrumb\"},\"inLanguage\":\"en-US\",\"potentialAction\":[{\"@type\":\"ReadAction\",\"target\":[\"https:\/\/www.visit-ulcinj.com\/blog\/2009\/04\/16\/bjordi-mos-u-merr-me-aiden\/\"]}]},{\"@type\":\"BreadcrumbList\",\"@id\":\"https:\/\/www.visit-ulcinj.com\/blog\/2009\/04\/16\/bjordi-mos-u-merr-me-aiden\/#breadcrumb\",\"itemListElement\":[{\"@type\":\"ListItem\",\"position\":1,\"name\":\"Bjordi: Mos u merr me Aid\u00ebn\"}]},{\"@type\":\"Person\",\"@id\":\"https:\/\/www.visit-ulcinj.com\/blog\/#\/schema\/person\/dcab619c614d3038751c63bc2aadc06d\",\"name\":\"ulqini\",\"sameAs\":[\"http:\/\/www.visit-ulcinj.com\"],\"url\":\"https:\/\/www.visit-ulcinj.com\/blog\/author\/admin\/\"}]}<\/script>\n<!-- \/ Yoast SEO plugin. -->","yoast_head_json":{"title":"Bjordi: Mos u merr me Aid\u00c3\u00abn | Big Brother Albania 2","description":"Big Brother Albania 2 - Bjordi ka p\u00c3\u00abrfituar nga rasti q\u00c3\u00ab \u00c3\u00absht\u00c3\u00ab vet\u00c3\u00abm n\u00c3\u00ab kop\u00c3\u00absht me Adelajd\u00c3\u00abn duke e k\u00c3\u00abshilluar n\u00c3\u00ab lidhje me nominimet. Ai i thot\u00c3\u00ab","robots":{"index":"index","follow":"follow","max-snippet":"max-snippet:-1","max-image-preview":"max-image-preview:large","max-video-preview":"max-video-preview:-1"},"canonical":"https:\/\/www.visit-ulcinj.com\/blog\/2009\/04\/16\/bjordi-mos-u-merr-me-aiden\/","og_locale":"en_US","og_type":"article","og_title":"Bjordi: Mos u merr me Aid\u00c3\u00abn | Big Brother Albania 2","og_description":"Big Brother Albania 2 - Bjordi ka p\u00c3\u00abrfituar nga rasti q\u00c3\u00ab \u00c3\u00absht\u00c3\u00ab vet\u00c3\u00abm n\u00c3\u00ab kop\u00c3\u00absht me Adelajd\u00c3\u00abn duke e k\u00c3\u00abshilluar n\u00c3\u00ab lidhje me nominimet. Ai i thot\u00c3\u00ab","og_url":"https:\/\/www.visit-ulcinj.com\/blog\/2009\/04\/16\/bjordi-mos-u-merr-me-aiden\/","og_site_name":"Lajme nga Ulqini","article_published_time":"2009-04-16T21:11:41+00:00","og_image":[{"url":"http:\/\/www.visit-ulcinj.com\/blog\/wp-content\/uploads\/2009\/04\/bjordi-puth-adelen.jpg"}],"twitter_misc":{"Written by":"ulqini"},"schema":{"@context":"https:\/\/schema.org","@graph":[{"@type":"WebSite","@id":"https:\/\/www.visit-ulcinj.com\/blog\/#website","url":"https:\/\/www.visit-ulcinj.com\/blog\/","name":"Lajme nga Ulqini","description":"Lajme,Vijesti,Ulqini,Ulqin,Crna Gora,Mali i Zi","potentialAction":[{"@type":"SearchAction","target":{"@type":"EntryPoint","urlTemplate":"https:\/\/www.visit-ulcinj.com\/blog\/?s={search_term_string}"},"query-input":"required name=search_term_string"}],"inLanguage":"en-US"},{"@type":"ImageObject","inLanguage":"en-US","@id":"https:\/\/www.visit-ulcinj.com\/blog\/2009\/04\/16\/bjordi-mos-u-merr-me-aiden\/#primaryimage","url":"http:\/\/www.visit-ulcinj.com\/blog\/wp-content\/uploads\/2009\/04\/bjordi-puth-adelen.jpg","contentUrl":"http:\/\/www.visit-ulcinj.com\/blog\/wp-content\/uploads\/2009\/04\/bjordi-puth-adelen.jpg"},{"@type":"WebPage","@id":"https:\/\/www.visit-ulcinj.com\/blog\/2009\/04\/16\/bjordi-mos-u-merr-me-aiden\/#webpage","url":"https:\/\/www.visit-ulcinj.com\/blog\/2009\/04\/16\/bjordi-mos-u-merr-me-aiden\/","name":"Bjordi: Mos u merr me Aid\u00c3\u00abn | Big Brother Albania 2","isPartOf":{"@id":"https:\/\/www.visit-ulcinj.com\/blog\/#website"},"primaryImageOfPage":{"@id":"https:\/\/www.visit-ulcinj.com\/blog\/2009\/04\/16\/bjordi-mos-u-merr-me-aiden\/#primaryimage"},"datePublished":"2009-04-16T21:11:41+00:00","dateModified":"2009-04-16T21:11:41+00:00","author":{"@id":"https:\/\/www.visit-ulcinj.com\/blog\/#\/schema\/person\/dcab619c614d3038751c63bc2aadc06d"},"description":"Big Brother Albania 2 - Bjordi ka p\u00c3\u00abrfituar nga rasti q\u00c3\u00ab \u00c3\u00absht\u00c3\u00ab vet\u00c3\u00abm n\u00c3\u00ab kop\u00c3\u00absht me Adelajd\u00c3\u00abn duke e k\u00c3\u00abshilluar n\u00c3\u00ab lidhje me nominimet. Ai i thot\u00c3\u00ab","breadcrumb":{"@id":"https:\/\/www.visit-ulcinj.com\/blog\/2009\/04\/16\/bjordi-mos-u-merr-me-aiden\/#breadcrumb"},"inLanguage":"en-US","potentialAction":[{"@type":"ReadAction","target":["https:\/\/www.visit-ulcinj.com\/blog\/2009\/04\/16\/bjordi-mos-u-merr-me-aiden\/"]}]},{"@type":"BreadcrumbList","@id":"https:\/\/www.visit-ulcinj.com\/blog\/2009\/04\/16\/bjordi-mos-u-merr-me-aiden\/#breadcrumb","itemListElement":[{"@type":"ListItem","position":1,"name":"Bjordi: Mos u merr me Aid\u00ebn"}]},{"@type":"Person","@id":"https:\/\/www.visit-ulcinj.com\/blog\/#\/schema\/person\/dcab619c614d3038751c63bc2aadc06d","name":"ulqini","sameAs":["http:\/\/www.visit-ulcinj.com"],"url":"https:\/\/www.visit-ulcinj.com\/blog\/author\/admin\/"}]}},"jetpack_featured_media_url":"","jetpack_sharing_enabled":true,"jetpack_shortlink":"https:\/\/wp.me\/pe6lTn-4H9","_links":{"self":[{"href":"https:\/\/www.visit-ulcinj.com\/blog\/wp-json\/wp\/v2\/posts\/18051"}],"collection":[{"href":"https:\/\/www.visit-ulcinj.com\/blog\/wp-json\/wp\/v2\/posts"}],"about":[{"href":"https:\/\/www.visit-ulcinj.com\/blog\/wp-json\/wp\/v2\/types\/post"}],"author":[{"embeddable":true,"href":"https:\/\/www.visit-ulcinj.com\/blog\/wp-json\/wp\/v2\/users\/1"}],"replies":[{"embeddable":true,"href":"https:\/\/www.visit-ulcinj.com\/blog\/wp-json\/wp\/v2\/comments?post=18051"}],"version-history":[{"count":0,"href":"https:\/\/www.visit-ulcinj.com\/blog\/wp-json\/wp\/v2\/posts\/18051\/revisions"}],"wp:attachment":[{"href":"https:\/\/www.visit-ulcinj.com\/blog\/wp-json\/wp\/v2\/media?parent=18051"}],"wp:term":[{"taxonomy":"category","embeddable":true,"href":"https:\/\/www.visit-ulcinj.com\/blog\/wp-json\/wp\/v2\/categories?post=18051"},{"taxonomy":"post_tag","embeddable":true,"href":"https:\/\/www.visit-ulcinj.com\/blog\/wp-json\/wp\/v2\/tags?post=18051"}],"curies":[{"name":"wp","href":"https:\/\/api.w.org\/{rel}","templated":true}]}}